{"id":132846,"date":"2017-05-05T08:14:04","date_gmt":"2017-05-05T11:14:04","guid":{"rendered":"http:\/\/franciscanos.org.br\/?p=132846"},"modified":"2019-03-01T13:49:38","modified_gmt":"2019-03-01T16:49:38","slug":"ele-vive-e-aquece-nosso-coracao","status":"publish","type":"post","link":"https:\/\/franciscanos.org.br\/vidacrista\/ele-vive-e-aquece-nosso-coracao\/","title":{"rendered":"Disc\u00edpulos de Ema\u00fas: Ele vive e aquece nosso cora\u00e7\u00e3o"},"content":{"rendered":"<p><img decoding=\"async\" loading=\"lazy\" src=\"http:\/\/franciscanos.org.br\/wp-content\/uploads\/2017\/05\/primeiraG_050517.jpg\" alt=\"primeiraG_050517\" width=\"830\" height=\"350\" \/><\/p>\n<blockquote><p>N\u00e3o estava ardendo o nosso cora\u00e7\u00e3o quando ele nos falava pelo caminho e nos explicava as Escrituras? (Lc 24, 32)<\/p>\n<p><strong>Frei Almir Guimar\u00e3es<\/strong><\/p><\/blockquote>\n<p>N\u00e3o nos cansamos de buscar o Senhor Jesus. Sabemos que ele vive, que est\u00e1 em nosso meio, que continua nos interpelando e querendo que o \u00edntimo de n\u00f3s mesmos se oriente para ele. Na verdade \u00e9 ele que n\u00e3o se cansa de nos buscar. Antes de experimentarmos esse anelo, Ele, o Ressuscitado, j\u00e1 andou batendo em nossas portas e desejando que coloc\u00e1ssemos nossa m\u00e3o na chaga de seu Cora\u00e7\u00e3o, da chaga do peito. Nosso cora\u00e7\u00e3o precisa extasiar-se do amor do Cora\u00e7\u00e3o aberto de Deus em Cristo Jesus. Os disc\u00edpulos de Ema\u00fas, encontrando aquele misterioso peregrino, sentiram que se acendia em seu interior um fogo de muito ardor.<\/p>\n<p>Cl\u00e9ofas e seu companheiro se dirigiam a um povoado distante de Jerusal\u00e9m uns onze quil\u00f4metros. Para todo o sempre, Ema\u00fas passaria a ser lugar de comunh\u00e3o, intimidade, beleza e contempla\u00e7\u00e3o. Os dois, enquanto caminhavam, iam falando dos acontecimentos vividos por eles em Jerusal\u00e9m, fora dos muros. Jesus, o sonho de suas vidas e a esperan\u00e7a de seus dias, fora crucificado e sepultado. A conversa dos dois se fazia num tom de voz sem exalta\u00e7\u00e3o. Talvez, aqui e ali, a fala fosse interrompida por momentos de sil\u00eancio. Qui\u00e7\u00e1 at\u00e9 precisaram enxugar uma l\u00e1grima furtiva que brotava do canto de seus olhos. Reflex\u00f5es densas e graves giravam em torno dele, desse Jesus, que havia feito nascer em seus cora\u00e7\u00e3o tanto entusiasmo, f\u00e9, confian\u00e7a e alento e que morrera no alto da cruz como um bandido qualquer, como seus companheiros de morte. Onde tinha ficado a for\u00e7a de seu car\u00e1ter, a firmeza de sua voz, a autoridade com que falava, a ternura de seu olhar cheio e vi\u00e7o de vida? Por isso, os dois companheiros deixaram a cena onde tinham vivido imensa desola\u00e7\u00e3o.<\/p>\n<p>Faltou-se a f\u00e9 na presen\u00e7a nova do Ressuscitado. Eles tinham o necess\u00e1rio para manter viva a f\u00e9. Ouviram a Boa Nova que Jesus anunciava na Galil\u00e9ia. Chegou agora at\u00e9 eles o anuncio da Ressurrei\u00e7\u00e3o. Pensavam que a ressurrei\u00e7\u00e3o seria um disse-que-disse de mulheres. Faltava-lhes a \u00fanica coisa que pode fazer \u201carder\u201d seu cora\u00e7\u00e3o: o contato pessoal com Jesus Cristo, o Vivente.<\/p>\n<p>De tanto pensarem nele, de tanto sofrerem com sua aus\u00eancia, o Ressuscitado se faz misteriosamente presente. H\u00e1 tantas d\u00e9marches de pastoral, rezas , celebra\u00e7\u00f5es de missas, incenso no ar, vestes lit\u00fargicas pomposas e as coisas continuam na mesma situa\u00e7\u00e3o de falta de fogo. Ser\u00e1 que n\u00e3o falta hoje pensar mais nele, falar mais dele entre n\u00f3s, tentar conversar sobre o modo como viver com ele?<\/p>\n<p>Os disc\u00edpulos de Ema\u00fas impediram que o peregrino misterioso fosse adiante. Ele havia revirado com seu interior. N\u00e3o deixaram que ele partisse. Ele tinha que entrar na estalagem. Ali ele toma o p\u00e3o, parte diante deles. Seus olhos de abrem. O p\u00e3o partido, o corpo dado, o sangue derramado, o lado aberto, o amor at\u00e9 o fim. Era o Senhor. Os olhos dos disc\u00edpulos se abrem.<\/p>\n<p>Nesta primeira sexta-feira do m\u00eas contemplamos o peito aberto do Senhor e damo-nos conta de que Ele vive.<\/p>\n<p>Cl\u00e9ofas e seu companheiro fugiram de Jerusal\u00e9m e queriam buscar ref\u00fagio em Ema\u00fas. Meditemos nestas s\u00e9rias e profundas palavras de Jos\u00e9 A. Pagola: \u201cPrecisamos aprender a li\u00e7\u00e3o de Ema\u00fas. A solu\u00e7\u00e3o n\u00e3o est\u00e1 em abandonar a Igreja, mas em restabelecer nossa vincula\u00e7\u00e3o com algum grupo crist\u00e3o, comunidade, movimento ou par\u00f3quia onde possamos compartilhar e reavivar a nossa esperan\u00e7a em Jesus. Onde h\u00e1 homens e mulheres que caminham perguntando-se por ele e aprofundando a sua mensagem, ali se torna presente o Ressuscitado. \u00c9 poss\u00edvel que um dia, ao ouvir o Evangelho, sintam de novo \u201carder seu cora\u00e7\u00e3o\u201d. Onde h\u00e1 crentes que se encontram para celebrar juntos a Eucaristia, ali est\u00e1 o Ressuscitado alimentando sua vida. \u00c9 poss\u00edvel que um dia \u201cseus olhos se abram\u201d e o vejam. Por mais morta que apare\u00e7a aos nossos olhos, nesta Igreja habita o Ressuscitado. Por isso, aqui tem sentido os versos de Antonio Machado: \u201cAcreditei que minha lareira estava apagada, revolvi as cinzas&#8230; e queimei a m\u00e3o\u201d<\/p>\n<p>(Pagola, Lucas, p. 364).<\/p>\n","protected":false},"excerpt":{"rendered":"<p>1\u00aa sexta-feira do m\u00eas<\/p>\n","protected":false},"author":1,"featured_media":178203,"comment_status":"open","ping_status":"open","sticky":false,"template":"","format":"standard","meta":{"footnotes":""},"categories":[105],"tags":[106,112],"yoast_head":"<!-- This site is optimized with the Yoast SEO plugin v19.4 - https:\/\/yoast.com\/wordpress\/plugins\/seo\/ -->\n<title>Disc\u00edpulos de Ema\u00fas: Ele vive e aquece nosso cora\u00e7\u00e3o - Vida Crist\u00e3 - Franciscanos<\/title>\n<meta name=\"robots\" content=\"index, follow, max-snippet:-1, max-image-preview:large, max-video-preview:-1\" \/>\n<link rel=\"canonical\" href=\"https:\/\/franciscanos.org.br\/vidacrista\/ele-vive-e-aquece-nosso-coracao\/\" \/>\n<meta property=\"og:locale\" content=\"pt_BR\" \/>\n<meta property=\"og:type\" content=\"article\" \/>\n<meta property=\"og:title\" content=\"Disc\u00edpulos de Ema\u00fas: Ele vive e aquece nosso cora\u00e7\u00e3o - Vida Crist\u00e3 - Franciscanos\" \/>\n<meta property=\"og:description\" content=\"1\u00aa sexta-feira do m\u00eas\" \/>\n<meta property=\"og:url\" content=\"https:\/\/franciscanos.org.br\/vidacrista\/ele-vive-e-aquece-nosso-coracao\/\" \/>\n<meta property=\"og:site_name\" content=\"Vida Crist\u00e3 - Franciscanos\" \/>\n<meta property=\"article:published_time\" content=\"2017-05-05T11:14:04+00:00\" \/>\n<meta property=\"article:modified_time\" content=\"2019-03-01T16:49:38+00:00\" \/>\n<meta property=\"og:image\" content=\"https:\/\/franciscanos.org.br\/vidacrista\/wp-content\/uploads\/2017\/05\/sagrado_050517.jpg\" \/>\n\t<meta property=\"og:image:width\" content=\"273\" \/>\n\t<meta property=\"og:image:height\" content=\"181\" \/>\n\t<meta property=\"og:image:type\" content=\"image\/jpeg\" \/>\n<meta name=\"author\" content=\"admin\" \/>\n<meta name=\"twitter:card\" content=\"summary_large_image\" \/>\n<meta name=\"twitter:label1\" content=\"Escrito por\" \/>\n\t<meta name=\"twitter:data1\" content=\"admin\" \/>\n\t<meta name=\"twitter:label2\" content=\"Est. tempo de leitura\" \/>\n\t<meta name=\"twitter:data2\" content=\"4 minutos\" \/>\n<script type=\"application\/ld+json\" class=\"yoast-schema-graph\">{\"@context\":\"https:\/\/schema.org\",\"@graph\":[{\"@type\":\"WebSite\",\"@id\":\"https:\/\/franciscanos.org.br\/vidacrista\/#website\",\"url\":\"https:\/\/franciscanos.org.br\/vidacrista\/\",\"name\":\"Vida Crist\u00e3 - Franciscanos\",\"description\":\"Prov\u00edncia Franciscana da Imaculada Concei\u00e7\u00e3o do Brasil - Ordem dos Frades Menores\",\"potentialAction\":[{\"@type\":\"SearchAction\",\"target\":{\"@type\":\"EntryPoint\",\"urlTemplate\":\"https:\/\/franciscanos.org.br\/vidacrista\/?s={search_term_string}\"},\"query-input\":\"required name=search_term_string\"}],\"inLanguage\":\"pt-BR\"},{\"@type\":\"WebPage\",\"@id\":\"https:\/\/franciscanos.org.br\/vidacrista\/ele-vive-e-aquece-nosso-coracao\/\",\"url\":\"https:\/\/franciscanos.org.br\/vidacrista\/ele-vive-e-aquece-nosso-coracao\/\",\"name\":\"Disc\u00edpulos de Ema\u00fas: Ele vive e aquece nosso cora\u00e7\u00e3o - Vida Crist\u00e3 - Franciscanos\",\"isPartOf\":{\"@id\":\"https:\/\/franciscanos.org.br\/vidacrista\/#website\"},\"datePublished\":\"2017-05-05T11:14:04+00:00\",\"dateModified\":\"2019-03-01T16:49:38+00:00\",\"author\":{\"@id\":\"https:\/\/franciscanos.org.br\/vidacrista\/#\/schema\/person\/133632ca93cec555316a35f76ab4153b\"},\"breadcrumb\":{\"@id\":\"https:\/\/franciscanos.org.br\/vidacrista\/ele-vive-e-aquece-nosso-coracao\/#breadcrumb\"},\"inLanguage\":\"pt-BR\",\"potentialAction\":[{\"@type\":\"ReadAction\",\"target\":[\"https:\/\/franciscanos.org.br\/vidacrista\/ele-vive-e-aquece-nosso-coracao\/\"]}]},{\"@type\":\"BreadcrumbList\",\"@id\":\"https:\/\/franciscanos.org.br\/vidacrista\/ele-vive-e-aquece-nosso-coracao\/#breadcrumb\",\"itemListElement\":[{\"@type\":\"ListItem\",\"position\":1,\"name\":\"Home\",\"item\":\"https:\/\/franciscanos.org.br\/vidacrista\/\"},{\"@type\":\"ListItem\",\"position\":2,\"name\":\"Disc\u00edpulos de Ema\u00fas: Ele vive e aquece nosso cora\u00e7\u00e3o\"}]},{\"@type\":\"Person\",\"@id\":\"https:\/\/franciscanos.org.br\/vidacrista\/#\/schema\/person\/133632ca93cec555316a35f76ab4153b\",\"name\":\"admin\",\"image\":{\"@type\":\"ImageObject\",\"inLanguage\":\"pt-BR\",\"@id\":\"https:\/\/franciscanos.org.br\/vidacrista\/#\/schema\/person\/image\/\",\"url\":\"https:\/\/secure.gravatar.com\/avatar\/e8495742d34d0ba6448ea1c628263b3e?s=96&d=mm&r=g\",\"contentUrl\":\"https:\/\/secure.gravatar.com\/avatar\/e8495742d34d0ba6448ea1c628263b3e?s=96&d=mm&r=g\",\"caption\":\"admin\"},\"url\":\"https:\/\/franciscanos.org.br\/vidacrista\/author\/admin\/\"}]}<\/script>\n<!-- \/ Yoast SEO plugin. -->","yoast_head_json":{"title":"Disc\u00edpulos de Ema\u00fas: Ele vive e aquece nosso cora\u00e7\u00e3o - Vida Crist\u00e3 - Franciscanos","robots":{"index":"index","follow":"follow","max-snippet":"max-snippet:-1","max-image-preview":"max-image-preview:large","max-video-preview":"max-video-preview:-1"},"canonical":"https:\/\/franciscanos.org.br\/vidacrista\/ele-vive-e-aquece-nosso-coracao\/","og_locale":"pt_BR","og_type":"article","og_title":"Disc\u00edpulos de Ema\u00fas: Ele vive e aquece nosso cora\u00e7\u00e3o - Vida Crist\u00e3 - Franciscanos","og_description":"1\u00aa sexta-feira do m\u00eas","og_url":"https:\/\/franciscanos.org.br\/vidacrista\/ele-vive-e-aquece-nosso-coracao\/","og_site_name":"Vida Crist\u00e3 - Franciscanos","article_published_time":"2017-05-05T11:14:04+00:00","article_modified_time":"2019-03-01T16:49:38+00:00","og_image":[{"width":273,"height":181,"url":"https:\/\/franciscanos.org.br\/vidacrista\/wp-content\/uploads\/2017\/05\/sagrado_050517.jpg","type":"image\/jpeg"}],"author":"admin","twitter_card":"summary_large_image","twitter_misc":{"Escrito por":"admin","Est. tempo de leitura":"4 minutos"},"schema":{"@context":"https:\/\/schema.org","@graph":[{"@type":"WebSite","@id":"https:\/\/franciscanos.org.br\/vidacrista\/#website","url":"https:\/\/franciscanos.org.br\/vidacrista\/","name":"Vida Crist\u00e3 - Franciscanos","description":"Prov\u00edncia Franciscana da Imaculada Concei\u00e7\u00e3o do Brasil - Ordem dos Frades Menores","potentialAction":[{"@type":"SearchAction","target":{"@type":"EntryPoint","urlTemplate":"https:\/\/franciscanos.org.br\/vidacrista\/?s={search_term_string}"},"query-input":"required name=search_term_string"}],"inLanguage":"pt-BR"},{"@type":"WebPage","@id":"https:\/\/franciscanos.org.br\/vidacrista\/ele-vive-e-aquece-nosso-coracao\/","url":"https:\/\/franciscanos.org.br\/vidacrista\/ele-vive-e-aquece-nosso-coracao\/","name":"Disc\u00edpulos de Ema\u00fas: Ele vive e aquece nosso cora\u00e7\u00e3o - Vida Crist\u00e3 - Franciscanos","isPartOf":{"@id":"https:\/\/franciscanos.org.br\/vidacrista\/#website"},"datePublished":"2017-05-05T11:14:04+00:00","dateModified":"2019-03-01T16:49:38+00:00","author":{"@id":"https:\/\/franciscanos.org.br\/vidacrista\/#\/schema\/person\/133632ca93cec555316a35f76ab4153b"},"breadcrumb":{"@id":"https:\/\/franciscanos.org.br\/vidacrista\/ele-vive-e-aquece-nosso-coracao\/#breadcrumb"},"inLanguage":"pt-BR","potentialAction":[{"@type":"ReadAction","target":["https:\/\/franciscanos.org.br\/vidacrista\/ele-vive-e-aquece-nosso-coracao\/"]}]},{"@type":"BreadcrumbList","@id":"https:\/\/franciscanos.org.br\/vidacrista\/ele-vive-e-aquece-nosso-coracao\/#breadcrumb","itemListElement":[{"@type":"ListItem","position":1,"name":"Home","item":"https:\/\/franciscanos.org.br\/vidacrista\/"},{"@type":"ListItem","position":2,"name":"Disc\u00edpulos de Ema\u00fas: Ele vive e aquece nosso cora\u00e7\u00e3o"}]},{"@type":"Person","@id":"https:\/\/franciscanos.org.br\/vidacrista\/#\/schema\/person\/133632ca93cec555316a35f76ab4153b","name":"admin","image":{"@type":"ImageObject","inLanguage":"pt-BR","@id":"https:\/\/franciscanos.org.br\/vidacrista\/#\/schema\/person\/image\/","url":"https:\/\/secure.gravatar.com\/avatar\/e8495742d34d0ba6448ea1c628263b3e?s=96&d=mm&r=g","contentUrl":"https:\/\/secure.gravatar.com\/avatar\/e8495742d34d0ba6448ea1c628263b3e?s=96&d=mm&r=g","caption":"admin"},"url":"https:\/\/franciscanos.org.br\/vidacrista\/author\/admin\/"}]}},"_links":{"self":[{"href":"https:\/\/franciscanos.org.br\/vidacrista\/wp-json\/wp\/v2\/posts\/132846"}],"collection":[{"href":"https:\/\/franciscanos.org.br\/vidacrista\/wp-json\/wp\/v2\/posts"}],"about":[{"href":"https:\/\/franciscanos.org.br\/vidacrista\/wp-json\/wp\/v2\/types\/post"}],"author":[{"embeddable":true,"href":"https:\/\/franciscanos.org.br\/vidacrista\/wp-json\/wp\/v2\/users\/1"}],"replies":[{"embeddable":true,"href":"https:\/\/franciscanos.org.br\/vidacrista\/wp-json\/wp\/v2\/comments?post=132846"}],"version-history":[{"count":1,"href":"https:\/\/franciscanos.org.br\/vidacrista\/wp-json\/wp\/v2\/posts\/132846\/revisions"}],"predecessor-version":[{"id":178135,"href":"https:\/\/franciscanos.org.br\/vidacrista\/wp-json\/wp\/v2\/posts\/132846\/revisions\/178135"}],"wp:featuredmedia":[{"embeddable":true,"href":"https:\/\/franciscanos.org.br\/vidacrista\/wp-json\/wp\/v2\/media\/178203"}],"wp:attachment":[{"href":"https:\/\/franciscanos.org.br\/vidacrista\/wp-json\/wp\/v2\/media?parent=132846"}],"wp:term":[{"taxonomy":"category","embeddable":true,"href":"https:\/\/franciscanos.org.br\/vidacrista\/wp-json\/wp\/v2\/categories?post=132846"},{"taxonomy":"post_tag","embeddable":true,"href":"https:\/\/franciscanos.org.br\/vidacrista\/wp-json\/wp\/v2\/tags?post=132846"}],"curies":[{"name":"wp","href":"https:\/\/api.w.org\/{rel}","templated":true}]}}