{"id":129696,"date":"2017-04-06T10:08:08","date_gmt":"2017-04-06T13:08:08","guid":{"rendered":"http:\/\/franciscanos.org.br\/?p=129696"},"modified":"2019-03-01T13:50:52","modified_gmt":"2019-03-01T16:50:52","slug":"dos-que-estao-jogados-a-beira-do-caminho","status":"publish","type":"post","link":"https:\/\/franciscanos.org.br\/vidacrista\/dos-que-estao-jogados-a-beira-do-caminho\/","title":{"rendered":"Dos que est\u00e3o jogados \u00e0 beira do caminho"},"content":{"rendered":"<p><img decoding=\"async\" loading=\"lazy\" src=\"http:\/\/franciscanos.org.br\/wp-content\/uploads\/2017\/04\/samaritano_0604.jpg\" alt=\"samaritano_0604\" width=\"820\" height=\"366\" \/><\/p>\n<p><strong>Frei Almir Guimar\u00e3es<\/strong><\/p>\n<p><strong>\u00a0\u00a0\u00a0\u00a0\u00a0\u00a0\u00a0\u00a0\u00a0\u00a0\u00a0 <\/strong>O Papa Francisco tem insistido muito no tema da miseric\u00f3rdia. Em suas homilias e interven\u00e7\u00f5es n\u00e3o cessa de voltar ao assunto. Quando falamos em miseric\u00f3rdia\u00a0 pensamos nas posturas\u00a0 delicadas, carinhosas de Jesus em seu modo de agir: \u00a0proximidade do que \u00e9 fr\u00e1gil, um \u00a0voltar-se interior\u00a0 para os que est\u00e3o sem \u00e2nimo, jogados \u00e0 beira do caminho, vi\u00favos, \u00f3rf\u00e3os, cegos, rejeitados, pecadores. \u00a0Contemplamos sempre a paisagem da cruz: o mais belo dos filhos dos homens tendo seu peito aberto, seu cora\u00e7\u00e3o exposto, para dizer que n\u00e3o existe maior amor do que dar a vida pelos seus, que o sentido de nossa vida \u00e9 dar vida, semear vida, ter um cora\u00e7\u00e3o aberto para os outros, alimentar com a \u00e1gua do Cora\u00e7\u00e3o de Jesus todos esses. Os que est\u00e3o jogados \u00e0 margem da vida necessitam do cora\u00e7\u00e3o daqueles que s\u00e3o tocados pelo amor do Cora\u00e7\u00e3o do Redentor.\u00a0 O\u00a0 Cora\u00e7\u00e3o aberto de Jesus sobre a cruz pede que\u00a0 nosso cora\u00e7\u00e3o continue a manifestar amor.<\/p>\n<p>S\u00e3o muitos os que est\u00e3o jogados \u00e0 beira da vida: crian\u00e7as que n\u00e3o t\u00eam pai e m\u00e3e valentes, unidos, amorosos;\u00a0 velhos jogados em\u00a0 f\u00e9tidos hospitais;\u00a0 mulheres mal amadas por seus maridos e exploradas pela vida;\u00a0 presidi\u00e1rios que\u00a0 j\u00e1 deveriam estar em liberdade;\u00a0 mo\u00e7os e mo\u00e7as homoafetivos que s\u00e3o rejeitados e mortos;\u00a0\u00a0 seres da era digital que s\u00e3o incapazes de fazer uma viagem \u00e0 sua interioridade;\u00a0 homens e mulheres\u00a0 macerados pelo trabalho\u00a0 sem sonhos, sem lazer, sem esperan\u00e7a.\u00a0 O Cora\u00e7\u00e3o de Jesus se volta para esses todos atrav\u00e9s de cada um de n\u00f3s.<\/p>\n<p>Agir com miseric\u00f3rdia e bondade!\u00a0 Este o convite do Cora\u00e7\u00e3o aberto de Jesus a cada um de n\u00f3s.<\/p>\n<p>Transcrevemos duas reflex\u00f5es sobre a miseric\u00f3rdia que nos falam muito\u00a0 do jeito de praticar a bondade para com os outros:<\/p>\n<blockquote><p>Senhor, se eu tivesse entranhas de miseric\u00f3rdia&#8230;<br \/>\nsairia de minha casa para encontrar-me com os necessitados;<br \/>\nde minha apatia para ajudar os que sofrem;<br \/>\nde minha ignor\u00e2ncia para conhecer os ignorados;<br \/>\nde meus caprichos para socorrer os famintos;<br \/>\nde minha atitude cr\u00edtica param compreender os que falham;<br \/>\nde minha sufici\u00eancia para estar com os incapazes;<br \/>\nde minhas pressas para dar meu tempo aos abandonados;<br \/>\nde minha pregui\u00e7a para ajudar os cansados de gritar;<br \/>\nde minha burguesia para compartilhar com os pobres.<\/p>\n<p>Quero crer, Senhor,<br \/>\nque o grande \u00e9 pequeno,<br \/>\nque o \u00faltimo \u00e9 o primeiro;<br \/>\nque o pobre \u00e9 o preferido,<br \/>\nque o insignificante \u00e9 que conta para ti.<br \/>\nQuero crer isto, mas me custa,<br \/>\nporque eu mesmo n\u00e3o vejo<br \/>\nque importem tantas crian\u00e7as sem hoje.<br \/>\nO mundo pode passar sem elas<br \/>\ne sem notar sua falta.<br \/>\nSenhor, dize-me que a ti te importam, por favor!<\/p>\n<p><strong>Nota: \u00a0<\/strong><em>As duas ora\u00e7\u00f5es acima transcritas \u00a0s\u00e3o de \u00a0F. Ulibarri, \u00a0citadas por Jos\u00e9 A. Pagola em \u00a0Grupos de Jesus, Vozes, p. \u00a0184-185.<\/em><\/p><\/blockquote>\n","protected":false},"excerpt":{"rendered":"<p> 1\u00aa Sexta-feira do M\u00eas<\/p>\n","protected":false},"author":1,"featured_media":178204,"comment_status":"open","ping_status":"open","sticky":false,"template":"","format":"standard","meta":{"footnotes":""},"categories":[105],"tags":[106,112],"yoast_head":"<!-- This site is optimized with the Yoast SEO plugin v19.4 - https:\/\/yoast.com\/wordpress\/plugins\/seo\/ -->\n<title>Dos que est\u00e3o jogados \u00e0 beira do caminho - Vida Crist\u00e3 - Franciscanos<\/title>\n<meta name=\"robots\" content=\"index, follow, max-snippet:-1, max-image-preview:large, max-video-preview:-1\" \/>\n<link rel=\"canonical\" href=\"https:\/\/franciscanos.org.br\/vidacrista\/dos-que-estao-jogados-a-beira-do-caminho\/\" \/>\n<meta property=\"og:locale\" content=\"pt_BR\" \/>\n<meta property=\"og:type\" content=\"article\" \/>\n<meta property=\"og:title\" content=\"Dos que est\u00e3o jogados \u00e0 beira do caminho - Vida Crist\u00e3 - Franciscanos\" \/>\n<meta property=\"og:description\" content=\"1\u00aa Sexta-feira do M\u00eas\" \/>\n<meta property=\"og:url\" content=\"https:\/\/franciscanos.org.br\/vidacrista\/dos-que-estao-jogados-a-beira-do-caminho\/\" \/>\n<meta property=\"og:site_name\" content=\"Vida Crist\u00e3 - Franciscanos\" \/>\n<meta property=\"article:published_time\" content=\"2017-04-06T13:08:08+00:00\" \/>\n<meta property=\"article:modified_time\" content=\"2019-03-01T16:50:52+00:00\" \/>\n<meta property=\"og:image\" content=\"https:\/\/franciscanos.org.br\/vidacrista\/wp-content\/uploads\/2017\/04\/sagrado_060417.jpg\" \/>\n\t<meta property=\"og:image:width\" content=\"273\" \/>\n\t<meta property=\"og:image:height\" content=\"181\" \/>\n\t<meta property=\"og:image:type\" content=\"image\/jpeg\" \/>\n<meta name=\"author\" content=\"admin\" \/>\n<meta name=\"twitter:card\" content=\"summary_large_image\" \/>\n<meta name=\"twitter:label1\" content=\"Escrito por\" \/>\n\t<meta name=\"twitter:data1\" content=\"admin\" \/>\n\t<meta name=\"twitter:label2\" content=\"Est. tempo de leitura\" \/>\n\t<meta name=\"twitter:data2\" content=\"3 minutos\" \/>\n<script type=\"application\/ld+json\" class=\"yoast-schema-graph\">{\"@context\":\"https:\/\/schema.org\",\"@graph\":[{\"@type\":\"WebSite\",\"@id\":\"https:\/\/franciscanos.org.br\/vidacrista\/#website\",\"url\":\"https:\/\/franciscanos.org.br\/vidacrista\/\",\"name\":\"Vida Crist\u00e3 - Franciscanos\",\"description\":\"Prov\u00edncia Franciscana da Imaculada Concei\u00e7\u00e3o do Brasil - Ordem dos Frades Menores\",\"potentialAction\":[{\"@type\":\"SearchAction\",\"target\":{\"@type\":\"EntryPoint\",\"urlTemplate\":\"https:\/\/franciscanos.org.br\/vidacrista\/?s={search_term_string}\"},\"query-input\":\"required name=search_term_string\"}],\"inLanguage\":\"pt-BR\"},{\"@type\":\"WebPage\",\"@id\":\"https:\/\/franciscanos.org.br\/vidacrista\/dos-que-estao-jogados-a-beira-do-caminho\/\",\"url\":\"https:\/\/franciscanos.org.br\/vidacrista\/dos-que-estao-jogados-a-beira-do-caminho\/\",\"name\":\"Dos que est\u00e3o jogados \u00e0 beira do caminho - Vida Crist\u00e3 - Franciscanos\",\"isPartOf\":{\"@id\":\"https:\/\/franciscanos.org.br\/vidacrista\/#website\"},\"datePublished\":\"2017-04-06T13:08:08+00:00\",\"dateModified\":\"2019-03-01T16:50:52+00:00\",\"author\":{\"@id\":\"https:\/\/franciscanos.org.br\/vidacrista\/#\/schema\/person\/133632ca93cec555316a35f76ab4153b\"},\"breadcrumb\":{\"@id\":\"https:\/\/franciscanos.org.br\/vidacrista\/dos-que-estao-jogados-a-beira-do-caminho\/#breadcrumb\"},\"inLanguage\":\"pt-BR\",\"potentialAction\":[{\"@type\":\"ReadAction\",\"target\":[\"https:\/\/franciscanos.org.br\/vidacrista\/dos-que-estao-jogados-a-beira-do-caminho\/\"]}]},{\"@type\":\"BreadcrumbList\",\"@id\":\"https:\/\/franciscanos.org.br\/vidacrista\/dos-que-estao-jogados-a-beira-do-caminho\/#breadcrumb\",\"itemListElement\":[{\"@type\":\"ListItem\",\"position\":1,\"name\":\"Home\",\"item\":\"https:\/\/franciscanos.org.br\/vidacrista\/\"},{\"@type\":\"ListItem\",\"position\":2,\"name\":\"Dos que est\u00e3o jogados \u00e0 beira do caminho\"}]},{\"@type\":\"Person\",\"@id\":\"https:\/\/franciscanos.org.br\/vidacrista\/#\/schema\/person\/133632ca93cec555316a35f76ab4153b\",\"name\":\"admin\",\"image\":{\"@type\":\"ImageObject\",\"inLanguage\":\"pt-BR\",\"@id\":\"https:\/\/franciscanos.org.br\/vidacrista\/#\/schema\/person\/image\/\",\"url\":\"https:\/\/secure.gravatar.com\/avatar\/e8495742d34d0ba6448ea1c628263b3e?s=96&d=mm&r=g\",\"contentUrl\":\"https:\/\/secure.gravatar.com\/avatar\/e8495742d34d0ba6448ea1c628263b3e?s=96&d=mm&r=g\",\"caption\":\"admin\"},\"url\":\"https:\/\/franciscanos.org.br\/vidacrista\/author\/admin\/\"}]}<\/script>\n<!-- \/ Yoast SEO plugin. -->","yoast_head_json":{"title":"Dos que est\u00e3o jogados \u00e0 beira do caminho - Vida Crist\u00e3 - Franciscanos","robots":{"index":"index","follow":"follow","max-snippet":"max-snippet:-1","max-image-preview":"max-image-preview:large","max-video-preview":"max-video-preview:-1"},"canonical":"https:\/\/franciscanos.org.br\/vidacrista\/dos-que-estao-jogados-a-beira-do-caminho\/","og_locale":"pt_BR","og_type":"article","og_title":"Dos que est\u00e3o jogados \u00e0 beira do caminho - Vida Crist\u00e3 - Franciscanos","og_description":"1\u00aa Sexta-feira do M\u00eas","og_url":"https:\/\/franciscanos.org.br\/vidacrista\/dos-que-estao-jogados-a-beira-do-caminho\/","og_site_name":"Vida Crist\u00e3 - Franciscanos","article_published_time":"2017-04-06T13:08:08+00:00","article_modified_time":"2019-03-01T16:50:52+00:00","og_image":[{"width":273,"height":181,"url":"https:\/\/franciscanos.org.br\/vidacrista\/wp-content\/uploads\/2017\/04\/sagrado_060417.jpg","type":"image\/jpeg"}],"author":"admin","twitter_card":"summary_large_image","twitter_misc":{"Escrito por":"admin","Est. tempo de leitura":"3 minutos"},"schema":{"@context":"https:\/\/schema.org","@graph":[{"@type":"WebSite","@id":"https:\/\/franciscanos.org.br\/vidacrista\/#website","url":"https:\/\/franciscanos.org.br\/vidacrista\/","name":"Vida Crist\u00e3 - Franciscanos","description":"Prov\u00edncia Franciscana da Imaculada Concei\u00e7\u00e3o do Brasil - Ordem dos Frades Menores","potentialAction":[{"@type":"SearchAction","target":{"@type":"EntryPoint","urlTemplate":"https:\/\/franciscanos.org.br\/vidacrista\/?s={search_term_string}"},"query-input":"required name=search_term_string"}],"inLanguage":"pt-BR"},{"@type":"WebPage","@id":"https:\/\/franciscanos.org.br\/vidacrista\/dos-que-estao-jogados-a-beira-do-caminho\/","url":"https:\/\/franciscanos.org.br\/vidacrista\/dos-que-estao-jogados-a-beira-do-caminho\/","name":"Dos que est\u00e3o jogados \u00e0 beira do caminho - Vida Crist\u00e3 - Franciscanos","isPartOf":{"@id":"https:\/\/franciscanos.org.br\/vidacrista\/#website"},"datePublished":"2017-04-06T13:08:08+00:00","dateModified":"2019-03-01T16:50:52+00:00","author":{"@id":"https:\/\/franciscanos.org.br\/vidacrista\/#\/schema\/person\/133632ca93cec555316a35f76ab4153b"},"breadcrumb":{"@id":"https:\/\/franciscanos.org.br\/vidacrista\/dos-que-estao-jogados-a-beira-do-caminho\/#breadcrumb"},"inLanguage":"pt-BR","potentialAction":[{"@type":"ReadAction","target":["https:\/\/franciscanos.org.br\/vidacrista\/dos-que-estao-jogados-a-beira-do-caminho\/"]}]},{"@type":"BreadcrumbList","@id":"https:\/\/franciscanos.org.br\/vidacrista\/dos-que-estao-jogados-a-beira-do-caminho\/#breadcrumb","itemListElement":[{"@type":"ListItem","position":1,"name":"Home","item":"https:\/\/franciscanos.org.br\/vidacrista\/"},{"@type":"ListItem","position":2,"name":"Dos que est\u00e3o jogados \u00e0 beira do caminho"}]},{"@type":"Person","@id":"https:\/\/franciscanos.org.br\/vidacrista\/#\/schema\/person\/133632ca93cec555316a35f76ab4153b","name":"admin","image":{"@type":"ImageObject","inLanguage":"pt-BR","@id":"https:\/\/franciscanos.org.br\/vidacrista\/#\/schema\/person\/image\/","url":"https:\/\/secure.gravatar.com\/avatar\/e8495742d34d0ba6448ea1c628263b3e?s=96&d=mm&r=g","contentUrl":"https:\/\/secure.gravatar.com\/avatar\/e8495742d34d0ba6448ea1c628263b3e?s=96&d=mm&r=g","caption":"admin"},"url":"https:\/\/franciscanos.org.br\/vidacrista\/author\/admin\/"}]}},"_links":{"self":[{"href":"https:\/\/franciscanos.org.br\/vidacrista\/wp-json\/wp\/v2\/posts\/129696"}],"collection":[{"href":"https:\/\/franciscanos.org.br\/vidacrista\/wp-json\/wp\/v2\/posts"}],"about":[{"href":"https:\/\/franciscanos.org.br\/vidacrista\/wp-json\/wp\/v2\/types\/post"}],"author":[{"embeddable":true,"href":"https:\/\/franciscanos.org.br\/vidacrista\/wp-json\/wp\/v2\/users\/1"}],"replies":[{"embeddable":true,"href":"https:\/\/franciscanos.org.br\/vidacrista\/wp-json\/wp\/v2\/comments?post=129696"}],"version-history":[{"count":1,"href":"https:\/\/franciscanos.org.br\/vidacrista\/wp-json\/wp\/v2\/posts\/129696\/revisions"}],"predecessor-version":[{"id":178136,"href":"https:\/\/franciscanos.org.br\/vidacrista\/wp-json\/wp\/v2\/posts\/129696\/revisions\/178136"}],"wp:featuredmedia":[{"embeddable":true,"href":"https:\/\/franciscanos.org.br\/vidacrista\/wp-json\/wp\/v2\/media\/178204"}],"wp:attachment":[{"href":"https:\/\/franciscanos.org.br\/vidacrista\/wp-json\/wp\/v2\/media?parent=129696"}],"wp:term":[{"taxonomy":"category","embeddable":true,"href":"https:\/\/franciscanos.org.br\/vidacrista\/wp-json\/wp\/v2\/categories?post=129696"},{"taxonomy":"post_tag","embeddable":true,"href":"https:\/\/franciscanos.org.br\/vidacrista\/wp-json\/wp\/v2\/tags?post=129696"}],"curies":[{"name":"wp","href":"https:\/\/api.w.org\/{rel}","templated":true}]}}