{"id":127171,"date":"2017-03-03T08:09:10","date_gmt":"2017-03-03T11:09:10","guid":{"rendered":"http:\/\/franciscanos.org.br\/?p=127171"},"modified":"2019-03-01T13:16:54","modified_gmt":"2019-03-01T16:16:54","slug":"pouca-fala-e-muito-silencio","status":"publish","type":"post","link":"https:\/\/franciscanos.org.br\/vidacrista\/pouca-fala-e-muito-silencio\/","title":{"rendered":"Pouca fala e muito sil\u00eancio. Instantes finais no alto da cruz."},"content":{"rendered":"<p><img decoding=\"async\" loading=\"lazy\" src=\"http:\/\/franciscanos.org.br\/wp-content\/uploads\/2017\/03\/sexta_030317.jpg\" alt=\"sexta_030317\" width=\"820\" height=\"434\" \/><\/p>\n<h2>Os instantes finais do Profeta de Nazar\u00e9<\/h2>\n<p>Ele vive, ele \u00e9 o ressuscitado. No universo da f\u00e9 convivemos com Jesus ao longo de todos os nossos dias. N\u00e3o o colocamos nos espa\u00e7os et\u00e9reos, nas estrelas ou n\u00e3o sei onde. Ele \u00e9 o ressuscitado. Est\u00e1 em nosso meio. Sempre, na primeira sexta-feira de cada m\u00eas, temos gosto em contemplar o amor de Jesus que foi at\u00e9 o ponto de dar a vida, de morrer. No alto da cruz, no final de tudo, muito sil\u00eancio, pouca fala e muita entrega.<\/p>\n<p>O sil\u00eancio de Jesus durante suas \u00faltimas horas impressiona. Segundo os especialistas, no final, no entanto, ele quebra o sil\u00eancio \u201clan\u00e7ando um forte grito\u201d. \u201cPelas tr\u00eas da tarde Jesus gritou com voz forte: Elo\u00ed, Elo\u00ed, lem\u00e1 sabachthani! O que quer dizer: Meu Deus, meu Deus por que me abandonaste?\u201d (Mc 15,34). Esse grito inarticulado \u00e9 a recorda\u00e7\u00e3o mais segura da tradi\u00e7\u00e3o. Os crist\u00e3os nunca o esqueceram. Lucas o ignora. Diz que Jesus grita: \u201cPai, em tuas m\u00e3os eu entrego o meu esp\u00edrito\u201d. De acordo com Jo\u00e3o, pouco antes de morrer, Jesus diz: \u201cTenho sede\u201d. Depois de beber o vinagre que lhe ofereceram, exclamou: \u201cTudo est\u00e1 cumprido\u201d.<\/p>\n<p>Tudo foi tr\u00e1gico. A viol\u00eancia da pris\u00e3o, a flagela\u00e7\u00e3o, os pregos, os insultos, o cansa\u00e7o. Abandono total. E, l\u00e1 no fundo, ele sente a aus\u00eancia do Abba. Penso nesses soldados no campo da guerra e nos espa\u00e7os de concentra\u00e7\u00e3o. Seres que chegam ao limite das for\u00e7as, cheios de sede, cheios de saudade da vida, saudades da mulher e dos filhos, da singeleza das festas de natal, das noites de inverno em casa, da capelinha de Nossa Senhora das Vit\u00f3rias. O sofrimento de Jesus e o sofrimento dos homens.<\/p>\n<p>\u201cMeu Deus&#8230;meu Deus&#8230;\u201d. Pagola assim escreve: \u201cJesus morre numa solid\u00e3o total. Foi condenado pelas autoridades do templo. O povo n\u00e3o o defendeu. Os seus fugiram. Ao seu redor s\u00f3 ouve zombarias e desprezo. Apesar de gritos ao Pai no horto de Gets\u00eamani, Deus n\u00e3o veio em sua ajuda. Seu Pai querido o abandonou a uma morte ignominiosa. Por qu\u00ea? Jesus n\u00e3o chama Deus de Abb\u00e1, Pai, sua express\u00e3o habitual e familiar. Chama-o de Eloi (meu Deus), como todos os seres humanos. Sua invoca\u00e7\u00e3o n\u00e3o deixa de ser uma express\u00e3o de confian\u00e7a: Meu Deus! Deus continua sendo seu Deus, apesar de tudo. Jesus n\u00e3o duvida de sua exist\u00eancia, nem de seu poder para salv\u00e1-lo. Queixa-se de seu sil\u00eancio: onde est\u00e1? Por que se cala? Por que o abandona no momento em que mais precisa dele? Jesus morre na noite mais escura. N\u00e3o entra na morte iluminado por sua revela\u00e7\u00e3o sublime. Morre com um \u201cpor qu\u00ea\u201d nos l\u00e1bios. Tudo fica agora nas m\u00e3os do Pai\u201d (J.A Pagola, Jesus. Aproxima\u00e7\u00e3o Hist\u00f3ria, Vozes, p. 483-484).<\/p>\n<p><strong>Frei Almir Guimar\u00e3es<\/strong><\/p>\n","protected":false},"excerpt":{"rendered":"<p>1\u00aa Sexta-feira do M\u00eas<\/p>\n","protected":false},"author":1,"featured_media":178085,"comment_status":"open","ping_status":"open","sticky":false,"template":"","format":"standard","meta":{"footnotes":""},"categories":[105],"tags":[106,112],"yoast_head":"<!-- This site is optimized with the Yoast SEO plugin v19.4 - https:\/\/yoast.com\/wordpress\/plugins\/seo\/ -->\n<title>Pouca fala e muito sil\u00eancio. Instantes finais no alto da cruz. - Vida Crist\u00e3 - Franciscanos<\/title>\n<meta name=\"robots\" content=\"index, follow, max-snippet:-1, max-image-preview:large, max-video-preview:-1\" \/>\n<link rel=\"canonical\" href=\"https:\/\/franciscanos.org.br\/vidacrista\/pouca-fala-e-muito-silencio\/\" \/>\n<meta property=\"og:locale\" content=\"pt_BR\" \/>\n<meta property=\"og:type\" content=\"article\" \/>\n<meta property=\"og:title\" content=\"Pouca fala e muito sil\u00eancio. Instantes finais no alto da cruz. - Vida Crist\u00e3 - Franciscanos\" \/>\n<meta property=\"og:description\" content=\"1\u00aa Sexta-feira do M\u00eas\" \/>\n<meta property=\"og:url\" content=\"https:\/\/franciscanos.org.br\/vidacrista\/pouca-fala-e-muito-silencio\/\" \/>\n<meta property=\"og:site_name\" content=\"Vida Crist\u00e3 - Franciscanos\" \/>\n<meta property=\"article:published_time\" content=\"2017-03-03T11:09:10+00:00\" \/>\n<meta property=\"article:modified_time\" content=\"2019-03-01T16:16:54+00:00\" \/>\n<meta property=\"og:image\" content=\"https:\/\/franciscanos.org.br\/vidacrista\/wp-content\/uploads\/2017\/03\/sagrado_030317.jpg\" \/>\n\t<meta property=\"og:image:width\" content=\"273\" \/>\n\t<meta property=\"og:image:height\" content=\"181\" \/>\n\t<meta property=\"og:image:type\" content=\"image\/jpeg\" \/>\n<meta name=\"author\" content=\"admin\" \/>\n<meta name=\"twitter:card\" content=\"summary_large_image\" \/>\n<meta name=\"twitter:label1\" content=\"Escrito por\" \/>\n\t<meta name=\"twitter:data1\" content=\"admin\" \/>\n\t<meta name=\"twitter:label2\" content=\"Est. tempo de leitura\" \/>\n\t<meta name=\"twitter:data2\" content=\"3 minutos\" \/>\n<script type=\"application\/ld+json\" class=\"yoast-schema-graph\">{\"@context\":\"https:\/\/schema.org\",\"@graph\":[{\"@type\":\"WebSite\",\"@id\":\"https:\/\/franciscanos.org.br\/vidacrista\/#website\",\"url\":\"https:\/\/franciscanos.org.br\/vidacrista\/\",\"name\":\"Vida Crist\u00e3 - Franciscanos\",\"description\":\"Prov\u00edncia Franciscana da Imaculada Concei\u00e7\u00e3o do Brasil - Ordem dos Frades Menores\",\"potentialAction\":[{\"@type\":\"SearchAction\",\"target\":{\"@type\":\"EntryPoint\",\"urlTemplate\":\"https:\/\/franciscanos.org.br\/vidacrista\/?s={search_term_string}\"},\"query-input\":\"required name=search_term_string\"}],\"inLanguage\":\"pt-BR\"},{\"@type\":\"WebPage\",\"@id\":\"https:\/\/franciscanos.org.br\/vidacrista\/pouca-fala-e-muito-silencio\/\",\"url\":\"https:\/\/franciscanos.org.br\/vidacrista\/pouca-fala-e-muito-silencio\/\",\"name\":\"Pouca fala e muito sil\u00eancio. Instantes finais no alto da cruz. - Vida Crist\u00e3 - Franciscanos\",\"isPartOf\":{\"@id\":\"https:\/\/franciscanos.org.br\/vidacrista\/#website\"},\"datePublished\":\"2017-03-03T11:09:10+00:00\",\"dateModified\":\"2019-03-01T16:16:54+00:00\",\"author\":{\"@id\":\"https:\/\/franciscanos.org.br\/vidacrista\/#\/schema\/person\/133632ca93cec555316a35f76ab4153b\"},\"breadcrumb\":{\"@id\":\"https:\/\/franciscanos.org.br\/vidacrista\/pouca-fala-e-muito-silencio\/#breadcrumb\"},\"inLanguage\":\"pt-BR\",\"potentialAction\":[{\"@type\":\"ReadAction\",\"target\":[\"https:\/\/franciscanos.org.br\/vidacrista\/pouca-fala-e-muito-silencio\/\"]}]},{\"@type\":\"BreadcrumbList\",\"@id\":\"https:\/\/franciscanos.org.br\/vidacrista\/pouca-fala-e-muito-silencio\/#breadcrumb\",\"itemListElement\":[{\"@type\":\"ListItem\",\"position\":1,\"name\":\"Home\",\"item\":\"https:\/\/franciscanos.org.br\/vidacrista\/\"},{\"@type\":\"ListItem\",\"position\":2,\"name\":\"Pouca fala e muito sil\u00eancio. Instantes finais no alto da cruz.\"}]},{\"@type\":\"Person\",\"@id\":\"https:\/\/franciscanos.org.br\/vidacrista\/#\/schema\/person\/133632ca93cec555316a35f76ab4153b\",\"name\":\"admin\",\"image\":{\"@type\":\"ImageObject\",\"inLanguage\":\"pt-BR\",\"@id\":\"https:\/\/franciscanos.org.br\/vidacrista\/#\/schema\/person\/image\/\",\"url\":\"https:\/\/secure.gravatar.com\/avatar\/e8495742d34d0ba6448ea1c628263b3e?s=96&d=mm&r=g\",\"contentUrl\":\"https:\/\/secure.gravatar.com\/avatar\/e8495742d34d0ba6448ea1c628263b3e?s=96&d=mm&r=g\",\"caption\":\"admin\"},\"url\":\"https:\/\/franciscanos.org.br\/vidacrista\/author\/admin\/\"}]}<\/script>\n<!-- \/ Yoast SEO plugin. -->","yoast_head_json":{"title":"Pouca fala e muito sil\u00eancio. Instantes finais no alto da cruz. - Vida Crist\u00e3 - Franciscanos","robots":{"index":"index","follow":"follow","max-snippet":"max-snippet:-1","max-image-preview":"max-image-preview:large","max-video-preview":"max-video-preview:-1"},"canonical":"https:\/\/franciscanos.org.br\/vidacrista\/pouca-fala-e-muito-silencio\/","og_locale":"pt_BR","og_type":"article","og_title":"Pouca fala e muito sil\u00eancio. Instantes finais no alto da cruz. - Vida Crist\u00e3 - Franciscanos","og_description":"1\u00aa Sexta-feira do M\u00eas","og_url":"https:\/\/franciscanos.org.br\/vidacrista\/pouca-fala-e-muito-silencio\/","og_site_name":"Vida Crist\u00e3 - Franciscanos","article_published_time":"2017-03-03T11:09:10+00:00","article_modified_time":"2019-03-01T16:16:54+00:00","og_image":[{"width":273,"height":181,"url":"https:\/\/franciscanos.org.br\/vidacrista\/wp-content\/uploads\/2017\/03\/sagrado_030317.jpg","type":"image\/jpeg"}],"author":"admin","twitter_card":"summary_large_image","twitter_misc":{"Escrito por":"admin","Est. tempo de leitura":"3 minutos"},"schema":{"@context":"https:\/\/schema.org","@graph":[{"@type":"WebSite","@id":"https:\/\/franciscanos.org.br\/vidacrista\/#website","url":"https:\/\/franciscanos.org.br\/vidacrista\/","name":"Vida Crist\u00e3 - Franciscanos","description":"Prov\u00edncia Franciscana da Imaculada Concei\u00e7\u00e3o do Brasil - Ordem dos Frades Menores","potentialAction":[{"@type":"SearchAction","target":{"@type":"EntryPoint","urlTemplate":"https:\/\/franciscanos.org.br\/vidacrista\/?s={search_term_string}"},"query-input":"required name=search_term_string"}],"inLanguage":"pt-BR"},{"@type":"WebPage","@id":"https:\/\/franciscanos.org.br\/vidacrista\/pouca-fala-e-muito-silencio\/","url":"https:\/\/franciscanos.org.br\/vidacrista\/pouca-fala-e-muito-silencio\/","name":"Pouca fala e muito sil\u00eancio. Instantes finais no alto da cruz. - Vida Crist\u00e3 - Franciscanos","isPartOf":{"@id":"https:\/\/franciscanos.org.br\/vidacrista\/#website"},"datePublished":"2017-03-03T11:09:10+00:00","dateModified":"2019-03-01T16:16:54+00:00","author":{"@id":"https:\/\/franciscanos.org.br\/vidacrista\/#\/schema\/person\/133632ca93cec555316a35f76ab4153b"},"breadcrumb":{"@id":"https:\/\/franciscanos.org.br\/vidacrista\/pouca-fala-e-muito-silencio\/#breadcrumb"},"inLanguage":"pt-BR","potentialAction":[{"@type":"ReadAction","target":["https:\/\/franciscanos.org.br\/vidacrista\/pouca-fala-e-muito-silencio\/"]}]},{"@type":"BreadcrumbList","@id":"https:\/\/franciscanos.org.br\/vidacrista\/pouca-fala-e-muito-silencio\/#breadcrumb","itemListElement":[{"@type":"ListItem","position":1,"name":"Home","item":"https:\/\/franciscanos.org.br\/vidacrista\/"},{"@type":"ListItem","position":2,"name":"Pouca fala e muito sil\u00eancio. Instantes finais no alto da cruz."}]},{"@type":"Person","@id":"https:\/\/franciscanos.org.br\/vidacrista\/#\/schema\/person\/133632ca93cec555316a35f76ab4153b","name":"admin","image":{"@type":"ImageObject","inLanguage":"pt-BR","@id":"https:\/\/franciscanos.org.br\/vidacrista\/#\/schema\/person\/image\/","url":"https:\/\/secure.gravatar.com\/avatar\/e8495742d34d0ba6448ea1c628263b3e?s=96&d=mm&r=g","contentUrl":"https:\/\/secure.gravatar.com\/avatar\/e8495742d34d0ba6448ea1c628263b3e?s=96&d=mm&r=g","caption":"admin"},"url":"https:\/\/franciscanos.org.br\/vidacrista\/author\/admin\/"}]}},"_links":{"self":[{"href":"https:\/\/franciscanos.org.br\/vidacrista\/wp-json\/wp\/v2\/posts\/127171"}],"collection":[{"href":"https:\/\/franciscanos.org.br\/vidacrista\/wp-json\/wp\/v2\/posts"}],"about":[{"href":"https:\/\/franciscanos.org.br\/vidacrista\/wp-json\/wp\/v2\/types\/post"}],"author":[{"embeddable":true,"href":"https:\/\/franciscanos.org.br\/vidacrista\/wp-json\/wp\/v2\/users\/1"}],"replies":[{"embeddable":true,"href":"https:\/\/franciscanos.org.br\/vidacrista\/wp-json\/wp\/v2\/comments?post=127171"}],"version-history":[{"count":1,"href":"https:\/\/franciscanos.org.br\/vidacrista\/wp-json\/wp\/v2\/posts\/127171\/revisions"}],"predecessor-version":[{"id":178086,"href":"https:\/\/franciscanos.org.br\/vidacrista\/wp-json\/wp\/v2\/posts\/127171\/revisions\/178086"}],"wp:featuredmedia":[{"embeddable":true,"href":"https:\/\/franciscanos.org.br\/vidacrista\/wp-json\/wp\/v2\/media\/178085"}],"wp:attachment":[{"href":"https:\/\/franciscanos.org.br\/vidacrista\/wp-json\/wp\/v2\/media?parent=127171"}],"wp:term":[{"taxonomy":"category","embeddable":true,"href":"https:\/\/franciscanos.org.br\/vidacrista\/wp-json\/wp\/v2\/categories?post=127171"},{"taxonomy":"post_tag","embeddable":true,"href":"https:\/\/franciscanos.org.br\/vidacrista\/wp-json\/wp\/v2\/tags?post=127171"}],"curies":[{"name":"wp","href":"https:\/\/api.w.org\/{rel}","templated":true}]}}