{"id":125276,"date":"2017-01-30T15:08:12","date_gmt":"2017-01-30T17:08:12","guid":{"rendered":"http:\/\/franciscanos.org.br\/?p=125276"},"modified":"2020-05-22T13:07:42","modified_gmt":"2020-05-22T16:07:42","slug":"conversando-com-o-irriquieto-zaqueu","status":"publish","type":"post","link":"https:\/\/franciscanos.org.br\/vidacrista\/conversando-com-o-irriquieto-zaqueu\/","title":{"rendered":"Conversando com o irriquieto Zaqueu"},"content":{"rendered":"<p>Zaqueu,<\/p>\n<p>desde sempre tua figura chamou minha aten\u00e7\u00e3o.<br \/>\n\u00c9s um pequeno homem encantador.<br \/>\nNa minha imagina\u00e7\u00e3o sempre te vi, de fato, de baixa estatura, irrequieto, curioso, meio \u00e0 margem da vida de tua gente.<br \/>\nN\u00e3o eras muito estimado. Compreendo. Tinhas a fama de ser um \u201ccorrupto\u201d, um aproveitador do cargo p\u00fablico para fins pessoais. Coisa que n\u00e3o \u00e9 nova. Nada nova.<br \/>\nTu ouviste falar daquele que andava impressionando as pessoas e causando impacto e preocupa\u00e7\u00e3o no ambiente.<br \/>\nSubiste \u00e0 famosa \u00e1rvore.<br \/>\nMovido por mera curiosidade ou j\u00e1 tinhas uma sede de plenitude?<br \/>\nTodo mundo gosta de te ver num galho de \u00e1rvore, escondido pela folhagem, espreitando, vendo as coisas acontecerem&#8230;<br \/>\nN\u00e3o podias imaginar, nunca imaginar o olhar daquele homem.<br \/>\nTeus ouvidos escutaram um desejo: Ele queria estar em tua casa, entrar em tua intimidade.<br \/>\nDevias descer depressa, muito depressa. Assim, o fizeste.<br \/>\nRecebeste esse Jesus interpelador em tua casa.<\/p>\n<p><img decoding=\"async\" loading=\"lazy\" src=\"http:\/\/franciscanos.org.br\/wp-content\/uploads\/2017\/01\/zaqueu.jpg\" alt=\"zaqueu\" width=\"830\" height=\"467\" \/><\/p>\n<p>Fizeste o melhor, o melhor que pudeste e certamente teu h\u00f3spede ficou content\u00edssimo.<br \/>\nDepois n\u00e3o encontramos mais vest\u00edgios teus nos evangelhos&#8230;<br \/>\nEspero, espero de verdade que, depois, tu tenhas podido acompanhar os passos do Mestre.<br \/>\nQuem sabe tu estiveste perto da cruz, aos p\u00e9s da cruz, durante a morte e depois da morte de Jesus.<br \/>\nImagino que talvez pudeste ter visto a brecha no peito de Jesus, feita pela lan\u00e7a do soldado.<br \/>\nEspero que do peito aberto tenhas ouvido algo assim:<br \/>\n\u201cZaqueu, agora sou eu que te convido.<br \/>\nVem morar na intimidade de meu cora\u00e7\u00e3o.<br \/>\nQuero te acolher com todo carinho.<br \/>\nRepousa aqui e bebe de meu amor.<br \/>\nUm dia tu me recebeste com tanta alegria!<br \/>\nNunca me esquecerei.<br \/>\nAgora sou eu que te acolho na intimidade<br \/>\ndos aposentos de meu amor sem limites,<br \/>\neste meu cora\u00e7\u00e3o.<br \/>\nFaz de conta que esta \u00e9 a tua casa!\u201d<\/p>\n<p><strong>Frei Almir Guimar\u00e3es<\/strong><\/p>\n","protected":false},"excerpt":{"rendered":"<p>Sagrado Cora\u00e7\u00e3o<\/p>\n","protected":false},"author":1,"featured_media":184658,"comment_status":"open","ping_status":"open","sticky":false,"template":"","format":"standard","meta":{"footnotes":""},"categories":[105],"tags":[106,112],"yoast_head":"<!-- This site is optimized with the Yoast SEO plugin v19.4 - https:\/\/yoast.com\/wordpress\/plugins\/seo\/ -->\n<title>Conversando com o irriquieto Zaqueu - Vida Crist\u00e3 - Franciscanos<\/title>\n<meta name=\"robots\" content=\"index, follow, max-snippet:-1, max-image-preview:large, max-video-preview:-1\" \/>\n<link rel=\"canonical\" href=\"https:\/\/franciscanos.org.br\/vidacrista\/conversando-com-o-irriquieto-zaqueu\/\" \/>\n<meta property=\"og:locale\" content=\"pt_BR\" \/>\n<meta property=\"og:type\" content=\"article\" \/>\n<meta property=\"og:title\" content=\"Conversando com o irriquieto Zaqueu - Vida Crist\u00e3 - Franciscanos\" \/>\n<meta property=\"og:description\" content=\"Sagrado Cora\u00e7\u00e3o\" \/>\n<meta property=\"og:url\" content=\"https:\/\/franciscanos.org.br\/vidacrista\/conversando-com-o-irriquieto-zaqueu\/\" \/>\n<meta property=\"og:site_name\" content=\"Vida Crist\u00e3 - Franciscanos\" \/>\n<meta property=\"article:published_time\" content=\"2017-01-30T17:08:12+00:00\" \/>\n<meta property=\"article:modified_time\" content=\"2020-05-22T16:07:42+00:00\" \/>\n<meta property=\"og:image\" content=\"https:\/\/franciscanos.org.br\/vidacrista\/wp-content\/uploads\/2017\/01\/zaqueu.jpg\" \/>\n\t<meta property=\"og:image:width\" content=\"800\" \/>\n\t<meta property=\"og:image:height\" content=\"601\" \/>\n\t<meta property=\"og:image:type\" content=\"image\/jpeg\" \/>\n<meta name=\"author\" content=\"admin\" \/>\n<meta name=\"twitter:card\" content=\"summary_large_image\" \/>\n<meta name=\"twitter:label1\" content=\"Escrito por\" \/>\n\t<meta name=\"twitter:data1\" content=\"admin\" \/>\n\t<meta name=\"twitter:label2\" content=\"Est. tempo de leitura\" \/>\n\t<meta name=\"twitter:data2\" content=\"2 minutos\" \/>\n<script type=\"application\/ld+json\" class=\"yoast-schema-graph\">{\"@context\":\"https:\/\/schema.org\",\"@graph\":[{\"@type\":\"WebSite\",\"@id\":\"https:\/\/franciscanos.org.br\/vidacrista\/#website\",\"url\":\"https:\/\/franciscanos.org.br\/vidacrista\/\",\"name\":\"Vida Crist\u00e3 - Franciscanos\",\"description\":\"Prov\u00edncia Franciscana da Imaculada Concei\u00e7\u00e3o do Brasil - Ordem dos Frades Menores\",\"potentialAction\":[{\"@type\":\"SearchAction\",\"target\":{\"@type\":\"EntryPoint\",\"urlTemplate\":\"https:\/\/franciscanos.org.br\/vidacrista\/?s={search_term_string}\"},\"query-input\":\"required name=search_term_string\"}],\"inLanguage\":\"pt-BR\"},{\"@type\":\"WebPage\",\"@id\":\"https:\/\/franciscanos.org.br\/vidacrista\/conversando-com-o-irriquieto-zaqueu\/\",\"url\":\"https:\/\/franciscanos.org.br\/vidacrista\/conversando-com-o-irriquieto-zaqueu\/\",\"name\":\"Conversando com o irriquieto Zaqueu - Vida Crist\u00e3 - Franciscanos\",\"isPartOf\":{\"@id\":\"https:\/\/franciscanos.org.br\/vidacrista\/#website\"},\"datePublished\":\"2017-01-30T17:08:12+00:00\",\"dateModified\":\"2020-05-22T16:07:42+00:00\",\"author\":{\"@id\":\"https:\/\/franciscanos.org.br\/vidacrista\/#\/schema\/person\/133632ca93cec555316a35f76ab4153b\"},\"breadcrumb\":{\"@id\":\"https:\/\/franciscanos.org.br\/vidacrista\/conversando-com-o-irriquieto-zaqueu\/#breadcrumb\"},\"inLanguage\":\"pt-BR\",\"potentialAction\":[{\"@type\":\"ReadAction\",\"target\":[\"https:\/\/franciscanos.org.br\/vidacrista\/conversando-com-o-irriquieto-zaqueu\/\"]}]},{\"@type\":\"BreadcrumbList\",\"@id\":\"https:\/\/franciscanos.org.br\/vidacrista\/conversando-com-o-irriquieto-zaqueu\/#breadcrumb\",\"itemListElement\":[{\"@type\":\"ListItem\",\"position\":1,\"name\":\"Home\",\"item\":\"https:\/\/franciscanos.org.br\/vidacrista\/\"},{\"@type\":\"ListItem\",\"position\":2,\"name\":\"Conversando com o irriquieto Zaqueu\"}]},{\"@type\":\"Person\",\"@id\":\"https:\/\/franciscanos.org.br\/vidacrista\/#\/schema\/person\/133632ca93cec555316a35f76ab4153b\",\"name\":\"admin\",\"image\":{\"@type\":\"ImageObject\",\"inLanguage\":\"pt-BR\",\"@id\":\"https:\/\/franciscanos.org.br\/vidacrista\/#\/schema\/person\/image\/\",\"url\":\"https:\/\/secure.gravatar.com\/avatar\/e8495742d34d0ba6448ea1c628263b3e?s=96&d=mm&r=g\",\"contentUrl\":\"https:\/\/secure.gravatar.com\/avatar\/e8495742d34d0ba6448ea1c628263b3e?s=96&d=mm&r=g\",\"caption\":\"admin\"},\"url\":\"https:\/\/franciscanos.org.br\/vidacrista\/author\/admin\/\"}]}<\/script>\n<!-- \/ Yoast SEO plugin. -->","yoast_head_json":{"title":"Conversando com o irriquieto Zaqueu - Vida Crist\u00e3 - Franciscanos","robots":{"index":"index","follow":"follow","max-snippet":"max-snippet:-1","max-image-preview":"max-image-preview:large","max-video-preview":"max-video-preview:-1"},"canonical":"https:\/\/franciscanos.org.br\/vidacrista\/conversando-com-o-irriquieto-zaqueu\/","og_locale":"pt_BR","og_type":"article","og_title":"Conversando com o irriquieto Zaqueu - Vida Crist\u00e3 - Franciscanos","og_description":"Sagrado Cora\u00e7\u00e3o","og_url":"https:\/\/franciscanos.org.br\/vidacrista\/conversando-com-o-irriquieto-zaqueu\/","og_site_name":"Vida Crist\u00e3 - Franciscanos","article_published_time":"2017-01-30T17:08:12+00:00","article_modified_time":"2020-05-22T16:07:42+00:00","og_image":[{"width":800,"height":601,"url":"https:\/\/franciscanos.org.br\/vidacrista\/wp-content\/uploads\/2017\/01\/zaqueu.jpg","type":"image\/jpeg"}],"author":"admin","twitter_card":"summary_large_image","twitter_misc":{"Escrito por":"admin","Est. tempo de leitura":"2 minutos"},"schema":{"@context":"https:\/\/schema.org","@graph":[{"@type":"WebSite","@id":"https:\/\/franciscanos.org.br\/vidacrista\/#website","url":"https:\/\/franciscanos.org.br\/vidacrista\/","name":"Vida Crist\u00e3 - Franciscanos","description":"Prov\u00edncia Franciscana da Imaculada Concei\u00e7\u00e3o do Brasil - Ordem dos Frades Menores","potentialAction":[{"@type":"SearchAction","target":{"@type":"EntryPoint","urlTemplate":"https:\/\/franciscanos.org.br\/vidacrista\/?s={search_term_string}"},"query-input":"required name=search_term_string"}],"inLanguage":"pt-BR"},{"@type":"WebPage","@id":"https:\/\/franciscanos.org.br\/vidacrista\/conversando-com-o-irriquieto-zaqueu\/","url":"https:\/\/franciscanos.org.br\/vidacrista\/conversando-com-o-irriquieto-zaqueu\/","name":"Conversando com o irriquieto Zaqueu - Vida Crist\u00e3 - Franciscanos","isPartOf":{"@id":"https:\/\/franciscanos.org.br\/vidacrista\/#website"},"datePublished":"2017-01-30T17:08:12+00:00","dateModified":"2020-05-22T16:07:42+00:00","author":{"@id":"https:\/\/franciscanos.org.br\/vidacrista\/#\/schema\/person\/133632ca93cec555316a35f76ab4153b"},"breadcrumb":{"@id":"https:\/\/franciscanos.org.br\/vidacrista\/conversando-com-o-irriquieto-zaqueu\/#breadcrumb"},"inLanguage":"pt-BR","potentialAction":[{"@type":"ReadAction","target":["https:\/\/franciscanos.org.br\/vidacrista\/conversando-com-o-irriquieto-zaqueu\/"]}]},{"@type":"BreadcrumbList","@id":"https:\/\/franciscanos.org.br\/vidacrista\/conversando-com-o-irriquieto-zaqueu\/#breadcrumb","itemListElement":[{"@type":"ListItem","position":1,"name":"Home","item":"https:\/\/franciscanos.org.br\/vidacrista\/"},{"@type":"ListItem","position":2,"name":"Conversando com o irriquieto Zaqueu"}]},{"@type":"Person","@id":"https:\/\/franciscanos.org.br\/vidacrista\/#\/schema\/person\/133632ca93cec555316a35f76ab4153b","name":"admin","image":{"@type":"ImageObject","inLanguage":"pt-BR","@id":"https:\/\/franciscanos.org.br\/vidacrista\/#\/schema\/person\/image\/","url":"https:\/\/secure.gravatar.com\/avatar\/e8495742d34d0ba6448ea1c628263b3e?s=96&d=mm&r=g","contentUrl":"https:\/\/secure.gravatar.com\/avatar\/e8495742d34d0ba6448ea1c628263b3e?s=96&d=mm&r=g","caption":"admin"},"url":"https:\/\/franciscanos.org.br\/vidacrista\/author\/admin\/"}]}},"_links":{"self":[{"href":"https:\/\/franciscanos.org.br\/vidacrista\/wp-json\/wp\/v2\/posts\/125276"}],"collection":[{"href":"https:\/\/franciscanos.org.br\/vidacrista\/wp-json\/wp\/v2\/posts"}],"about":[{"href":"https:\/\/franciscanos.org.br\/vidacrista\/wp-json\/wp\/v2\/types\/post"}],"author":[{"embeddable":true,"href":"https:\/\/franciscanos.org.br\/vidacrista\/wp-json\/wp\/v2\/users\/1"}],"replies":[{"embeddable":true,"href":"https:\/\/franciscanos.org.br\/vidacrista\/wp-json\/wp\/v2\/comments?post=125276"}],"version-history":[{"count":2,"href":"https:\/\/franciscanos.org.br\/vidacrista\/wp-json\/wp\/v2\/posts\/125276\/revisions"}],"predecessor-version":[{"id":178095,"href":"https:\/\/franciscanos.org.br\/vidacrista\/wp-json\/wp\/v2\/posts\/125276\/revisions\/178095"}],"wp:featuredmedia":[{"embeddable":true,"href":"https:\/\/franciscanos.org.br\/vidacrista\/wp-json\/wp\/v2\/media\/184658"}],"wp:attachment":[{"href":"https:\/\/franciscanos.org.br\/vidacrista\/wp-json\/wp\/v2\/media?parent=125276"}],"wp:term":[{"taxonomy":"category","embeddable":true,"href":"https:\/\/franciscanos.org.br\/vidacrista\/wp-json\/wp\/v2\/categories?post=125276"},{"taxonomy":"post_tag","embeddable":true,"href":"https:\/\/franciscanos.org.br\/vidacrista\/wp-json\/wp\/v2\/tags?post=125276"}],"curies":[{"name":"wp","href":"https:\/\/api.w.org\/{rel}","templated":true}]}}