{"id":125273,"date":"2017-01-06T00:53:08","date_gmt":"2017-01-06T02:53:08","guid":{"rendered":"http:\/\/franciscanos.org.br\/?p=125273"},"modified":"2020-05-22T10:14:38","modified_gmt":"2020-05-22T13:14:38","slug":"consagracao-ao-coracao-do-redentor","status":"publish","type":"post","link":"https:\/\/franciscanos.org.br\/vidacrista\/consagracao-ao-coracao-do-redentor\/","title":{"rendered":"Consagra\u00e7\u00e3o ao Cora\u00e7\u00e3o do Redentor"},"content":{"rendered":"<p><img decoding=\"async\" loading=\"lazy\" class=\"alignnone wp-image-178286 size-full\" src=\"https:\/\/franciscanos.org.br\/vidacrista\/wp-content\/uploads\/2017\/01\/sagrado_060117.jpg\" alt=\"\" width=\"820\" height=\"300\" srcset=\"https:\/\/franciscanos.org.br\/vidacrista\/wp-content\/uploads\/2017\/01\/sagrado_060117.jpg 820w, https:\/\/franciscanos.org.br\/vidacrista\/wp-content\/uploads\/2017\/01\/sagrado_060117-450x165.jpg 450w, https:\/\/franciscanos.org.br\/vidacrista\/wp-content\/uploads\/2017\/01\/sagrado_060117-768x281.jpg 768w, https:\/\/franciscanos.org.br\/vidacrista\/wp-content\/uploads\/2017\/01\/sagrado_060117-150x55.jpg 150w\" sizes=\"(max-width: 820px) 100vw, 820px\" \/><\/p>\n<p>Senhor Jesus, vivo e ressuscitado,<br \/>\nCora\u00e7\u00e3o am\u00e1vel e\u00a0 ardente do Redentor,<br \/>\nteus s\u00e3o todos os tempos, os s\u00e9culos,<br \/>\nos mil\u00eanios passados e aqueles que ainda est\u00e3o para vir!<\/p>\n<p>Tu \u00e9s o sentido do tempo que flui, que desliza como \u00e1gua por entre nossos dedos.<br \/>\nMais uma vez temos a gra\u00e7a de viver um tempo novo, um ano novo.<br \/>\nDiante dos olhos o bloco da <em>Folhinha<\/em>\u00a0 para o ano da gra\u00e7a de 2017.<\/p>\n<p>Nesta hora consagramos a\u00a0 ti todos os dias desse tempo que vamos viver.<br \/>\nQuando contemplamos \u00a0teu peito aberto pela lan\u00e7a do soldado,<br \/>\nquando vemos esta cavidade,\u00a0 este ninho\u00a0 temos \u00e2nimo e \u00a0vontade de come\u00e7ar tudo de novo.<\/p>\n<p>H\u00e1 muitos casados que precisam viver no casamento e na fam\u00edlia um amor que v\u00e1 at\u00e9 o fim, que cuida, que vela, que ampara como o teu amor.<br \/>\nAs fam\u00edlias n\u00e3o vivem em pens\u00f5es, mas s\u00e3o espa\u00e7os de vida no teu amor.<\/p>\n<p>H\u00e1 jovens que n\u00e3o podem deixar de conhecer a beleza e a ventura de uma vida de amor.<br \/>\nConsagramos fam\u00edlias e jovens ao teu cora\u00e7\u00e3o.<br \/>\nH\u00e1 sacerdotes, esses queridos sacerdotes, que precisam sempre de novo aprender a fazer bater seu cora\u00e7\u00e3o ao ritmo de teu cora\u00e7\u00e3o.<\/p>\n<p>Eles n\u00e3o s\u00e3o\u00a0 \u201cfuncion\u00e1rios\u201d do sagrado, mas\u00a0 c\u00f3pias vivas de tua vida.<br \/>\nQue eles\u00a0 se agasalhem no ninho de teu cora\u00e7\u00e3o e possam dar a vida pelos seus.<br \/>\nH\u00e1 esses doentes e abandonados, \u00a0velhos e cansados que perderam a gra\u00e7a de viver e o \u00e2nimo de caminhar que precisam da for\u00e7a de teu amor.<\/p>\n<p>H\u00e1 essas crian\u00e7as que fazem a primeira comunh\u00e3o e que precisam fazer outras,\u00a0 muitas outras comunh\u00f5es \u00a0sempre tocadas pelo teu amor.<br \/>\nTodos consagramos esses dias de 2017 ao teu cora\u00e7\u00e3o.<br \/>\nPodes contar conosco, queremos tornar teu amor amado.<\/p>\n","protected":false},"excerpt":{"rendered":"<p>1\u00aa sexta-feira do m\u00eas<\/p>\n","protected":false},"author":1,"featured_media":184576,"comment_status":"open","ping_status":"open","sticky":false,"template":"","format":"standard","meta":{"footnotes":""},"categories":[105],"tags":[106,112],"yoast_head":"<!-- This site is optimized with the Yoast SEO plugin v19.4 - https:\/\/yoast.com\/wordpress\/plugins\/seo\/ -->\n<title>Consagra\u00e7\u00e3o ao Cora\u00e7\u00e3o do Redentor - Vida Crist\u00e3 - Franciscanos<\/title>\n<meta name=\"robots\" content=\"index, follow, max-snippet:-1, max-image-preview:large, max-video-preview:-1\" \/>\n<link rel=\"canonical\" href=\"https:\/\/franciscanos.org.br\/vidacrista\/consagracao-ao-coracao-do-redentor\/\" \/>\n<meta property=\"og:locale\" content=\"pt_BR\" \/>\n<meta property=\"og:type\" content=\"article\" \/>\n<meta property=\"og:title\" content=\"Consagra\u00e7\u00e3o ao Cora\u00e7\u00e3o do Redentor - Vida Crist\u00e3 - Franciscanos\" \/>\n<meta property=\"og:description\" content=\"1\u00aa sexta-feira do m\u00eas\" \/>\n<meta property=\"og:url\" content=\"https:\/\/franciscanos.org.br\/vidacrista\/consagracao-ao-coracao-do-redentor\/\" \/>\n<meta property=\"og:site_name\" content=\"Vida Crist\u00e3 - Franciscanos\" \/>\n<meta property=\"article:published_time\" content=\"2017-01-06T02:53:08+00:00\" \/>\n<meta property=\"article:modified_time\" content=\"2020-05-22T13:14:38+00:00\" \/>\n<meta property=\"og:image\" content=\"https:\/\/franciscanos.org.br\/vidacrista\/wp-content\/uploads\/2017\/01\/sagrado_060117-1.jpg\" \/>\n\t<meta property=\"og:image:width\" content=\"800\" \/>\n\t<meta property=\"og:image:height\" content=\"600\" \/>\n\t<meta property=\"og:image:type\" content=\"image\/jpeg\" \/>\n<meta name=\"author\" content=\"admin\" \/>\n<meta name=\"twitter:card\" content=\"summary_large_image\" \/>\n<meta name=\"twitter:label1\" content=\"Escrito por\" \/>\n\t<meta name=\"twitter:data1\" content=\"admin\" \/>\n\t<meta name=\"twitter:label2\" content=\"Est. tempo de leitura\" \/>\n\t<meta name=\"twitter:data2\" content=\"2 minutos\" \/>\n<script type=\"application\/ld+json\" class=\"yoast-schema-graph\">{\"@context\":\"https:\/\/schema.org\",\"@graph\":[{\"@type\":\"WebSite\",\"@id\":\"https:\/\/franciscanos.org.br\/vidacrista\/#website\",\"url\":\"https:\/\/franciscanos.org.br\/vidacrista\/\",\"name\":\"Vida Crist\u00e3 - Franciscanos\",\"description\":\"Prov\u00edncia Franciscana da Imaculada Concei\u00e7\u00e3o do Brasil - Ordem dos Frades Menores\",\"potentialAction\":[{\"@type\":\"SearchAction\",\"target\":{\"@type\":\"EntryPoint\",\"urlTemplate\":\"https:\/\/franciscanos.org.br\/vidacrista\/?s={search_term_string}\"},\"query-input\":\"required name=search_term_string\"}],\"inLanguage\":\"pt-BR\"},{\"@type\":\"WebPage\",\"@id\":\"https:\/\/franciscanos.org.br\/vidacrista\/consagracao-ao-coracao-do-redentor\/\",\"url\":\"https:\/\/franciscanos.org.br\/vidacrista\/consagracao-ao-coracao-do-redentor\/\",\"name\":\"Consagra\u00e7\u00e3o ao Cora\u00e7\u00e3o do Redentor - Vida Crist\u00e3 - Franciscanos\",\"isPartOf\":{\"@id\":\"https:\/\/franciscanos.org.br\/vidacrista\/#website\"},\"datePublished\":\"2017-01-06T02:53:08+00:00\",\"dateModified\":\"2020-05-22T13:14:38+00:00\",\"author\":{\"@id\":\"https:\/\/franciscanos.org.br\/vidacrista\/#\/schema\/person\/133632ca93cec555316a35f76ab4153b\"},\"breadcrumb\":{\"@id\":\"https:\/\/franciscanos.org.br\/vidacrista\/consagracao-ao-coracao-do-redentor\/#breadcrumb\"},\"inLanguage\":\"pt-BR\",\"potentialAction\":[{\"@type\":\"ReadAction\",\"target\":[\"https:\/\/franciscanos.org.br\/vidacrista\/consagracao-ao-coracao-do-redentor\/\"]}]},{\"@type\":\"BreadcrumbList\",\"@id\":\"https:\/\/franciscanos.org.br\/vidacrista\/consagracao-ao-coracao-do-redentor\/#breadcrumb\",\"itemListElement\":[{\"@type\":\"ListItem\",\"position\":1,\"name\":\"Home\",\"item\":\"https:\/\/franciscanos.org.br\/vidacrista\/\"},{\"@type\":\"ListItem\",\"position\":2,\"name\":\"Consagra\u00e7\u00e3o ao Cora\u00e7\u00e3o do Redentor\"}]},{\"@type\":\"Person\",\"@id\":\"https:\/\/franciscanos.org.br\/vidacrista\/#\/schema\/person\/133632ca93cec555316a35f76ab4153b\",\"name\":\"admin\",\"image\":{\"@type\":\"ImageObject\",\"inLanguage\":\"pt-BR\",\"@id\":\"https:\/\/franciscanos.org.br\/vidacrista\/#\/schema\/person\/image\/\",\"url\":\"https:\/\/secure.gravatar.com\/avatar\/e8495742d34d0ba6448ea1c628263b3e?s=96&d=mm&r=g\",\"contentUrl\":\"https:\/\/secure.gravatar.com\/avatar\/e8495742d34d0ba6448ea1c628263b3e?s=96&d=mm&r=g\",\"caption\":\"admin\"},\"url\":\"https:\/\/franciscanos.org.br\/vidacrista\/author\/admin\/\"}]}<\/script>\n<!-- \/ Yoast SEO plugin. -->","yoast_head_json":{"title":"Consagra\u00e7\u00e3o ao Cora\u00e7\u00e3o do Redentor - Vida Crist\u00e3 - Franciscanos","robots":{"index":"index","follow":"follow","max-snippet":"max-snippet:-1","max-image-preview":"max-image-preview:large","max-video-preview":"max-video-preview:-1"},"canonical":"https:\/\/franciscanos.org.br\/vidacrista\/consagracao-ao-coracao-do-redentor\/","og_locale":"pt_BR","og_type":"article","og_title":"Consagra\u00e7\u00e3o ao Cora\u00e7\u00e3o do Redentor - Vida Crist\u00e3 - Franciscanos","og_description":"1\u00aa sexta-feira do m\u00eas","og_url":"https:\/\/franciscanos.org.br\/vidacrista\/consagracao-ao-coracao-do-redentor\/","og_site_name":"Vida Crist\u00e3 - Franciscanos","article_published_time":"2017-01-06T02:53:08+00:00","article_modified_time":"2020-05-22T13:14:38+00:00","og_image":[{"width":800,"height":600,"url":"https:\/\/franciscanos.org.br\/vidacrista\/wp-content\/uploads\/2017\/01\/sagrado_060117-1.jpg","type":"image\/jpeg"}],"author":"admin","twitter_card":"summary_large_image","twitter_misc":{"Escrito por":"admin","Est. tempo de leitura":"2 minutos"},"schema":{"@context":"https:\/\/schema.org","@graph":[{"@type":"WebSite","@id":"https:\/\/franciscanos.org.br\/vidacrista\/#website","url":"https:\/\/franciscanos.org.br\/vidacrista\/","name":"Vida Crist\u00e3 - Franciscanos","description":"Prov\u00edncia Franciscana da Imaculada Concei\u00e7\u00e3o do Brasil - Ordem dos Frades Menores","potentialAction":[{"@type":"SearchAction","target":{"@type":"EntryPoint","urlTemplate":"https:\/\/franciscanos.org.br\/vidacrista\/?s={search_term_string}"},"query-input":"required name=search_term_string"}],"inLanguage":"pt-BR"},{"@type":"WebPage","@id":"https:\/\/franciscanos.org.br\/vidacrista\/consagracao-ao-coracao-do-redentor\/","url":"https:\/\/franciscanos.org.br\/vidacrista\/consagracao-ao-coracao-do-redentor\/","name":"Consagra\u00e7\u00e3o ao Cora\u00e7\u00e3o do Redentor - Vida Crist\u00e3 - Franciscanos","isPartOf":{"@id":"https:\/\/franciscanos.org.br\/vidacrista\/#website"},"datePublished":"2017-01-06T02:53:08+00:00","dateModified":"2020-05-22T13:14:38+00:00","author":{"@id":"https:\/\/franciscanos.org.br\/vidacrista\/#\/schema\/person\/133632ca93cec555316a35f76ab4153b"},"breadcrumb":{"@id":"https:\/\/franciscanos.org.br\/vidacrista\/consagracao-ao-coracao-do-redentor\/#breadcrumb"},"inLanguage":"pt-BR","potentialAction":[{"@type":"ReadAction","target":["https:\/\/franciscanos.org.br\/vidacrista\/consagracao-ao-coracao-do-redentor\/"]}]},{"@type":"BreadcrumbList","@id":"https:\/\/franciscanos.org.br\/vidacrista\/consagracao-ao-coracao-do-redentor\/#breadcrumb","itemListElement":[{"@type":"ListItem","position":1,"name":"Home","item":"https:\/\/franciscanos.org.br\/vidacrista\/"},{"@type":"ListItem","position":2,"name":"Consagra\u00e7\u00e3o ao Cora\u00e7\u00e3o do Redentor"}]},{"@type":"Person","@id":"https:\/\/franciscanos.org.br\/vidacrista\/#\/schema\/person\/133632ca93cec555316a35f76ab4153b","name":"admin","image":{"@type":"ImageObject","inLanguage":"pt-BR","@id":"https:\/\/franciscanos.org.br\/vidacrista\/#\/schema\/person\/image\/","url":"https:\/\/secure.gravatar.com\/avatar\/e8495742d34d0ba6448ea1c628263b3e?s=96&d=mm&r=g","contentUrl":"https:\/\/secure.gravatar.com\/avatar\/e8495742d34d0ba6448ea1c628263b3e?s=96&d=mm&r=g","caption":"admin"},"url":"https:\/\/franciscanos.org.br\/vidacrista\/author\/admin\/"}]}},"_links":{"self":[{"href":"https:\/\/franciscanos.org.br\/vidacrista\/wp-json\/wp\/v2\/posts\/125273"}],"collection":[{"href":"https:\/\/franciscanos.org.br\/vidacrista\/wp-json\/wp\/v2\/posts"}],"about":[{"href":"https:\/\/franciscanos.org.br\/vidacrista\/wp-json\/wp\/v2\/types\/post"}],"author":[{"embeddable":true,"href":"https:\/\/franciscanos.org.br\/vidacrista\/wp-json\/wp\/v2\/users\/1"}],"replies":[{"embeddable":true,"href":"https:\/\/franciscanos.org.br\/vidacrista\/wp-json\/wp\/v2\/comments?post=125273"}],"version-history":[{"count":2,"href":"https:\/\/franciscanos.org.br\/vidacrista\/wp-json\/wp\/v2\/posts\/125273\/revisions"}],"predecessor-version":[{"id":178288,"href":"https:\/\/franciscanos.org.br\/vidacrista\/wp-json\/wp\/v2\/posts\/125273\/revisions\/178288"}],"wp:featuredmedia":[{"embeddable":true,"href":"https:\/\/franciscanos.org.br\/vidacrista\/wp-json\/wp\/v2\/media\/184576"}],"wp:attachment":[{"href":"https:\/\/franciscanos.org.br\/vidacrista\/wp-json\/wp\/v2\/media?parent=125273"}],"wp:term":[{"taxonomy":"category","embeddable":true,"href":"https:\/\/franciscanos.org.br\/vidacrista\/wp-json\/wp\/v2\/categories?post=125273"},{"taxonomy":"post_tag","embeddable":true,"href":"https:\/\/franciscanos.org.br\/vidacrista\/wp-json\/wp\/v2\/tags?post=125273"}],"curies":[{"name":"wp","href":"https:\/\/api.w.org\/{rel}","templated":true}]}}