{"id":121314,"date":"2016-11-30T07:35:05","date_gmt":"2016-11-30T09:35:05","guid":{"rendered":"http:\/\/franciscanos.org.br\/?p=121314"},"modified":"2019-03-01T13:52:04","modified_gmt":"2019-03-01T16:52:04","slug":"sagrado-coracao-uma-fonte-aberta-no-peito-de-jesus","status":"publish","type":"post","link":"https:\/\/franciscanos.org.br\/vidacrista\/sagrado-coracao-uma-fonte-aberta-no-peito-de-jesus\/","title":{"rendered":"Uma fonte aberta no peito de Jesus"},"content":{"rendered":"<p>Sempre de novo os devotos do\u00a0 Cora\u00e7\u00e3o do Redentor contemplam o lado aberto no peito do Mestre pela lan\u00e7a do soldado, depois que ele havia morrido.\u00a0 Tema profundo e inesgot\u00e1vel.\u00a0 Uma fresta,\u00a0 uma cavidade, uma fonte.\u00a0 O elemento que caracteriza a contempla\u00e7\u00e3o do lado aberto \u00e9 a interioridade do mist\u00e9rio da transfix\u00e3o pela lan\u00e7a.\u00a0 Uma cavidade no rochedo, um abrigo, mas sobretudo uma\u00a0 fonte. Do mais \u00edntimo do Senhor \u00a0brota o Esp\u00edrito que se derrama no cora\u00e7\u00e3o do fiel no qual Deus estabelece sua morada. Para os Padres da Igreja n\u00e3o se trata tanto de fixar o olhar no Cora\u00e7\u00e3o de\u00a0 Cristo, mas\u00a0 atingir a fonte de \u00e1gua que brota do peito traspassado. Agua que \u00e9 dom do Esp\u00edrito.<\/p>\n<p><img decoding=\"async\" loading=\"lazy\" class=\"alignleft wp-image-121315 \" src=\"http:\/\/franciscanos.org.br\/wp-content\/uploads\/2016\/11\/coracao_301116.jpg\" alt=\"coracao_301116\" width=\"314\" height=\"489\" \/>Belas e profundas estas palavras de Santo Ambr\u00f3sio:<\/p>\n<p><em>\u201cMatai vossa sede em Cristo, porque ele \u00e9 rochedo de onde brota a \u00e1gua.<\/em><\/p>\n<p><em>\u00a0Matai a sede em Cristo, porque ele \u00e9 fonte de vida.<\/em><\/p>\n<p><em>\u00a0Matai a sede em Cristo, porque ele o rio que alegra a cidade de Deus.<\/em><\/p>\n<p><em>\u00a0 Matai a sede em Cristo, porque ele \u00e9 a paz.<\/em><\/p>\n<p><em>\u00a0 Matai a sede em Cristo, porque rios de \u00e1gua viva\u00a0 jorram de seu seio\u201d.<\/em><\/p>\n<p><em>\u00a0<\/em>A Igreja tamb\u00e9m nasce do lado aberto. Assim, o tema da Igreja se liga ao peito aberto. Necess\u00e1rio lembrar a doutrina paulina que v\u00ea em Ad\u00e3o figura tipo de Cristo. Os mist\u00e9rio de Ad\u00e3o ser realizam em Cristo.\u00a0 Eva, a m\u00e3e dos viventes, teve sua origem no lado de Ad\u00e3o adormecido, a Igreja nasce do Lado traspassado do Novo Ad\u00e3o.<\/p>\n<p>A \u00e1gua do Esp\u00edrito derramado em n\u00f3s tem sua origem no peito do Senhor.\u00a0 A Igreja, esposa do Senhor, a\u00a0 nova Eva, nasce do lado morto do amado Jesus.<\/p>\n<p>S\u00e3o coisas do Cora\u00e7\u00e3o de Jesus.<\/p>\n","protected":false},"excerpt":{"rendered":"<p>1\u00aa Sexta-feira do M\u00eas<\/p>\n","protected":false},"author":1,"featured_media":178206,"comment_status":"open","ping_status":"open","sticky":false,"template":"","format":"standard","meta":{"footnotes":""},"categories":[105],"tags":[106,112],"yoast_head":"<!-- This site is optimized with the Yoast SEO plugin v19.4 - https:\/\/yoast.com\/wordpress\/plugins\/seo\/ -->\n<title>Uma fonte aberta no peito de Jesus - Vida Crist\u00e3 - Franciscanos<\/title>\n<meta name=\"robots\" content=\"index, follow, max-snippet:-1, max-image-preview:large, max-video-preview:-1\" \/>\n<link rel=\"canonical\" href=\"https:\/\/franciscanos.org.br\/vidacrista\/sagrado-coracao-uma-fonte-aberta-no-peito-de-jesus\/\" \/>\n<meta property=\"og:locale\" content=\"pt_BR\" \/>\n<meta property=\"og:type\" content=\"article\" \/>\n<meta property=\"og:title\" content=\"Uma fonte aberta no peito de Jesus - Vida Crist\u00e3 - Franciscanos\" \/>\n<meta property=\"og:description\" content=\"1\u00aa Sexta-feira do M\u00eas\" \/>\n<meta property=\"og:url\" content=\"https:\/\/franciscanos.org.br\/vidacrista\/sagrado-coracao-uma-fonte-aberta-no-peito-de-jesus\/\" \/>\n<meta property=\"og:site_name\" content=\"Vida Crist\u00e3 - Franciscanos\" \/>\n<meta property=\"article:published_time\" content=\"2016-11-30T09:35:05+00:00\" \/>\n<meta property=\"article:modified_time\" content=\"2019-03-01T16:52:04+00:00\" \/>\n<meta property=\"og:image\" content=\"https:\/\/franciscanos.org.br\/vidacrista\/wp-content\/uploads\/2016\/11\/sagrado_301116.jpg\" \/>\n\t<meta property=\"og:image:width\" content=\"273\" \/>\n\t<meta property=\"og:image:height\" content=\"181\" \/>\n\t<meta property=\"og:image:type\" content=\"image\/jpeg\" \/>\n<meta name=\"author\" content=\"admin\" \/>\n<meta name=\"twitter:card\" content=\"summary_large_image\" \/>\n<meta name=\"twitter:label1\" content=\"Escrito por\" \/>\n\t<meta name=\"twitter:data1\" content=\"admin\" \/>\n\t<meta name=\"twitter:label2\" content=\"Est. tempo de leitura\" \/>\n\t<meta name=\"twitter:data2\" content=\"2 minutos\" \/>\n<script type=\"application\/ld+json\" class=\"yoast-schema-graph\">{\"@context\":\"https:\/\/schema.org\",\"@graph\":[{\"@type\":\"WebSite\",\"@id\":\"https:\/\/franciscanos.org.br\/vidacrista\/#website\",\"url\":\"https:\/\/franciscanos.org.br\/vidacrista\/\",\"name\":\"Vida Crist\u00e3 - Franciscanos\",\"description\":\"Prov\u00edncia Franciscana da Imaculada Concei\u00e7\u00e3o do Brasil - Ordem dos Frades Menores\",\"potentialAction\":[{\"@type\":\"SearchAction\",\"target\":{\"@type\":\"EntryPoint\",\"urlTemplate\":\"https:\/\/franciscanos.org.br\/vidacrista\/?s={search_term_string}\"},\"query-input\":\"required name=search_term_string\"}],\"inLanguage\":\"pt-BR\"},{\"@type\":\"WebPage\",\"@id\":\"https:\/\/franciscanos.org.br\/vidacrista\/sagrado-coracao-uma-fonte-aberta-no-peito-de-jesus\/\",\"url\":\"https:\/\/franciscanos.org.br\/vidacrista\/sagrado-coracao-uma-fonte-aberta-no-peito-de-jesus\/\",\"name\":\"Uma fonte aberta no peito de Jesus - Vida Crist\u00e3 - Franciscanos\",\"isPartOf\":{\"@id\":\"https:\/\/franciscanos.org.br\/vidacrista\/#website\"},\"datePublished\":\"2016-11-30T09:35:05+00:00\",\"dateModified\":\"2019-03-01T16:52:04+00:00\",\"author\":{\"@id\":\"https:\/\/franciscanos.org.br\/vidacrista\/#\/schema\/person\/133632ca93cec555316a35f76ab4153b\"},\"breadcrumb\":{\"@id\":\"https:\/\/franciscanos.org.br\/vidacrista\/sagrado-coracao-uma-fonte-aberta-no-peito-de-jesus\/#breadcrumb\"},\"inLanguage\":\"pt-BR\",\"potentialAction\":[{\"@type\":\"ReadAction\",\"target\":[\"https:\/\/franciscanos.org.br\/vidacrista\/sagrado-coracao-uma-fonte-aberta-no-peito-de-jesus\/\"]}]},{\"@type\":\"BreadcrumbList\",\"@id\":\"https:\/\/franciscanos.org.br\/vidacrista\/sagrado-coracao-uma-fonte-aberta-no-peito-de-jesus\/#breadcrumb\",\"itemListElement\":[{\"@type\":\"ListItem\",\"position\":1,\"name\":\"Home\",\"item\":\"https:\/\/franciscanos.org.br\/vidacrista\/\"},{\"@type\":\"ListItem\",\"position\":2,\"name\":\"Uma fonte aberta no peito de Jesus\"}]},{\"@type\":\"Person\",\"@id\":\"https:\/\/franciscanos.org.br\/vidacrista\/#\/schema\/person\/133632ca93cec555316a35f76ab4153b\",\"name\":\"admin\",\"image\":{\"@type\":\"ImageObject\",\"inLanguage\":\"pt-BR\",\"@id\":\"https:\/\/franciscanos.org.br\/vidacrista\/#\/schema\/person\/image\/\",\"url\":\"https:\/\/secure.gravatar.com\/avatar\/e8495742d34d0ba6448ea1c628263b3e?s=96&d=mm&r=g\",\"contentUrl\":\"https:\/\/secure.gravatar.com\/avatar\/e8495742d34d0ba6448ea1c628263b3e?s=96&d=mm&r=g\",\"caption\":\"admin\"},\"url\":\"https:\/\/franciscanos.org.br\/vidacrista\/author\/admin\/\"}]}<\/script>\n<!-- \/ Yoast SEO plugin. -->","yoast_head_json":{"title":"Uma fonte aberta no peito de Jesus - Vida Crist\u00e3 - Franciscanos","robots":{"index":"index","follow":"follow","max-snippet":"max-snippet:-1","max-image-preview":"max-image-preview:large","max-video-preview":"max-video-preview:-1"},"canonical":"https:\/\/franciscanos.org.br\/vidacrista\/sagrado-coracao-uma-fonte-aberta-no-peito-de-jesus\/","og_locale":"pt_BR","og_type":"article","og_title":"Uma fonte aberta no peito de Jesus - Vida Crist\u00e3 - Franciscanos","og_description":"1\u00aa Sexta-feira do M\u00eas","og_url":"https:\/\/franciscanos.org.br\/vidacrista\/sagrado-coracao-uma-fonte-aberta-no-peito-de-jesus\/","og_site_name":"Vida Crist\u00e3 - Franciscanos","article_published_time":"2016-11-30T09:35:05+00:00","article_modified_time":"2019-03-01T16:52:04+00:00","og_image":[{"width":273,"height":181,"url":"https:\/\/franciscanos.org.br\/vidacrista\/wp-content\/uploads\/2016\/11\/sagrado_301116.jpg","type":"image\/jpeg"}],"author":"admin","twitter_card":"summary_large_image","twitter_misc":{"Escrito por":"admin","Est. tempo de leitura":"2 minutos"},"schema":{"@context":"https:\/\/schema.org","@graph":[{"@type":"WebSite","@id":"https:\/\/franciscanos.org.br\/vidacrista\/#website","url":"https:\/\/franciscanos.org.br\/vidacrista\/","name":"Vida Crist\u00e3 - Franciscanos","description":"Prov\u00edncia Franciscana da Imaculada Concei\u00e7\u00e3o do Brasil - Ordem dos Frades Menores","potentialAction":[{"@type":"SearchAction","target":{"@type":"EntryPoint","urlTemplate":"https:\/\/franciscanos.org.br\/vidacrista\/?s={search_term_string}"},"query-input":"required name=search_term_string"}],"inLanguage":"pt-BR"},{"@type":"WebPage","@id":"https:\/\/franciscanos.org.br\/vidacrista\/sagrado-coracao-uma-fonte-aberta-no-peito-de-jesus\/","url":"https:\/\/franciscanos.org.br\/vidacrista\/sagrado-coracao-uma-fonte-aberta-no-peito-de-jesus\/","name":"Uma fonte aberta no peito de Jesus - Vida Crist\u00e3 - Franciscanos","isPartOf":{"@id":"https:\/\/franciscanos.org.br\/vidacrista\/#website"},"datePublished":"2016-11-30T09:35:05+00:00","dateModified":"2019-03-01T16:52:04+00:00","author":{"@id":"https:\/\/franciscanos.org.br\/vidacrista\/#\/schema\/person\/133632ca93cec555316a35f76ab4153b"},"breadcrumb":{"@id":"https:\/\/franciscanos.org.br\/vidacrista\/sagrado-coracao-uma-fonte-aberta-no-peito-de-jesus\/#breadcrumb"},"inLanguage":"pt-BR","potentialAction":[{"@type":"ReadAction","target":["https:\/\/franciscanos.org.br\/vidacrista\/sagrado-coracao-uma-fonte-aberta-no-peito-de-jesus\/"]}]},{"@type":"BreadcrumbList","@id":"https:\/\/franciscanos.org.br\/vidacrista\/sagrado-coracao-uma-fonte-aberta-no-peito-de-jesus\/#breadcrumb","itemListElement":[{"@type":"ListItem","position":1,"name":"Home","item":"https:\/\/franciscanos.org.br\/vidacrista\/"},{"@type":"ListItem","position":2,"name":"Uma fonte aberta no peito de Jesus"}]},{"@type":"Person","@id":"https:\/\/franciscanos.org.br\/vidacrista\/#\/schema\/person\/133632ca93cec555316a35f76ab4153b","name":"admin","image":{"@type":"ImageObject","inLanguage":"pt-BR","@id":"https:\/\/franciscanos.org.br\/vidacrista\/#\/schema\/person\/image\/","url":"https:\/\/secure.gravatar.com\/avatar\/e8495742d34d0ba6448ea1c628263b3e?s=96&d=mm&r=g","contentUrl":"https:\/\/secure.gravatar.com\/avatar\/e8495742d34d0ba6448ea1c628263b3e?s=96&d=mm&r=g","caption":"admin"},"url":"https:\/\/franciscanos.org.br\/vidacrista\/author\/admin\/"}]}},"_links":{"self":[{"href":"https:\/\/franciscanos.org.br\/vidacrista\/wp-json\/wp\/v2\/posts\/121314"}],"collection":[{"href":"https:\/\/franciscanos.org.br\/vidacrista\/wp-json\/wp\/v2\/posts"}],"about":[{"href":"https:\/\/franciscanos.org.br\/vidacrista\/wp-json\/wp\/v2\/types\/post"}],"author":[{"embeddable":true,"href":"https:\/\/franciscanos.org.br\/vidacrista\/wp-json\/wp\/v2\/users\/1"}],"replies":[{"embeddable":true,"href":"https:\/\/franciscanos.org.br\/vidacrista\/wp-json\/wp\/v2\/comments?post=121314"}],"version-history":[{"count":1,"href":"https:\/\/franciscanos.org.br\/vidacrista\/wp-json\/wp\/v2\/posts\/121314\/revisions"}],"predecessor-version":[{"id":178137,"href":"https:\/\/franciscanos.org.br\/vidacrista\/wp-json\/wp\/v2\/posts\/121314\/revisions\/178137"}],"wp:featuredmedia":[{"embeddable":true,"href":"https:\/\/franciscanos.org.br\/vidacrista\/wp-json\/wp\/v2\/media\/178206"}],"wp:attachment":[{"href":"https:\/\/franciscanos.org.br\/vidacrista\/wp-json\/wp\/v2\/media?parent=121314"}],"wp:term":[{"taxonomy":"category","embeddable":true,"href":"https:\/\/franciscanos.org.br\/vidacrista\/wp-json\/wp\/v2\/categories?post=121314"},{"taxonomy":"post_tag","embeddable":true,"href":"https:\/\/franciscanos.org.br\/vidacrista\/wp-json\/wp\/v2\/tags?post=121314"}],"curies":[{"name":"wp","href":"https:\/\/api.w.org\/{rel}","templated":true}]}}