{"id":119794,"date":"2016-11-01T18:33:02","date_gmt":"2016-11-01T20:33:02","guid":{"rendered":"http:\/\/franciscanos.org.br\/?p=119794"},"modified":"2020-05-26T08:54:23","modified_gmt":"2020-05-26T11:54:23","slug":"que-venham-aqueles-que-tem-sede","status":"publish","type":"post","link":"https:\/\/franciscanos.org.br\/vidacrista\/que-venham-aqueles-que-tem-sede\/","title":{"rendered":"Que venham aqueles que t\u00eam sede"},"content":{"rendered":"<p><img decoding=\"async\" loading=\"lazy\" src=\"http:\/\/franciscanos.org.br\/wp-content\/uploads\/2016\/11\/jesus_011116.jpg\" alt=\"jesus_011116\" width=\"820\" height=\"549\" \/><\/p>\n<p><strong>Frei Almir Guimar\u00e3es<\/strong><\/p>\n<p>Os disc\u00edpulos de Jesus, \u00e0s primeiras sextas-feiras de cada m\u00eas, t\u00eam o cuidado de contemplar a cena final da vida do Mestre. Tudo termina na colina do G\u00f3lgota. Algumas pessoas, os soldados encarregados de\u00a0 executar o condenado, dois salteadores, um \u00e0 direita e o outro, \u00e0 esquerda. Duas palavras finais segundo a tradi\u00e7\u00e3o: \u201cMeu\u00a0 Deus, meu Deus, por que me abandonaste?\u201d e \u201cPai, em tuas m\u00e3os eu entrego o meu esp\u00edrito\u201d. Jo\u00e3o, o evangelista, lembra que os corpos deveriam ser tirados do pat\u00edbulo. Para terem certeza de que estavam mortos, os soldados quebraram as pernas dos ladr\u00f5es, talvez para acelerar a morte e ter certeza de que ocorrera.\u00a0 \u201cQuando, por\u00e9m, chegaram a Jesus e viram que estava morto, n\u00e3o lhe quebraram as pernas, mas um dos soldados\u00a0 traspassou-lhe o lado com uma lan\u00e7a, e logo saiu sangue e \u00e1gua\u201d (Jo 19, 33-34).<\/p>\n<p>A cena da transfix\u00e3o insiste na simultaneidade da morte de Jesus\u00a0 e do brotar da vida. Na cruz o que se contempla \u00e9, na verdade, um cora\u00e7\u00e3o morto e ferido de morte. No mesmo instante em que \u00e9 aniquilado, no entanto, deixa prorromper a fonte da vida, a \u00c1gua e o Sangue, sinais da\u00a0 Ressurrei\u00e7\u00e3o. Como afirma Or\u00edgenes, o novo Ad\u00e3o adormecido na cruz, \u201cn\u00e3o foi como os outros mortos\u201d; mas, do mais profundo da morte, manifestou sinais de vida na \u00e1gua e no sangue e foi, por assim dizer, um morto novo\u201d. Necess\u00e1rio se faz\u00a0 compreender bem a radical novidade\u00a0 do evento que se realiza acenando para o antigo sono.\u00a0 Tal constitui um desses sinais gloriosos\u00a0 que Jo\u00e3o gosta de inserir em todo o relato da Paix\u00e3o.\u00a0 Aquele cad\u00e1ver suspenso no pat\u00edbulo maldito j\u00e1 era o corpo da ressuscitado\u201d.<\/p>\n<p>Precisamente nesse sinal do lado traspassado, a representa\u00e7\u00e3o\u00a0 do mist\u00e9rio vida-morte\u00a0 atinge\u00a0 a m\u00e1xima intensidade:\u00a0 \u201c&#8230; logo saiu sangue e \u00e1gua\u201d. Logo significa continuidade. Na mais estreita unidade temporal opera-se uma dupla a\u00e7\u00e3o hist\u00f3rica e simb\u00f3lica: de um lado, a transfix\u00e3o\u00a0 que constitui o \u00faltimo rito de imola\u00e7\u00e3o do verdadeiro Cordeiro pascal e havia a proibi\u00e7\u00e3o de quebrar qualquer um de seus ossos (Jo 19,36; Ex 12, 46).\u00a0 De outro lado, a abertura da fonte de \u00e1gua viva que representa a primeira efus\u00e3o do Esp\u00edrito, profetizada pelo pr\u00f3prio Jesus: \u201cNo \u00faltimo dia, o mais importante da festa, Jesus falou de p\u00e9, em voz alta:\u00a0 \u2018Se algu\u00e9m tiver sede \u00a0venha a mim\u00a0 e\u00a0 beba.\u00a0 Quem cr\u00ea em mim, como diz a Escritura, do seu interior correr\u00e3o rios de \u00e1gua viva. Referia-se ao Esp\u00edrito que haveriam de receber aqueles que cressem nele.\u00a0 De fato, ainda n\u00e3o tinha sido dado o Esp\u00edrito, pois Jesus ainda n\u00e3o tinha sido glorificado\u201d (Jo 7, 37-39).<\/p>\n<p>Tal evento, paradigma de toda efus\u00e3o vital do Esp\u00edrito se d\u00e1 no pr\u00f3prio cora\u00e7\u00e3o da hist\u00f3ria do mundo, no momento em que o Filho, na sua humanidade hist\u00f3rica, passa deste mundo ao Pai. Morrendo na fraqueza da carne, Jesus derrama o Esp\u00edrito.<\/p>\n<p><em>\u00a0<\/em><em>Texto de apoio<\/em><\/p>\n<p><em>\u00a0<\/em><em>Charles Andr\u00e9 Bernard<\/em><\/p>\n<p><em>Il Cuore di Cristo e i suoi s\u00edmboli<\/em><\/p>\n<p><em>Edizioni AdP, Edizioni AdP,\u00a0 Roma 2008, p. 41-42<\/em><\/p>\n","protected":false},"excerpt":{"rendered":"<p>Sagrado Cora\u00e7\u00e3o<\/p>\n","protected":false},"author":1,"featured_media":184720,"comment_status":"open","ping_status":"open","sticky":false,"template":"","format":"standard","meta":{"footnotes":""},"categories":[105],"tags":[106,112],"yoast_head":"<!-- This site is optimized with the Yoast SEO plugin v19.4 - https:\/\/yoast.com\/wordpress\/plugins\/seo\/ -->\n<title>Que venham aqueles que t\u00eam sede - Vida Crist\u00e3 - Franciscanos<\/title>\n<meta name=\"robots\" content=\"index, follow, max-snippet:-1, max-image-preview:large, max-video-preview:-1\" \/>\n<link rel=\"canonical\" href=\"https:\/\/franciscanos.org.br\/vidacrista\/que-venham-aqueles-que-tem-sede\/\" \/>\n<meta property=\"og:locale\" content=\"pt_BR\" \/>\n<meta property=\"og:type\" content=\"article\" \/>\n<meta property=\"og:title\" content=\"Que venham aqueles que t\u00eam sede - Vida Crist\u00e3 - Franciscanos\" \/>\n<meta property=\"og:description\" content=\"Sagrado Cora\u00e7\u00e3o\" \/>\n<meta property=\"og:url\" content=\"https:\/\/franciscanos.org.br\/vidacrista\/que-venham-aqueles-que-tem-sede\/\" \/>\n<meta property=\"og:site_name\" content=\"Vida Crist\u00e3 - Franciscanos\" \/>\n<meta property=\"article:published_time\" content=\"2016-11-01T20:33:02+00:00\" \/>\n<meta property=\"article:modified_time\" content=\"2020-05-26T11:54:23+00:00\" \/>\n<meta property=\"og:image\" content=\"https:\/\/franciscanos.org.br\/vidacrista\/wp-content\/uploads\/2016\/11\/jesus_011116-1.jpg\" \/>\n\t<meta property=\"og:image:width\" content=\"800\" \/>\n\t<meta property=\"og:image:height\" content=\"600\" \/>\n\t<meta property=\"og:image:type\" content=\"image\/jpeg\" \/>\n<meta name=\"author\" content=\"admin\" \/>\n<meta name=\"twitter:card\" content=\"summary_large_image\" \/>\n<meta name=\"twitter:label1\" content=\"Escrito por\" \/>\n\t<meta name=\"twitter:data1\" content=\"admin\" \/>\n\t<meta name=\"twitter:label2\" content=\"Est. tempo de leitura\" \/>\n\t<meta name=\"twitter:data2\" content=\"3 minutos\" \/>\n<script type=\"application\/ld+json\" class=\"yoast-schema-graph\">{\"@context\":\"https:\/\/schema.org\",\"@graph\":[{\"@type\":\"WebSite\",\"@id\":\"https:\/\/franciscanos.org.br\/vidacrista\/#website\",\"url\":\"https:\/\/franciscanos.org.br\/vidacrista\/\",\"name\":\"Vida Crist\u00e3 - Franciscanos\",\"description\":\"Prov\u00edncia Franciscana da Imaculada Concei\u00e7\u00e3o do Brasil - Ordem dos Frades Menores\",\"potentialAction\":[{\"@type\":\"SearchAction\",\"target\":{\"@type\":\"EntryPoint\",\"urlTemplate\":\"https:\/\/franciscanos.org.br\/vidacrista\/?s={search_term_string}\"},\"query-input\":\"required name=search_term_string\"}],\"inLanguage\":\"pt-BR\"},{\"@type\":\"WebPage\",\"@id\":\"https:\/\/franciscanos.org.br\/vidacrista\/que-venham-aqueles-que-tem-sede\/\",\"url\":\"https:\/\/franciscanos.org.br\/vidacrista\/que-venham-aqueles-que-tem-sede\/\",\"name\":\"Que venham aqueles que t\u00eam sede - Vida Crist\u00e3 - Franciscanos\",\"isPartOf\":{\"@id\":\"https:\/\/franciscanos.org.br\/vidacrista\/#website\"},\"datePublished\":\"2016-11-01T20:33:02+00:00\",\"dateModified\":\"2020-05-26T11:54:23+00:00\",\"author\":{\"@id\":\"https:\/\/franciscanos.org.br\/vidacrista\/#\/schema\/person\/133632ca93cec555316a35f76ab4153b\"},\"breadcrumb\":{\"@id\":\"https:\/\/franciscanos.org.br\/vidacrista\/que-venham-aqueles-que-tem-sede\/#breadcrumb\"},\"inLanguage\":\"pt-BR\",\"potentialAction\":[{\"@type\":\"ReadAction\",\"target\":[\"https:\/\/franciscanos.org.br\/vidacrista\/que-venham-aqueles-que-tem-sede\/\"]}]},{\"@type\":\"BreadcrumbList\",\"@id\":\"https:\/\/franciscanos.org.br\/vidacrista\/que-venham-aqueles-que-tem-sede\/#breadcrumb\",\"itemListElement\":[{\"@type\":\"ListItem\",\"position\":1,\"name\":\"Home\",\"item\":\"https:\/\/franciscanos.org.br\/vidacrista\/\"},{\"@type\":\"ListItem\",\"position\":2,\"name\":\"Que venham aqueles que t\u00eam sede\"}]},{\"@type\":\"Person\",\"@id\":\"https:\/\/franciscanos.org.br\/vidacrista\/#\/schema\/person\/133632ca93cec555316a35f76ab4153b\",\"name\":\"admin\",\"image\":{\"@type\":\"ImageObject\",\"inLanguage\":\"pt-BR\",\"@id\":\"https:\/\/franciscanos.org.br\/vidacrista\/#\/schema\/person\/image\/\",\"url\":\"https:\/\/secure.gravatar.com\/avatar\/e8495742d34d0ba6448ea1c628263b3e?s=96&d=mm&r=g\",\"contentUrl\":\"https:\/\/secure.gravatar.com\/avatar\/e8495742d34d0ba6448ea1c628263b3e?s=96&d=mm&r=g\",\"caption\":\"admin\"},\"url\":\"https:\/\/franciscanos.org.br\/vidacrista\/author\/admin\/\"}]}<\/script>\n<!-- \/ Yoast SEO plugin. -->","yoast_head_json":{"title":"Que venham aqueles que t\u00eam sede - Vida Crist\u00e3 - Franciscanos","robots":{"index":"index","follow":"follow","max-snippet":"max-snippet:-1","max-image-preview":"max-image-preview:large","max-video-preview":"max-video-preview:-1"},"canonical":"https:\/\/franciscanos.org.br\/vidacrista\/que-venham-aqueles-que-tem-sede\/","og_locale":"pt_BR","og_type":"article","og_title":"Que venham aqueles que t\u00eam sede - Vida Crist\u00e3 - Franciscanos","og_description":"Sagrado Cora\u00e7\u00e3o","og_url":"https:\/\/franciscanos.org.br\/vidacrista\/que-venham-aqueles-que-tem-sede\/","og_site_name":"Vida Crist\u00e3 - Franciscanos","article_published_time":"2016-11-01T20:33:02+00:00","article_modified_time":"2020-05-26T11:54:23+00:00","og_image":[{"width":800,"height":600,"url":"https:\/\/franciscanos.org.br\/vidacrista\/wp-content\/uploads\/2016\/11\/jesus_011116-1.jpg","type":"image\/jpeg"}],"author":"admin","twitter_card":"summary_large_image","twitter_misc":{"Escrito por":"admin","Est. tempo de leitura":"3 minutos"},"schema":{"@context":"https:\/\/schema.org","@graph":[{"@type":"WebSite","@id":"https:\/\/franciscanos.org.br\/vidacrista\/#website","url":"https:\/\/franciscanos.org.br\/vidacrista\/","name":"Vida Crist\u00e3 - Franciscanos","description":"Prov\u00edncia Franciscana da Imaculada Concei\u00e7\u00e3o do Brasil - Ordem dos Frades Menores","potentialAction":[{"@type":"SearchAction","target":{"@type":"EntryPoint","urlTemplate":"https:\/\/franciscanos.org.br\/vidacrista\/?s={search_term_string}"},"query-input":"required name=search_term_string"}],"inLanguage":"pt-BR"},{"@type":"WebPage","@id":"https:\/\/franciscanos.org.br\/vidacrista\/que-venham-aqueles-que-tem-sede\/","url":"https:\/\/franciscanos.org.br\/vidacrista\/que-venham-aqueles-que-tem-sede\/","name":"Que venham aqueles que t\u00eam sede - Vida Crist\u00e3 - Franciscanos","isPartOf":{"@id":"https:\/\/franciscanos.org.br\/vidacrista\/#website"},"datePublished":"2016-11-01T20:33:02+00:00","dateModified":"2020-05-26T11:54:23+00:00","author":{"@id":"https:\/\/franciscanos.org.br\/vidacrista\/#\/schema\/person\/133632ca93cec555316a35f76ab4153b"},"breadcrumb":{"@id":"https:\/\/franciscanos.org.br\/vidacrista\/que-venham-aqueles-que-tem-sede\/#breadcrumb"},"inLanguage":"pt-BR","potentialAction":[{"@type":"ReadAction","target":["https:\/\/franciscanos.org.br\/vidacrista\/que-venham-aqueles-que-tem-sede\/"]}]},{"@type":"BreadcrumbList","@id":"https:\/\/franciscanos.org.br\/vidacrista\/que-venham-aqueles-que-tem-sede\/#breadcrumb","itemListElement":[{"@type":"ListItem","position":1,"name":"Home","item":"https:\/\/franciscanos.org.br\/vidacrista\/"},{"@type":"ListItem","position":2,"name":"Que venham aqueles que t\u00eam sede"}]},{"@type":"Person","@id":"https:\/\/franciscanos.org.br\/vidacrista\/#\/schema\/person\/133632ca93cec555316a35f76ab4153b","name":"admin","image":{"@type":"ImageObject","inLanguage":"pt-BR","@id":"https:\/\/franciscanos.org.br\/vidacrista\/#\/schema\/person\/image\/","url":"https:\/\/secure.gravatar.com\/avatar\/e8495742d34d0ba6448ea1c628263b3e?s=96&d=mm&r=g","contentUrl":"https:\/\/secure.gravatar.com\/avatar\/e8495742d34d0ba6448ea1c628263b3e?s=96&d=mm&r=g","caption":"admin"},"url":"https:\/\/franciscanos.org.br\/vidacrista\/author\/admin\/"}]}},"_links":{"self":[{"href":"https:\/\/franciscanos.org.br\/vidacrista\/wp-json\/wp\/v2\/posts\/119794"}],"collection":[{"href":"https:\/\/franciscanos.org.br\/vidacrista\/wp-json\/wp\/v2\/posts"}],"about":[{"href":"https:\/\/franciscanos.org.br\/vidacrista\/wp-json\/wp\/v2\/types\/post"}],"author":[{"embeddable":true,"href":"https:\/\/franciscanos.org.br\/vidacrista\/wp-json\/wp\/v2\/users\/1"}],"replies":[{"embeddable":true,"href":"https:\/\/franciscanos.org.br\/vidacrista\/wp-json\/wp\/v2\/comments?post=119794"}],"version-history":[{"count":1,"href":"https:\/\/franciscanos.org.br\/vidacrista\/wp-json\/wp\/v2\/posts\/119794\/revisions"}],"predecessor-version":[{"id":178025,"href":"https:\/\/franciscanos.org.br\/vidacrista\/wp-json\/wp\/v2\/posts\/119794\/revisions\/178025"}],"wp:featuredmedia":[{"embeddable":true,"href":"https:\/\/franciscanos.org.br\/vidacrista\/wp-json\/wp\/v2\/media\/184720"}],"wp:attachment":[{"href":"https:\/\/franciscanos.org.br\/vidacrista\/wp-json\/wp\/v2\/media?parent=119794"}],"wp:term":[{"taxonomy":"category","embeddable":true,"href":"https:\/\/franciscanos.org.br\/vidacrista\/wp-json\/wp\/v2\/categories?post=119794"},{"taxonomy":"post_tag","embeddable":true,"href":"https:\/\/franciscanos.org.br\/vidacrista\/wp-json\/wp\/v2\/tags?post=119794"}],"curies":[{"name":"wp","href":"https:\/\/api.w.org\/{rel}","templated":true}]}}