{"id":118265,"date":"2016-10-07T07:42:17","date_gmt":"2016-10-07T10:42:17","guid":{"rendered":"http:\/\/franciscanos.org.br\/?p=118265"},"modified":"2020-05-22T10:05:11","modified_gmt":"2020-05-22T13:05:11","slug":"o-coracao-aberto-no-alto-da-cruz","status":"publish","type":"post","link":"https:\/\/franciscanos.org.br\/vidacrista\/o-coracao-aberto-no-alto-da-cruz\/","title":{"rendered":"O cora\u00e7\u00e3o aberto no alto da Cruz"},"content":{"rendered":"<p><img decoding=\"async\" loading=\"lazy\" src=\"http:\/\/franciscanos.org.br\/wp-content\/uploads\/2016\/10\/cruz_071016.jpg\" alt=\"The Bible\" width=\"820\" height=\"461\" \/><\/p>\n<p>Somos sempre convidados e convocados a contemplar o amor do Senhor que vai at\u00e9 o fim no seu abandono-entrega no alto da cruz. Aos passantes pelo caminho, o Cora\u00e7\u00e3o do Redentor poderia dizer mais ou menos o seguinte:<\/p>\n<p>\u201cPediria, homem, um instante de tua aten\u00e7\u00e3o. Por favor. Aqui estou eu. Venho do Pai, vim beber da \u00e1gua das fontes, comer dos frutos da terra, conviver com pessoas, afirmar por palavras e gestos que o Pai quer todo o bem poss\u00edvel a voc\u00eas que passam, que circulam pelos caminhos da vida. Por favor, prestem aten\u00e7\u00e3o!<\/p>\n<p>N\u00e3o tenho beleza, nem formosura. Compreendo que muitos desviem o rosto do meu semblante, experimentando repugn\u00e2ncia, diante de tanta feiura. Um soldado tocou meu peito, como que exp\u00f4s meu segredo, o segredo de meu cora\u00e7\u00e3o. Ali estou eu, na minha verdade, eu que convivo com o Pai, que venho do Pai e que vim nesta terra dos homens. Vim para amar e ensinar a amar, a fazer com que as pessoas tenham certeza que a vida tem sentido, que o Pai ama a todos, que a vida \u00e9 um canto de amor, de servi\u00e7o, de busca carinhosa dos mais desalentados e abandonados. Por meus gestos e por minhas palavras mostrei que meu Pai semeia a boa semente, que \u00e9 o Pastor que busca as ovelhas no abismos do desespero, da droga, da mentira, da maldade. Contei par\u00e1bolas e enxuguei l\u00e1grimas, abri os olhos dos cegos e fortaleci as pernas e joelhos dos fracos. Que mais poderia ter feito? Dize em que te contristei?<\/p>\n<p>Agora estou aqui. O soldado acaba de tocar meu peito com a lan\u00e7a. Por meio desta janela voc\u00eas podem ver que me esvaziei, que inventei um ninho para abrigar as pessoas perdidas, que desta fissura do peito sai a \u00e1gua que lava e o sangue que alimenta\u201d.<\/p>\n<p>\u201cA devo\u00e7\u00e3o ao Cora\u00e7\u00e3o de Jesus nada nos ensina a partir do exterior, cada um deve, fazendo confian\u00e7a na Igreja e em seu Esp\u00edrito, tentar aproximar-se de seu mist\u00e9rio: nas horas luminosas e nas horas sombrias, dever-se-\u00e1 murmurar esta prece: Cora\u00e7\u00e3o de Jesus, tem piedade de mim!\u201d (Karl Ranher).<\/p>\n<p><strong>Frei Almir Guimar\u00e3es<\/strong><\/p>\n","protected":false},"excerpt":{"rendered":"<p>1\u00aa Sexta-feira do M\u00eas<\/p>\n","protected":false},"author":1,"featured_media":184569,"comment_status":"open","ping_status":"open","sticky":false,"template":"","format":"standard","meta":{"footnotes":""},"categories":[105],"tags":[106,112],"yoast_head":"<!-- This site is optimized with the Yoast SEO plugin v19.4 - https:\/\/yoast.com\/wordpress\/plugins\/seo\/ -->\n<title>O cora\u00e7\u00e3o aberto no alto da Cruz - Vida Crist\u00e3 - Franciscanos<\/title>\n<meta name=\"robots\" content=\"index, follow, max-snippet:-1, max-image-preview:large, max-video-preview:-1\" \/>\n<link rel=\"canonical\" href=\"https:\/\/franciscanos.org.br\/vidacrista\/o-coracao-aberto-no-alto-da-cruz\/\" \/>\n<meta property=\"og:locale\" content=\"pt_BR\" \/>\n<meta property=\"og:type\" content=\"article\" \/>\n<meta property=\"og:title\" content=\"O cora\u00e7\u00e3o aberto no alto da Cruz - Vida Crist\u00e3 - Franciscanos\" \/>\n<meta property=\"og:description\" content=\"1\u00aa Sexta-feira do M\u00eas\" \/>\n<meta property=\"og:url\" content=\"https:\/\/franciscanos.org.br\/vidacrista\/o-coracao-aberto-no-alto-da-cruz\/\" \/>\n<meta property=\"og:site_name\" content=\"Vida Crist\u00e3 - Franciscanos\" \/>\n<meta property=\"article:published_time\" content=\"2016-10-07T10:42:17+00:00\" \/>\n<meta property=\"article:modified_time\" content=\"2020-05-22T13:05:11+00:00\" \/>\n<meta property=\"og:image\" content=\"https:\/\/franciscanos.org.br\/vidacrista\/wp-content\/uploads\/2016\/10\/cruz_071016.jpg\" \/>\n\t<meta property=\"og:image:width\" content=\"800\" \/>\n\t<meta property=\"og:image:height\" content=\"601\" \/>\n\t<meta property=\"og:image:type\" content=\"image\/jpeg\" \/>\n<meta name=\"author\" content=\"admin\" \/>\n<meta name=\"twitter:card\" content=\"summary_large_image\" \/>\n<meta name=\"twitter:label1\" content=\"Escrito por\" \/>\n\t<meta name=\"twitter:data1\" content=\"admin\" \/>\n\t<meta name=\"twitter:label2\" content=\"Est. tempo de leitura\" \/>\n\t<meta name=\"twitter:data2\" content=\"2 minutos\" \/>\n<script type=\"application\/ld+json\" class=\"yoast-schema-graph\">{\"@context\":\"https:\/\/schema.org\",\"@graph\":[{\"@type\":\"WebSite\",\"@id\":\"https:\/\/franciscanos.org.br\/vidacrista\/#website\",\"url\":\"https:\/\/franciscanos.org.br\/vidacrista\/\",\"name\":\"Vida Crist\u00e3 - Franciscanos\",\"description\":\"Prov\u00edncia Franciscana da Imaculada Concei\u00e7\u00e3o do Brasil - Ordem dos Frades Menores\",\"potentialAction\":[{\"@type\":\"SearchAction\",\"target\":{\"@type\":\"EntryPoint\",\"urlTemplate\":\"https:\/\/franciscanos.org.br\/vidacrista\/?s={search_term_string}\"},\"query-input\":\"required name=search_term_string\"}],\"inLanguage\":\"pt-BR\"},{\"@type\":\"WebPage\",\"@id\":\"https:\/\/franciscanos.org.br\/vidacrista\/o-coracao-aberto-no-alto-da-cruz\/\",\"url\":\"https:\/\/franciscanos.org.br\/vidacrista\/o-coracao-aberto-no-alto-da-cruz\/\",\"name\":\"O cora\u00e7\u00e3o aberto no alto da Cruz - Vida Crist\u00e3 - Franciscanos\",\"isPartOf\":{\"@id\":\"https:\/\/franciscanos.org.br\/vidacrista\/#website\"},\"datePublished\":\"2016-10-07T10:42:17+00:00\",\"dateModified\":\"2020-05-22T13:05:11+00:00\",\"author\":{\"@id\":\"https:\/\/franciscanos.org.br\/vidacrista\/#\/schema\/person\/133632ca93cec555316a35f76ab4153b\"},\"breadcrumb\":{\"@id\":\"https:\/\/franciscanos.org.br\/vidacrista\/o-coracao-aberto-no-alto-da-cruz\/#breadcrumb\"},\"inLanguage\":\"pt-BR\",\"potentialAction\":[{\"@type\":\"ReadAction\",\"target\":[\"https:\/\/franciscanos.org.br\/vidacrista\/o-coracao-aberto-no-alto-da-cruz\/\"]}]},{\"@type\":\"BreadcrumbList\",\"@id\":\"https:\/\/franciscanos.org.br\/vidacrista\/o-coracao-aberto-no-alto-da-cruz\/#breadcrumb\",\"itemListElement\":[{\"@type\":\"ListItem\",\"position\":1,\"name\":\"Home\",\"item\":\"https:\/\/franciscanos.org.br\/vidacrista\/\"},{\"@type\":\"ListItem\",\"position\":2,\"name\":\"O cora\u00e7\u00e3o aberto no alto da Cruz\"}]},{\"@type\":\"Person\",\"@id\":\"https:\/\/franciscanos.org.br\/vidacrista\/#\/schema\/person\/133632ca93cec555316a35f76ab4153b\",\"name\":\"admin\",\"image\":{\"@type\":\"ImageObject\",\"inLanguage\":\"pt-BR\",\"@id\":\"https:\/\/franciscanos.org.br\/vidacrista\/#\/schema\/person\/image\/\",\"url\":\"https:\/\/secure.gravatar.com\/avatar\/e8495742d34d0ba6448ea1c628263b3e?s=96&d=mm&r=g\",\"contentUrl\":\"https:\/\/secure.gravatar.com\/avatar\/e8495742d34d0ba6448ea1c628263b3e?s=96&d=mm&r=g\",\"caption\":\"admin\"},\"url\":\"https:\/\/franciscanos.org.br\/vidacrista\/author\/admin\/\"}]}<\/script>\n<!-- \/ Yoast SEO plugin. -->","yoast_head_json":{"title":"O cora\u00e7\u00e3o aberto no alto da Cruz - Vida Crist\u00e3 - Franciscanos","robots":{"index":"index","follow":"follow","max-snippet":"max-snippet:-1","max-image-preview":"max-image-preview:large","max-video-preview":"max-video-preview:-1"},"canonical":"https:\/\/franciscanos.org.br\/vidacrista\/o-coracao-aberto-no-alto-da-cruz\/","og_locale":"pt_BR","og_type":"article","og_title":"O cora\u00e7\u00e3o aberto no alto da Cruz - Vida Crist\u00e3 - Franciscanos","og_description":"1\u00aa Sexta-feira do M\u00eas","og_url":"https:\/\/franciscanos.org.br\/vidacrista\/o-coracao-aberto-no-alto-da-cruz\/","og_site_name":"Vida Crist\u00e3 - Franciscanos","article_published_time":"2016-10-07T10:42:17+00:00","article_modified_time":"2020-05-22T13:05:11+00:00","og_image":[{"width":800,"height":601,"url":"https:\/\/franciscanos.org.br\/vidacrista\/wp-content\/uploads\/2016\/10\/cruz_071016.jpg","type":"image\/jpeg"}],"author":"admin","twitter_card":"summary_large_image","twitter_misc":{"Escrito por":"admin","Est. tempo de leitura":"2 minutos"},"schema":{"@context":"https:\/\/schema.org","@graph":[{"@type":"WebSite","@id":"https:\/\/franciscanos.org.br\/vidacrista\/#website","url":"https:\/\/franciscanos.org.br\/vidacrista\/","name":"Vida Crist\u00e3 - Franciscanos","description":"Prov\u00edncia Franciscana da Imaculada Concei\u00e7\u00e3o do Brasil - Ordem dos Frades Menores","potentialAction":[{"@type":"SearchAction","target":{"@type":"EntryPoint","urlTemplate":"https:\/\/franciscanos.org.br\/vidacrista\/?s={search_term_string}"},"query-input":"required name=search_term_string"}],"inLanguage":"pt-BR"},{"@type":"WebPage","@id":"https:\/\/franciscanos.org.br\/vidacrista\/o-coracao-aberto-no-alto-da-cruz\/","url":"https:\/\/franciscanos.org.br\/vidacrista\/o-coracao-aberto-no-alto-da-cruz\/","name":"O cora\u00e7\u00e3o aberto no alto da Cruz - Vida Crist\u00e3 - Franciscanos","isPartOf":{"@id":"https:\/\/franciscanos.org.br\/vidacrista\/#website"},"datePublished":"2016-10-07T10:42:17+00:00","dateModified":"2020-05-22T13:05:11+00:00","author":{"@id":"https:\/\/franciscanos.org.br\/vidacrista\/#\/schema\/person\/133632ca93cec555316a35f76ab4153b"},"breadcrumb":{"@id":"https:\/\/franciscanos.org.br\/vidacrista\/o-coracao-aberto-no-alto-da-cruz\/#breadcrumb"},"inLanguage":"pt-BR","potentialAction":[{"@type":"ReadAction","target":["https:\/\/franciscanos.org.br\/vidacrista\/o-coracao-aberto-no-alto-da-cruz\/"]}]},{"@type":"BreadcrumbList","@id":"https:\/\/franciscanos.org.br\/vidacrista\/o-coracao-aberto-no-alto-da-cruz\/#breadcrumb","itemListElement":[{"@type":"ListItem","position":1,"name":"Home","item":"https:\/\/franciscanos.org.br\/vidacrista\/"},{"@type":"ListItem","position":2,"name":"O cora\u00e7\u00e3o aberto no alto da Cruz"}]},{"@type":"Person","@id":"https:\/\/franciscanos.org.br\/vidacrista\/#\/schema\/person\/133632ca93cec555316a35f76ab4153b","name":"admin","image":{"@type":"ImageObject","inLanguage":"pt-BR","@id":"https:\/\/franciscanos.org.br\/vidacrista\/#\/schema\/person\/image\/","url":"https:\/\/secure.gravatar.com\/avatar\/e8495742d34d0ba6448ea1c628263b3e?s=96&d=mm&r=g","contentUrl":"https:\/\/secure.gravatar.com\/avatar\/e8495742d34d0ba6448ea1c628263b3e?s=96&d=mm&r=g","caption":"admin"},"url":"https:\/\/franciscanos.org.br\/vidacrista\/author\/admin\/"}]}},"_links":{"self":[{"href":"https:\/\/franciscanos.org.br\/vidacrista\/wp-json\/wp\/v2\/posts\/118265"}],"collection":[{"href":"https:\/\/franciscanos.org.br\/vidacrista\/wp-json\/wp\/v2\/posts"}],"about":[{"href":"https:\/\/franciscanos.org.br\/vidacrista\/wp-json\/wp\/v2\/types\/post"}],"author":[{"embeddable":true,"href":"https:\/\/franciscanos.org.br\/vidacrista\/wp-json\/wp\/v2\/users\/1"}],"replies":[{"embeddable":true,"href":"https:\/\/franciscanos.org.br\/vidacrista\/wp-json\/wp\/v2\/comments?post=118265"}],"version-history":[{"count":1,"href":"https:\/\/franciscanos.org.br\/vidacrista\/wp-json\/wp\/v2\/posts\/118265\/revisions"}],"predecessor-version":[{"id":178109,"href":"https:\/\/franciscanos.org.br\/vidacrista\/wp-json\/wp\/v2\/posts\/118265\/revisions\/178109"}],"wp:featuredmedia":[{"embeddable":true,"href":"https:\/\/franciscanos.org.br\/vidacrista\/wp-json\/wp\/v2\/media\/184569"}],"wp:attachment":[{"href":"https:\/\/franciscanos.org.br\/vidacrista\/wp-json\/wp\/v2\/media?parent=118265"}],"wp:term":[{"taxonomy":"category","embeddable":true,"href":"https:\/\/franciscanos.org.br\/vidacrista\/wp-json\/wp\/v2\/categories?post=118265"},{"taxonomy":"post_tag","embeddable":true,"href":"https:\/\/franciscanos.org.br\/vidacrista\/wp-json\/wp\/v2\/tags?post=118265"}],"curies":[{"name":"wp","href":"https:\/\/api.w.org\/{rel}","templated":true}]}}