{"id":11573,"date":"2012-03-01T01:00:46","date_gmt":"2012-03-01T04:00:46","guid":{"rendered":"http:\/\/new.franciscanos.org.br\/?p=11573"},"modified":"2019-03-03T10:27:12","modified_gmt":"2019-03-03T13:27:12","slug":"nao-precisamos-morrer-de-sede","status":"publish","type":"post","link":"https:\/\/franciscanos.org.br\/vidacrista\/nao-precisamos-morrer-de-sede\/","title":{"rendered":"N\u00e3o precisamos morrer de sede!"},"content":{"rendered":"<blockquote>\n<p style=\"text-align: left;\" align=\"right\"><em><img decoding=\"async\" loading=\"lazy\" class=\"size-medium wp-image-178377 alignright\" src=\"https:\/\/franciscanos.org.br\/vidacrista\/wp-content\/uploads\/2012\/03\/sagrado_010312_1-e1551619605840-450x318.jpg\" alt=\"\" width=\"450\" height=\"318\" srcset=\"https:\/\/franciscanos.org.br\/vidacrista\/wp-content\/uploads\/2012\/03\/sagrado_010312_1-e1551619605840-450x318.jpg 450w, https:\/\/franciscanos.org.br\/vidacrista\/wp-content\/uploads\/2012\/03\/sagrado_010312_1-e1551619605840-150x106.jpg 150w, https:\/\/franciscanos.org.br\/vidacrista\/wp-content\/uploads\/2012\/03\/sagrado_010312_1-e1551619605840.jpg 500w\" sizes=\"(max-width: 450px) 100vw, 450px\" \/>V\u00eas a fonte jorrando \u00e1gua pura<br \/>\n<\/em><em>e desejas a sede no\u00a0 mundo<br \/>\n<\/em><em>saciar com a \u00e1gua da vida<br \/>\n<\/em><em>que brotou de seu peito fecundo.<\/em><\/p>\n<p style=\"text-align: left;\" align=\"right\"><strong>Hino do Of\u00edcio\u00a0 das Leituras<\/strong><br \/>\n<em>Festa de S\u00e3o Jo\u00e3o Evangelista<\/em><\/p>\n<\/blockquote>\n<p>&nbsp;<\/p>\n<p><strong>1.<\/strong> A estrofe do hino que abre esta reflex\u00e3o, tirada do\u00a0 hino do of\u00edcio lit\u00fargico das leituras da festa do ap\u00f3stolo Jo\u00e3o evangelista, \u00a0nos\u00a0 fala da fonte que sacia a sede dos pobres andarilhos que somos n\u00f3s.\u00a0 Jo\u00e3o \u00e9 o \u00fanico dos evangelistas a nos falar do epis\u00f3dio do soldado que\u00a0 abre o lado de Jesus depois da morte do Mestre.\u00a0 Incont\u00e1veis\u00a0 foram os escritores sagrados e m\u00edsticos que se detiveram diante do\u00a0 \u201clado aberto\u201d\u00a0 do\u00a0 Senhor.\u00a0 A poesia da composi\u00e7\u00e3o do hino \u00e9 bel\u00edssima.\u00a0 O\u00a0 peito de Jesus \u00e9 fonte da \u00e1gua da vida: \u00e1gua pura, \u00e1gua da vida,\u00a0 fonte borbulhante, que\u00a0 mata a sede no mundo&#8230;O autor do hino se dirige a Jo\u00e3o: \u201cTu viste essa fonte borbulhar e tu desejas que suas \u00e1guas dessedentem\u00a0 a sede do mundo&#8230; h\u00e1\u00a0 peregrinos cansados e com a garganta ardendo&#8230; tu tens \u00e1gua que jorra de\u00a0 teu peito aberto\u201d.<\/p>\n<p><strong>2.<\/strong> Viver \u00e9 sempre um desafio. Uma coisa \u00e9 viver, deixar que as coisas aconte\u00e7am,\u00a0 empurrar a vida. Outra coisa \u00e9 assumir sua hist\u00f3ria nas m\u00e3os e buscar viver em plenitude. H\u00e1 uma vida intensa que se exprime, por exemplo,\u00a0 na realiza\u00e7\u00e3o profissional.\u00a0 Pensamos\u00a0 num f\u00edsico, num desenhista, num m\u00fasico,\u00a0 numa pessoa que simplesmente trabalha\u00a0\u00a0 numa cozinha.\u00a0 As pessoas podem exercer profiss\u00f5es apenas com o fito\u00a0 de ganhar dinheiro, para\u00a0 sobreviver.\u00a0 Ou podem colocar o melhor de seu interior e se empenharem em serem\u00a0 \u201cases\u201d\u00a0 nesses campos.\u00a0 N\u00e3o pensamos somente em\u00a0 profiss\u00f5es solenes.\u00a0 H\u00e1 uma senhora idosa que vive sozinha mas \u00e9 toda preocupa\u00e7\u00e3o de fazer\u00a0 as coisas da melhor maneira poss\u00edvel:\u00a0 uma\u00a0 carninha com batata e cenoura, cuidado\u00a0 pelas plantas,\u00a0 quarto arrumadinho, bordado de uma toalha para a neta que vai casar. \u00a0Essas pessoas t\u00eam, at\u00e9 certo ponto, uma sede. N\u00e3o se satisfazem com o m\u00ednimo.\u00a0 T\u00eam sede do melhor.\u00a0 T\u00eam sede de bondade, de serem \u00fateis, de percorrerem os caminhos da vida\u00a0 valendo a pena caminhar&#8230;<\/p>\n<p><strong>3.<\/strong> Ora, no campo da f\u00e9, no universo do seguimento de Jesus, pode haver \u00a0uma maneira\u00a0 \u201cformal\u201d, fria de cumprimento de deveres ou de viv\u00eancia de uma religi\u00e3o mais ou menos \u201cseca\u201d.\u00a0 H\u00e1 pessoas, de outro lado, que desejam ser de fato do Senhor.\u00a0 H\u00e1 grupos de disc\u00edpulos que n\u00e3o se satisfazem com ritos colocados e \u201cobriga\u00e7\u00f5es\u201d\u00a0 religiosas cumpridas materialmente.\u00a0 Essas pessoas t\u00eam uma sede de Deus, do evangelho, de uma vida plena.\u00a0 N\u00e3o se\u00a0 sentem satisfeitas com uma missa, uma reza ou coisas semelhantes.\u00a0 \u00a0\u00a0N\u00e3o s\u00e3o\u00a0 cumpridoras de deveres por cumprir deveres. Elas se d\u00e3o\u00a0 conta que seu cora\u00e7\u00e3o n\u00e3o foi feito para a mediocridade.\u00a0 Aos poucos \u00a0v\u00e3o simplificando suas vidas.\u00a0 V\u00e3o compreendendo que,\u00a0 tamb\u00e9m e principalmente no campo da f\u00e9, h\u00e1 aspectos importantes e outros\u00a0 nem t\u00e3o importantes.\u00a0 Compreendem que aquilo que as faz crescer \u00e9 um grande amor. Casam-se, encontram uma pessoa que amam e que as ama.\u00a0 N\u00e3o querem\u00a0 que sua uni\u00e3o seja banal.\u00a0 Amam com uma vontade de dar a vida pelos que amam. Um esposo acolhe singelamente todo o interior da esposa.\u00a0 Os pais, sem atitude possessiva, se esvaziam de si em prol do crescimento dos filhos. H\u00e1 pessoas\u00a0 que compreenderam de verdade que a \u00fanica coisa que conta \u00e9 o amor at\u00e9 o fim. No casamento, na vida familiar, na trama das coisas do cotidiano\u00a0 transbordam de verdadeiro amor.\u00a0 O mesmo se deve dizer de um sacerdote\u00a0 que arde de zelo,\u00a0 que n\u00e3o \u00e9 mero \u201cagente\u201d\u00a0 de coisas sacras, mas que ao celebrar\u00a0 a missa vive os mesmos sentimentos de Jesus. No cotidiano de suas tarefas\u00a0 \u00e9 algu\u00e9m ardoroso.<\/p>\n<p><strong>4.<\/strong> Ora,\u00a0 os disc\u00edpulos\u00a0 de Cristo experimentam uma sede desse tipo de amor que vai at\u00e9 o fim. O peito aberto, o cora\u00e7\u00e3o de Jesus, \u00e0 vista \u00e9 um sinal eloquent\u00edssimo do amor sem limites do Deus encarnado por cada pessoa humana.\u00a0\u00a0 Vivendo essa sede de plenitude e, ao mesmo tempo, envoltos na trama\u00a0 do ego\u00edsmo que esteriliza nossa vida, \u00a0\u00a0olhando o peito aberto de Cristo, \u00a0\u00a0somos profundamente tocados pelo amor.\u00a0 Antes de tudo o amor de um Deus crucificado e\u00a0 ao mesmo tempo uma sede de que esse amor nos invada e permita-nos ser gente de amor\u00a0 verdadeiro.\u00a0 O amor de Deus \u00e9 cheio de vida e arranca\u00a0 da\u00a0 morte.<\/p>\n<p><strong>5.<\/strong> Quando Jo\u00e3o nos fala da cena do soldado que abre\u00a0 o peito de Cristo ele nos revela\u00a0 a for\u00e7a do amor que \u00e9 a \u00e1gua verdadeira.\u00a0\u00a0 Felizes as pessoas que t\u00eam sede de plenitude, sede da plenitude do amor de Deus. N\u00e3o precisamos morrer de sede. H\u00e1 fonte aberta. Jesus\u00a0 deseja saciar a sede do mundo com\u00a0 \u00e1gua que brotou de seu peito aberto,\u00a0 como diz o hino lit\u00fargico acima transcrito.\u00a0 A\u00a0 mesma e bela ideia aparece num escrito de S\u00e3o Pedro Can\u00edsio, jesu\u00edta comemorado a 21 \u00a0de dezembro.\u00a0 Assim escreve o santo:\u00a0 \u201cComo se me abrisse o Cora\u00e7\u00e3o do teu corpo sant\u00edssimo, que parecia ver diante de mim, tu me ordenaste beber daquela fonte, convidando-me a saciar\u00a0 a sede nas \u00e1guas vivas da salva\u00e7\u00e3o que brotam das tuas fontes, \u00f3 Salvador meu.\u00a0 Desejava\u00a0 intensamente que\u00a0 dali se derramassem sobre mim torrentes de f\u00e9, de esperan\u00e7a e de caridade.\u00a0 Tinha sede de pobreza, de castidade e de obedi\u00eancia, suplicava ser totalmente lavado, vestido e adornado\u00a0 por ti.\u00a0 Por isso, ap\u00f3s haver ousado tocar\u00a0 em teu dulc\u00edssimo Cora\u00e7\u00e3o e nele saciado a minha sede, tu me prometias uma veste tecida\u00a0 em tr\u00eas partes, que pudessem cobrir a nudez da minha alma e realizar com \u00eaxito\u00a0 a minha miss\u00e3o; eram paz, amor e perseveran\u00e7a.\u00a0 Revestido deste ornamento\u00a0 salutar, tinha confian\u00e7a\u00a0 que nada me faltaria, mas tudo se realizaria para tua gl\u00f3ria (<em>Liturgia das Horas I, p. 1075<\/em>).<\/p>\n<p>N\u00e3o precisamos morrer de sede&#8230; h\u00e1 a fonte do Cora\u00e7\u00e3o do Senhor!<\/p>\n<p><strong>Frei Almir Ribeiro Guimar\u00e3es<\/strong><\/p>\n","protected":false},"excerpt":{"rendered":"<p>Frei Almir Ribeiro Guimar\u00e3es<\/p>\n","protected":false},"author":1,"featured_media":178378,"comment_status":"closed","ping_status":"closed","sticky":false,"template":"","format":"standard","meta":{"footnotes":""},"categories":[105],"tags":[106,112],"yoast_head":"<!-- This site is optimized with the Yoast SEO plugin v19.4 - https:\/\/yoast.com\/wordpress\/plugins\/seo\/ -->\n<title>N\u00e3o precisamos morrer de sede! - Vida Crist\u00e3 - Franciscanos<\/title>\n<meta name=\"robots\" content=\"index, follow, max-snippet:-1, max-image-preview:large, max-video-preview:-1\" \/>\n<link rel=\"canonical\" href=\"https:\/\/franciscanos.org.br\/vidacrista\/nao-precisamos-morrer-de-sede\/\" \/>\n<meta property=\"og:locale\" content=\"pt_BR\" \/>\n<meta property=\"og:type\" content=\"article\" \/>\n<meta property=\"og:title\" content=\"N\u00e3o precisamos morrer de sede! - Vida Crist\u00e3 - Franciscanos\" \/>\n<meta property=\"og:description\" content=\"Frei Almir Ribeiro Guimar\u00e3es\" \/>\n<meta property=\"og:url\" content=\"https:\/\/franciscanos.org.br\/vidacrista\/nao-precisamos-morrer-de-sede\/\" \/>\n<meta property=\"og:site_name\" content=\"Vida Crist\u00e3 - Franciscanos\" \/>\n<meta property=\"article:published_time\" content=\"2012-03-01T04:00:46+00:00\" \/>\n<meta property=\"article:modified_time\" content=\"2019-03-03T13:27:12+00:00\" \/>\n<meta property=\"og:image\" content=\"https:\/\/franciscanos.org.br\/vidacrista\/wp-content\/uploads\/2012\/03\/sagrado_010312.jpg\" \/>\n\t<meta property=\"og:image:width\" content=\"273\" \/>\n\t<meta property=\"og:image:height\" content=\"181\" \/>\n\t<meta property=\"og:image:type\" content=\"image\/jpeg\" \/>\n<meta name=\"author\" content=\"admin\" \/>\n<meta name=\"twitter:card\" content=\"summary_large_image\" \/>\n<meta name=\"twitter:label1\" content=\"Escrito por\" \/>\n\t<meta name=\"twitter:data1\" content=\"admin\" \/>\n\t<meta name=\"twitter:label2\" content=\"Est. tempo de leitura\" \/>\n\t<meta name=\"twitter:data2\" content=\"5 minutos\" \/>\n<script type=\"application\/ld+json\" class=\"yoast-schema-graph\">{\"@context\":\"https:\/\/schema.org\",\"@graph\":[{\"@type\":\"WebSite\",\"@id\":\"https:\/\/franciscanos.org.br\/vidacrista\/#website\",\"url\":\"https:\/\/franciscanos.org.br\/vidacrista\/\",\"name\":\"Vida Crist\u00e3 - Franciscanos\",\"description\":\"Prov\u00edncia Franciscana da Imaculada Concei\u00e7\u00e3o do Brasil - Ordem dos Frades Menores\",\"potentialAction\":[{\"@type\":\"SearchAction\",\"target\":{\"@type\":\"EntryPoint\",\"urlTemplate\":\"https:\/\/franciscanos.org.br\/vidacrista\/?s={search_term_string}\"},\"query-input\":\"required name=search_term_string\"}],\"inLanguage\":\"pt-BR\"},{\"@type\":\"WebPage\",\"@id\":\"https:\/\/franciscanos.org.br\/vidacrista\/nao-precisamos-morrer-de-sede\/\",\"url\":\"https:\/\/franciscanos.org.br\/vidacrista\/nao-precisamos-morrer-de-sede\/\",\"name\":\"N\u00e3o precisamos morrer de sede! - Vida Crist\u00e3 - Franciscanos\",\"isPartOf\":{\"@id\":\"https:\/\/franciscanos.org.br\/vidacrista\/#website\"},\"datePublished\":\"2012-03-01T04:00:46+00:00\",\"dateModified\":\"2019-03-03T13:27:12+00:00\",\"author\":{\"@id\":\"https:\/\/franciscanos.org.br\/vidacrista\/#\/schema\/person\/133632ca93cec555316a35f76ab4153b\"},\"breadcrumb\":{\"@id\":\"https:\/\/franciscanos.org.br\/vidacrista\/nao-precisamos-morrer-de-sede\/#breadcrumb\"},\"inLanguage\":\"pt-BR\",\"potentialAction\":[{\"@type\":\"ReadAction\",\"target\":[\"https:\/\/franciscanos.org.br\/vidacrista\/nao-precisamos-morrer-de-sede\/\"]}]},{\"@type\":\"BreadcrumbList\",\"@id\":\"https:\/\/franciscanos.org.br\/vidacrista\/nao-precisamos-morrer-de-sede\/#breadcrumb\",\"itemListElement\":[{\"@type\":\"ListItem\",\"position\":1,\"name\":\"Home\",\"item\":\"https:\/\/franciscanos.org.br\/vidacrista\/\"},{\"@type\":\"ListItem\",\"position\":2,\"name\":\"N\u00e3o precisamos morrer de sede!\"}]},{\"@type\":\"Person\",\"@id\":\"https:\/\/franciscanos.org.br\/vidacrista\/#\/schema\/person\/133632ca93cec555316a35f76ab4153b\",\"name\":\"admin\",\"image\":{\"@type\":\"ImageObject\",\"inLanguage\":\"pt-BR\",\"@id\":\"https:\/\/franciscanos.org.br\/vidacrista\/#\/schema\/person\/image\/\",\"url\":\"https:\/\/secure.gravatar.com\/avatar\/e8495742d34d0ba6448ea1c628263b3e?s=96&d=mm&r=g\",\"contentUrl\":\"https:\/\/secure.gravatar.com\/avatar\/e8495742d34d0ba6448ea1c628263b3e?s=96&d=mm&r=g\",\"caption\":\"admin\"},\"url\":\"https:\/\/franciscanos.org.br\/vidacrista\/author\/admin\/\"}]}<\/script>\n<!-- \/ Yoast SEO plugin. -->","yoast_head_json":{"title":"N\u00e3o precisamos morrer de sede! - Vida Crist\u00e3 - Franciscanos","robots":{"index":"index","follow":"follow","max-snippet":"max-snippet:-1","max-image-preview":"max-image-preview:large","max-video-preview":"max-video-preview:-1"},"canonical":"https:\/\/franciscanos.org.br\/vidacrista\/nao-precisamos-morrer-de-sede\/","og_locale":"pt_BR","og_type":"article","og_title":"N\u00e3o precisamos morrer de sede! - Vida Crist\u00e3 - Franciscanos","og_description":"Frei Almir Ribeiro Guimar\u00e3es","og_url":"https:\/\/franciscanos.org.br\/vidacrista\/nao-precisamos-morrer-de-sede\/","og_site_name":"Vida Crist\u00e3 - Franciscanos","article_published_time":"2012-03-01T04:00:46+00:00","article_modified_time":"2019-03-03T13:27:12+00:00","og_image":[{"width":273,"height":181,"url":"https:\/\/franciscanos.org.br\/vidacrista\/wp-content\/uploads\/2012\/03\/sagrado_010312.jpg","type":"image\/jpeg"}],"author":"admin","twitter_card":"summary_large_image","twitter_misc":{"Escrito por":"admin","Est. tempo de leitura":"5 minutos"},"schema":{"@context":"https:\/\/schema.org","@graph":[{"@type":"WebSite","@id":"https:\/\/franciscanos.org.br\/vidacrista\/#website","url":"https:\/\/franciscanos.org.br\/vidacrista\/","name":"Vida Crist\u00e3 - Franciscanos","description":"Prov\u00edncia Franciscana da Imaculada Concei\u00e7\u00e3o do Brasil - Ordem dos Frades Menores","potentialAction":[{"@type":"SearchAction","target":{"@type":"EntryPoint","urlTemplate":"https:\/\/franciscanos.org.br\/vidacrista\/?s={search_term_string}"},"query-input":"required name=search_term_string"}],"inLanguage":"pt-BR"},{"@type":"WebPage","@id":"https:\/\/franciscanos.org.br\/vidacrista\/nao-precisamos-morrer-de-sede\/","url":"https:\/\/franciscanos.org.br\/vidacrista\/nao-precisamos-morrer-de-sede\/","name":"N\u00e3o precisamos morrer de sede! - Vida Crist\u00e3 - Franciscanos","isPartOf":{"@id":"https:\/\/franciscanos.org.br\/vidacrista\/#website"},"datePublished":"2012-03-01T04:00:46+00:00","dateModified":"2019-03-03T13:27:12+00:00","author":{"@id":"https:\/\/franciscanos.org.br\/vidacrista\/#\/schema\/person\/133632ca93cec555316a35f76ab4153b"},"breadcrumb":{"@id":"https:\/\/franciscanos.org.br\/vidacrista\/nao-precisamos-morrer-de-sede\/#breadcrumb"},"inLanguage":"pt-BR","potentialAction":[{"@type":"ReadAction","target":["https:\/\/franciscanos.org.br\/vidacrista\/nao-precisamos-morrer-de-sede\/"]}]},{"@type":"BreadcrumbList","@id":"https:\/\/franciscanos.org.br\/vidacrista\/nao-precisamos-morrer-de-sede\/#breadcrumb","itemListElement":[{"@type":"ListItem","position":1,"name":"Home","item":"https:\/\/franciscanos.org.br\/vidacrista\/"},{"@type":"ListItem","position":2,"name":"N\u00e3o precisamos morrer de sede!"}]},{"@type":"Person","@id":"https:\/\/franciscanos.org.br\/vidacrista\/#\/schema\/person\/133632ca93cec555316a35f76ab4153b","name":"admin","image":{"@type":"ImageObject","inLanguage":"pt-BR","@id":"https:\/\/franciscanos.org.br\/vidacrista\/#\/schema\/person\/image\/","url":"https:\/\/secure.gravatar.com\/avatar\/e8495742d34d0ba6448ea1c628263b3e?s=96&d=mm&r=g","contentUrl":"https:\/\/secure.gravatar.com\/avatar\/e8495742d34d0ba6448ea1c628263b3e?s=96&d=mm&r=g","caption":"admin"},"url":"https:\/\/franciscanos.org.br\/vidacrista\/author\/admin\/"}]}},"_links":{"self":[{"href":"https:\/\/franciscanos.org.br\/vidacrista\/wp-json\/wp\/v2\/posts\/11573"}],"collection":[{"href":"https:\/\/franciscanos.org.br\/vidacrista\/wp-json\/wp\/v2\/posts"}],"about":[{"href":"https:\/\/franciscanos.org.br\/vidacrista\/wp-json\/wp\/v2\/types\/post"}],"author":[{"embeddable":true,"href":"https:\/\/franciscanos.org.br\/vidacrista\/wp-json\/wp\/v2\/users\/1"}],"replies":[{"embeddable":true,"href":"https:\/\/franciscanos.org.br\/vidacrista\/wp-json\/wp\/v2\/comments?post=11573"}],"version-history":[{"count":3,"href":"https:\/\/franciscanos.org.br\/vidacrista\/wp-json\/wp\/v2\/posts\/11573\/revisions"}],"predecessor-version":[{"id":178376,"href":"https:\/\/franciscanos.org.br\/vidacrista\/wp-json\/wp\/v2\/posts\/11573\/revisions\/178376"}],"wp:featuredmedia":[{"embeddable":true,"href":"https:\/\/franciscanos.org.br\/vidacrista\/wp-json\/wp\/v2\/media\/178378"}],"wp:attachment":[{"href":"https:\/\/franciscanos.org.br\/vidacrista\/wp-json\/wp\/v2\/media?parent=11573"}],"wp:term":[{"taxonomy":"category","embeddable":true,"href":"https:\/\/franciscanos.org.br\/vidacrista\/wp-json\/wp\/v2\/categories?post=11573"},{"taxonomy":"post_tag","embeddable":true,"href":"https:\/\/franciscanos.org.br\/vidacrista\/wp-json\/wp\/v2\/tags?post=11573"}],"curies":[{"name":"wp","href":"https:\/\/api.w.org\/{rel}","templated":true}]}}