{"id":115672,"date":"2016-08-31T08:07:14","date_gmt":"2016-08-31T11:07:14","guid":{"rendered":"http:\/\/franciscanos.org.br\/?p=115672"},"modified":"2019-03-01T13:17:33","modified_gmt":"2019-03-01T16:17:33","slug":"misericordia-encher-o-coracao-da-miseria-dos-outros","status":"publish","type":"post","link":"https:\/\/franciscanos.org.br\/vidacrista\/misericordia-encher-o-coracao-da-miseria-dos-outros\/","title":{"rendered":"Miseric\u00f3rdia: encher o cora\u00e7\u00e3o da mis\u00e9ria dos outros"},"content":{"rendered":"<p><img decoding=\"async\" loading=\"lazy\" class=\"alignright size-full wp-image-115673\" src=\"http:\/\/franciscanos.org.br\/wp-content\/uploads\/2016\/08\/corjesus_310816.jpg\" alt=\"corjesus_310816\" width=\"400\" height=\"507\" \/>A Igreja vive um grande tempo de reflex\u00e3o sobre o tema miseric\u00f3rdia. O Papa Francisco convida-nos a sair, buscar, procurar, curar feridas. A Igreja \u00e9 um hospital onde os soldados feridos nas batalhas s\u00e3o curados. Miseric\u00f3rdia \u00e9 palavra m\u00e1gica. Contemplar o Cora\u00e7\u00e3o de Jesus \u00e9 estar diante de divina miseric\u00f3rdia, da miseric\u00f3rdia feita carne, morte e ressurrei\u00e7\u00e3o. Ele \u00e9 o Bom Samaritano<\/p>\n<p>Sirva-nos de texto de medita\u00e7\u00e3o esta p\u00e1gina de Santo Agostinho, filho de Santa M\u00f4nica. Inspiramo-nos no texto publicado pelo Conselho Pontif\u00edcio para a Promo\u00e7\u00e3o da Nova Evangeliza\u00e7\u00e3o (Paulinas\/Paulus, p. 57-58).<\/p>\n<p>\u201cDesejo transmitir-vos, queridos fi\u00e9is, alguns pensamentos sobre o valor da miseric\u00f3rdia. Por muito que tenha experimentado que estejais dispon\u00edveis para toda boa obra, \u00e9 todavia necess\u00e1rio que sobre este assunto vos fa\u00e7a um serm\u00e3o bastante empenhado. Vamos a isso: o que \u00e9 miseric\u00f3rdia? N\u00e3o \u00e9 outra coisa sen\u00e3o encher o cora\u00e7\u00e3o, de um pouco da mis\u00e9ria dos outros. A palavra \u201cmiseric\u00f3rdia\u201d deriva da dor que se sente pelo \u201cmiser\u00e1vel\u201d. H\u00e1 duas palavras contidas nesse conceito: mis\u00e9ria e cora\u00e7\u00e3o. Quando o teu cora\u00e7\u00e3o \u00e9 atingido pela mis\u00e9ria dos outros, ent\u00e3o isso \u00e9 miseric\u00f3rdia. Prestai aten\u00e7\u00e3o, portanto, meus irm\u00e3os: todas as boas obras que fazemos na vida est\u00e3o relacionadas com a miseric\u00f3rdia. Por exemplo: se tu deres p\u00e3o a quem tem fome, da-lho com a participa\u00e7\u00e3o do cora\u00e7\u00e3o, n\u00e3o com chala\u00e7a, para evitar tratar um homem semelhante a v\u00f3s como se fosse um c\u00e3o. Portanto, quando fizeres um ato de miseric\u00f3rdia, comparta-te assim: se deres um p\u00e3o, procura sentir-te participante da pena de quem tem fome; se deres de beber, participa da pena de quem tem sede; se deres roupa a algu\u00e9m, partilha a pena de quem n\u00e3o tem o que vestir; se deres hospitalidade, partilha a pena de quem \u00e9 peregrino; se visitares um enfermo, procura sentir pena por quem est\u00e1 doente; se fores um funeral, sente o luto; e se levares a paz aos litigantes, pensa no af\u00e3 de quem tem uma contenda. Se amarmos a Deus e ao pr\u00f3ximo, n\u00e3o podemos fazer nada sem sentir pena no cora\u00e7\u00e3o\u201d.<\/p>\n<p>Jesus nos amor misericordiosamente, sentindo pena no cora\u00e7\u00e3o!<\/p>\n<p><strong>Frei Almir Guimar\u00e3es<\/strong><\/p>\n","protected":false},"excerpt":{"rendered":"<p>1\u00aa Sexta-feira do M\u00eas<\/p>\n","protected":false},"author":1,"featured_media":178120,"comment_status":"open","ping_status":"open","sticky":false,"template":"","format":"standard","meta":{"footnotes":""},"categories":[105],"tags":[106,112],"yoast_head":"<!-- This site is optimized with the Yoast SEO plugin v19.4 - https:\/\/yoast.com\/wordpress\/plugins\/seo\/ -->\n<title>Miseric\u00f3rdia: encher o cora\u00e7\u00e3o da mis\u00e9ria dos outros - Vida Crist\u00e3 - Franciscanos<\/title>\n<meta name=\"robots\" content=\"index, follow, max-snippet:-1, max-image-preview:large, max-video-preview:-1\" \/>\n<link rel=\"canonical\" href=\"https:\/\/franciscanos.org.br\/vidacrista\/misericordia-encher-o-coracao-da-miseria-dos-outros\/\" \/>\n<meta property=\"og:locale\" content=\"pt_BR\" \/>\n<meta property=\"og:type\" content=\"article\" \/>\n<meta property=\"og:title\" content=\"Miseric\u00f3rdia: encher o cora\u00e7\u00e3o da mis\u00e9ria dos outros - Vida Crist\u00e3 - Franciscanos\" \/>\n<meta property=\"og:description\" content=\"1\u00aa Sexta-feira do M\u00eas\" \/>\n<meta property=\"og:url\" content=\"https:\/\/franciscanos.org.br\/vidacrista\/misericordia-encher-o-coracao-da-miseria-dos-outros\/\" \/>\n<meta property=\"og:site_name\" content=\"Vida Crist\u00e3 - Franciscanos\" \/>\n<meta property=\"article:published_time\" content=\"2016-08-31T11:07:14+00:00\" \/>\n<meta property=\"article:modified_time\" content=\"2019-03-01T16:17:33+00:00\" \/>\n<meta property=\"og:image\" content=\"https:\/\/franciscanos.org.br\/vidacrista\/wp-content\/uploads\/2016\/08\/sagrado_310816.jpg\" \/>\n\t<meta property=\"og:image:width\" content=\"273\" \/>\n\t<meta property=\"og:image:height\" content=\"181\" \/>\n\t<meta property=\"og:image:type\" content=\"image\/jpeg\" \/>\n<meta name=\"author\" content=\"admin\" \/>\n<meta name=\"twitter:card\" content=\"summary_large_image\" \/>\n<meta name=\"twitter:label1\" content=\"Escrito por\" \/>\n\t<meta name=\"twitter:data1\" content=\"admin\" \/>\n\t<meta name=\"twitter:label2\" content=\"Est. tempo de leitura\" \/>\n\t<meta name=\"twitter:data2\" content=\"2 minutos\" \/>\n<script type=\"application\/ld+json\" class=\"yoast-schema-graph\">{\"@context\":\"https:\/\/schema.org\",\"@graph\":[{\"@type\":\"WebSite\",\"@id\":\"https:\/\/franciscanos.org.br\/vidacrista\/#website\",\"url\":\"https:\/\/franciscanos.org.br\/vidacrista\/\",\"name\":\"Vida Crist\u00e3 - Franciscanos\",\"description\":\"Prov\u00edncia Franciscana da Imaculada Concei\u00e7\u00e3o do Brasil - Ordem dos Frades Menores\",\"potentialAction\":[{\"@type\":\"SearchAction\",\"target\":{\"@type\":\"EntryPoint\",\"urlTemplate\":\"https:\/\/franciscanos.org.br\/vidacrista\/?s={search_term_string}\"},\"query-input\":\"required name=search_term_string\"}],\"inLanguage\":\"pt-BR\"},{\"@type\":\"WebPage\",\"@id\":\"https:\/\/franciscanos.org.br\/vidacrista\/misericordia-encher-o-coracao-da-miseria-dos-outros\/\",\"url\":\"https:\/\/franciscanos.org.br\/vidacrista\/misericordia-encher-o-coracao-da-miseria-dos-outros\/\",\"name\":\"Miseric\u00f3rdia: encher o cora\u00e7\u00e3o da mis\u00e9ria dos outros - Vida Crist\u00e3 - Franciscanos\",\"isPartOf\":{\"@id\":\"https:\/\/franciscanos.org.br\/vidacrista\/#website\"},\"datePublished\":\"2016-08-31T11:07:14+00:00\",\"dateModified\":\"2019-03-01T16:17:33+00:00\",\"author\":{\"@id\":\"https:\/\/franciscanos.org.br\/vidacrista\/#\/schema\/person\/133632ca93cec555316a35f76ab4153b\"},\"breadcrumb\":{\"@id\":\"https:\/\/franciscanos.org.br\/vidacrista\/misericordia-encher-o-coracao-da-miseria-dos-outros\/#breadcrumb\"},\"inLanguage\":\"pt-BR\",\"potentialAction\":[{\"@type\":\"ReadAction\",\"target\":[\"https:\/\/franciscanos.org.br\/vidacrista\/misericordia-encher-o-coracao-da-miseria-dos-outros\/\"]}]},{\"@type\":\"BreadcrumbList\",\"@id\":\"https:\/\/franciscanos.org.br\/vidacrista\/misericordia-encher-o-coracao-da-miseria-dos-outros\/#breadcrumb\",\"itemListElement\":[{\"@type\":\"ListItem\",\"position\":1,\"name\":\"Home\",\"item\":\"https:\/\/franciscanos.org.br\/vidacrista\/\"},{\"@type\":\"ListItem\",\"position\":2,\"name\":\"Miseric\u00f3rdia: encher o cora\u00e7\u00e3o da mis\u00e9ria dos outros\"}]},{\"@type\":\"Person\",\"@id\":\"https:\/\/franciscanos.org.br\/vidacrista\/#\/schema\/person\/133632ca93cec555316a35f76ab4153b\",\"name\":\"admin\",\"image\":{\"@type\":\"ImageObject\",\"inLanguage\":\"pt-BR\",\"@id\":\"https:\/\/franciscanos.org.br\/vidacrista\/#\/schema\/person\/image\/\",\"url\":\"https:\/\/secure.gravatar.com\/avatar\/e8495742d34d0ba6448ea1c628263b3e?s=96&d=mm&r=g\",\"contentUrl\":\"https:\/\/secure.gravatar.com\/avatar\/e8495742d34d0ba6448ea1c628263b3e?s=96&d=mm&r=g\",\"caption\":\"admin\"},\"url\":\"https:\/\/franciscanos.org.br\/vidacrista\/author\/admin\/\"}]}<\/script>\n<!-- \/ Yoast SEO plugin. -->","yoast_head_json":{"title":"Miseric\u00f3rdia: encher o cora\u00e7\u00e3o da mis\u00e9ria dos outros - Vida Crist\u00e3 - Franciscanos","robots":{"index":"index","follow":"follow","max-snippet":"max-snippet:-1","max-image-preview":"max-image-preview:large","max-video-preview":"max-video-preview:-1"},"canonical":"https:\/\/franciscanos.org.br\/vidacrista\/misericordia-encher-o-coracao-da-miseria-dos-outros\/","og_locale":"pt_BR","og_type":"article","og_title":"Miseric\u00f3rdia: encher o cora\u00e7\u00e3o da mis\u00e9ria dos outros - Vida Crist\u00e3 - Franciscanos","og_description":"1\u00aa Sexta-feira do M\u00eas","og_url":"https:\/\/franciscanos.org.br\/vidacrista\/misericordia-encher-o-coracao-da-miseria-dos-outros\/","og_site_name":"Vida Crist\u00e3 - Franciscanos","article_published_time":"2016-08-31T11:07:14+00:00","article_modified_time":"2019-03-01T16:17:33+00:00","og_image":[{"width":273,"height":181,"url":"https:\/\/franciscanos.org.br\/vidacrista\/wp-content\/uploads\/2016\/08\/sagrado_310816.jpg","type":"image\/jpeg"}],"author":"admin","twitter_card":"summary_large_image","twitter_misc":{"Escrito por":"admin","Est. tempo de leitura":"2 minutos"},"schema":{"@context":"https:\/\/schema.org","@graph":[{"@type":"WebSite","@id":"https:\/\/franciscanos.org.br\/vidacrista\/#website","url":"https:\/\/franciscanos.org.br\/vidacrista\/","name":"Vida Crist\u00e3 - Franciscanos","description":"Prov\u00edncia Franciscana da Imaculada Concei\u00e7\u00e3o do Brasil - Ordem dos Frades Menores","potentialAction":[{"@type":"SearchAction","target":{"@type":"EntryPoint","urlTemplate":"https:\/\/franciscanos.org.br\/vidacrista\/?s={search_term_string}"},"query-input":"required name=search_term_string"}],"inLanguage":"pt-BR"},{"@type":"WebPage","@id":"https:\/\/franciscanos.org.br\/vidacrista\/misericordia-encher-o-coracao-da-miseria-dos-outros\/","url":"https:\/\/franciscanos.org.br\/vidacrista\/misericordia-encher-o-coracao-da-miseria-dos-outros\/","name":"Miseric\u00f3rdia: encher o cora\u00e7\u00e3o da mis\u00e9ria dos outros - Vida Crist\u00e3 - Franciscanos","isPartOf":{"@id":"https:\/\/franciscanos.org.br\/vidacrista\/#website"},"datePublished":"2016-08-31T11:07:14+00:00","dateModified":"2019-03-01T16:17:33+00:00","author":{"@id":"https:\/\/franciscanos.org.br\/vidacrista\/#\/schema\/person\/133632ca93cec555316a35f76ab4153b"},"breadcrumb":{"@id":"https:\/\/franciscanos.org.br\/vidacrista\/misericordia-encher-o-coracao-da-miseria-dos-outros\/#breadcrumb"},"inLanguage":"pt-BR","potentialAction":[{"@type":"ReadAction","target":["https:\/\/franciscanos.org.br\/vidacrista\/misericordia-encher-o-coracao-da-miseria-dos-outros\/"]}]},{"@type":"BreadcrumbList","@id":"https:\/\/franciscanos.org.br\/vidacrista\/misericordia-encher-o-coracao-da-miseria-dos-outros\/#breadcrumb","itemListElement":[{"@type":"ListItem","position":1,"name":"Home","item":"https:\/\/franciscanos.org.br\/vidacrista\/"},{"@type":"ListItem","position":2,"name":"Miseric\u00f3rdia: encher o cora\u00e7\u00e3o da mis\u00e9ria dos outros"}]},{"@type":"Person","@id":"https:\/\/franciscanos.org.br\/vidacrista\/#\/schema\/person\/133632ca93cec555316a35f76ab4153b","name":"admin","image":{"@type":"ImageObject","inLanguage":"pt-BR","@id":"https:\/\/franciscanos.org.br\/vidacrista\/#\/schema\/person\/image\/","url":"https:\/\/secure.gravatar.com\/avatar\/e8495742d34d0ba6448ea1c628263b3e?s=96&d=mm&r=g","contentUrl":"https:\/\/secure.gravatar.com\/avatar\/e8495742d34d0ba6448ea1c628263b3e?s=96&d=mm&r=g","caption":"admin"},"url":"https:\/\/franciscanos.org.br\/vidacrista\/author\/admin\/"}]}},"_links":{"self":[{"href":"https:\/\/franciscanos.org.br\/vidacrista\/wp-json\/wp\/v2\/posts\/115672"}],"collection":[{"href":"https:\/\/franciscanos.org.br\/vidacrista\/wp-json\/wp\/v2\/posts"}],"about":[{"href":"https:\/\/franciscanos.org.br\/vidacrista\/wp-json\/wp\/v2\/types\/post"}],"author":[{"embeddable":true,"href":"https:\/\/franciscanos.org.br\/vidacrista\/wp-json\/wp\/v2\/users\/1"}],"replies":[{"embeddable":true,"href":"https:\/\/franciscanos.org.br\/vidacrista\/wp-json\/wp\/v2\/comments?post=115672"}],"version-history":[{"count":2,"href":"https:\/\/franciscanos.org.br\/vidacrista\/wp-json\/wp\/v2\/posts\/115672\/revisions"}],"predecessor-version":[{"id":178122,"href":"https:\/\/franciscanos.org.br\/vidacrista\/wp-json\/wp\/v2\/posts\/115672\/revisions\/178122"}],"wp:featuredmedia":[{"embeddable":true,"href":"https:\/\/franciscanos.org.br\/vidacrista\/wp-json\/wp\/v2\/media\/178120"}],"wp:attachment":[{"href":"https:\/\/franciscanos.org.br\/vidacrista\/wp-json\/wp\/v2\/media?parent=115672"}],"wp:term":[{"taxonomy":"category","embeddable":true,"href":"https:\/\/franciscanos.org.br\/vidacrista\/wp-json\/wp\/v2\/categories?post=115672"},{"taxonomy":"post_tag","embeddable":true,"href":"https:\/\/franciscanos.org.br\/vidacrista\/wp-json\/wp\/v2\/tags?post=115672"}],"curies":[{"name":"wp","href":"https:\/\/api.w.org\/{rel}","templated":true}]}}