{"id":113347,"date":"2016-08-04T08:12:37","date_gmt":"2016-08-04T11:12:37","guid":{"rendered":"http:\/\/franciscanos.org.br\/?p=113347"},"modified":"2019-03-01T13:17:43","modified_gmt":"2019-03-01T16:17:43","slug":"1a-sexta-feira-do-mes-o-senhor-e-refugio-e-abrigo","status":"publish","type":"post","link":"https:\/\/franciscanos.org.br\/vidacrista\/1a-sexta-feira-do-mes-o-senhor-e-refugio-e-abrigo\/","title":{"rendered":"O Senhor \u00e9 ref\u00fagio e abrigo"},"content":{"rendered":"<p><img decoding=\"async\" loading=\"lazy\" src=\"http:\/\/franciscanos.org.br\/wp-content\/uploads\/2016\/08\/ceia_04_08_2016.jpg\" alt=\"ceia_04_08_2016\" width=\"820\" height=\"383\" \/><\/p>\n<p>1. Mais uma vez, neste come\u00e7o de m\u00eas, postamo-nos respeitosa e contemplativamente diante do mist\u00e9rio do Cora\u00e7\u00e3o humano de Deus, do Cora\u00e7\u00e3o de Jesus, fissurado pela lan\u00e7a do soldado e vertendo \u00e1gua e sangue. Sentimentos de gratid\u00e3o tomam conta de n\u00f3s, sobretudo quando pensamos palavras do Senhor: \u201cIsto \u00e9 meu corpo que \u00e9 dado por v\u00f3s\u201d. Temos sempre diante dos olhos esse abaixamento de Deus que, sendo de condi\u00e7\u00e3o divina, n\u00e3o hesitou em tornar-se servo e, em extremo gesto de generosidade, d\u00e1 a vida, aceita a morte para dar vida ao nosso viver. Sentimentos de contempla\u00e7\u00e3o se misturam com s\u00faplicas de socorro e vontade de dizer ao mundo inteiro, com Francisco de Assis, que o Amor precisa ser amado.<\/p>\n<p>2. Nesse momento chega \u00e0 nossa mente uma breve palavra de um salmo: \u201cPara mim, o Senhor, com certeza, \u00e9 ref\u00fagio, \u00e9 abrigo, \u00e9 rochedo\u201d (Sl 93(94), 22). Pensamos na cena do final do Calv\u00e1rio. Jesus j\u00e1 est\u00e1 morto. O soldado toca-lhe o peito com uma lan\u00e7a. Faz uma janela, uma brecha, uma fenda. Contemplamos tudo com toda humildade, ou seja, sem as sand\u00e1lias nos p\u00e9s. Somos disc\u00edpulos do Senhor. Na caminhada da vida nem sempre conseguimos viver em un\u00edssono com as batidas do cora\u00e7\u00e3o do Senhor. Vivemos num mundo \u00e0 parte. Aos poucos, o rosto do Senhor vai se tornando difuso, impreciso. Experimentamos muita sorte de \u00e1guas n\u00e3o t\u00e3o puras e percorremos caminhos que nos levam a impasses: no casamento, na vida consagrada, na fam\u00edlia, na conviv\u00eancia com as pessoas sentimo-nos perdidos. Momentos h\u00e1 em que uma tenta\u00e7\u00e3o nos persegue. Ca\u00edmos e levantamo-nos. Aos poucos, o desalento toma conta de n\u00f3s. A recita\u00e7\u00e3o do salmo nos faz ganhar novo alento. Tr\u00eas palavras: o Senhor \u00e9 ref\u00fagio, abrigo e rochedo. Ref\u00fagio nas tempestades e rel\u00e2mpagos, quando circunstancias fazem com que sejamos incompreendidos. Abrigo quando temos as roupas ensopadas da chuva ou molhadas com o suor. Rochedo, certeza de que nos ama e quer mostrar at\u00e9 onde vai seu amor. \u201cN\u00e3o existe maior amoro do que dar a vida pelos seus\u201d.<\/p>\n<p>3. De repente, palavras da Imita\u00e7\u00e3o de Cristo (sec. XV) ajudam-nos nessa ora\u00e7\u00e3o contemplativa:<\/p>\n<p>\u2022 Volta ao Senhor de todo o teu cora\u00e7\u00e3o, deixa este mundo miser\u00e1vel e tua alma encontrar\u00e1 repouso. Pois o reino de Deus \u00e9 paz e alegria no Esp\u00edrito Santo. Cristo vir\u00e1 a ti, trazendo-te sua consola\u00e7\u00e3o, se no \u00edntimo lhe preparares uma digna morada. Toda a sua gl\u00f3ria e beleza est\u00e1 no interior. Palavras mansas, agrad\u00e1vel consolo, grande paz, maravilhosa intimidade.<\/p>\n<p>\u2022 D\u00e1 lugar a Cristo. Se possu\u00edres Cristo, ser\u00e1s rico e isto te bastar\u00e1. Ele cuidar\u00e1 de ti e ser\u00e1 teu fiel procurador em todas as coisas e n\u00e3o precisar\u00e1s depender dos homens.<\/p>\n<p>\u2022 N\u00e3o tens aqui cidade permanente e onde quer que estejas ser\u00e1s estrangeiro e peregrino, n\u00e3o encontrando descanso a n\u00e3o ser quando fordes intimamente unido a Cristo.<\/p>\n<p>\u2022 Teus pensamentos se fixem no Alt\u00edssimo e tua s\u00faplica sem cessar se dirija a Cristo. Se n\u00e3o sabes meditar sobre as coisas profundas e celestes, repousa na paix\u00e3o de Cristo e demora-te com gosto em suas chagas. Suporta-te a ti mesmo com Cristo e por Cristo se queres reinar com Cristo.<\/p>\n<p><strong>Frei Almir Guimar\u00e3es<\/strong><\/p>\n<p>[<em>Obs. Texto da Imita\u00e7\u00e3o de Cristo, em Liturgia das Horas III, p.476-477]<\/em><\/p>\n","protected":false},"excerpt":{"rendered":"<p>Reflex\u00e3o<\/p>\n","protected":false},"author":1,"featured_media":178040,"comment_status":"open","ping_status":"open","sticky":false,"template":"","format":"standard","meta":{"footnotes":""},"categories":[105],"tags":[106,112],"yoast_head":"<!-- This site is optimized with the Yoast SEO plugin v19.4 - https:\/\/yoast.com\/wordpress\/plugins\/seo\/ -->\n<title>O Senhor \u00e9 ref\u00fagio e abrigo - Vida Crist\u00e3 - Franciscanos<\/title>\n<meta name=\"robots\" content=\"index, follow, max-snippet:-1, max-image-preview:large, max-video-preview:-1\" \/>\n<link rel=\"canonical\" href=\"https:\/\/franciscanos.org.br\/vidacrista\/1a-sexta-feira-do-mes-o-senhor-e-refugio-e-abrigo\/\" \/>\n<meta property=\"og:locale\" content=\"pt_BR\" \/>\n<meta property=\"og:type\" content=\"article\" \/>\n<meta property=\"og:title\" content=\"O Senhor \u00e9 ref\u00fagio e abrigo - Vida Crist\u00e3 - Franciscanos\" \/>\n<meta property=\"og:description\" content=\"Reflex\u00e3o\" \/>\n<meta property=\"og:url\" content=\"https:\/\/franciscanos.org.br\/vidacrista\/1a-sexta-feira-do-mes-o-senhor-e-refugio-e-abrigo\/\" \/>\n<meta property=\"og:site_name\" content=\"Vida Crist\u00e3 - Franciscanos\" \/>\n<meta property=\"article:published_time\" content=\"2016-08-04T11:12:37+00:00\" \/>\n<meta property=\"article:modified_time\" content=\"2019-03-01T16:17:43+00:00\" \/>\n<meta property=\"og:image\" content=\"https:\/\/franciscanos.org.br\/vidacrista\/wp-content\/uploads\/2016\/08\/sagrado_040816.jpg\" \/>\n\t<meta property=\"og:image:width\" content=\"273\" \/>\n\t<meta property=\"og:image:height\" content=\"181\" \/>\n\t<meta property=\"og:image:type\" content=\"image\/jpeg\" \/>\n<meta name=\"author\" content=\"admin\" \/>\n<meta name=\"twitter:card\" content=\"summary_large_image\" \/>\n<meta name=\"twitter:label1\" content=\"Escrito por\" \/>\n\t<meta name=\"twitter:data1\" content=\"admin\" \/>\n\t<meta name=\"twitter:label2\" content=\"Est. tempo de leitura\" \/>\n\t<meta name=\"twitter:data2\" content=\"3 minutos\" \/>\n<script type=\"application\/ld+json\" class=\"yoast-schema-graph\">{\"@context\":\"https:\/\/schema.org\",\"@graph\":[{\"@type\":\"WebSite\",\"@id\":\"https:\/\/franciscanos.org.br\/vidacrista\/#website\",\"url\":\"https:\/\/franciscanos.org.br\/vidacrista\/\",\"name\":\"Vida Crist\u00e3 - Franciscanos\",\"description\":\"Prov\u00edncia Franciscana da Imaculada Concei\u00e7\u00e3o do Brasil - Ordem dos Frades Menores\",\"potentialAction\":[{\"@type\":\"SearchAction\",\"target\":{\"@type\":\"EntryPoint\",\"urlTemplate\":\"https:\/\/franciscanos.org.br\/vidacrista\/?s={search_term_string}\"},\"query-input\":\"required name=search_term_string\"}],\"inLanguage\":\"pt-BR\"},{\"@type\":\"WebPage\",\"@id\":\"https:\/\/franciscanos.org.br\/vidacrista\/1a-sexta-feira-do-mes-o-senhor-e-refugio-e-abrigo\/\",\"url\":\"https:\/\/franciscanos.org.br\/vidacrista\/1a-sexta-feira-do-mes-o-senhor-e-refugio-e-abrigo\/\",\"name\":\"O Senhor \u00e9 ref\u00fagio e abrigo - Vida Crist\u00e3 - Franciscanos\",\"isPartOf\":{\"@id\":\"https:\/\/franciscanos.org.br\/vidacrista\/#website\"},\"datePublished\":\"2016-08-04T11:12:37+00:00\",\"dateModified\":\"2019-03-01T16:17:43+00:00\",\"author\":{\"@id\":\"https:\/\/franciscanos.org.br\/vidacrista\/#\/schema\/person\/133632ca93cec555316a35f76ab4153b\"},\"breadcrumb\":{\"@id\":\"https:\/\/franciscanos.org.br\/vidacrista\/1a-sexta-feira-do-mes-o-senhor-e-refugio-e-abrigo\/#breadcrumb\"},\"inLanguage\":\"pt-BR\",\"potentialAction\":[{\"@type\":\"ReadAction\",\"target\":[\"https:\/\/franciscanos.org.br\/vidacrista\/1a-sexta-feira-do-mes-o-senhor-e-refugio-e-abrigo\/\"]}]},{\"@type\":\"BreadcrumbList\",\"@id\":\"https:\/\/franciscanos.org.br\/vidacrista\/1a-sexta-feira-do-mes-o-senhor-e-refugio-e-abrigo\/#breadcrumb\",\"itemListElement\":[{\"@type\":\"ListItem\",\"position\":1,\"name\":\"Home\",\"item\":\"https:\/\/franciscanos.org.br\/vidacrista\/\"},{\"@type\":\"ListItem\",\"position\":2,\"name\":\"O Senhor \u00e9 ref\u00fagio e abrigo\"}]},{\"@type\":\"Person\",\"@id\":\"https:\/\/franciscanos.org.br\/vidacrista\/#\/schema\/person\/133632ca93cec555316a35f76ab4153b\",\"name\":\"admin\",\"image\":{\"@type\":\"ImageObject\",\"inLanguage\":\"pt-BR\",\"@id\":\"https:\/\/franciscanos.org.br\/vidacrista\/#\/schema\/person\/image\/\",\"url\":\"https:\/\/secure.gravatar.com\/avatar\/e8495742d34d0ba6448ea1c628263b3e?s=96&d=mm&r=g\",\"contentUrl\":\"https:\/\/secure.gravatar.com\/avatar\/e8495742d34d0ba6448ea1c628263b3e?s=96&d=mm&r=g\",\"caption\":\"admin\"},\"url\":\"https:\/\/franciscanos.org.br\/vidacrista\/author\/admin\/\"}]}<\/script>\n<!-- \/ Yoast SEO plugin. -->","yoast_head_json":{"title":"O Senhor \u00e9 ref\u00fagio e abrigo - Vida Crist\u00e3 - Franciscanos","robots":{"index":"index","follow":"follow","max-snippet":"max-snippet:-1","max-image-preview":"max-image-preview:large","max-video-preview":"max-video-preview:-1"},"canonical":"https:\/\/franciscanos.org.br\/vidacrista\/1a-sexta-feira-do-mes-o-senhor-e-refugio-e-abrigo\/","og_locale":"pt_BR","og_type":"article","og_title":"O Senhor \u00e9 ref\u00fagio e abrigo - Vida Crist\u00e3 - Franciscanos","og_description":"Reflex\u00e3o","og_url":"https:\/\/franciscanos.org.br\/vidacrista\/1a-sexta-feira-do-mes-o-senhor-e-refugio-e-abrigo\/","og_site_name":"Vida Crist\u00e3 - Franciscanos","article_published_time":"2016-08-04T11:12:37+00:00","article_modified_time":"2019-03-01T16:17:43+00:00","og_image":[{"width":273,"height":181,"url":"https:\/\/franciscanos.org.br\/vidacrista\/wp-content\/uploads\/2016\/08\/sagrado_040816.jpg","type":"image\/jpeg"}],"author":"admin","twitter_card":"summary_large_image","twitter_misc":{"Escrito por":"admin","Est. tempo de leitura":"3 minutos"},"schema":{"@context":"https:\/\/schema.org","@graph":[{"@type":"WebSite","@id":"https:\/\/franciscanos.org.br\/vidacrista\/#website","url":"https:\/\/franciscanos.org.br\/vidacrista\/","name":"Vida Crist\u00e3 - Franciscanos","description":"Prov\u00edncia Franciscana da Imaculada Concei\u00e7\u00e3o do Brasil - Ordem dos Frades Menores","potentialAction":[{"@type":"SearchAction","target":{"@type":"EntryPoint","urlTemplate":"https:\/\/franciscanos.org.br\/vidacrista\/?s={search_term_string}"},"query-input":"required name=search_term_string"}],"inLanguage":"pt-BR"},{"@type":"WebPage","@id":"https:\/\/franciscanos.org.br\/vidacrista\/1a-sexta-feira-do-mes-o-senhor-e-refugio-e-abrigo\/","url":"https:\/\/franciscanos.org.br\/vidacrista\/1a-sexta-feira-do-mes-o-senhor-e-refugio-e-abrigo\/","name":"O Senhor \u00e9 ref\u00fagio e abrigo - Vida Crist\u00e3 - Franciscanos","isPartOf":{"@id":"https:\/\/franciscanos.org.br\/vidacrista\/#website"},"datePublished":"2016-08-04T11:12:37+00:00","dateModified":"2019-03-01T16:17:43+00:00","author":{"@id":"https:\/\/franciscanos.org.br\/vidacrista\/#\/schema\/person\/133632ca93cec555316a35f76ab4153b"},"breadcrumb":{"@id":"https:\/\/franciscanos.org.br\/vidacrista\/1a-sexta-feira-do-mes-o-senhor-e-refugio-e-abrigo\/#breadcrumb"},"inLanguage":"pt-BR","potentialAction":[{"@type":"ReadAction","target":["https:\/\/franciscanos.org.br\/vidacrista\/1a-sexta-feira-do-mes-o-senhor-e-refugio-e-abrigo\/"]}]},{"@type":"BreadcrumbList","@id":"https:\/\/franciscanos.org.br\/vidacrista\/1a-sexta-feira-do-mes-o-senhor-e-refugio-e-abrigo\/#breadcrumb","itemListElement":[{"@type":"ListItem","position":1,"name":"Home","item":"https:\/\/franciscanos.org.br\/vidacrista\/"},{"@type":"ListItem","position":2,"name":"O Senhor \u00e9 ref\u00fagio e abrigo"}]},{"@type":"Person","@id":"https:\/\/franciscanos.org.br\/vidacrista\/#\/schema\/person\/133632ca93cec555316a35f76ab4153b","name":"admin","image":{"@type":"ImageObject","inLanguage":"pt-BR","@id":"https:\/\/franciscanos.org.br\/vidacrista\/#\/schema\/person\/image\/","url":"https:\/\/secure.gravatar.com\/avatar\/e8495742d34d0ba6448ea1c628263b3e?s=96&d=mm&r=g","contentUrl":"https:\/\/secure.gravatar.com\/avatar\/e8495742d34d0ba6448ea1c628263b3e?s=96&d=mm&r=g","caption":"admin"},"url":"https:\/\/franciscanos.org.br\/vidacrista\/author\/admin\/"}]}},"_links":{"self":[{"href":"https:\/\/franciscanos.org.br\/vidacrista\/wp-json\/wp\/v2\/posts\/113347"}],"collection":[{"href":"https:\/\/franciscanos.org.br\/vidacrista\/wp-json\/wp\/v2\/posts"}],"about":[{"href":"https:\/\/franciscanos.org.br\/vidacrista\/wp-json\/wp\/v2\/types\/post"}],"author":[{"embeddable":true,"href":"https:\/\/franciscanos.org.br\/vidacrista\/wp-json\/wp\/v2\/users\/1"}],"replies":[{"embeddable":true,"href":"https:\/\/franciscanos.org.br\/vidacrista\/wp-json\/wp\/v2\/comments?post=113347"}],"version-history":[{"count":1,"href":"https:\/\/franciscanos.org.br\/vidacrista\/wp-json\/wp\/v2\/posts\/113347\/revisions"}],"predecessor-version":[{"id":178041,"href":"https:\/\/franciscanos.org.br\/vidacrista\/wp-json\/wp\/v2\/posts\/113347\/revisions\/178041"}],"wp:featuredmedia":[{"embeddable":true,"href":"https:\/\/franciscanos.org.br\/vidacrista\/wp-json\/wp\/v2\/media\/178040"}],"wp:attachment":[{"href":"https:\/\/franciscanos.org.br\/vidacrista\/wp-json\/wp\/v2\/media?parent=113347"}],"wp:term":[{"taxonomy":"category","embeddable":true,"href":"https:\/\/franciscanos.org.br\/vidacrista\/wp-json\/wp\/v2\/categories?post=113347"},{"taxonomy":"post_tag","embeddable":true,"href":"https:\/\/franciscanos.org.br\/vidacrista\/wp-json\/wp\/v2\/tags?post=113347"}],"curies":[{"name":"wp","href":"https:\/\/api.w.org\/{rel}","templated":true}]}}