{"id":112487,"date":"2016-07-13T09:06:18","date_gmt":"2016-07-13T12:06:18","guid":{"rendered":"http:\/\/franciscanos.org.br\/?p=112487"},"modified":"2020-05-28T11:54:37","modified_gmt":"2020-05-28T14:54:37","slug":"sagracao-ou-ordenacao-episcopal","status":"publish","type":"post","link":"https:\/\/franciscanos.org.br\/vidacrista\/sagracao-ou-ordenacao-episcopal\/","title":{"rendered":"Sagra\u00e7\u00e3o ou ordena\u00e7\u00e3o episcopal?"},"content":{"rendered":"<p><img decoding=\"async\" loading=\"lazy\" src=\"http:\/\/franciscanos.org.br\/wp-content\/uploads\/2016\/07\/evaristo.jpg\" alt=\"evaristo\" width=\"820\" height=\"388\" \/><\/p>\n<p><strong>Frei Alberto Beckh\u00e4user, OFM<\/strong><\/p>\n<p>Esta nota vem a prop\u00f3sito da elei\u00e7\u00e3o de confrades para o Episcopado e consequente celebra\u00e7\u00e3o do sacramento da Ordem, a Ordena\u00e7\u00e3o. Ordena\u00e7\u00e3o \u00e9 a celebra\u00e7\u00e3o da Igreja que introduz algu\u00e9m no Grupo (Ordo) daqueles que s\u00e3o revestidos do Esp\u00edrito Santo para o servi\u00e7o messi\u00e2nico de Cristo \u00e0 humanidade.<\/p>\n<p>Nesta quest\u00e3o, a Sagrada Liturgia reformada pelo Vaticano II exige uma atualiza\u00e7\u00e3o de linguagem.<\/p>\n<p><strong>1. Em rela\u00e7\u00e3o \u00e0s Ordena\u00e7\u00f5es:<\/strong> &#8211; O novo Ritual das Ordena\u00e7\u00f5es, que pertence ao Pontifical, n\u00e3o usa mais o termo \u201csagra\u00e7\u00e3o\u201d episcopal ou \u201cconsagra\u00e7\u00e3o\u201d episcopal. Tanto para o episcopado, como para o presbiterado e o diaconado \u00e9 usado o termo \u201cordena\u00e7\u00e3o\u201d, ligado ao sacramento da Ordem. O Bispo \u00e9 Ordenante e n\u00e3o Sagrante, Ordenante principal.<\/p>\n<p>Isso tem sua raz\u00e3o de ser. At\u00e9 o Vaticano II, que se distinguiu como o Conc\u00edlio do Episcopado ensinando claramente a sacramentalidade do Bispo, a sacramentalidade espec\u00edfica do Bispo ainda era quest\u00e3o discutida em Teologia. Al\u00e9m disso, o uso do termo sagra\u00e7\u00e3o ou consagra\u00e7\u00e3o para o Bispo tem a ver com a coroa\u00e7\u00e3o e \u201cconsagra\u00e7\u00e3o\u201d dos reis e imperadores. Ao serem coroados, eles eram ungidos. Assim tamb\u00e9m o Bispo era eleito e ungido pr\u00edncipe da Igreja. O rito da un\u00e7\u00e3o na ordena\u00e7\u00e3o do Bispo \u00e9 de origem tardia.<\/p>\n<p>Ao Bispo \u00e9 conferido o Esp\u00edrito principal (o Esp\u00edrito Soberano) que lhe confere a plenitude do sacerd\u00f3cio. Ficando bem definido o car\u00e1ter sacramental do Bispo, o novo Ritual de Ordena\u00e7\u00e3o, mudou a terminologia, sendo a mesma para os tr\u00eas graus do Sacramento da Ordem. Por isso tamb\u00e9m o novo Ritual de Ordena\u00e7\u00f5es apresenta primeiro a Ordena\u00e7\u00e3o de um Bispo. Em seguida, do Presb\u00edtero e, por fim, a de Di\u00e1cono. Esta terminologia reflete-se tamb\u00e9m na ora\u00e7\u00e3o de a\u00e7\u00e3o de gra\u00e7as, que se segue \u00e0 imposi\u00e7\u00e3o das m\u00e3os, que n\u00e3o mais se chama \u201cOra\u00e7\u00e3o consecrat\u00f3ria\u201d, mas Prece de Ordena\u00e7\u00e3o.<\/p>\n<p>Aproveitando a dica, mais algumas considera\u00e7\u00f5es sobre consagra\u00e7\u00e3o.<\/p>\n<p><strong>2. Os Santos \u00d3leos na Missa do Crisma da Quinta-feira Santa<\/strong>: Apenas o \u00d3leo do Crisma \u00e9 consagrado. O Crisma \u00e9 o \u00f3leo; a Crisma, o Sacramento. O \u00d3leo dos Catec\u00famenos e o \u00d3leo dos Enfermos s\u00e3o apenas aben\u00e7oados.<\/p>\n<p><strong>3. Consagra\u00e7\u00e3o das crian\u00e7as a Nossa Senhora por ocasi\u00e3o do Batismo:<\/strong> &#8211; Tamb\u00e9m aqui se pede uma mudan\u00e7a na terminologia. A consagra\u00e7\u00e3o \u00e9 feita somente a Deus.<\/p>\n<p>O novo Ritual do Batismo de Crian\u00e7as n\u00e3o traz mais o Rito de Consagra\u00e7\u00e3o da Crian\u00e7a a Nossa Senhora. Respeitando, por\u00e9m, a cultura religiosa do povo com suas devo\u00e7\u00f5es, sugere-se no fim da Celebra\u00e7\u00e3o: <em>\u201cOnde for costume, no final da celebra\u00e7\u00e3o, pode realizar-se um ato de devo\u00e7\u00e3o a Maria, confiando \u00e0 sua prote\u00e7\u00e3o a vida e a f\u00e9 das crian\u00e7as\u201d.<\/em><\/p>\n<p>Esta nova linguagem agora \u00e9 apoiada pelo <em>Diret\u00f3rio sobre Piedade Popular e Liturgia: Princ\u00edpios e Orienta\u00e7\u00f5es, da Congrega\u00e7\u00e3o para o Culto Divino e a Disciplina dos Sacramentos<\/em>. No item sobre \u201cA venera\u00e7\u00e3o da Santa M\u00e3e do Senhor, se diz: <em>\u201cNota-se que o termo \u2018consagra\u00e7\u00e3o\u2019 \u00e9 usado com certa amplid\u00e3o e impropriedade: Por exemplo, diz-se \u2018consagrar as crian\u00e7as a Nossa Senhora\u2019, quando na realidade se entende apenas colocar os pequenos sob a prote\u00e7\u00e3o da Virgem e pedir para eles a sua materna b\u00ean\u00e7\u00e3o\u2019. Compreende-se tamb\u00e9m a sugest\u00e3o de utilizar no lugar de \u2018consagra\u00e7\u00e3o\u2019 outros termos, tais como \u2018entrega\u2019, \u2018doa\u00e7\u00e3o\u2019. De fato, em nosso tempo, os progressos realizados pela teologia lit\u00fargica e a conseq\u00fcente exig\u00eancia de um uso rigoroso dos termos, sugerem que se reserve o termo consagra\u00e7\u00e3o \u00e0 oferta de si mesmo que tem como meta Deus, como caracter\u00edsticas a totalidade e a perpetuidade, como garantia a interven\u00e7\u00e3o da Igreja, como fundamento os sacramentos do batismo e da confirma\u00e7\u00e3o\u201d<\/em> (cf. n. 204). O Diret\u00f3rio reconhece que \u00e9 preciso instruir os fi\u00e9is quanto \u00e0 natureza de tal pr\u00e1tica (cf. ibidem).<\/p>\n<p><strong>4. Dedica\u00e7\u00e3o de uma igreja:<\/strong> &#8211; Tamb\u00e9m aqui n\u00e3o se fala mais de consagra\u00e7\u00e3o de igreja ou de altar, mas de dedica\u00e7\u00e3o. Igrejas e altares s\u00e3o dedicados sempre a Deus e n\u00e3o aos Santos. Neste caso, fala-se de Titular da Igreja e do altar e n\u00e3o de Padroeiro. A igreja \u00e9 colocada sob a prote\u00e7\u00e3o de um Santo, mas n\u00e3o dedicada a um santo. Neste caso dedica\u00e7\u00e3o e consagra\u00e7\u00e3o s\u00e3o quase sin\u00f4nimos, pelo fato de haver uma un\u00e7\u00e3o com o Santo Crisma.<\/p>\n<blockquote><p><strong>OBS.<\/strong> Na foto\u00a0na parte alta do texto, Frei Evaristo Spengler, <strong><a href=\"http:\/\/franciscanos.org.br\/?p=111595\">que vai ser ordenado bispo no dia 6 de agosto<\/a><\/strong>, 9 horas, em Gaspar. Ele est\u00e1 usando um solid\u00e9u (*), que ganhou do bispo\u00a0Dom Rafael Biernaski durante a celebra\u00e7\u00e3o da Missa Solene na Festa de S\u00e3o Pedro Ap\u00f3stolo.<\/p>\n<p><strong>* SOLID\u00c9U:<\/strong> Pequeno chap\u00e9u, em forma de calota, usada por bispos. Este nome prov\u00e9m da express\u00e3o \u201cSoli Deo\u201d, ou seja, \u00e9 tirado da cabe\u00e7a somente diante de Deus. Na cor roxa para bispos; vermelha para os cardeais; branca, s\u00f3 pelo papa.<\/p><\/blockquote>\n","protected":false},"excerpt":{"rendered":"<p>Artigo de Frei Alberto Beckh\u00e4user, OFM<\/p>\n","protected":false},"author":1,"featured_media":184890,"comment_status":"open","ping_status":"open","sticky":false,"template":"","format":"standard","meta":{"footnotes":""},"categories":[26],"tags":[73],"yoast_head":"<!-- This site is optimized with the Yoast SEO plugin v19.4 - https:\/\/yoast.com\/wordpress\/plugins\/seo\/ -->\n<title>Sagra\u00e7\u00e3o ou ordena\u00e7\u00e3o episcopal? - Vida Crist\u00e3 - Franciscanos<\/title>\n<meta name=\"robots\" content=\"index, follow, max-snippet:-1, max-image-preview:large, max-video-preview:-1\" \/>\n<link rel=\"canonical\" href=\"https:\/\/franciscanos.org.br\/vidacrista\/sagracao-ou-ordenacao-episcopal\/\" \/>\n<meta property=\"og:locale\" content=\"pt_BR\" \/>\n<meta property=\"og:type\" content=\"article\" \/>\n<meta property=\"og:title\" content=\"Sagra\u00e7\u00e3o ou ordena\u00e7\u00e3o episcopal? - Vida Crist\u00e3 - Franciscanos\" \/>\n<meta property=\"og:description\" content=\"Artigo de Frei Alberto Beckh\u00e4user, OFM\" \/>\n<meta property=\"og:url\" content=\"https:\/\/franciscanos.org.br\/vidacrista\/sagracao-ou-ordenacao-episcopal\/\" \/>\n<meta property=\"og:site_name\" content=\"Vida Crist\u00e3 - Franciscanos\" \/>\n<meta property=\"article:published_time\" content=\"2016-07-13T12:06:18+00:00\" \/>\n<meta property=\"article:modified_time\" content=\"2020-05-28T14:54:37+00:00\" \/>\n<meta property=\"og:image\" content=\"https:\/\/franciscanos.org.br\/vidacrista\/wp-content\/uploads\/2016\/07\/evaristo.jpg\" \/>\n\t<meta property=\"og:image:width\" content=\"800\" \/>\n\t<meta property=\"og:image:height\" content=\"600\" \/>\n\t<meta property=\"og:image:type\" content=\"image\/jpeg\" \/>\n<meta name=\"author\" content=\"admin\" \/>\n<meta name=\"twitter:card\" content=\"summary_large_image\" \/>\n<meta name=\"twitter:label1\" content=\"Escrito por\" \/>\n\t<meta name=\"twitter:data1\" content=\"admin\" \/>\n\t<meta name=\"twitter:label2\" content=\"Est. tempo de leitura\" \/>\n\t<meta name=\"twitter:data2\" content=\"4 minutos\" \/>\n<script type=\"application\/ld+json\" class=\"yoast-schema-graph\">{\"@context\":\"https:\/\/schema.org\",\"@graph\":[{\"@type\":\"WebSite\",\"@id\":\"https:\/\/franciscanos.org.br\/vidacrista\/#website\",\"url\":\"https:\/\/franciscanos.org.br\/vidacrista\/\",\"name\":\"Vida Crist\u00e3 - Franciscanos\",\"description\":\"Prov\u00edncia Franciscana da Imaculada Concei\u00e7\u00e3o do Brasil - Ordem dos Frades Menores\",\"potentialAction\":[{\"@type\":\"SearchAction\",\"target\":{\"@type\":\"EntryPoint\",\"urlTemplate\":\"https:\/\/franciscanos.org.br\/vidacrista\/?s={search_term_string}\"},\"query-input\":\"required name=search_term_string\"}],\"inLanguage\":\"pt-BR\"},{\"@type\":\"WebPage\",\"@id\":\"https:\/\/franciscanos.org.br\/vidacrista\/sagracao-ou-ordenacao-episcopal\/\",\"url\":\"https:\/\/franciscanos.org.br\/vidacrista\/sagracao-ou-ordenacao-episcopal\/\",\"name\":\"Sagra\u00e7\u00e3o ou ordena\u00e7\u00e3o episcopal? - Vida Crist\u00e3 - Franciscanos\",\"isPartOf\":{\"@id\":\"https:\/\/franciscanos.org.br\/vidacrista\/#website\"},\"datePublished\":\"2016-07-13T12:06:18+00:00\",\"dateModified\":\"2020-05-28T14:54:37+00:00\",\"author\":{\"@id\":\"https:\/\/franciscanos.org.br\/vidacrista\/#\/schema\/person\/133632ca93cec555316a35f76ab4153b\"},\"breadcrumb\":{\"@id\":\"https:\/\/franciscanos.org.br\/vidacrista\/sagracao-ou-ordenacao-episcopal\/#breadcrumb\"},\"inLanguage\":\"pt-BR\",\"potentialAction\":[{\"@type\":\"ReadAction\",\"target\":[\"https:\/\/franciscanos.org.br\/vidacrista\/sagracao-ou-ordenacao-episcopal\/\"]}]},{\"@type\":\"BreadcrumbList\",\"@id\":\"https:\/\/franciscanos.org.br\/vidacrista\/sagracao-ou-ordenacao-episcopal\/#breadcrumb\",\"itemListElement\":[{\"@type\":\"ListItem\",\"position\":1,\"name\":\"Home\",\"item\":\"https:\/\/franciscanos.org.br\/vidacrista\/\"},{\"@type\":\"ListItem\",\"position\":2,\"name\":\"Sagra\u00e7\u00e3o ou ordena\u00e7\u00e3o episcopal?\"}]},{\"@type\":\"Person\",\"@id\":\"https:\/\/franciscanos.org.br\/vidacrista\/#\/schema\/person\/133632ca93cec555316a35f76ab4153b\",\"name\":\"admin\",\"image\":{\"@type\":\"ImageObject\",\"inLanguage\":\"pt-BR\",\"@id\":\"https:\/\/franciscanos.org.br\/vidacrista\/#\/schema\/person\/image\/\",\"url\":\"https:\/\/secure.gravatar.com\/avatar\/e8495742d34d0ba6448ea1c628263b3e?s=96&d=mm&r=g\",\"contentUrl\":\"https:\/\/secure.gravatar.com\/avatar\/e8495742d34d0ba6448ea1c628263b3e?s=96&d=mm&r=g\",\"caption\":\"admin\"},\"url\":\"https:\/\/franciscanos.org.br\/vidacrista\/author\/admin\/\"}]}<\/script>\n<!-- \/ Yoast SEO plugin. -->","yoast_head_json":{"title":"Sagra\u00e7\u00e3o ou ordena\u00e7\u00e3o episcopal? - Vida Crist\u00e3 - Franciscanos","robots":{"index":"index","follow":"follow","max-snippet":"max-snippet:-1","max-image-preview":"max-image-preview:large","max-video-preview":"max-video-preview:-1"},"canonical":"https:\/\/franciscanos.org.br\/vidacrista\/sagracao-ou-ordenacao-episcopal\/","og_locale":"pt_BR","og_type":"article","og_title":"Sagra\u00e7\u00e3o ou ordena\u00e7\u00e3o episcopal? - Vida Crist\u00e3 - Franciscanos","og_description":"Artigo de Frei Alberto Beckh\u00e4user, OFM","og_url":"https:\/\/franciscanos.org.br\/vidacrista\/sagracao-ou-ordenacao-episcopal\/","og_site_name":"Vida Crist\u00e3 - Franciscanos","article_published_time":"2016-07-13T12:06:18+00:00","article_modified_time":"2020-05-28T14:54:37+00:00","og_image":[{"width":800,"height":600,"url":"https:\/\/franciscanos.org.br\/vidacrista\/wp-content\/uploads\/2016\/07\/evaristo.jpg","type":"image\/jpeg"}],"author":"admin","twitter_card":"summary_large_image","twitter_misc":{"Escrito por":"admin","Est. tempo de leitura":"4 minutos"},"schema":{"@context":"https:\/\/schema.org","@graph":[{"@type":"WebSite","@id":"https:\/\/franciscanos.org.br\/vidacrista\/#website","url":"https:\/\/franciscanos.org.br\/vidacrista\/","name":"Vida Crist\u00e3 - Franciscanos","description":"Prov\u00edncia Franciscana da Imaculada Concei\u00e7\u00e3o do Brasil - Ordem dos Frades Menores","potentialAction":[{"@type":"SearchAction","target":{"@type":"EntryPoint","urlTemplate":"https:\/\/franciscanos.org.br\/vidacrista\/?s={search_term_string}"},"query-input":"required name=search_term_string"}],"inLanguage":"pt-BR"},{"@type":"WebPage","@id":"https:\/\/franciscanos.org.br\/vidacrista\/sagracao-ou-ordenacao-episcopal\/","url":"https:\/\/franciscanos.org.br\/vidacrista\/sagracao-ou-ordenacao-episcopal\/","name":"Sagra\u00e7\u00e3o ou ordena\u00e7\u00e3o episcopal? - Vida Crist\u00e3 - Franciscanos","isPartOf":{"@id":"https:\/\/franciscanos.org.br\/vidacrista\/#website"},"datePublished":"2016-07-13T12:06:18+00:00","dateModified":"2020-05-28T14:54:37+00:00","author":{"@id":"https:\/\/franciscanos.org.br\/vidacrista\/#\/schema\/person\/133632ca93cec555316a35f76ab4153b"},"breadcrumb":{"@id":"https:\/\/franciscanos.org.br\/vidacrista\/sagracao-ou-ordenacao-episcopal\/#breadcrumb"},"inLanguage":"pt-BR","potentialAction":[{"@type":"ReadAction","target":["https:\/\/franciscanos.org.br\/vidacrista\/sagracao-ou-ordenacao-episcopal\/"]}]},{"@type":"BreadcrumbList","@id":"https:\/\/franciscanos.org.br\/vidacrista\/sagracao-ou-ordenacao-episcopal\/#breadcrumb","itemListElement":[{"@type":"ListItem","position":1,"name":"Home","item":"https:\/\/franciscanos.org.br\/vidacrista\/"},{"@type":"ListItem","position":2,"name":"Sagra\u00e7\u00e3o ou ordena\u00e7\u00e3o episcopal?"}]},{"@type":"Person","@id":"https:\/\/franciscanos.org.br\/vidacrista\/#\/schema\/person\/133632ca93cec555316a35f76ab4153b","name":"admin","image":{"@type":"ImageObject","inLanguage":"pt-BR","@id":"https:\/\/franciscanos.org.br\/vidacrista\/#\/schema\/person\/image\/","url":"https:\/\/secure.gravatar.com\/avatar\/e8495742d34d0ba6448ea1c628263b3e?s=96&d=mm&r=g","contentUrl":"https:\/\/secure.gravatar.com\/avatar\/e8495742d34d0ba6448ea1c628263b3e?s=96&d=mm&r=g","caption":"admin"},"url":"https:\/\/franciscanos.org.br\/vidacrista\/author\/admin\/"}]}},"_links":{"self":[{"href":"https:\/\/franciscanos.org.br\/vidacrista\/wp-json\/wp\/v2\/posts\/112487"}],"collection":[{"href":"https:\/\/franciscanos.org.br\/vidacrista\/wp-json\/wp\/v2\/posts"}],"about":[{"href":"https:\/\/franciscanos.org.br\/vidacrista\/wp-json\/wp\/v2\/types\/post"}],"author":[{"embeddable":true,"href":"https:\/\/franciscanos.org.br\/vidacrista\/wp-json\/wp\/v2\/users\/1"}],"replies":[{"embeddable":true,"href":"https:\/\/franciscanos.org.br\/vidacrista\/wp-json\/wp\/v2\/comments?post=112487"}],"version-history":[{"count":1,"href":"https:\/\/franciscanos.org.br\/vidacrista\/wp-json\/wp\/v2\/posts\/112487\/revisions"}],"predecessor-version":[{"id":179373,"href":"https:\/\/franciscanos.org.br\/vidacrista\/wp-json\/wp\/v2\/posts\/112487\/revisions\/179373"}],"wp:featuredmedia":[{"embeddable":true,"href":"https:\/\/franciscanos.org.br\/vidacrista\/wp-json\/wp\/v2\/media\/184890"}],"wp:attachment":[{"href":"https:\/\/franciscanos.org.br\/vidacrista\/wp-json\/wp\/v2\/media?parent=112487"}],"wp:term":[{"taxonomy":"category","embeddable":true,"href":"https:\/\/franciscanos.org.br\/vidacrista\/wp-json\/wp\/v2\/categories?post=112487"},{"taxonomy":"post_tag","embeddable":true,"href":"https:\/\/franciscanos.org.br\/vidacrista\/wp-json\/wp\/v2\/tags?post=112487"}],"curies":[{"name":"wp","href":"https:\/\/api.w.org\/{rel}","templated":true}]}}