{"id":111904,"date":"2016-07-01T00:49:30","date_gmt":"2016-07-01T03:49:30","guid":{"rendered":"http:\/\/franciscanos.org.br\/?p=111904"},"modified":"2019-03-01T13:17:50","modified_gmt":"2019-03-01T16:17:50","slug":"o-bem-aventurado-ladrao","status":"publish","type":"post","link":"https:\/\/franciscanos.org.br\/vidacrista\/o-bem-aventurado-ladrao\/","title":{"rendered":"O bem-aventurado ladr\u00e3o"},"content":{"rendered":"<h3><img decoding=\"async\" loading=\"lazy\" src=\"http:\/\/franciscanos.org.br\/wp-content\/uploads\/2016\/07\/cruz.jpg\" alt=\"cruz\" width=\"820\" height=\"530\" \/><\/h3>\n<h3><\/h3>\n<h3><strong>Ainda hoje estar\u00e1s comigo no para\u00edso<\/strong><\/h3>\n<p style=\"text-align: right;\"><strong><em>\u00a0<\/em><\/strong><em>Um dos criminosos\u00a0 crucificados insultava\u00a0 Jesus dizendo:\u00a0 \u201cN\u00e3o \u00e9s tu o Cristo?\u00a0 Salva-te a ti mesmo e a n\u00f3s\u201d. O outro, por\u00e9m, o repreendeu, dizendo: \u00a0\u201cNem tu que est\u00e1s sofrendo a mesma condena\u00e7\u00e3o, temes a Deus?\u00a0 N\u00f3s sofremos com justi\u00e7a\u00a0 porque recebemos o castigo merecido, mas este nada fez de mal\u201d. E falou:\u00a0 \u201cJesus, lembra-te de mim quando vieres como Rei\u201d.\u00a0 E Jesus lhe respondeu: \u201cEu\u00a0 ter asseguro:\u00a0 ainda hoje estar\u00e1s comigo no para\u00edso\u201d <\/em>(<em>Lucas 23, 39-43<\/em>).<\/p>\n<p style=\"padding-left: 30px;\">\u2022 Segundo Lucas, o fato acima mencionado aconteceu imediatamente antes da morte de Jesus. Tudo estava chegando a seu termo. As for\u00e7as f\u00edsicas de Jesus iam desaparecendo. Um trapo humano suspenso no madeiro! Chibatadas, coroa de espinhos, dores, dorm\u00eancias, c\u00e2imbras, abandono de todos, contor\u00e7\u00f5es insuport\u00e1veis. E o Pai silencioso&#8230; O mais belo dos filhos dos homens, esse que \u00e9 a Palavra de Deus que se fez carne, o desejado das colinas eternas estava para morrer. \u201cPai em tuas m\u00e3os, entrego o meu esp\u00edrito\u201d. Ponto final. Uma entrega irrestrita, total, fiel nos bra\u00e7os do Pai que o conhecia. A porta do amanh\u00e3 estava aberta a partir desse momento em que o gr\u00e3o de trigo morria. Morte e vida se misturam, se completam; aquele que morria j\u00e1 entrava na vida e podia arrastar outros, muitos outros para a vida em plenitude.<\/p>\n<p style=\"padding-left: 30px;\">\u2022 Temos esta cena diante de nossos olhos e arquivada nas dobras do cora\u00e7\u00e3o. Um pouco antes do desfecho, o ladr\u00e3o de cora\u00e7\u00e3o humilde reconhece suas faltas e sente-se pr\u00f3ximo desse que \u201cnada fez de mal\u201d. \u201cMestre, eu quero ser arrastado contigo. Quando tu vieres na for\u00e7a de sua vida tomar conta do mundo quero que te lembres de mim\u201d. \u201cDiante da morte, o crente se sente indefeso e vulner\u00e1vel como qualquer outro, como se sentiu, por outro lado, o pr\u00f3prio Jesus. Mas h\u00e1 algo que, no fundo de seu ser, o convida a confiar em Deus e a pronunciar as mesmas palavras de Jesus: \u201cPai, em tuas m\u00e3os entrego minha vida\u201d. \u00c9 esse o n\u00facleo central da f\u00e9 crist\u00e3: deixar-nos amar por Deus at\u00e9 a vida eterna, abrir-nos confiantemente ao mist\u00e9rio da morte, esperando tudo de seu amor criador. \u00c9 precisamente esta a ora\u00e7\u00e3o do malfeitor crucificado junto com Jesus.\u201d (Pagola).<\/p>\n<p style=\"padding-left: 30px;\">\u2022 O ladr\u00e3o tenta fazer com seus olhos se cruzem com os olhos de Jesus. Seu anseio de vida est\u00e1 colocado em Jesus. N\u00e3o importam os erros do passado, a infidelidade ou a vida med\u00edocre. Agora s\u00f3 conta a bondade e a for\u00e7a salvadora de Deus. Por isso, do cora\u00e7\u00e3o do crente de hoje e de sempre, brota uma ora\u00e7\u00e3o semelhante \u00e0 do bom ladr\u00e3o. Uma ora\u00e7\u00e3o que \u00e9 invoca\u00e7\u00e3o confiante, peti\u00e7\u00e3o de perd\u00e3o e sobretudo de f\u00e9 num Deus salvador. Cessam as perguntas. Em tuas m\u00e3os entrego minha vida&#8230; Aguardo o banquete da eternidade. E o ladr\u00e3o ouve estas palavras cheias de consola\u00e7\u00e3o: \u201cAsseguro-te: hoje estar\u00e1s comigo no para\u00edso!\u201d<\/p>\n<p><strong>Frei Almir Guimar\u00e3es<\/strong><\/p>\n<p style=\"text-align: right;\">\n","protected":false},"excerpt":{"rendered":"<p>1\u00aa Sexta-feira do M\u00eas<\/p>\n","protected":false},"author":1,"featured_media":178123,"comment_status":"open","ping_status":"open","sticky":false,"template":"","format":"standard","meta":{"footnotes":""},"categories":[105],"tags":[106,112],"yoast_head":"<!-- This site is optimized with the Yoast SEO plugin v19.4 - https:\/\/yoast.com\/wordpress\/plugins\/seo\/ -->\n<title>O bem-aventurado ladr\u00e3o - Vida Crist\u00e3 - Franciscanos<\/title>\n<meta name=\"robots\" content=\"index, follow, max-snippet:-1, max-image-preview:large, max-video-preview:-1\" \/>\n<link rel=\"canonical\" href=\"https:\/\/franciscanos.org.br\/vidacrista\/o-bem-aventurado-ladrao\/\" \/>\n<meta property=\"og:locale\" content=\"pt_BR\" \/>\n<meta property=\"og:type\" content=\"article\" \/>\n<meta property=\"og:title\" content=\"O bem-aventurado ladr\u00e3o - Vida Crist\u00e3 - Franciscanos\" \/>\n<meta property=\"og:description\" content=\"1\u00aa Sexta-feira do M\u00eas\" \/>\n<meta property=\"og:url\" content=\"https:\/\/franciscanos.org.br\/vidacrista\/o-bem-aventurado-ladrao\/\" \/>\n<meta property=\"og:site_name\" content=\"Vida Crist\u00e3 - Franciscanos\" \/>\n<meta property=\"article:published_time\" content=\"2016-07-01T03:49:30+00:00\" \/>\n<meta property=\"article:modified_time\" content=\"2019-03-01T16:17:50+00:00\" \/>\n<meta property=\"og:image\" content=\"https:\/\/franciscanos.org.br\/vidacrista\/wp-content\/uploads\/2016\/07\/sagrado_010616.jpg\" \/>\n\t<meta property=\"og:image:width\" content=\"273\" \/>\n\t<meta property=\"og:image:height\" content=\"181\" \/>\n\t<meta property=\"og:image:type\" content=\"image\/jpeg\" \/>\n<meta name=\"author\" content=\"admin\" \/>\n<meta name=\"twitter:card\" content=\"summary_large_image\" \/>\n<meta name=\"twitter:label1\" content=\"Escrito por\" \/>\n\t<meta name=\"twitter:data1\" content=\"admin\" \/>\n\t<meta name=\"twitter:label2\" content=\"Est. tempo de leitura\" \/>\n\t<meta name=\"twitter:data2\" content=\"3 minutos\" \/>\n<script type=\"application\/ld+json\" class=\"yoast-schema-graph\">{\"@context\":\"https:\/\/schema.org\",\"@graph\":[{\"@type\":\"WebSite\",\"@id\":\"https:\/\/franciscanos.org.br\/vidacrista\/#website\",\"url\":\"https:\/\/franciscanos.org.br\/vidacrista\/\",\"name\":\"Vida Crist\u00e3 - Franciscanos\",\"description\":\"Prov\u00edncia Franciscana da Imaculada Concei\u00e7\u00e3o do Brasil - Ordem dos Frades Menores\",\"potentialAction\":[{\"@type\":\"SearchAction\",\"target\":{\"@type\":\"EntryPoint\",\"urlTemplate\":\"https:\/\/franciscanos.org.br\/vidacrista\/?s={search_term_string}\"},\"query-input\":\"required name=search_term_string\"}],\"inLanguage\":\"pt-BR\"},{\"@type\":\"WebPage\",\"@id\":\"https:\/\/franciscanos.org.br\/vidacrista\/o-bem-aventurado-ladrao\/\",\"url\":\"https:\/\/franciscanos.org.br\/vidacrista\/o-bem-aventurado-ladrao\/\",\"name\":\"O bem-aventurado ladr\u00e3o - Vida Crist\u00e3 - Franciscanos\",\"isPartOf\":{\"@id\":\"https:\/\/franciscanos.org.br\/vidacrista\/#website\"},\"datePublished\":\"2016-07-01T03:49:30+00:00\",\"dateModified\":\"2019-03-01T16:17:50+00:00\",\"author\":{\"@id\":\"https:\/\/franciscanos.org.br\/vidacrista\/#\/schema\/person\/133632ca93cec555316a35f76ab4153b\"},\"breadcrumb\":{\"@id\":\"https:\/\/franciscanos.org.br\/vidacrista\/o-bem-aventurado-ladrao\/#breadcrumb\"},\"inLanguage\":\"pt-BR\",\"potentialAction\":[{\"@type\":\"ReadAction\",\"target\":[\"https:\/\/franciscanos.org.br\/vidacrista\/o-bem-aventurado-ladrao\/\"]}]},{\"@type\":\"BreadcrumbList\",\"@id\":\"https:\/\/franciscanos.org.br\/vidacrista\/o-bem-aventurado-ladrao\/#breadcrumb\",\"itemListElement\":[{\"@type\":\"ListItem\",\"position\":1,\"name\":\"Home\",\"item\":\"https:\/\/franciscanos.org.br\/vidacrista\/\"},{\"@type\":\"ListItem\",\"position\":2,\"name\":\"O bem-aventurado ladr\u00e3o\"}]},{\"@type\":\"Person\",\"@id\":\"https:\/\/franciscanos.org.br\/vidacrista\/#\/schema\/person\/133632ca93cec555316a35f76ab4153b\",\"name\":\"admin\",\"image\":{\"@type\":\"ImageObject\",\"inLanguage\":\"pt-BR\",\"@id\":\"https:\/\/franciscanos.org.br\/vidacrista\/#\/schema\/person\/image\/\",\"url\":\"https:\/\/secure.gravatar.com\/avatar\/e8495742d34d0ba6448ea1c628263b3e?s=96&d=mm&r=g\",\"contentUrl\":\"https:\/\/secure.gravatar.com\/avatar\/e8495742d34d0ba6448ea1c628263b3e?s=96&d=mm&r=g\",\"caption\":\"admin\"},\"url\":\"https:\/\/franciscanos.org.br\/vidacrista\/author\/admin\/\"}]}<\/script>\n<!-- \/ Yoast SEO plugin. -->","yoast_head_json":{"title":"O bem-aventurado ladr\u00e3o - Vida Crist\u00e3 - Franciscanos","robots":{"index":"index","follow":"follow","max-snippet":"max-snippet:-1","max-image-preview":"max-image-preview:large","max-video-preview":"max-video-preview:-1"},"canonical":"https:\/\/franciscanos.org.br\/vidacrista\/o-bem-aventurado-ladrao\/","og_locale":"pt_BR","og_type":"article","og_title":"O bem-aventurado ladr\u00e3o - Vida Crist\u00e3 - Franciscanos","og_description":"1\u00aa Sexta-feira do M\u00eas","og_url":"https:\/\/franciscanos.org.br\/vidacrista\/o-bem-aventurado-ladrao\/","og_site_name":"Vida Crist\u00e3 - Franciscanos","article_published_time":"2016-07-01T03:49:30+00:00","article_modified_time":"2019-03-01T16:17:50+00:00","og_image":[{"width":273,"height":181,"url":"https:\/\/franciscanos.org.br\/vidacrista\/wp-content\/uploads\/2016\/07\/sagrado_010616.jpg","type":"image\/jpeg"}],"author":"admin","twitter_card":"summary_large_image","twitter_misc":{"Escrito por":"admin","Est. tempo de leitura":"3 minutos"},"schema":{"@context":"https:\/\/schema.org","@graph":[{"@type":"WebSite","@id":"https:\/\/franciscanos.org.br\/vidacrista\/#website","url":"https:\/\/franciscanos.org.br\/vidacrista\/","name":"Vida Crist\u00e3 - Franciscanos","description":"Prov\u00edncia Franciscana da Imaculada Concei\u00e7\u00e3o do Brasil - Ordem dos Frades Menores","potentialAction":[{"@type":"SearchAction","target":{"@type":"EntryPoint","urlTemplate":"https:\/\/franciscanos.org.br\/vidacrista\/?s={search_term_string}"},"query-input":"required name=search_term_string"}],"inLanguage":"pt-BR"},{"@type":"WebPage","@id":"https:\/\/franciscanos.org.br\/vidacrista\/o-bem-aventurado-ladrao\/","url":"https:\/\/franciscanos.org.br\/vidacrista\/o-bem-aventurado-ladrao\/","name":"O bem-aventurado ladr\u00e3o - Vida Crist\u00e3 - Franciscanos","isPartOf":{"@id":"https:\/\/franciscanos.org.br\/vidacrista\/#website"},"datePublished":"2016-07-01T03:49:30+00:00","dateModified":"2019-03-01T16:17:50+00:00","author":{"@id":"https:\/\/franciscanos.org.br\/vidacrista\/#\/schema\/person\/133632ca93cec555316a35f76ab4153b"},"breadcrumb":{"@id":"https:\/\/franciscanos.org.br\/vidacrista\/o-bem-aventurado-ladrao\/#breadcrumb"},"inLanguage":"pt-BR","potentialAction":[{"@type":"ReadAction","target":["https:\/\/franciscanos.org.br\/vidacrista\/o-bem-aventurado-ladrao\/"]}]},{"@type":"BreadcrumbList","@id":"https:\/\/franciscanos.org.br\/vidacrista\/o-bem-aventurado-ladrao\/#breadcrumb","itemListElement":[{"@type":"ListItem","position":1,"name":"Home","item":"https:\/\/franciscanos.org.br\/vidacrista\/"},{"@type":"ListItem","position":2,"name":"O bem-aventurado ladr\u00e3o"}]},{"@type":"Person","@id":"https:\/\/franciscanos.org.br\/vidacrista\/#\/schema\/person\/133632ca93cec555316a35f76ab4153b","name":"admin","image":{"@type":"ImageObject","inLanguage":"pt-BR","@id":"https:\/\/franciscanos.org.br\/vidacrista\/#\/schema\/person\/image\/","url":"https:\/\/secure.gravatar.com\/avatar\/e8495742d34d0ba6448ea1c628263b3e?s=96&d=mm&r=g","contentUrl":"https:\/\/secure.gravatar.com\/avatar\/e8495742d34d0ba6448ea1c628263b3e?s=96&d=mm&r=g","caption":"admin"},"url":"https:\/\/franciscanos.org.br\/vidacrista\/author\/admin\/"}]}},"_links":{"self":[{"href":"https:\/\/franciscanos.org.br\/vidacrista\/wp-json\/wp\/v2\/posts\/111904"}],"collection":[{"href":"https:\/\/franciscanos.org.br\/vidacrista\/wp-json\/wp\/v2\/posts"}],"about":[{"href":"https:\/\/franciscanos.org.br\/vidacrista\/wp-json\/wp\/v2\/types\/post"}],"author":[{"embeddable":true,"href":"https:\/\/franciscanos.org.br\/vidacrista\/wp-json\/wp\/v2\/users\/1"}],"replies":[{"embeddable":true,"href":"https:\/\/franciscanos.org.br\/vidacrista\/wp-json\/wp\/v2\/comments?post=111904"}],"version-history":[{"count":2,"href":"https:\/\/franciscanos.org.br\/vidacrista\/wp-json\/wp\/v2\/posts\/111904\/revisions"}],"predecessor-version":[{"id":178125,"href":"https:\/\/franciscanos.org.br\/vidacrista\/wp-json\/wp\/v2\/posts\/111904\/revisions\/178125"}],"wp:featuredmedia":[{"embeddable":true,"href":"https:\/\/franciscanos.org.br\/vidacrista\/wp-json\/wp\/v2\/media\/178123"}],"wp:attachment":[{"href":"https:\/\/franciscanos.org.br\/vidacrista\/wp-json\/wp\/v2\/media?parent=111904"}],"wp:term":[{"taxonomy":"category","embeddable":true,"href":"https:\/\/franciscanos.org.br\/vidacrista\/wp-json\/wp\/v2\/categories?post=111904"},{"taxonomy":"post_tag","embeddable":true,"href":"https:\/\/franciscanos.org.br\/vidacrista\/wp-json\/wp\/v2\/tags?post=111904"}],"curies":[{"name":"wp","href":"https:\/\/api.w.org\/{rel}","templated":true}]}}