{"id":110426,"date":"2016-06-03T07:49:26","date_gmt":"2016-06-03T10:49:26","guid":{"rendered":"http:\/\/franciscanos.org.br\/?p=110426"},"modified":"2019-03-01T13:17:55","modified_gmt":"2019-03-01T16:17:55","slug":"o-coracao-que-nao-cabia-no-peito","status":"publish","type":"post","link":"https:\/\/franciscanos.org.br\/vidacrista\/o-coracao-que-nao-cabia-no-peito\/","title":{"rendered":"&#8220;O cora\u00e7\u00e3o que n\u00e3o cabia no peito&#8221;"},"content":{"rendered":"<p><img decoding=\"async\" loading=\"lazy\" class=\"alignleft wp-image-110431\" src=\"http:\/\/franciscanos.org.br\/wp-content\/uploads\/2016\/06\/sagrado_5.jpg\" alt=\"sagrado_5\" width=\"375\" height=\"1022\" \/>Uma das mais belas solenidades do Senhor Jesus \u00e9 certamente esta em que enaltecemos a generosidade de seu cora\u00e7\u00e3o. N\u00e3o nos cansamos de contemplar a fresta do peito aberto do Salvador. Seu cora\u00e7\u00e3o grande e generoso n\u00e3o cabe em seu peito. Nesta bela solenidade sentimentos v\u00e1rios tomam conta de cada um dos disc\u00edpulos do Senhor.<\/p>\n<p>Ezequiel nos tra\u00e7a um bel\u00edssimo quadro de um pastor cheio de bondade. Imaginamos um homem relativamente jovem no auge de suas for\u00e7as que \u00e9 figura de Jesus de Nazar\u00e9, Jesus do peito aberto no alto da cruz: \u201cVou procurar minhas ovelhas. Tomarei conta delas. Vou resgat\u00e1-las dos lugares de nuvens, sombras e chuva. Vou lev\u00e1-las a boas pastagens, repousar\u00e3o em prados verdejantes. De modo especial vou procurar a ovelha perdida, reconduzir a extraviada, enfaixar a de perna quebrada, a doente. Vou cuidar tamb\u00e9m da ovelha gorda. Vou preparar para elas uma mesa diante do inimigo\u201d.<\/p>\n<p>Paulo nos encoraja: \u201cA prova de que Deus nos ama \u00e9 que Cristo morreu por n\u00f3s quando \u00e9ramos ainda pecadores. Muito mais agora que j\u00e1 estamos justificados pelo sangue de Cristo\u201d. Paulo recorda que o Esp\u00edrito, como \u00e1gua, foi derramado em nossos cora\u00e7\u00f5es. Esse Esp\u00edrito nos lembra as fa\u00e7anhas amorosas de Deus em Jesus, nos faz corar de vergonha porque n\u00e3o agradecemos as finezas desse cora\u00e7\u00e3o que amou at\u00e9 o fim.<\/p>\n<p>Um Deus que faz festa quando busca a ovelha perdida: \u201cQuando a encontra, coloca-a nos ombros com alegria e, chegando \u00e0 casa, re\u00fane amigos e vizinhos e diz: Alegrai-vos comigo! Encontrei a minha ovelha que estava perdida! Eu vos digo, assim haver\u00e1 no c\u00e9u mais alegria por um s\u00f3 pecador que se converte do que por noventa e nove justos que n\u00e3o precisam de convers\u00e3o\u201d.<\/p>\n<p><strong>Conclus\u00e3o do Missal Dominical da Paulus:<\/strong><\/p>\n<p><em>\u201cO homem tra\u00eddo, em geral se vinga. Deus tamb\u00e9m o faz, mas a seu modo. Mostra o maior amor misericordioso, isto \u00e9, um amor que se derrama exatamente onde h\u00e1 mais mis\u00e9ria, vai em busca de quem o abandonou, o ultrajou e o traiu. S\u00f3 Deus sabe avaliar o mal que \u00e9 o pecado e s\u00f3 ele, que \u00e9 bondade e tudo pode, quer e pode libertar-nos. Tomando para si a imagem do pastor, Jesus afirmou que ele mesmo vai solicitamente em busca da ovelha desgarrada e a conduz ao ovil com alegria. No evangelho de Lucas, depois desta par\u00e1bola segue-se a da moeda perdida e encontrada pela mulher que possu\u00eda apenas dez moedas e a do filho pr\u00f3digo. A conclus\u00e3o \u00e9 sempre a mesma. Deus faz festa por um pecador que se converte, mais do que por muitos justos que n\u00e3o t\u00eam necessidade de converter-se. \u00c9 o amor que se alegra em salvar; se alegra por ter salvo. Assim \u00e9 o amor de Deus que se encarnou em Cristo. Devemos perguntar-nos a n\u00f3s mesmos se procuramos nos aproximar daquele que nos ofendeu, apertar a m\u00e3o de quem nos maltratou, abra\u00e7ar como amigo algu\u00e9m que nos traiu (p. 541).<\/em><\/p>\n<p><strong>Frei Almir Guimar\u00e3es<\/strong><\/p>\n","protected":false},"excerpt":{"rendered":"<p>1\u00aa Sexta-feira do m\u00eas<\/p>\n","protected":false},"author":1,"featured_media":178126,"comment_status":"open","ping_status":"open","sticky":false,"template":"","format":"standard","meta":{"footnotes":""},"categories":[105],"tags":[106,112],"yoast_head":"<!-- This site is optimized with the Yoast SEO plugin v19.4 - https:\/\/yoast.com\/wordpress\/plugins\/seo\/ -->\n<title>&quot;O cora\u00e7\u00e3o que n\u00e3o cabia no peito&quot; - Vida Crist\u00e3 - Franciscanos<\/title>\n<meta name=\"robots\" content=\"index, follow, max-snippet:-1, max-image-preview:large, max-video-preview:-1\" \/>\n<link rel=\"canonical\" href=\"https:\/\/franciscanos.org.br\/vidacrista\/o-coracao-que-nao-cabia-no-peito\/\" \/>\n<meta property=\"og:locale\" content=\"pt_BR\" \/>\n<meta property=\"og:type\" content=\"article\" \/>\n<meta property=\"og:title\" content=\"&quot;O cora\u00e7\u00e3o que n\u00e3o cabia no peito&quot; - Vida Crist\u00e3 - Franciscanos\" \/>\n<meta property=\"og:description\" content=\"1\u00aa Sexta-feira do m\u00eas\" \/>\n<meta property=\"og:url\" content=\"https:\/\/franciscanos.org.br\/vidacrista\/o-coracao-que-nao-cabia-no-peito\/\" \/>\n<meta property=\"og:site_name\" content=\"Vida Crist\u00e3 - Franciscanos\" \/>\n<meta property=\"article:published_time\" content=\"2016-06-03T10:49:26+00:00\" \/>\n<meta property=\"article:modified_time\" content=\"2019-03-01T16:17:55+00:00\" \/>\n<meta property=\"og:image\" content=\"https:\/\/franciscanos.org.br\/vidacrista\/wp-content\/uploads\/2016\/06\/sagrado_030616.jpg\" \/>\n\t<meta property=\"og:image:width\" content=\"273\" \/>\n\t<meta property=\"og:image:height\" content=\"181\" \/>\n\t<meta property=\"og:image:type\" content=\"image\/jpeg\" \/>\n<meta name=\"author\" content=\"admin\" \/>\n<meta name=\"twitter:card\" content=\"summary_large_image\" \/>\n<meta name=\"twitter:label1\" content=\"Escrito por\" \/>\n\t<meta name=\"twitter:data1\" content=\"admin\" \/>\n\t<meta name=\"twitter:label2\" content=\"Est. tempo de leitura\" \/>\n\t<meta name=\"twitter:data2\" content=\"3 minutos\" \/>\n<script type=\"application\/ld+json\" class=\"yoast-schema-graph\">{\"@context\":\"https:\/\/schema.org\",\"@graph\":[{\"@type\":\"WebSite\",\"@id\":\"https:\/\/franciscanos.org.br\/vidacrista\/#website\",\"url\":\"https:\/\/franciscanos.org.br\/vidacrista\/\",\"name\":\"Vida Crist\u00e3 - Franciscanos\",\"description\":\"Prov\u00edncia Franciscana da Imaculada Concei\u00e7\u00e3o do Brasil - Ordem dos Frades Menores\",\"potentialAction\":[{\"@type\":\"SearchAction\",\"target\":{\"@type\":\"EntryPoint\",\"urlTemplate\":\"https:\/\/franciscanos.org.br\/vidacrista\/?s={search_term_string}\"},\"query-input\":\"required name=search_term_string\"}],\"inLanguage\":\"pt-BR\"},{\"@type\":\"WebPage\",\"@id\":\"https:\/\/franciscanos.org.br\/vidacrista\/o-coracao-que-nao-cabia-no-peito\/\",\"url\":\"https:\/\/franciscanos.org.br\/vidacrista\/o-coracao-que-nao-cabia-no-peito\/\",\"name\":\"\\\"O cora\u00e7\u00e3o que n\u00e3o cabia no peito\\\" - Vida Crist\u00e3 - Franciscanos\",\"isPartOf\":{\"@id\":\"https:\/\/franciscanos.org.br\/vidacrista\/#website\"},\"datePublished\":\"2016-06-03T10:49:26+00:00\",\"dateModified\":\"2019-03-01T16:17:55+00:00\",\"author\":{\"@id\":\"https:\/\/franciscanos.org.br\/vidacrista\/#\/schema\/person\/133632ca93cec555316a35f76ab4153b\"},\"breadcrumb\":{\"@id\":\"https:\/\/franciscanos.org.br\/vidacrista\/o-coracao-que-nao-cabia-no-peito\/#breadcrumb\"},\"inLanguage\":\"pt-BR\",\"potentialAction\":[{\"@type\":\"ReadAction\",\"target\":[\"https:\/\/franciscanos.org.br\/vidacrista\/o-coracao-que-nao-cabia-no-peito\/\"]}]},{\"@type\":\"BreadcrumbList\",\"@id\":\"https:\/\/franciscanos.org.br\/vidacrista\/o-coracao-que-nao-cabia-no-peito\/#breadcrumb\",\"itemListElement\":[{\"@type\":\"ListItem\",\"position\":1,\"name\":\"Home\",\"item\":\"https:\/\/franciscanos.org.br\/vidacrista\/\"},{\"@type\":\"ListItem\",\"position\":2,\"name\":\"&#8220;O cora\u00e7\u00e3o que n\u00e3o cabia no peito&#8221;\"}]},{\"@type\":\"Person\",\"@id\":\"https:\/\/franciscanos.org.br\/vidacrista\/#\/schema\/person\/133632ca93cec555316a35f76ab4153b\",\"name\":\"admin\",\"image\":{\"@type\":\"ImageObject\",\"inLanguage\":\"pt-BR\",\"@id\":\"https:\/\/franciscanos.org.br\/vidacrista\/#\/schema\/person\/image\/\",\"url\":\"https:\/\/secure.gravatar.com\/avatar\/e8495742d34d0ba6448ea1c628263b3e?s=96&d=mm&r=g\",\"contentUrl\":\"https:\/\/secure.gravatar.com\/avatar\/e8495742d34d0ba6448ea1c628263b3e?s=96&d=mm&r=g\",\"caption\":\"admin\"},\"url\":\"https:\/\/franciscanos.org.br\/vidacrista\/author\/admin\/\"}]}<\/script>\n<!-- \/ Yoast SEO plugin. -->","yoast_head_json":{"title":"\"O cora\u00e7\u00e3o que n\u00e3o cabia no peito\" - Vida Crist\u00e3 - Franciscanos","robots":{"index":"index","follow":"follow","max-snippet":"max-snippet:-1","max-image-preview":"max-image-preview:large","max-video-preview":"max-video-preview:-1"},"canonical":"https:\/\/franciscanos.org.br\/vidacrista\/o-coracao-que-nao-cabia-no-peito\/","og_locale":"pt_BR","og_type":"article","og_title":"\"O cora\u00e7\u00e3o que n\u00e3o cabia no peito\" - Vida Crist\u00e3 - Franciscanos","og_description":"1\u00aa Sexta-feira do m\u00eas","og_url":"https:\/\/franciscanos.org.br\/vidacrista\/o-coracao-que-nao-cabia-no-peito\/","og_site_name":"Vida Crist\u00e3 - Franciscanos","article_published_time":"2016-06-03T10:49:26+00:00","article_modified_time":"2019-03-01T16:17:55+00:00","og_image":[{"width":273,"height":181,"url":"https:\/\/franciscanos.org.br\/vidacrista\/wp-content\/uploads\/2016\/06\/sagrado_030616.jpg","type":"image\/jpeg"}],"author":"admin","twitter_card":"summary_large_image","twitter_misc":{"Escrito por":"admin","Est. tempo de leitura":"3 minutos"},"schema":{"@context":"https:\/\/schema.org","@graph":[{"@type":"WebSite","@id":"https:\/\/franciscanos.org.br\/vidacrista\/#website","url":"https:\/\/franciscanos.org.br\/vidacrista\/","name":"Vida Crist\u00e3 - Franciscanos","description":"Prov\u00edncia Franciscana da Imaculada Concei\u00e7\u00e3o do Brasil - Ordem dos Frades Menores","potentialAction":[{"@type":"SearchAction","target":{"@type":"EntryPoint","urlTemplate":"https:\/\/franciscanos.org.br\/vidacrista\/?s={search_term_string}"},"query-input":"required name=search_term_string"}],"inLanguage":"pt-BR"},{"@type":"WebPage","@id":"https:\/\/franciscanos.org.br\/vidacrista\/o-coracao-que-nao-cabia-no-peito\/","url":"https:\/\/franciscanos.org.br\/vidacrista\/o-coracao-que-nao-cabia-no-peito\/","name":"\"O cora\u00e7\u00e3o que n\u00e3o cabia no peito\" - Vida Crist\u00e3 - Franciscanos","isPartOf":{"@id":"https:\/\/franciscanos.org.br\/vidacrista\/#website"},"datePublished":"2016-06-03T10:49:26+00:00","dateModified":"2019-03-01T16:17:55+00:00","author":{"@id":"https:\/\/franciscanos.org.br\/vidacrista\/#\/schema\/person\/133632ca93cec555316a35f76ab4153b"},"breadcrumb":{"@id":"https:\/\/franciscanos.org.br\/vidacrista\/o-coracao-que-nao-cabia-no-peito\/#breadcrumb"},"inLanguage":"pt-BR","potentialAction":[{"@type":"ReadAction","target":["https:\/\/franciscanos.org.br\/vidacrista\/o-coracao-que-nao-cabia-no-peito\/"]}]},{"@type":"BreadcrumbList","@id":"https:\/\/franciscanos.org.br\/vidacrista\/o-coracao-que-nao-cabia-no-peito\/#breadcrumb","itemListElement":[{"@type":"ListItem","position":1,"name":"Home","item":"https:\/\/franciscanos.org.br\/vidacrista\/"},{"@type":"ListItem","position":2,"name":"&#8220;O cora\u00e7\u00e3o que n\u00e3o cabia no peito&#8221;"}]},{"@type":"Person","@id":"https:\/\/franciscanos.org.br\/vidacrista\/#\/schema\/person\/133632ca93cec555316a35f76ab4153b","name":"admin","image":{"@type":"ImageObject","inLanguage":"pt-BR","@id":"https:\/\/franciscanos.org.br\/vidacrista\/#\/schema\/person\/image\/","url":"https:\/\/secure.gravatar.com\/avatar\/e8495742d34d0ba6448ea1c628263b3e?s=96&d=mm&r=g","contentUrl":"https:\/\/secure.gravatar.com\/avatar\/e8495742d34d0ba6448ea1c628263b3e?s=96&d=mm&r=g","caption":"admin"},"url":"https:\/\/franciscanos.org.br\/vidacrista\/author\/admin\/"}]}},"_links":{"self":[{"href":"https:\/\/franciscanos.org.br\/vidacrista\/wp-json\/wp\/v2\/posts\/110426"}],"collection":[{"href":"https:\/\/franciscanos.org.br\/vidacrista\/wp-json\/wp\/v2\/posts"}],"about":[{"href":"https:\/\/franciscanos.org.br\/vidacrista\/wp-json\/wp\/v2\/types\/post"}],"author":[{"embeddable":true,"href":"https:\/\/franciscanos.org.br\/vidacrista\/wp-json\/wp\/v2\/users\/1"}],"replies":[{"embeddable":true,"href":"https:\/\/franciscanos.org.br\/vidacrista\/wp-json\/wp\/v2\/comments?post=110426"}],"version-history":[{"count":1,"href":"https:\/\/franciscanos.org.br\/vidacrista\/wp-json\/wp\/v2\/posts\/110426\/revisions"}],"predecessor-version":[{"id":178127,"href":"https:\/\/franciscanos.org.br\/vidacrista\/wp-json\/wp\/v2\/posts\/110426\/revisions\/178127"}],"wp:featuredmedia":[{"embeddable":true,"href":"https:\/\/franciscanos.org.br\/vidacrista\/wp-json\/wp\/v2\/media\/178126"}],"wp:attachment":[{"href":"https:\/\/franciscanos.org.br\/vidacrista\/wp-json\/wp\/v2\/media?parent=110426"}],"wp:term":[{"taxonomy":"category","embeddable":true,"href":"https:\/\/franciscanos.org.br\/vidacrista\/wp-json\/wp\/v2\/categories?post=110426"},{"taxonomy":"post_tag","embeddable":true,"href":"https:\/\/franciscanos.org.br\/vidacrista\/wp-json\/wp\/v2\/tags?post=110426"}],"curies":[{"name":"wp","href":"https:\/\/api.w.org\/{rel}","templated":true}]}}