{"id":108731,"date":"2016-05-04T07:36:08","date_gmt":"2016-05-04T10:36:08","guid":{"rendered":"http:\/\/franciscanos.org.br\/?p=108731"},"modified":"2020-05-22T13:05:12","modified_gmt":"2020-05-22T16:05:12","slug":"um-certo-nicodemos-procura-jesus-a-noite","status":"publish","type":"post","link":"https:\/\/franciscanos.org.br\/vidacrista\/um-certo-nicodemos-procura-jesus-a-noite\/","title":{"rendered":"Um certo Nicodemos procura Jesus \u00e0 noite"},"content":{"rendered":"<p><img decoding=\"async\" loading=\"lazy\" src=\"http:\/\/franciscanos.org.br\/wp-content\/uploads\/2016\/05\/nicodmeus_g.jpg\" alt=\"nicodmeus_g\" width=\"820\" height=\"325\" \/><\/p>\n<blockquote><p>M\u00eas ap\u00f3s m\u00eas procuramos vivenciar a espiritualidade da primeira-sexta-feira que significa contemplar as grandezas do Cora\u00e7\u00e3o de Jesus. Nas \u00faltimas primeiras sextas-feiras temos refletido sobre encontros do Senhor com personagens e que s\u00e3o relatados nas p\u00e1ginas dos evangelhos. Nesses encontros, revela-se a profundidade do Cora\u00e7\u00e3o do Redentor. Hoje queremos refletir sobre o encontro de Jesus com Nicodemos. Quem quer ingressar no mundo de Jesus precisa nascer do alto. A carne \u00e9 carne. O Esp\u00edrito \u00e9 esp\u00edrito.<\/p><\/blockquote>\n<p><strong>Texto evang\u00e9lico<\/strong><\/p>\n<p>Antes de ler a reflex\u00e3o o leitor haver\u00e1 de ler calmamente Jo\u00e3o 3, 1-21 <em>(texto ao lado)<\/em><\/p>\n<p><strong>Reflex\u00e3o<\/strong><\/p>\n<p>Estamos diante do belo encontro de Jesus com Nicodemos. O quarto evangelista procura tra\u00e7ar o perfil de Nicodemos. Era um fariseu importante. Encontrou-se com Jesus \u00e0 noite. Seria receio de ser criticado pelos seus colegas da seita dos fariseus por ter se interessado por Jesus? Aproxima-se de Jesus desejoso de saber como ingressar nesse mundo novo de que falava o Mestre, nesse Reino. \u201cRabi, sabemos que vieste como Mestre da parte de Deus, pois ningu\u00e9m pode fazer os sinais que fazes, se Deus n\u00e3o estiver com ele\u201d.<\/p>\n<table border=\"0\" width=\"450\" cellspacing=\"3\" cellpadding=\"3\" align=\"right\">\n<tbody>\n<tr>\n<td bgcolor=\"#CCCCCC\">\n<h4>Jo\u00e3o 3, 1-21<\/h4>\n<p><em>* 1 Entre os fariseus havia um homem chamado Nicodemos. Era um judeu importante. 2 Ele foi encontrar-se de noite com Jesus, e disse: \u00abRabi, sabemos que tu \u00e9s um Mestre vindo da parte de Deus. Realmente, ningu\u00e9m pode realizar os sinais que tu fazes, se Deus n\u00e3o est\u00e1 com ele.\u00bb 3 Jesus respondeu: \u00abEu garanto a voc\u00ea: se algu\u00e9m n\u00e3o nasce do alto, n\u00e3o poder\u00e1 ver o Reino de Deus.\u00bb<\/em><br \/>\n<em> 4 Nicodemos disse: \u00abComo \u00e9 que um homem pode nascer de novo, se j\u00e1 \u00e9 velho? Poder\u00e1 entrar outra vez no ventre de sua m\u00e3e e nascer?\u00bb 5 Jesus respondeu: \u00abEu garanto a voc\u00ea: ningu\u00e9m pode entrar no Reino de Deus, se n\u00e3o nasce da \u00e1gua e do Esp\u00edrito. 6 Quem nasce da carne \u00e9 carne, quem nasce do Esp\u00edrito \u00e9 esp\u00edrito. 7 N\u00e3o se espante se eu digo que \u00e9 preciso voc\u00eas nascerem do alto. 8 O vento sopra onde quer, voc\u00ea ouve o barulho, mas n\u00e3o sabe de onde ele vem, nem para onde vai. Acontece a mesma coisa com quem nasceu do Esp\u00edrito.\u00bb<\/em><br \/>\n<em> * 9 Nicodemos perguntou: \u00abComo \u00e9 que isso pode acontecer?\u00bb 10 Jesus respondeu: \u00abVoc\u00ea \u00e9 o mestre em Israel e n\u00e3o sabe essas coisas? 11 Eu garanto a voc\u00ea: n\u00f3s falamos aquilo que sabemos, e damos testemunho daquilo que vimos, mas, apesar disso, voc\u00eas n\u00e3o aceitam o nosso testemunho. 12 Se voc\u00eas n\u00e3o acreditam quando eu falo sobre as coisas da terra, como poder\u00e3o acreditar quando eu lhes falar das coisas do c\u00e9u?<\/em><br \/>\n<em> 13 Ningu\u00e9m subiu ao c\u00e9u, a n\u00e3o ser aquele que desceu do c\u00e9u: o Filho do Homem. 14 Assim como Mois\u00e9s levantou a serpente no deserto, do mesmo modo \u00e9 preciso que o Filho do Homem seja levantado. 15 Assim, todo aquele que nele acreditar, nele ter\u00e1 a vida eterna.\u00bb<\/em><br \/>\n<em> * 16 \u00abPois Deus amou de tal forma o mundo, que entregou o seu Filho \u00fanico, para que todo o que nele acredita n\u00e3o morra, mas tenha a vida eterna. 17 De fato, Deus enviou o seu Filho ao mundo, n\u00e3o para condenar o mundo, e sim para que o mundo seja salvo por meio dele. 18 Quem acredita nele, n\u00e3o est\u00e1 condenado; quem n\u00e3o acredita, j\u00e1 est\u00e1 condenado, porque n\u00e3o acreditou no nome do Filho \u00fanico de Deus.<\/em><br \/>\n<em> 19 O julgamento \u00e9 este: a luz veio ao mundo, mas os homens preferiram as trevas \u00e0 luz, porque suas a\u00e7\u00f5es eram m\u00e1s. 20 Quem pratica o mal, tem \u00f3dio da luz, e n\u00e3o se aproxima da luz, para que suas a\u00e7\u00f5es n\u00e3o sejam desmascaradas. 21 Mas, quem age conforme \u00e0 verdade, se aproxima da luz, para que suas a\u00e7\u00f5es sejam vistas, porque s\u00e3o feitas como Deus quer.\u00bb<\/em><\/td>\n<\/tr>\n<\/tbody>\n<\/table>\n<p>Todo mundo, ou quase todo mundo, conhece Nicodemos. Para muitos, ele passou a ser \u201cpadroeiro dos ing\u00eanuos\u201d, pelo fato de ter colocado uma \u201cc\u00e2ndida\u201d pergunta a Jesus: \u201cComo pode um homem nascer quando j\u00e1 \u00e9 velho? Pode entrar novamente no seio de sua m\u00e3e e renascer?\u201d<\/p>\n<p>\u00c9 poss\u00edvel que tenha procurado Jesus no cair da tarde porque naquela terra fazia muito calor. Talvez tamb\u00e9m porque nesse momento do dia a palavra costuma ser mais livre e mais verdadeira.<\/p>\n<p>Nicodemos era certamente um homem piedoso e fiel a Deus. Desde o come\u00e7o da conversa com Jesus ele afirma: \u201cNingu\u00e9m pode fazer os sinais que colocas se Deus n\u00e3o est\u00e1 com ele\u201d. Precisamente porque este fariseu j\u00e1 havia estabelecido um liame entre Deus e Jesus, o Mestre est\u00e1 em condi\u00e7\u00f5es de lhe fazer uma revela\u00e7\u00e3o essencial: \u201cQuem n\u00e3o nascer do alto n\u00e3o pode nascer do alto, n\u00e3o pode ver o Reino de Deus\u201d.<\/p>\n<p>Important\u00edssimo para um homem ver o Reino de Deus. A terra parece ser o reino do mal com suas manifesta\u00e7\u00f5es de viol\u00eancia, \u00f3dio, injusti\u00e7as, enfrentamentos e escravid\u00f5es. Quando pedimos a Deus que ele permita vir o Reino, esse seu Reino \u00e9 porque constatamos sua aus\u00eancia e temos saudade dele dentro do cora\u00e7\u00e3o. Quando em certas ocasi\u00f5es o amor supera o \u00f3dio, o servi\u00e7o dos outros destr\u00f3i a vontade de domina\u00e7\u00e3o, quando o esp\u00edrito de unidade vence a viol\u00eancia e a desuni\u00e3o somos possu\u00eddos da certeza de que o Reino est\u00e1 pr\u00f3ximo. Neste, os pobres de cora\u00e7\u00e3o s\u00e3o felizes, os mansos possuem a terra, os aflitos s\u00e3o consolados, onde se vive a miseric\u00f3rdia.<\/p>\n<p>Ser\u00e1 que Nicodemos havia se dado conta de que o jovem profeta de Nazar\u00e9 vivia neste Reino e os \u201csinais\u201d de que falavam eram estes acima mencionados? Diante desta f\u00e9, Jesus lhe faz a luminosa proposta de entrar no Reino, neste Reino. Para tanto deveria renascer.<\/p>\n<p>Perfeitamente compreens\u00edvel a admira\u00e7\u00e3o de Nicodemos e sua pergunta: \u201cComo isto pode se fazer?\u201d, perguntou Maria ao anjo, eterna pergunta que o homem dirige a Deus. E Deus responde que \u00e9 necess\u00e1rio renascer.<\/p>\n<p>Para que isso aconte\u00e7a ser\u00e1 preciso ter em si um verdadeiro esp\u00edrito de inf\u00e2ncia. Trata-se de come\u00e7ar uma nova vida, ou melhor, levar a mesma de maneira diferente, lev\u00e1-la \u00e0 maneira de Jesus de Nazar\u00e9. Para tanto ser\u00e1 necess\u00e1rio efetuar uma passagem, uma p\u00e1scoa, abandonar o que se tem em si de velho, de gasto para reencontrar uma juventude nova na \u00e1gua vivificadora e o Esp\u00edrito que renova todas as coisas: \u201cO que nasceu da carne \u00e9 carne, o que nasceu do Esp\u00edrito \u00e9 espirito\u201d. Aos que aceitam empreender esta aventura ser\u00e1 dado \u201cver\u201d os contornos do Reino. O Reino est\u00e1 no meio do mundo, tesouro escondido nos campos do mundo. N\u00e3o \u00e9 ingenuidade procur\u00e1-lo, mas grande sabedoria: \u201cO vento sopra para onde bem entende: tu ouves o barulho mas n\u00e3o sabes de onde vem nem para onde vai. Assim \u00e9 todo aquele que nasceu do Esp\u00edrito\u201d.<\/p>\n<p>Nicodemos pergunta ainda: \u201cComo pode acontecer isso?\u201d Jesus, por sua parte, admira-se: \u201cTu \u00e9s Mestre em Israel e n\u00e3o compreendes estas coisas?\u201d Nesse momento, Jesus revela algo do mist\u00e9rio de Deus e de sua pr\u00f3pria miss\u00e3o no meio dos homens: \u201cDeus amou tanto o mundo que lhe entregou seu Filho \u00fanico\u201d.<\/p>\n<p>Nicodemos n\u00e3o veio em v\u00e3o ter com Jesus. Seu horizonte se tornou mais amplo. Guardar\u00e1 como um tesouro a mensagem de Cristo: \u201cQuem pratica a verdade vem \u00e0 luz\u201d. Nicodemos ter\u00e1 de defender esse Mestre que veio da parte de Deus (Jo 7, 50-52). Quando tudo estiver consumado, Nicodemos levar\u00e1 ao t\u00famulo de Jesus trinta quilos de uma mistura de mirra e alo\u00e9s (cf. Jo 19,39).<br \/>\nInspirado em Fran\u00e7ois Montfort, &#8220;Rencontres avec le Christ &#8211; F\u00eates et Saisons&#8221;, n. 312, p. 11<\/p>\n","protected":false},"excerpt":{"rendered":"<p>Reflex\u00e3o<\/p>\n","protected":false},"author":1,"featured_media":184656,"comment_status":"open","ping_status":"open","sticky":false,"template":"","format":"standard","meta":{"footnotes":""},"categories":[105],"tags":[106,112],"yoast_head":"<!-- This site is optimized with the Yoast SEO plugin v19.4 - https:\/\/yoast.com\/wordpress\/plugins\/seo\/ -->\n<title>Um certo Nicodemos procura Jesus \u00e0 noite - Vida Crist\u00e3 - Franciscanos<\/title>\n<meta name=\"robots\" content=\"index, follow, max-snippet:-1, max-image-preview:large, max-video-preview:-1\" \/>\n<link rel=\"canonical\" href=\"https:\/\/franciscanos.org.br\/vidacrista\/um-certo-nicodemos-procura-jesus-a-noite\/\" \/>\n<meta property=\"og:locale\" content=\"pt_BR\" \/>\n<meta property=\"og:type\" content=\"article\" \/>\n<meta property=\"og:title\" content=\"Um certo Nicodemos procura Jesus \u00e0 noite - Vida Crist\u00e3 - Franciscanos\" \/>\n<meta property=\"og:description\" content=\"Reflex\u00e3o\" \/>\n<meta property=\"og:url\" content=\"https:\/\/franciscanos.org.br\/vidacrista\/um-certo-nicodemos-procura-jesus-a-noite\/\" \/>\n<meta property=\"og:site_name\" content=\"Vida Crist\u00e3 - Franciscanos\" \/>\n<meta property=\"article:published_time\" content=\"2016-05-04T10:36:08+00:00\" \/>\n<meta property=\"article:modified_time\" content=\"2020-05-22T16:05:12+00:00\" \/>\n<meta property=\"og:image\" content=\"https:\/\/franciscanos.org.br\/vidacrista\/wp-content\/uploads\/2016\/05\/nicodmeus_g.jpg\" \/>\n\t<meta property=\"og:image:width\" content=\"800\" \/>\n\t<meta property=\"og:image:height\" content=\"599\" \/>\n\t<meta property=\"og:image:type\" content=\"image\/jpeg\" \/>\n<meta name=\"author\" content=\"admin\" \/>\n<meta name=\"twitter:card\" content=\"summary_large_image\" \/>\n<meta name=\"twitter:label1\" content=\"Escrito por\" \/>\n\t<meta name=\"twitter:data1\" content=\"admin\" \/>\n\t<meta name=\"twitter:label2\" content=\"Est. tempo de leitura\" \/>\n\t<meta name=\"twitter:data2\" content=\"7 minutos\" \/>\n<script type=\"application\/ld+json\" class=\"yoast-schema-graph\">{\"@context\":\"https:\/\/schema.org\",\"@graph\":[{\"@type\":\"WebSite\",\"@id\":\"https:\/\/franciscanos.org.br\/vidacrista\/#website\",\"url\":\"https:\/\/franciscanos.org.br\/vidacrista\/\",\"name\":\"Vida Crist\u00e3 - Franciscanos\",\"description\":\"Prov\u00edncia Franciscana da Imaculada Concei\u00e7\u00e3o do Brasil - Ordem dos Frades Menores\",\"potentialAction\":[{\"@type\":\"SearchAction\",\"target\":{\"@type\":\"EntryPoint\",\"urlTemplate\":\"https:\/\/franciscanos.org.br\/vidacrista\/?s={search_term_string}\"},\"query-input\":\"required name=search_term_string\"}],\"inLanguage\":\"pt-BR\"},{\"@type\":\"WebPage\",\"@id\":\"https:\/\/franciscanos.org.br\/vidacrista\/um-certo-nicodemos-procura-jesus-a-noite\/\",\"url\":\"https:\/\/franciscanos.org.br\/vidacrista\/um-certo-nicodemos-procura-jesus-a-noite\/\",\"name\":\"Um certo Nicodemos procura Jesus \u00e0 noite - Vida Crist\u00e3 - Franciscanos\",\"isPartOf\":{\"@id\":\"https:\/\/franciscanos.org.br\/vidacrista\/#website\"},\"datePublished\":\"2016-05-04T10:36:08+00:00\",\"dateModified\":\"2020-05-22T16:05:12+00:00\",\"author\":{\"@id\":\"https:\/\/franciscanos.org.br\/vidacrista\/#\/schema\/person\/133632ca93cec555316a35f76ab4153b\"},\"breadcrumb\":{\"@id\":\"https:\/\/franciscanos.org.br\/vidacrista\/um-certo-nicodemos-procura-jesus-a-noite\/#breadcrumb\"},\"inLanguage\":\"pt-BR\",\"potentialAction\":[{\"@type\":\"ReadAction\",\"target\":[\"https:\/\/franciscanos.org.br\/vidacrista\/um-certo-nicodemos-procura-jesus-a-noite\/\"]}]},{\"@type\":\"BreadcrumbList\",\"@id\":\"https:\/\/franciscanos.org.br\/vidacrista\/um-certo-nicodemos-procura-jesus-a-noite\/#breadcrumb\",\"itemListElement\":[{\"@type\":\"ListItem\",\"position\":1,\"name\":\"Home\",\"item\":\"https:\/\/franciscanos.org.br\/vidacrista\/\"},{\"@type\":\"ListItem\",\"position\":2,\"name\":\"Um certo Nicodemos procura Jesus \u00e0 noite\"}]},{\"@type\":\"Person\",\"@id\":\"https:\/\/franciscanos.org.br\/vidacrista\/#\/schema\/person\/133632ca93cec555316a35f76ab4153b\",\"name\":\"admin\",\"image\":{\"@type\":\"ImageObject\",\"inLanguage\":\"pt-BR\",\"@id\":\"https:\/\/franciscanos.org.br\/vidacrista\/#\/schema\/person\/image\/\",\"url\":\"https:\/\/secure.gravatar.com\/avatar\/e8495742d34d0ba6448ea1c628263b3e?s=96&d=mm&r=g\",\"contentUrl\":\"https:\/\/secure.gravatar.com\/avatar\/e8495742d34d0ba6448ea1c628263b3e?s=96&d=mm&r=g\",\"caption\":\"admin\"},\"url\":\"https:\/\/franciscanos.org.br\/vidacrista\/author\/admin\/\"}]}<\/script>\n<!-- \/ Yoast SEO plugin. -->","yoast_head_json":{"title":"Um certo Nicodemos procura Jesus \u00e0 noite - Vida Crist\u00e3 - Franciscanos","robots":{"index":"index","follow":"follow","max-snippet":"max-snippet:-1","max-image-preview":"max-image-preview:large","max-video-preview":"max-video-preview:-1"},"canonical":"https:\/\/franciscanos.org.br\/vidacrista\/um-certo-nicodemos-procura-jesus-a-noite\/","og_locale":"pt_BR","og_type":"article","og_title":"Um certo Nicodemos procura Jesus \u00e0 noite - Vida Crist\u00e3 - Franciscanos","og_description":"Reflex\u00e3o","og_url":"https:\/\/franciscanos.org.br\/vidacrista\/um-certo-nicodemos-procura-jesus-a-noite\/","og_site_name":"Vida Crist\u00e3 - Franciscanos","article_published_time":"2016-05-04T10:36:08+00:00","article_modified_time":"2020-05-22T16:05:12+00:00","og_image":[{"width":800,"height":599,"url":"https:\/\/franciscanos.org.br\/vidacrista\/wp-content\/uploads\/2016\/05\/nicodmeus_g.jpg","type":"image\/jpeg"}],"author":"admin","twitter_card":"summary_large_image","twitter_misc":{"Escrito por":"admin","Est. tempo de leitura":"7 minutos"},"schema":{"@context":"https:\/\/schema.org","@graph":[{"@type":"WebSite","@id":"https:\/\/franciscanos.org.br\/vidacrista\/#website","url":"https:\/\/franciscanos.org.br\/vidacrista\/","name":"Vida Crist\u00e3 - Franciscanos","description":"Prov\u00edncia Franciscana da Imaculada Concei\u00e7\u00e3o do Brasil - Ordem dos Frades Menores","potentialAction":[{"@type":"SearchAction","target":{"@type":"EntryPoint","urlTemplate":"https:\/\/franciscanos.org.br\/vidacrista\/?s={search_term_string}"},"query-input":"required name=search_term_string"}],"inLanguage":"pt-BR"},{"@type":"WebPage","@id":"https:\/\/franciscanos.org.br\/vidacrista\/um-certo-nicodemos-procura-jesus-a-noite\/","url":"https:\/\/franciscanos.org.br\/vidacrista\/um-certo-nicodemos-procura-jesus-a-noite\/","name":"Um certo Nicodemos procura Jesus \u00e0 noite - Vida Crist\u00e3 - Franciscanos","isPartOf":{"@id":"https:\/\/franciscanos.org.br\/vidacrista\/#website"},"datePublished":"2016-05-04T10:36:08+00:00","dateModified":"2020-05-22T16:05:12+00:00","author":{"@id":"https:\/\/franciscanos.org.br\/vidacrista\/#\/schema\/person\/133632ca93cec555316a35f76ab4153b"},"breadcrumb":{"@id":"https:\/\/franciscanos.org.br\/vidacrista\/um-certo-nicodemos-procura-jesus-a-noite\/#breadcrumb"},"inLanguage":"pt-BR","potentialAction":[{"@type":"ReadAction","target":["https:\/\/franciscanos.org.br\/vidacrista\/um-certo-nicodemos-procura-jesus-a-noite\/"]}]},{"@type":"BreadcrumbList","@id":"https:\/\/franciscanos.org.br\/vidacrista\/um-certo-nicodemos-procura-jesus-a-noite\/#breadcrumb","itemListElement":[{"@type":"ListItem","position":1,"name":"Home","item":"https:\/\/franciscanos.org.br\/vidacrista\/"},{"@type":"ListItem","position":2,"name":"Um certo Nicodemos procura Jesus \u00e0 noite"}]},{"@type":"Person","@id":"https:\/\/franciscanos.org.br\/vidacrista\/#\/schema\/person\/133632ca93cec555316a35f76ab4153b","name":"admin","image":{"@type":"ImageObject","inLanguage":"pt-BR","@id":"https:\/\/franciscanos.org.br\/vidacrista\/#\/schema\/person\/image\/","url":"https:\/\/secure.gravatar.com\/avatar\/e8495742d34d0ba6448ea1c628263b3e?s=96&d=mm&r=g","contentUrl":"https:\/\/secure.gravatar.com\/avatar\/e8495742d34d0ba6448ea1c628263b3e?s=96&d=mm&r=g","caption":"admin"},"url":"https:\/\/franciscanos.org.br\/vidacrista\/author\/admin\/"}]}},"_links":{"self":[{"href":"https:\/\/franciscanos.org.br\/vidacrista\/wp-json\/wp\/v2\/posts\/108731"}],"collection":[{"href":"https:\/\/franciscanos.org.br\/vidacrista\/wp-json\/wp\/v2\/posts"}],"about":[{"href":"https:\/\/franciscanos.org.br\/vidacrista\/wp-json\/wp\/v2\/types\/post"}],"author":[{"embeddable":true,"href":"https:\/\/franciscanos.org.br\/vidacrista\/wp-json\/wp\/v2\/users\/1"}],"replies":[{"embeddable":true,"href":"https:\/\/franciscanos.org.br\/vidacrista\/wp-json\/wp\/v2\/comments?post=108731"}],"version-history":[{"count":1,"href":"https:\/\/franciscanos.org.br\/vidacrista\/wp-json\/wp\/v2\/posts\/108731\/revisions"}],"predecessor-version":[{"id":178138,"href":"https:\/\/franciscanos.org.br\/vidacrista\/wp-json\/wp\/v2\/posts\/108731\/revisions\/178138"}],"wp:featuredmedia":[{"embeddable":true,"href":"https:\/\/franciscanos.org.br\/vidacrista\/wp-json\/wp\/v2\/media\/184656"}],"wp:attachment":[{"href":"https:\/\/franciscanos.org.br\/vidacrista\/wp-json\/wp\/v2\/media?parent=108731"}],"wp:term":[{"taxonomy":"category","embeddable":true,"href":"https:\/\/franciscanos.org.br\/vidacrista\/wp-json\/wp\/v2\/categories?post=108731"},{"taxonomy":"post_tag","embeddable":true,"href":"https:\/\/franciscanos.org.br\/vidacrista\/wp-json\/wp\/v2\/tags?post=108731"}],"curies":[{"name":"wp","href":"https:\/\/api.w.org\/{rel}","templated":true}]}}