{"id":106669,"date":"2016-03-28T13:34:54","date_gmt":"2016-03-28T16:34:54","guid":{"rendered":"http:\/\/franciscanos.org.br\/?p=106669"},"modified":"2019-03-01T13:54:21","modified_gmt":"2019-03-01T16:54:21","slug":"os-discipulos-que-se-dirigiam-para-emaus","status":"publish","type":"post","link":"https:\/\/franciscanos.org.br\/vidacrista\/os-discipulos-que-se-dirigiam-para-emaus\/","title":{"rendered":"Encontros: Os disc\u00edpulos que se dirigiam para Ema\u00fas"},"content":{"rendered":"<p><img decoding=\"async\" loading=\"lazy\" src=\"http:\/\/franciscanos.org.br\/wp-content\/uploads\/2016\/03\/emaus.jpg\" alt=\"emaus\" width=\"820\" height=\"343\" \/><\/p>\n<h3>ENCONTROS DE JESUS<\/h3>\n<p style=\"padding-left: 30px;\"><strong>Ao longo deste ano vamos tentar fazer algumas medita\u00e7\u00f5es em torno de encontros de Jesus nos evangelhos. Neles manifesta-se o grande do amor do Cora\u00e7\u00e3o do Senhor. No m\u00eas de janeiro refletimos sobre o epis\u00f3dio da mulher de Samaria; em fevereiro, miseric\u00f3rdia do amor de Deus manifestada na vida de um homem chamado Zaqueu; e em mar\u00e7o o epis\u00f3dio da pecadora que estava para ser apedrejada.<\/strong><\/p>\n<p><em>Estamos vivendo o Ano da Miseric\u00f3rdia. Toda primeira sexta-feira \u00e9 ocasi\u00e3o de contemplar a miseric\u00f3rdia do Senhor Jesus manifestada no lado aberto em seu peito. Um cora\u00e7\u00e3o que amou at\u00e9 o fim!<\/em><\/p>\n<p><em>Neste belo tempo pascal, que vai at\u00e9 a solenidade de Pentecostes, atravessando abril e chegando a meados de maio, somos constantemente interpelados por textos que nos colocam diante do Senhor Jesus, deste que, depois da prova\u00e7\u00e3o do Calv\u00e1rio, vive junto do Pai e perto de n\u00f3s, o Senhor Jesus, o Ressuscitado. Um dos textos mais tocantes lidos nesse tempo \u00e9 o do relato dos disc\u00edpulos de Ema\u00fas. Este \u00e9, certamente, um dos mais belos encontros de Jesus. Abeiramo-nos novamente das maravilhas do Cora\u00e7\u00e3o do Redentor. A bondade de Jesus se revela aos desalentados disc\u00edpulos.<\/em><\/p>\n<blockquote><p><strong>Texto evang\u00e9lico<\/strong><br \/>\nJesus caminha com os homens -* 13 Nesse mesmo dia, dois disc\u00edpulos iam para um povoado, chamado Ema\u00fas, distante onze quil\u00f4metros de Jerusal\u00e9m. 14 Conversavam a respeito de tudo o que tinha acontecido. 15 Enquanto conversavam e discutiam, o pr\u00f3prio Jesus se aproximou, e come\u00e7ou a caminhar com eles. 16 Os disc\u00edpulos, por\u00e9m, estavam como que cegos, e n\u00e3o o reconheceram. 17 Ent\u00e3o Jesus perguntou: \u00abO que \u00e9 que voc\u00eas andam conversando pelo caminho?\u00bb Eles pararam, com o rosto triste. 18 Um deles, chamado Cl\u00e9ofas, disse: \u00abTu \u00e9s o \u00fanico peregrino em Jerusal\u00e9m que n\u00e3o sabe o que a\u00ed aconteceu nesses \u00faltimos dias?\u00bb 19 Jesus perguntou: \u00abO que foi?\u00bb Os disc\u00edpulos responderam: \u00abO que aconteceu a Jesus, o Nazareno, que foi um profeta poderoso em a\u00e7\u00e3o e palavras, diante de Deus e de todo o povo. 20 Nossos chefes dos sacerdotes e nossos chefes o entregaram para ser condenado \u00e0 morte, e o crucificaram. 21 N\u00f3s esper\u00e1vamos que fosse ele o libertador de Israel, mas, apesar de tudo isso, j\u00e1 faz tr\u00eas dias que tudo isso aconteceu! 22 \u00c9 verdade que algumas mulheres do nosso grupo nos deram um susto. Elas foram de madrugada ao t\u00famulo, 23 e n\u00e3o encontraram o corpo de Jesus. Ent\u00e3o voltaram, dizendo que tinham visto anjos, e estes afirmaram que Jesus est\u00e1 vivo. 24 Alguns dos nossos foram ao t\u00famulo, e encontraram tudo como as mulheres tinham dito. Mas ningu\u00e9m viu Jesus.\u00bb<\/p>\n<p>25 Ent\u00e3o Jesus disse a eles: \u00abComo voc\u00eas custam para entender, e como demoram para acreditar em tudo o que os profetas falaram! 26 Ser\u00e1 que o Messias n\u00e3o devia sofrer tudo isso, para entrar na sua gl\u00f3ria?\u00bb 27 Ent\u00e3o, come\u00e7ando por Mois\u00e9s e continuando por todos os Profetas, Jesus explicava para os disc\u00edpulos todas as passagens da Escritura que falavam a respeito dele.<\/p>\n<p>28 Quando chegaram perto do povoado para onde iam, Jesus fez de conta que ia mais adiante. 29 Eles, por\u00e9m, insistiram com Jesus, dizendo: \u00abFica conosco, pois j\u00e1 \u00e9 tarde e a noite vem chegando.\u00bb Ent\u00e3o Jesus entrou para ficar com eles. 30 Sentou-se \u00e0 mesa com os dois, tomou o p\u00e3o e aben\u00e7oou, depois o partiu e deu a eles. 31 Nisso os olhos dos disc\u00edpulos se abriram, e eles reconheceram Jesus. Jesus, por\u00e9m, desapareceu da frente deles.<\/p>\n<p>32 Ent\u00e3o um disse ao outro: \u00abN\u00e3o estava o nosso cora\u00e7\u00e3o ardendo quando ele nos falava pelo caminho, e nos explicava as Escrituras?\u00bb 33 Na mesma hora, eles se levantaram e voltaram para Jerusal\u00e9m, onde encontraram os Onze, reunidos com os outros. 34 E estes confirmaram: \u00abRealmente, o Senhor ressuscitou, e apareceu a Sim\u00e3o!\u00bb 35 Ent\u00e3o os dois contaram o que tinha acontecido no caminho, e como tinham reconhecido Jesus quando ele partiu o p\u00e3o.<\/p>\n<p>&nbsp;<\/p><\/blockquote>\n<p>Jesus havia morrido, morrido de verdade. Seus disc\u00edpulos sabiam que os encontros que haviam tido com o Mestre constitu\u00edam p\u00e1ginas viradas, encontros da vida partilhada, pelos caminhos, \u00e0s margens do lago, perto de um po\u00e7o, numa aldeia qualquer. Os dois disc\u00edpulos, Cl\u00e9ofas e seu companheiro, sentiam que se lhes escapavam todas as certezas a respeito daquele homem que irradiava claridade quando lhes falava do Reino dos c\u00e9us.<\/p>\n<p>Eram dois desses homens que haviam lan\u00e7ado suas vidas na aventura do profeta de Nazar\u00e9. Agora, nessa tarde do primeiro dia da semana, davam as costas Jerusal\u00e9m e se dirigiam a Ema\u00fas, nessa tarde de domingo. A dist\u00e2ncia n\u00e3o era grande. Os dois caminhavam lentamente, desanimados. Conversavam a respeito de todas as coisas que tinham acontecido.<\/p>\n<p>De repente, um outro caminhante os alcan\u00e7a e caminha com eles. N\u00e3o o conhecem. N\u00e3o se lembram de ter visto aquele rosto. Nem prestam muita aten\u00e7\u00e3o. O novo viandante pergunta: O que ides conversando pelo caminho?<\/p>\n<p>Meio surpresos eles param e um deles, Cl\u00e9ofas, disse: Tu \u00e9s o \u00fanico peregrino em Jerusal\u00e9m que n\u00e3o sabe o que l\u00e1 aconteceu nestes \u00faltimos dias? (&#8230;) O qu\u00ea? (&#8230;) O que aconteceu com Jesus de Nazar\u00e9, que foi profeta poderoso, em obras e palavras diante de Deus e diante do povo e como nossos sumos sacerdotes o condenaram \u00e0 morte e o crucificaram. N\u00f3s esper\u00e1vamos que ele fosse libertar Israel, mas, apesar de tudo isso, j\u00e1 faz tr\u00eas dias que todas essas coisas aconteceram. \u00c9 verdade que algumas mulheres de nosso grupo nos deram um susto. Elas foram de madrugada ao t\u00famulo e n\u00e3o encontraram o corpo dele. Ent\u00e3o voltaram dizendo que tinham visto anjos e que estes afirmaram que Jesus est\u00e1 vivo. Alguns dos nossos foram ao t\u00famulo e encontraram as coisas como as mulheres tinham dito. A ele, por\u00e9m, ningu\u00e9m viu.<\/p>\n<p>Ningu\u00e9m havia visto Jesus. N\u00e3o se encontrava mais no meio deles. E assim eles o perderam. Como tamb\u00e9m perderam a grande esperan\u00e7a, verdade um pouco confusa, que eles haviam depositado nele. Eles haveriam de libertar Israel do jugo romano e instauraria na Palestina, uma esp\u00e9cie de Reino das Bem-aventuran\u00e7as e eles, seus fi\u00e9is, haveriam de ser as pilastras de novo edif\u00edcio. E, no entanto, ele foi morto como tantos homens s\u00e3o condenados a morrer. Para os dois n\u00e3o havia nada mais a fazer, sen\u00e3o voltar para sua aldeia e retomar a vida de todos os dias, sem brilhantismo.<\/p>\n<p>Decep\u00e7\u00e3o e desencanto s\u00e3o evidentes. N\u00e3o esperam mais nada. Talvez um pouco de compaix\u00e3o por parte desse peregrino que se interessa por eles. E este dirige-lhes palavras, quase duras: Como sois sem intelig\u00eancia e lentos para crer em tudo o que os profetas falaram! Ser\u00e1 que o Cristo n\u00e3o devia sofrer tudo isso para entrar na sua gl\u00f3ria? E come\u00e7ando por Mois\u00e9s e passando pelos profetas, explicava aos disc\u00edpulos todas as passagens da Escritura que falavam a respeito dele.<\/p>\n<p>Os profetas n\u00e3o haviam anunciado a Paix\u00e3o? Isa\u00edas n\u00e3o falara de um servo de Deus dando a vida em resgate do povo. Em tal perspectiva, a morte de Jesus na cruz n\u00e3o era uma irremedi\u00e1vel cat\u00e1strofe mas a realiza\u00e7\u00e3o definitiva da salva\u00e7\u00e3o dos homens e paradoxalmente o \u00eaxito da miss\u00e3o de Cristo. N\u00e3o foi fracasso, mas vit\u00f3ria do amor.<\/p>\n<p>Presos aos l\u00e1bios de Jesus, eles escutam com paix\u00e3o. A verdade vai fazendo caminho dentro do cora\u00e7\u00e3o deles. Eles, no entanto, ainda n\u00e3o a descobrem. O que aconteceu foi que tiveram um grande desejo de continuar aquele encontro. E como o desconhecido dava sinal que ia continuar a sua viagem, os dois o convidam: Fica conosco pois j\u00e1 \u00e9 tarde e a noite vem chegando!<\/p>\n<p>Ele aceita, senta-se \u00e0 mesa. Quando ele tomou o p\u00e3o, aben\u00e7oou&#8230; Nisso seus olhos se abriram e eles reconheceram Jesus. Jesus por\u00e9m desapareceu dos olhos deles.<\/p>\n<p>Aos disc\u00edpulos que n\u00e3o podem por si mesmos discernir a presen\u00e7a no Ressuscitado daquele com o qual haviam partilhado a vida humana, o Cristo d\u00e1 um sinal. Os dois homens ficam encantados: N\u00e3o estava ardendo o nosso cora\u00e7\u00e3o quando ele nos falava pelo caminho e nos explicava as Escrituras?<\/p>\n<p>Felizes, transformados, sem sinais de cansa\u00e7o, \u00e9 quase correndo que os dois fazem o caminho inverso na pressa de contar o acontecido aos ap\u00f3stolos. Aqueles seres esmagados se tornaram testemunhas, com a pressa de anunciar aos outros esta boa nova: Jesus nos alimentou com o p\u00e3o partilhado e assim ficamos sabendo que se tratava dele, que ele estava vivo.<\/p>\n<p><em>Fonte: Fran\u00e7ois Montfort, F\u00eates et Saisons, n. 332, p. 15<\/em><\/p>\n","protected":false},"excerpt":{"rendered":"<p>1\u00aa Sexta-feira do M\u00eas<\/p>\n","protected":false},"author":1,"featured_media":178209,"comment_status":"open","ping_status":"open","sticky":false,"template":"","format":"standard","meta":{"footnotes":""},"categories":[105],"tags":[106,112],"yoast_head":"<!-- This site is optimized with the Yoast SEO plugin v19.4 - https:\/\/yoast.com\/wordpress\/plugins\/seo\/ -->\n<title>Encontros: Os disc\u00edpulos que se dirigiam para Ema\u00fas - Vida Crist\u00e3 - Franciscanos<\/title>\n<meta name=\"robots\" content=\"index, follow, max-snippet:-1, max-image-preview:large, max-video-preview:-1\" \/>\n<link rel=\"canonical\" href=\"https:\/\/franciscanos.org.br\/vidacrista\/os-discipulos-que-se-dirigiam-para-emaus\/\" \/>\n<meta property=\"og:locale\" content=\"pt_BR\" \/>\n<meta property=\"og:type\" content=\"article\" \/>\n<meta property=\"og:title\" content=\"Encontros: Os disc\u00edpulos que se dirigiam para Ema\u00fas - Vida Crist\u00e3 - Franciscanos\" \/>\n<meta property=\"og:description\" content=\"1\u00aa Sexta-feira do M\u00eas\" \/>\n<meta property=\"og:url\" content=\"https:\/\/franciscanos.org.br\/vidacrista\/os-discipulos-que-se-dirigiam-para-emaus\/\" \/>\n<meta property=\"og:site_name\" content=\"Vida Crist\u00e3 - Franciscanos\" \/>\n<meta property=\"article:published_time\" content=\"2016-03-28T16:34:54+00:00\" \/>\n<meta property=\"article:modified_time\" content=\"2019-03-01T16:54:21+00:00\" \/>\n<meta property=\"og:image\" content=\"https:\/\/franciscanos.org.br\/vidacrista\/wp-content\/uploads\/2016\/03\/sagrado_280316.jpg\" \/>\n\t<meta property=\"og:image:width\" content=\"273\" \/>\n\t<meta property=\"og:image:height\" content=\"181\" \/>\n\t<meta property=\"og:image:type\" content=\"image\/jpeg\" \/>\n<meta name=\"author\" content=\"admin\" \/>\n<meta name=\"twitter:card\" content=\"summary_large_image\" \/>\n<meta name=\"twitter:label1\" content=\"Escrito por\" \/>\n\t<meta name=\"twitter:data1\" content=\"admin\" \/>\n\t<meta name=\"twitter:label2\" content=\"Est. tempo de leitura\" \/>\n\t<meta name=\"twitter:data2\" content=\"8 minutos\" \/>\n<script type=\"application\/ld+json\" class=\"yoast-schema-graph\">{\"@context\":\"https:\/\/schema.org\",\"@graph\":[{\"@type\":\"WebSite\",\"@id\":\"https:\/\/franciscanos.org.br\/vidacrista\/#website\",\"url\":\"https:\/\/franciscanos.org.br\/vidacrista\/\",\"name\":\"Vida Crist\u00e3 - Franciscanos\",\"description\":\"Prov\u00edncia Franciscana da Imaculada Concei\u00e7\u00e3o do Brasil - Ordem dos Frades Menores\",\"potentialAction\":[{\"@type\":\"SearchAction\",\"target\":{\"@type\":\"EntryPoint\",\"urlTemplate\":\"https:\/\/franciscanos.org.br\/vidacrista\/?s={search_term_string}\"},\"query-input\":\"required name=search_term_string\"}],\"inLanguage\":\"pt-BR\"},{\"@type\":\"WebPage\",\"@id\":\"https:\/\/franciscanos.org.br\/vidacrista\/os-discipulos-que-se-dirigiam-para-emaus\/\",\"url\":\"https:\/\/franciscanos.org.br\/vidacrista\/os-discipulos-que-se-dirigiam-para-emaus\/\",\"name\":\"Encontros: Os disc\u00edpulos que se dirigiam para Ema\u00fas - Vida Crist\u00e3 - Franciscanos\",\"isPartOf\":{\"@id\":\"https:\/\/franciscanos.org.br\/vidacrista\/#website\"},\"datePublished\":\"2016-03-28T16:34:54+00:00\",\"dateModified\":\"2019-03-01T16:54:21+00:00\",\"author\":{\"@id\":\"https:\/\/franciscanos.org.br\/vidacrista\/#\/schema\/person\/133632ca93cec555316a35f76ab4153b\"},\"breadcrumb\":{\"@id\":\"https:\/\/franciscanos.org.br\/vidacrista\/os-discipulos-que-se-dirigiam-para-emaus\/#breadcrumb\"},\"inLanguage\":\"pt-BR\",\"potentialAction\":[{\"@type\":\"ReadAction\",\"target\":[\"https:\/\/franciscanos.org.br\/vidacrista\/os-discipulos-que-se-dirigiam-para-emaus\/\"]}]},{\"@type\":\"BreadcrumbList\",\"@id\":\"https:\/\/franciscanos.org.br\/vidacrista\/os-discipulos-que-se-dirigiam-para-emaus\/#breadcrumb\",\"itemListElement\":[{\"@type\":\"ListItem\",\"position\":1,\"name\":\"Home\",\"item\":\"https:\/\/franciscanos.org.br\/vidacrista\/\"},{\"@type\":\"ListItem\",\"position\":2,\"name\":\"Encontros: Os disc\u00edpulos que se dirigiam para Ema\u00fas\"}]},{\"@type\":\"Person\",\"@id\":\"https:\/\/franciscanos.org.br\/vidacrista\/#\/schema\/person\/133632ca93cec555316a35f76ab4153b\",\"name\":\"admin\",\"image\":{\"@type\":\"ImageObject\",\"inLanguage\":\"pt-BR\",\"@id\":\"https:\/\/franciscanos.org.br\/vidacrista\/#\/schema\/person\/image\/\",\"url\":\"https:\/\/secure.gravatar.com\/avatar\/e8495742d34d0ba6448ea1c628263b3e?s=96&d=mm&r=g\",\"contentUrl\":\"https:\/\/secure.gravatar.com\/avatar\/e8495742d34d0ba6448ea1c628263b3e?s=96&d=mm&r=g\",\"caption\":\"admin\"},\"url\":\"https:\/\/franciscanos.org.br\/vidacrista\/author\/admin\/\"}]}<\/script>\n<!-- \/ Yoast SEO plugin. -->","yoast_head_json":{"title":"Encontros: Os disc\u00edpulos que se dirigiam para Ema\u00fas - Vida Crist\u00e3 - Franciscanos","robots":{"index":"index","follow":"follow","max-snippet":"max-snippet:-1","max-image-preview":"max-image-preview:large","max-video-preview":"max-video-preview:-1"},"canonical":"https:\/\/franciscanos.org.br\/vidacrista\/os-discipulos-que-se-dirigiam-para-emaus\/","og_locale":"pt_BR","og_type":"article","og_title":"Encontros: Os disc\u00edpulos que se dirigiam para Ema\u00fas - Vida Crist\u00e3 - Franciscanos","og_description":"1\u00aa Sexta-feira do M\u00eas","og_url":"https:\/\/franciscanos.org.br\/vidacrista\/os-discipulos-que-se-dirigiam-para-emaus\/","og_site_name":"Vida Crist\u00e3 - Franciscanos","article_published_time":"2016-03-28T16:34:54+00:00","article_modified_time":"2019-03-01T16:54:21+00:00","og_image":[{"width":273,"height":181,"url":"https:\/\/franciscanos.org.br\/vidacrista\/wp-content\/uploads\/2016\/03\/sagrado_280316.jpg","type":"image\/jpeg"}],"author":"admin","twitter_card":"summary_large_image","twitter_misc":{"Escrito por":"admin","Est. tempo de leitura":"8 minutos"},"schema":{"@context":"https:\/\/schema.org","@graph":[{"@type":"WebSite","@id":"https:\/\/franciscanos.org.br\/vidacrista\/#website","url":"https:\/\/franciscanos.org.br\/vidacrista\/","name":"Vida Crist\u00e3 - Franciscanos","description":"Prov\u00edncia Franciscana da Imaculada Concei\u00e7\u00e3o do Brasil - Ordem dos Frades Menores","potentialAction":[{"@type":"SearchAction","target":{"@type":"EntryPoint","urlTemplate":"https:\/\/franciscanos.org.br\/vidacrista\/?s={search_term_string}"},"query-input":"required name=search_term_string"}],"inLanguage":"pt-BR"},{"@type":"WebPage","@id":"https:\/\/franciscanos.org.br\/vidacrista\/os-discipulos-que-se-dirigiam-para-emaus\/","url":"https:\/\/franciscanos.org.br\/vidacrista\/os-discipulos-que-se-dirigiam-para-emaus\/","name":"Encontros: Os disc\u00edpulos que se dirigiam para Ema\u00fas - Vida Crist\u00e3 - Franciscanos","isPartOf":{"@id":"https:\/\/franciscanos.org.br\/vidacrista\/#website"},"datePublished":"2016-03-28T16:34:54+00:00","dateModified":"2019-03-01T16:54:21+00:00","author":{"@id":"https:\/\/franciscanos.org.br\/vidacrista\/#\/schema\/person\/133632ca93cec555316a35f76ab4153b"},"breadcrumb":{"@id":"https:\/\/franciscanos.org.br\/vidacrista\/os-discipulos-que-se-dirigiam-para-emaus\/#breadcrumb"},"inLanguage":"pt-BR","potentialAction":[{"@type":"ReadAction","target":["https:\/\/franciscanos.org.br\/vidacrista\/os-discipulos-que-se-dirigiam-para-emaus\/"]}]},{"@type":"BreadcrumbList","@id":"https:\/\/franciscanos.org.br\/vidacrista\/os-discipulos-que-se-dirigiam-para-emaus\/#breadcrumb","itemListElement":[{"@type":"ListItem","position":1,"name":"Home","item":"https:\/\/franciscanos.org.br\/vidacrista\/"},{"@type":"ListItem","position":2,"name":"Encontros: Os disc\u00edpulos que se dirigiam para Ema\u00fas"}]},{"@type":"Person","@id":"https:\/\/franciscanos.org.br\/vidacrista\/#\/schema\/person\/133632ca93cec555316a35f76ab4153b","name":"admin","image":{"@type":"ImageObject","inLanguage":"pt-BR","@id":"https:\/\/franciscanos.org.br\/vidacrista\/#\/schema\/person\/image\/","url":"https:\/\/secure.gravatar.com\/avatar\/e8495742d34d0ba6448ea1c628263b3e?s=96&d=mm&r=g","contentUrl":"https:\/\/secure.gravatar.com\/avatar\/e8495742d34d0ba6448ea1c628263b3e?s=96&d=mm&r=g","caption":"admin"},"url":"https:\/\/franciscanos.org.br\/vidacrista\/author\/admin\/"}]}},"_links":{"self":[{"href":"https:\/\/franciscanos.org.br\/vidacrista\/wp-json\/wp\/v2\/posts\/106669"}],"collection":[{"href":"https:\/\/franciscanos.org.br\/vidacrista\/wp-json\/wp\/v2\/posts"}],"about":[{"href":"https:\/\/franciscanos.org.br\/vidacrista\/wp-json\/wp\/v2\/types\/post"}],"author":[{"embeddable":true,"href":"https:\/\/franciscanos.org.br\/vidacrista\/wp-json\/wp\/v2\/users\/1"}],"replies":[{"embeddable":true,"href":"https:\/\/franciscanos.org.br\/vidacrista\/wp-json\/wp\/v2\/comments?post=106669"}],"version-history":[{"count":1,"href":"https:\/\/franciscanos.org.br\/vidacrista\/wp-json\/wp\/v2\/posts\/106669\/revisions"}],"predecessor-version":[{"id":178139,"href":"https:\/\/franciscanos.org.br\/vidacrista\/wp-json\/wp\/v2\/posts\/106669\/revisions\/178139"}],"wp:featuredmedia":[{"embeddable":true,"href":"https:\/\/franciscanos.org.br\/vidacrista\/wp-json\/wp\/v2\/media\/178209"}],"wp:attachment":[{"href":"https:\/\/franciscanos.org.br\/vidacrista\/wp-json\/wp\/v2\/media?parent=106669"}],"wp:term":[{"taxonomy":"category","embeddable":true,"href":"https:\/\/franciscanos.org.br\/vidacrista\/wp-json\/wp\/v2\/categories?post=106669"},{"taxonomy":"post_tag","embeddable":true,"href":"https:\/\/franciscanos.org.br\/vidacrista\/wp-json\/wp\/v2\/tags?post=106669"}],"curies":[{"name":"wp","href":"https:\/\/api.w.org\/{rel}","templated":true}]}}