{"id":105235,"date":"2016-03-03T07:47:45","date_gmt":"2016-03-03T10:47:45","guid":{"rendered":"http:\/\/franciscanos.org.br\/?p=105235"},"modified":"2019-03-01T13:55:54","modified_gmt":"2019-03-01T16:55:54","slug":"a-adultera-uma-mulher-sem-importancia","status":"publish","type":"post","link":"https:\/\/franciscanos.org.br\/vidacrista\/a-adultera-uma-mulher-sem-importancia\/","title":{"rendered":"A ad\u00faltera, uma mulher sem import\u00e2ncia"},"content":{"rendered":"<p><img decoding=\"async\" loading=\"lazy\" src=\"http:\/\/franciscanos.org.br\/wp-content\/uploads\/2016\/03\/madalena.jpg\" alt=\"madalena\" width=\"820\" height=\"434\" \/><\/p>\n<h3>ENCONTROS DE JESUS<\/h3>\n<p style=\"padding-left: 30px;\"><strong>Ao longo deste ano vamos tentar fazer algumas medita\u00e7\u00f5es em torno de encontros de Jesus nos evangelhos. Neles manifesta-se o grande do amor do Cora\u00e7\u00e3o do Senhor. Come\u00e7amos com o epis\u00f3dio da mulher de Samaria. No m\u00eas de janeiro refletimos sobre o epis\u00f3dio da mulher de Samaria e, em fevereiro, miseric\u00f3rdia do amor de Deus manifestada na vida de um homem chamado Zaqueu.\u00a0<\/strong><\/p>\n<p style=\"padding-left: 30px;\"><strong>Estamos vivendo o Ano da Miseric\u00f3rdia. Toda primeira sexta-feira \u00e9 ocasi\u00e3o de comtemplar a miseric\u00f3rdia do Senhor Jesus manifestada no lado aberto em seu peito. Um cora\u00e7\u00e3o que amou at\u00e9 o fim! O epis\u00f3dio da pecadora que estava para ser apedrejada pode servir para nossa medita\u00e7\u00e3o daquilo que \u00e9 o essencial do cristianismo: casa e espa\u00e7o de miseric\u00f3rdia.<\/strong><\/p>\n<p><strong>Texto evang\u00e9lico<\/strong><\/p>\n<blockquote><p>Por aquela ocasi\u00e3o Jesus foi para o monte das Oliveiras. De madrugada voltou de novo ao templo. Todo o povo se reuniu \u00e0 volta dele. Sentando-se come\u00e7ou a ensin\u00e1-los. Nesse \u00ednterim, os mestres da lei trouxeram uma mulher surpreendida em adult\u00e9rio. Colocando-a no meio deles, disseram a Jesus: \u201cMestre esta mulher foi surpreendida em flagrante adult\u00e9rio. Mois\u00e9s, na lei, mandou apedrejar tais mulheres. Que dizes tu?\u201d Perguntavam isso para experimentar Jesus e para terem motivo de o acusar. Mas Jesus, inclinando-se, come\u00e7ou a escrever com o dedo no ch\u00e3o. Como persistissem em interrog\u00e1-lo, Jesus ergueu os olhos e disse: \u201cQuem dentre v\u00f3s n\u00e3o tiver pecado seja o primeiro a atirar-lhe uma pedra\u201d. E tornando-se a inclinar-se, continuou a escrever no ch\u00e3o. E eles, ouvindo o que Jesus falou, foram saindo um a um, a come\u00e7ar pelos mais velhos; e Jesus ficou sozinho com a mulher que estava l\u00e1, no meio do povo. Ent\u00e3o Jesus se levantou e disse: \u201cMulher, onde est\u00e3o eles. Ningu\u00e9m te condenou?\u201d Ela respondeu; \u201cNingu\u00e9m, Senhor\u201d. \u201cEu tamb\u00e9m n\u00e3o te condeno. Podes ir e, de agora em diante, n\u00e3o peques mais\u201d. (Jo\u00e3o 8, 1-11)<\/p><\/blockquote>\n<p>Jesus costumava passar a noite no Monte das Oliveiras. L\u00e1 se encontrava mais uma vez. De manh\u00e3zinha volta ao Templo. Imediatamente numerosos judeus se re\u00fanem em volta dele. \u00c0 maneira dos mestres da \u00e9poca, Jesus se senta num canto no p\u00e1tio do Templo e come\u00e7a a ensinar. Certamente falava das coisas relativas a esse mundo novo e belo que ele designava de reino de Deus, proposto \u00e0s pessoas que tivessem um cora\u00e7\u00e3o simples e pobre. Sem d\u00favida andava falando da miseric\u00f3rdia e da boa acolhida a ser dada \u00e0s pessoas. Quem sabe, nesta manh\u00e3, n\u00e3o havia ele contado a maravilhosa par\u00e1bola do filho pr\u00f3digo?<\/p>\n<p>Seus ouvintes prestavam aten\u00e7\u00e3o em suas palavras. Nada se ouvia, a n\u00e3o ser o rumor das palavras. De repente, a calma foi quebrada com um grupo barulhento que chegava. Fariseus e escribas traziam uma mulher surpreendida em adult\u00e9rio e como que a lan\u00e7aram perto de Jesus. Depois de instantes de estupor o sil\u00eancio se restabelece. Um daqueles que haviam chegado no grupo dirigiu-se a Jesus: \u201cMois\u00e9s, na lei, mandou apedrejar tais mulheres. O que dizes?\u201d Falavam assim, segundo Jo\u00e3o, \u201cpara experimentar Jesus e para terem motivo de o acusar\u201d. N\u00e3o queriam questionar o rigor do castigo e sua terr\u00edvel aplica\u00e7\u00e3o. A mulher n\u00e3o contava. N\u00e3o davam import\u00e2ncia \u00e0 sua pessoa. Era uma mulher sem import\u00e2ncia. Nas m\u00e3os daqueles falsos justos ela era mero pretexto para acusar Jesus. Os motivos a levavam a se prostituir, seus sentimentos, suas rea\u00e7\u00f5es contavam pouco. E l\u00e1 estava ela no meio de pessoas hostis, tremendo de vergonha e de medo, j\u00e1 imaginando morrer de morte atroz e horrenda.<\/p>\n<p>Num primeiro momento Jesus n\u00e3o dirige o olhar para a pecadora, mas come\u00e7a a escrever na terra. Acontece um sil\u00eancio pesado. Os disc\u00edpulos, certamente, se perguntavam como Jesus se livraria da armadilha. Se apoiasse o apedrejamento estaria em oposi\u00e7\u00e3o \u00e0 sua prega\u00e7\u00e3o sobre a miseric\u00f3rdia. Se impedisse o ato estaria contra a lei de Mois\u00e9s, e assim, mesmo contra Deus.<\/p>\n<p>Cessando de escrever, Jesus se ergue e diz: \u201cQuem dentre v\u00f3s n\u00e3o tiver pecado seja o primeiro a atirar-lhe uma pedra\u201d. Volta, ent\u00e3o, a curvar-se e continua a escrever na terra. Outro sil\u00eancio, mas n\u00e3o o mesmo. Agora, o sil\u00eancio daqueles que se interrogam e fazem uma viagem em seu interior. Esses \u201cjusticeiros\u201d s\u00e3o homens como os outros, homens comuns e pecadores, cheios de falhas e de faltas. Quem ousaria afirmar que nunca tivesse pecado? Se algu\u00e9m ousasse dizer impec\u00e1vel, certamente ouviria a voz de algu\u00e9m provando o contr\u00e1rio.<\/p>\n<p>A pergunta de Jesus fez com que eles passassem do papel de acusadores a acusados. Jesus interessa-se pela mulher ainda jogada no ch\u00e3o e pelos seus acusadores. O Mestre sai vencedor da armadilha que lhe havia sido estendida. Esses homens reconheceram sua verdade e, a partir dos mais velhos, foram saindo um ap\u00f3s o outro. Seriam os mais idosos, os mais l\u00facidos ou os muitos anos vividos havia acumulado mais e mais pecados?<\/p>\n<p>Jesus fica sozinho com a mulher. Levanta-se e, pela primeira vez dirige-se a ela, olhos nos olhos. Desde o come\u00e7o da cena ela estava no cora\u00e7\u00e3o de seu pensamento e no cora\u00e7\u00e3o de seu cora\u00e7\u00e3o. Jesus teve a preocupa\u00e7\u00e3o de n\u00e3o humilh\u00e1-la diante dos outros. Agora o olhar do Mestre lhe devolve a dignidade, recria-a. Bem provavelmente \u00e9 sorrindo que lhe diz: \u201cMulher, onde est\u00e3o eles? Ningu\u00e9m te condenou?\u201d E ela respondeu: \u201cNingu\u00e9m, Senhor?\u201d E Jesus: \u201cEu tamb\u00e9m n\u00e3o te condeno. Podes ir e de agora em diante n\u00e3o peques mais\u201d.<\/p>\n<p>Eu n\u00e3o te condeno. N\u00e3o vim para condenar, mas para salvar. Vim revelar ao pecador que, apesar de sua falta, ele \u00e9 amado por Deus. Vim para dizer que o amor \u00e9 maior do que a falta e o abismo provocado pela falta. N\u00e3o te condeno. A partir de agora, no entanto, n\u00e3o peques mais. Fizeste hoje a experi\u00eancia do amor de Deus para contigo. Que n\u00e3o venhas a trair esse amor.<\/p>\n<p>Nesta manh\u00e3, uma mulher nova deixava o p\u00e1tio do Templo. Naquela manh\u00e3 para ela o ar estava menos pesado. Ela n\u00e3o era mais a mesma. Toda sua experi\u00eancia de mulher estava orientada agora para outros caminhos. Depois de ter encontrado Jesus voltou para seu marido com um cora\u00e7\u00e3o novo, reconciliado. Ser\u00e1 que ela conseguiu se fazer junto dele testemunha do perd\u00e3o poss\u00edvel e de uma vida no amor e na fidelidade?<br \/>\n<em>Fran\u00e7ois Montfort, Rencontres avec le Christ &#8211; F\u00eates et Saisons, n. 312, p. 9<\/em><\/p>\n","protected":false},"excerpt":{"rendered":"<p>Primeira Sexta-feira do M\u00eas<\/p>\n","protected":false},"author":1,"featured_media":178210,"comment_status":"open","ping_status":"open","sticky":false,"template":"","format":"standard","meta":{"footnotes":""},"categories":[105],"tags":[106,112],"yoast_head":"<!-- This site is optimized with the Yoast SEO plugin v19.4 - https:\/\/yoast.com\/wordpress\/plugins\/seo\/ -->\n<title>A ad\u00faltera, uma mulher sem import\u00e2ncia - Vida Crist\u00e3 - Franciscanos<\/title>\n<meta name=\"robots\" content=\"index, follow, max-snippet:-1, max-image-preview:large, max-video-preview:-1\" \/>\n<link rel=\"canonical\" href=\"https:\/\/franciscanos.org.br\/vidacrista\/a-adultera-uma-mulher-sem-importancia\/\" \/>\n<meta property=\"og:locale\" content=\"pt_BR\" \/>\n<meta property=\"og:type\" content=\"article\" \/>\n<meta property=\"og:title\" content=\"A ad\u00faltera, uma mulher sem import\u00e2ncia - Vida Crist\u00e3 - Franciscanos\" \/>\n<meta property=\"og:description\" content=\"Primeira Sexta-feira do M\u00eas\" \/>\n<meta property=\"og:url\" content=\"https:\/\/franciscanos.org.br\/vidacrista\/a-adultera-uma-mulher-sem-importancia\/\" \/>\n<meta property=\"og:site_name\" content=\"Vida Crist\u00e3 - Franciscanos\" \/>\n<meta property=\"article:published_time\" content=\"2016-03-03T10:47:45+00:00\" \/>\n<meta property=\"article:modified_time\" content=\"2019-03-01T16:55:54+00:00\" \/>\n<meta property=\"og:image\" content=\"https:\/\/franciscanos.org.br\/vidacrista\/wp-content\/uploads\/2016\/03\/sagrado_030316.jpg\" \/>\n\t<meta property=\"og:image:width\" content=\"273\" \/>\n\t<meta property=\"og:image:height\" content=\"181\" \/>\n\t<meta property=\"og:image:type\" content=\"image\/jpeg\" \/>\n<meta name=\"author\" content=\"admin\" \/>\n<meta name=\"twitter:card\" content=\"summary_large_image\" \/>\n<meta name=\"twitter:label1\" content=\"Escrito por\" \/>\n\t<meta name=\"twitter:data1\" content=\"admin\" \/>\n\t<meta name=\"twitter:label2\" content=\"Est. tempo de leitura\" \/>\n\t<meta name=\"twitter:data2\" content=\"6 minutos\" \/>\n<script type=\"application\/ld+json\" class=\"yoast-schema-graph\">{\"@context\":\"https:\/\/schema.org\",\"@graph\":[{\"@type\":\"WebSite\",\"@id\":\"https:\/\/franciscanos.org.br\/vidacrista\/#website\",\"url\":\"https:\/\/franciscanos.org.br\/vidacrista\/\",\"name\":\"Vida Crist\u00e3 - Franciscanos\",\"description\":\"Prov\u00edncia Franciscana da Imaculada Concei\u00e7\u00e3o do Brasil - Ordem dos Frades Menores\",\"potentialAction\":[{\"@type\":\"SearchAction\",\"target\":{\"@type\":\"EntryPoint\",\"urlTemplate\":\"https:\/\/franciscanos.org.br\/vidacrista\/?s={search_term_string}\"},\"query-input\":\"required name=search_term_string\"}],\"inLanguage\":\"pt-BR\"},{\"@type\":\"WebPage\",\"@id\":\"https:\/\/franciscanos.org.br\/vidacrista\/a-adultera-uma-mulher-sem-importancia\/\",\"url\":\"https:\/\/franciscanos.org.br\/vidacrista\/a-adultera-uma-mulher-sem-importancia\/\",\"name\":\"A ad\u00faltera, uma mulher sem import\u00e2ncia - Vida Crist\u00e3 - Franciscanos\",\"isPartOf\":{\"@id\":\"https:\/\/franciscanos.org.br\/vidacrista\/#website\"},\"datePublished\":\"2016-03-03T10:47:45+00:00\",\"dateModified\":\"2019-03-01T16:55:54+00:00\",\"author\":{\"@id\":\"https:\/\/franciscanos.org.br\/vidacrista\/#\/schema\/person\/133632ca93cec555316a35f76ab4153b\"},\"breadcrumb\":{\"@id\":\"https:\/\/franciscanos.org.br\/vidacrista\/a-adultera-uma-mulher-sem-importancia\/#breadcrumb\"},\"inLanguage\":\"pt-BR\",\"potentialAction\":[{\"@type\":\"ReadAction\",\"target\":[\"https:\/\/franciscanos.org.br\/vidacrista\/a-adultera-uma-mulher-sem-importancia\/\"]}]},{\"@type\":\"BreadcrumbList\",\"@id\":\"https:\/\/franciscanos.org.br\/vidacrista\/a-adultera-uma-mulher-sem-importancia\/#breadcrumb\",\"itemListElement\":[{\"@type\":\"ListItem\",\"position\":1,\"name\":\"Home\",\"item\":\"https:\/\/franciscanos.org.br\/vidacrista\/\"},{\"@type\":\"ListItem\",\"position\":2,\"name\":\"A ad\u00faltera, uma mulher sem import\u00e2ncia\"}]},{\"@type\":\"Person\",\"@id\":\"https:\/\/franciscanos.org.br\/vidacrista\/#\/schema\/person\/133632ca93cec555316a35f76ab4153b\",\"name\":\"admin\",\"image\":{\"@type\":\"ImageObject\",\"inLanguage\":\"pt-BR\",\"@id\":\"https:\/\/franciscanos.org.br\/vidacrista\/#\/schema\/person\/image\/\",\"url\":\"https:\/\/secure.gravatar.com\/avatar\/e8495742d34d0ba6448ea1c628263b3e?s=96&d=mm&r=g\",\"contentUrl\":\"https:\/\/secure.gravatar.com\/avatar\/e8495742d34d0ba6448ea1c628263b3e?s=96&d=mm&r=g\",\"caption\":\"admin\"},\"url\":\"https:\/\/franciscanos.org.br\/vidacrista\/author\/admin\/\"}]}<\/script>\n<!-- \/ Yoast SEO plugin. -->","yoast_head_json":{"title":"A ad\u00faltera, uma mulher sem import\u00e2ncia - Vida Crist\u00e3 - Franciscanos","robots":{"index":"index","follow":"follow","max-snippet":"max-snippet:-1","max-image-preview":"max-image-preview:large","max-video-preview":"max-video-preview:-1"},"canonical":"https:\/\/franciscanos.org.br\/vidacrista\/a-adultera-uma-mulher-sem-importancia\/","og_locale":"pt_BR","og_type":"article","og_title":"A ad\u00faltera, uma mulher sem import\u00e2ncia - Vida Crist\u00e3 - Franciscanos","og_description":"Primeira Sexta-feira do M\u00eas","og_url":"https:\/\/franciscanos.org.br\/vidacrista\/a-adultera-uma-mulher-sem-importancia\/","og_site_name":"Vida Crist\u00e3 - Franciscanos","article_published_time":"2016-03-03T10:47:45+00:00","article_modified_time":"2019-03-01T16:55:54+00:00","og_image":[{"width":273,"height":181,"url":"https:\/\/franciscanos.org.br\/vidacrista\/wp-content\/uploads\/2016\/03\/sagrado_030316.jpg","type":"image\/jpeg"}],"author":"admin","twitter_card":"summary_large_image","twitter_misc":{"Escrito por":"admin","Est. tempo de leitura":"6 minutos"},"schema":{"@context":"https:\/\/schema.org","@graph":[{"@type":"WebSite","@id":"https:\/\/franciscanos.org.br\/vidacrista\/#website","url":"https:\/\/franciscanos.org.br\/vidacrista\/","name":"Vida Crist\u00e3 - Franciscanos","description":"Prov\u00edncia Franciscana da Imaculada Concei\u00e7\u00e3o do Brasil - Ordem dos Frades Menores","potentialAction":[{"@type":"SearchAction","target":{"@type":"EntryPoint","urlTemplate":"https:\/\/franciscanos.org.br\/vidacrista\/?s={search_term_string}"},"query-input":"required name=search_term_string"}],"inLanguage":"pt-BR"},{"@type":"WebPage","@id":"https:\/\/franciscanos.org.br\/vidacrista\/a-adultera-uma-mulher-sem-importancia\/","url":"https:\/\/franciscanos.org.br\/vidacrista\/a-adultera-uma-mulher-sem-importancia\/","name":"A ad\u00faltera, uma mulher sem import\u00e2ncia - Vida Crist\u00e3 - Franciscanos","isPartOf":{"@id":"https:\/\/franciscanos.org.br\/vidacrista\/#website"},"datePublished":"2016-03-03T10:47:45+00:00","dateModified":"2019-03-01T16:55:54+00:00","author":{"@id":"https:\/\/franciscanos.org.br\/vidacrista\/#\/schema\/person\/133632ca93cec555316a35f76ab4153b"},"breadcrumb":{"@id":"https:\/\/franciscanos.org.br\/vidacrista\/a-adultera-uma-mulher-sem-importancia\/#breadcrumb"},"inLanguage":"pt-BR","potentialAction":[{"@type":"ReadAction","target":["https:\/\/franciscanos.org.br\/vidacrista\/a-adultera-uma-mulher-sem-importancia\/"]}]},{"@type":"BreadcrumbList","@id":"https:\/\/franciscanos.org.br\/vidacrista\/a-adultera-uma-mulher-sem-importancia\/#breadcrumb","itemListElement":[{"@type":"ListItem","position":1,"name":"Home","item":"https:\/\/franciscanos.org.br\/vidacrista\/"},{"@type":"ListItem","position":2,"name":"A ad\u00faltera, uma mulher sem import\u00e2ncia"}]},{"@type":"Person","@id":"https:\/\/franciscanos.org.br\/vidacrista\/#\/schema\/person\/133632ca93cec555316a35f76ab4153b","name":"admin","image":{"@type":"ImageObject","inLanguage":"pt-BR","@id":"https:\/\/franciscanos.org.br\/vidacrista\/#\/schema\/person\/image\/","url":"https:\/\/secure.gravatar.com\/avatar\/e8495742d34d0ba6448ea1c628263b3e?s=96&d=mm&r=g","contentUrl":"https:\/\/secure.gravatar.com\/avatar\/e8495742d34d0ba6448ea1c628263b3e?s=96&d=mm&r=g","caption":"admin"},"url":"https:\/\/franciscanos.org.br\/vidacrista\/author\/admin\/"}]}},"_links":{"self":[{"href":"https:\/\/franciscanos.org.br\/vidacrista\/wp-json\/wp\/v2\/posts\/105235"}],"collection":[{"href":"https:\/\/franciscanos.org.br\/vidacrista\/wp-json\/wp\/v2\/posts"}],"about":[{"href":"https:\/\/franciscanos.org.br\/vidacrista\/wp-json\/wp\/v2\/types\/post"}],"author":[{"embeddable":true,"href":"https:\/\/franciscanos.org.br\/vidacrista\/wp-json\/wp\/v2\/users\/1"}],"replies":[{"embeddable":true,"href":"https:\/\/franciscanos.org.br\/vidacrista\/wp-json\/wp\/v2\/comments?post=105235"}],"version-history":[{"count":1,"href":"https:\/\/franciscanos.org.br\/vidacrista\/wp-json\/wp\/v2\/posts\/105235\/revisions"}],"predecessor-version":[{"id":178145,"href":"https:\/\/franciscanos.org.br\/vidacrista\/wp-json\/wp\/v2\/posts\/105235\/revisions\/178145"}],"wp:featuredmedia":[{"embeddable":true,"href":"https:\/\/franciscanos.org.br\/vidacrista\/wp-json\/wp\/v2\/media\/178210"}],"wp:attachment":[{"href":"https:\/\/franciscanos.org.br\/vidacrista\/wp-json\/wp\/v2\/media?parent=105235"}],"wp:term":[{"taxonomy":"category","embeddable":true,"href":"https:\/\/franciscanos.org.br\/vidacrista\/wp-json\/wp\/v2\/categories?post=105235"},{"taxonomy":"post_tag","embeddable":true,"href":"https:\/\/franciscanos.org.br\/vidacrista\/wp-json\/wp\/v2\/tags?post=105235"}],"curies":[{"name":"wp","href":"https:\/\/api.w.org\/{rel}","templated":true}]}}