{"id":103385,"date":"2016-02-01T07:54:22","date_gmt":"2016-02-01T09:54:22","guid":{"rendered":"http:\/\/franciscanos.org.br\/?p=103385"},"modified":"2019-03-01T13:59:43","modified_gmt":"2019-03-01T16:59:43","slug":"era-uma-vez-um-homem-chamado-zaqueu","status":"publish","type":"post","link":"https:\/\/franciscanos.org.br\/vidacrista\/era-uma-vez-um-homem-chamado-zaqueu\/","title":{"rendered":"Era uma vez um homem chamado Zaqueu"},"content":{"rendered":"<p><strong>\u00a0<img decoding=\"async\" loading=\"lazy\" class=\"alignnone wp-image-178211 size-full\" src=\"https:\/\/franciscanos.org.br\/vidacrista\/wp-content\/uploads\/2016\/02\/sagrado_010216.jpg\" alt=\"\" width=\"820\" height=\"300\" srcset=\"https:\/\/franciscanos.org.br\/vidacrista\/wp-content\/uploads\/2016\/02\/sagrado_010216.jpg 820w, https:\/\/franciscanos.org.br\/vidacrista\/wp-content\/uploads\/2016\/02\/sagrado_010216-450x165.jpg 450w, https:\/\/franciscanos.org.br\/vidacrista\/wp-content\/uploads\/2016\/02\/sagrado_010216-768x281.jpg 768w, https:\/\/franciscanos.org.br\/vidacrista\/wp-content\/uploads\/2016\/02\/sagrado_010216-150x55.jpg 150w\" sizes=\"(max-width: 820px) 100vw, 820px\" \/><\/strong><\/p>\n<blockquote><p>M\u00eas ap\u00f3s m\u00eas, na primeira Sexta-feira, muitos disc\u00edpulos de Jesus gostam de deter-se no amor do Senhor manifestado em seu peito aberto, na prodigiosa bondade de seu cora\u00e7\u00e3o. Ao longo deste ano vamos tentar fazer algumas medita\u00e7\u00f5es em torno de encontros de Jesus nos evangelhos. Neles manifesta-se o grande do amor do Cora\u00e7\u00e3o do Senhor. Em janeiro, come\u00e7amos com o epis\u00f3dio da mulher de Samaria. Nesta primeira sexta-feira de fevereiro, queremos refletir sobre as miseric\u00f3rdia do amor de Deus manifestada na vida de um homem chamado Zaqueu (Lc 19,1-10).<\/p><\/blockquote>\n<p><em>Zaqueu desceu depressa e recebeu Jesus com alegria\u00a0 <\/em>(Lc 19, 6).<strong>\u00a0<\/strong><\/p>\n<p>Disc\u00edpulos de Jesus que somos, tamb\u00e9m filhos de S\u00e3o Francisco, comprazemo-nos em andar no seguimento de Cristo que d\u00e1 sua vida pelos seus e por todos. Temos um cuidado todo especial de nos colocar perto da porta das miseric\u00f3rdias que \u00e9 o peito aberto de Cristo pela lan\u00e7a do soldado quando o\u00a0 Esposo da Igreja j\u00e1 tinha dado o \u00faltimo suspiro.\u00a0 Queremos viver intensamente o Ano da Miseric\u00f3rdia. Nesta primeira sexta-feira queremos refletir sobre as miseric\u00f3rdia do amor de Deus manifestada na vida de um homem chamado\u00a0 Zaqueu.<\/p>\n<p>Jeric\u00f3 \u00e9 cidade c\u00e9lebre devido \u00e0s trombetas que ao soarem derrubaram suas muralhas, epis\u00f3dio que ficou marcado para sempre\u00a0 na mem\u00f3ria religiosa de Israel. A cidade estava situada n\u00e3o longe\u00a0 do lugar onde o rio Jord\u00e3o lan\u00e7a suas \u00e1guas no Mar Morto, quatrocentos metros abaixo do n\u00edvel do mar.\u00a0 Dizem os conhecedores que, no tempo de Jesus, havia nela muitas bananeiras.\u00a0 Cresciam nela sic\u00f4moros, \u00e1rvores r\u00fasticas e robustas que propiciavam a seus habitantes e forasteiros uma sombra\u00a0 repousante.<\/p>\n<p>Nesta cidade, muito orgulhosa de seu passado, vivia um cobrador de impostos chamado Zaqueu.\u00a0 Os coletores de impostos pertenceram (e pertencem) a uma categoria\u00a0 profissional pouco estimada pela popula\u00e7\u00e3o.\u00a0 Eram particularmente mal vistos na Palestina porque recolhiam os impostos para a pot\u00eancia estrangeira que era Roma, mas tamb\u00e9m e sobretudo porque eram eles que fixavam a soma a ser vertida por cada fam\u00edlia. Tinham vis\u00e3o larga na hora de fixar a quantia de tal sorte que garantida a parte dos romanos,\u00a0 uma outra destinava-se a \u00a0engrossar seu patrim\u00f4nio pessoal.<\/p>\n<p>Zaqueu era de baixa estatura.\u00a0 Baixas, certamente, n\u00e3o eram suas ambi\u00e7\u00f5es. Havia bem conduzido seus neg\u00f3cios\u00a0 com persist\u00eancia e ast\u00facia de sorte que podia ser considerado um homem rico. Pode-se bem imaginar que muitas vezes deve ter agido com dureza,\u00a0 pouco deixando se sensibilizar pelo sofrimento dos outros.\u00a0 Seu cora\u00e7\u00e3o est\u00e1 voltado para a riqueza.\u00a0 Poder-se-ia pensar, \u00e0 primeira vista, que o apego cego aos bens n\u00e3o lhe provocava inquietude ou inquieta\u00e7\u00e3o, nem fazia nascer nele uma sensa\u00e7\u00e3o de vazio interior que devesse ser\u00a0 preenchida por alguma coisa diferente e superior.\u00a0 A leitura do texto de Lucas, no entanto,\u00a0 pode deixar entrever que ele n\u00e3o se sentia plenamente satisfeito\u00a0 com sua vida pela sua disponibilidade mostrada em ouvir a palavra do profeta de Nazar\u00e9.<\/p>\n<p>Chegando a Jeric\u00f3 Jesus havia curado um cego. \u201cSenhor, faze com que eu veja\u201d, gritava o mendigo cego que esmolava\u00a0 \u00e0 beira do caminho. \u00a0\u00a0\u00a0Poder\u00edamos aqui refletir sobre a multiplicidade de cegueiras humanas. Alguns instantes depois,\u00a0 quando\u00a0 Jesus atravessava a cidade, Zaqueu\u00a0 \u201ctentava ver Jesus mas n\u00e3o conseguia devido \u00e0 multid\u00e3o e porque era de baixa estatura\u201d. A par\u00e1bola \u00e9 clara: h\u00e1 pessoas cegas demais e\u00a0 de estatura muito\u00a0 baixa que est\u00e3o impossibilitadas de ver\u00a0 Jesus e por reconhec\u00ea-lo a passar.<\/p>\n<p>Zaqueu, no entanto, n\u00e3o iria desistir\u00a0 diante de um t\u00e3o insignificante obst\u00e1culo. A vida o havia provado. J\u00e1 havia superado tantos outros desafios para chegar \u00e0 posi\u00e7\u00e3o em que chegara!\u00a0 Ele tomara a decis\u00e3o de ver Jesus. E ele o veria, mesmo que fosse objeto de riso de seus concidad\u00e3os. Imaginem: um cobrador de impostos pendurado numa \u00e1rvore.<\/p>\n<p>Jesus entra em cena. Est\u00e1 cercado de seus disc\u00edpulos e de uma multid\u00e3o que sua fama \u2013 e tamb\u00e9m a cura que tinha realizado \u2013 se reuniram \u00e0 sua volta. De repente, no meio daquela gente toda, pensa num s\u00f3 homem, Zaqueu, o conhecido publicano e not\u00f3rio transgressor da\u00a0 moral, um pecador. \u201cZaqueu desce depressa, hoje eu devo ficar na tua casa\u201d. Despenca de sua \u00e1rvore, abre de par a par\u00a0 as portas de sua\u00a0 casa, e, na alegria,\u00a0 acolhe\u00a0 Jesus.<\/p>\n<p>Um esc\u00e2ndalo para as pessoas que se consideravam t\u00e3o \u2018corretinhas\u2019.\u00a0 Ser\u00e1\u00a0 que n\u00e3o havia outra casa de gente certamente mais respeit\u00e1vel\u00a0 para ele entrar?\u00a0 O que se passa pela cabe\u00e7a desse jovem profeta?<\/p>\n<p>O mundo em que se movimenta Jesus \u00e9 diferente.\u00a0 N\u00e3o veio para confirmar as certezas\u00a0 dos \u2018corretinhos\u2019.\u00a0 N\u00e3o veio para os justos, mas para os pecadores.\u00a0 Veio revelar-lhes que, apesar de tudo\u00a0 Deus os ama, que s\u00e3o importantes a seus olhos. Que quem quer que seja que lhe abra a porta\u00a0 saiba que ele entra\u00a0 e enche a casa de alegria.<\/p>\n<p>Acontecem, ent\u00e3o, coisas extraordin\u00e1rias: um cobrador de impostos\u00a0 distribui seu dinheiro. \u201cSenhor, eu dou a metade de meus bens aos pobres, e se defraudei algu\u00e9m vou devolver quatro vezes mais. Depois que\u00a0 Zaqueu encontra\u00a0 Jesus que valor pode ter a riqueza acumulada ao longo de tanto tempo?\u00a0 Zaqueu\u00a0 encontrou um outro tesouro. Descobriu uma p\u00e9rola preciosa. Tudo o mais n\u00e3o lhe interessa mais. Trata-se de um homem\u00a0 com os p\u00e9s no ch\u00e3o. \u00a0Sabe que as melhores resolu\u00e7\u00f5es de nada servem\u00a0 se permanerecem vagas.\u00a0 Ele ent\u00e3o decide devolver o bens quatro vezes mais.\u00a0 Para\u00a0 uma pessoa boa nas contas de somar e multiplicar isso era muito. \u00a0E Zaqueu\u00a0 sabia muito bem contar&#8230;<\/p>\n<p>Jesus ent\u00e3o declara: \u201cHoje a salva\u00e7\u00e3o entrou nesta casa, porque\u00a0\u00a0 tamb\u00e9m este homem \u00e9 filho de Abra\u00e3o\u201d. Chefe dos cobradores,\u00a0 colaborador dos romanos, desprezado, detestado pelos seus concidad\u00e3os,\u00a0 Zaqueu pelo fato de ter acolhido o\u00a0 Filho de Deus\u00a0 \u00e9\u00a0 reconhecido por este como filho de Abra\u00e3o, filho da promessa,\u00a0 amado de Deus. (\u00a0<strong>Revista\u00a0 F\u00eates et Saisons, fev. 1977 &#8211;\u00a0<\/strong><strong>Texto de autoria de Fran\u00e7ois Monfort,\u00a0 p.\u00a0 6-8)<\/strong><\/p>\n<p><strong>Frei Almir Guimar\u00e3es<\/strong><\/p>\n","protected":false},"excerpt":{"rendered":"<p>1\u00aa Sexta-feira do M\u00eas<\/p>\n","protected":false},"author":1,"featured_media":178212,"comment_status":"open","ping_status":"open","sticky":false,"template":"","format":"standard","meta":{"footnotes":""},"categories":[105],"tags":[106,112],"yoast_head":"<!-- This site is optimized with the Yoast SEO plugin v19.4 - https:\/\/yoast.com\/wordpress\/plugins\/seo\/ -->\n<title>Era uma vez um homem chamado Zaqueu - Vida Crist\u00e3 - Franciscanos<\/title>\n<meta name=\"robots\" content=\"index, follow, max-snippet:-1, max-image-preview:large, max-video-preview:-1\" \/>\n<link rel=\"canonical\" href=\"https:\/\/franciscanos.org.br\/vidacrista\/era-uma-vez-um-homem-chamado-zaqueu\/\" \/>\n<meta property=\"og:locale\" content=\"pt_BR\" \/>\n<meta property=\"og:type\" content=\"article\" \/>\n<meta property=\"og:title\" content=\"Era uma vez um homem chamado Zaqueu - Vida Crist\u00e3 - Franciscanos\" \/>\n<meta property=\"og:description\" content=\"1\u00aa Sexta-feira do M\u00eas\" \/>\n<meta property=\"og:url\" content=\"https:\/\/franciscanos.org.br\/vidacrista\/era-uma-vez-um-homem-chamado-zaqueu\/\" \/>\n<meta property=\"og:site_name\" content=\"Vida Crist\u00e3 - Franciscanos\" \/>\n<meta property=\"article:published_time\" content=\"2016-02-01T09:54:22+00:00\" \/>\n<meta property=\"article:modified_time\" content=\"2019-03-01T16:59:43+00:00\" \/>\n<meta property=\"og:image\" content=\"https:\/\/franciscanos.org.br\/vidacrista\/wp-content\/uploads\/2016\/02\/sagrado_010216_1.jpg\" \/>\n\t<meta property=\"og:image:width\" content=\"273\" \/>\n\t<meta property=\"og:image:height\" content=\"181\" \/>\n\t<meta property=\"og:image:type\" content=\"image\/jpeg\" \/>\n<meta name=\"author\" content=\"admin\" \/>\n<meta name=\"twitter:card\" content=\"summary_large_image\" \/>\n<meta name=\"twitter:label1\" content=\"Escrito por\" \/>\n\t<meta name=\"twitter:data1\" content=\"admin\" \/>\n\t<meta name=\"twitter:label2\" content=\"Est. tempo de leitura\" \/>\n\t<meta name=\"twitter:data2\" content=\"5 minutos\" \/>\n<script type=\"application\/ld+json\" class=\"yoast-schema-graph\">{\"@context\":\"https:\/\/schema.org\",\"@graph\":[{\"@type\":\"WebSite\",\"@id\":\"https:\/\/franciscanos.org.br\/vidacrista\/#website\",\"url\":\"https:\/\/franciscanos.org.br\/vidacrista\/\",\"name\":\"Vida Crist\u00e3 - Franciscanos\",\"description\":\"Prov\u00edncia Franciscana da Imaculada Concei\u00e7\u00e3o do Brasil - Ordem dos Frades Menores\",\"potentialAction\":[{\"@type\":\"SearchAction\",\"target\":{\"@type\":\"EntryPoint\",\"urlTemplate\":\"https:\/\/franciscanos.org.br\/vidacrista\/?s={search_term_string}\"},\"query-input\":\"required name=search_term_string\"}],\"inLanguage\":\"pt-BR\"},{\"@type\":\"WebPage\",\"@id\":\"https:\/\/franciscanos.org.br\/vidacrista\/era-uma-vez-um-homem-chamado-zaqueu\/\",\"url\":\"https:\/\/franciscanos.org.br\/vidacrista\/era-uma-vez-um-homem-chamado-zaqueu\/\",\"name\":\"Era uma vez um homem chamado Zaqueu - Vida Crist\u00e3 - Franciscanos\",\"isPartOf\":{\"@id\":\"https:\/\/franciscanos.org.br\/vidacrista\/#website\"},\"datePublished\":\"2016-02-01T09:54:22+00:00\",\"dateModified\":\"2019-03-01T16:59:43+00:00\",\"author\":{\"@id\":\"https:\/\/franciscanos.org.br\/vidacrista\/#\/schema\/person\/133632ca93cec555316a35f76ab4153b\"},\"breadcrumb\":{\"@id\":\"https:\/\/franciscanos.org.br\/vidacrista\/era-uma-vez-um-homem-chamado-zaqueu\/#breadcrumb\"},\"inLanguage\":\"pt-BR\",\"potentialAction\":[{\"@type\":\"ReadAction\",\"target\":[\"https:\/\/franciscanos.org.br\/vidacrista\/era-uma-vez-um-homem-chamado-zaqueu\/\"]}]},{\"@type\":\"BreadcrumbList\",\"@id\":\"https:\/\/franciscanos.org.br\/vidacrista\/era-uma-vez-um-homem-chamado-zaqueu\/#breadcrumb\",\"itemListElement\":[{\"@type\":\"ListItem\",\"position\":1,\"name\":\"Home\",\"item\":\"https:\/\/franciscanos.org.br\/vidacrista\/\"},{\"@type\":\"ListItem\",\"position\":2,\"name\":\"Era uma vez um homem chamado Zaqueu\"}]},{\"@type\":\"Person\",\"@id\":\"https:\/\/franciscanos.org.br\/vidacrista\/#\/schema\/person\/133632ca93cec555316a35f76ab4153b\",\"name\":\"admin\",\"image\":{\"@type\":\"ImageObject\",\"inLanguage\":\"pt-BR\",\"@id\":\"https:\/\/franciscanos.org.br\/vidacrista\/#\/schema\/person\/image\/\",\"url\":\"https:\/\/secure.gravatar.com\/avatar\/e8495742d34d0ba6448ea1c628263b3e?s=96&d=mm&r=g\",\"contentUrl\":\"https:\/\/secure.gravatar.com\/avatar\/e8495742d34d0ba6448ea1c628263b3e?s=96&d=mm&r=g\",\"caption\":\"admin\"},\"url\":\"https:\/\/franciscanos.org.br\/vidacrista\/author\/admin\/\"}]}<\/script>\n<!-- \/ Yoast SEO plugin. -->","yoast_head_json":{"title":"Era uma vez um homem chamado Zaqueu - Vida Crist\u00e3 - Franciscanos","robots":{"index":"index","follow":"follow","max-snippet":"max-snippet:-1","max-image-preview":"max-image-preview:large","max-video-preview":"max-video-preview:-1"},"canonical":"https:\/\/franciscanos.org.br\/vidacrista\/era-uma-vez-um-homem-chamado-zaqueu\/","og_locale":"pt_BR","og_type":"article","og_title":"Era uma vez um homem chamado Zaqueu - Vida Crist\u00e3 - Franciscanos","og_description":"1\u00aa Sexta-feira do M\u00eas","og_url":"https:\/\/franciscanos.org.br\/vidacrista\/era-uma-vez-um-homem-chamado-zaqueu\/","og_site_name":"Vida Crist\u00e3 - Franciscanos","article_published_time":"2016-02-01T09:54:22+00:00","article_modified_time":"2019-03-01T16:59:43+00:00","og_image":[{"width":273,"height":181,"url":"https:\/\/franciscanos.org.br\/vidacrista\/wp-content\/uploads\/2016\/02\/sagrado_010216_1.jpg","type":"image\/jpeg"}],"author":"admin","twitter_card":"summary_large_image","twitter_misc":{"Escrito por":"admin","Est. tempo de leitura":"5 minutos"},"schema":{"@context":"https:\/\/schema.org","@graph":[{"@type":"WebSite","@id":"https:\/\/franciscanos.org.br\/vidacrista\/#website","url":"https:\/\/franciscanos.org.br\/vidacrista\/","name":"Vida Crist\u00e3 - Franciscanos","description":"Prov\u00edncia Franciscana da Imaculada Concei\u00e7\u00e3o do Brasil - Ordem dos Frades Menores","potentialAction":[{"@type":"SearchAction","target":{"@type":"EntryPoint","urlTemplate":"https:\/\/franciscanos.org.br\/vidacrista\/?s={search_term_string}"},"query-input":"required name=search_term_string"}],"inLanguage":"pt-BR"},{"@type":"WebPage","@id":"https:\/\/franciscanos.org.br\/vidacrista\/era-uma-vez-um-homem-chamado-zaqueu\/","url":"https:\/\/franciscanos.org.br\/vidacrista\/era-uma-vez-um-homem-chamado-zaqueu\/","name":"Era uma vez um homem chamado Zaqueu - Vida Crist\u00e3 - Franciscanos","isPartOf":{"@id":"https:\/\/franciscanos.org.br\/vidacrista\/#website"},"datePublished":"2016-02-01T09:54:22+00:00","dateModified":"2019-03-01T16:59:43+00:00","author":{"@id":"https:\/\/franciscanos.org.br\/vidacrista\/#\/schema\/person\/133632ca93cec555316a35f76ab4153b"},"breadcrumb":{"@id":"https:\/\/franciscanos.org.br\/vidacrista\/era-uma-vez-um-homem-chamado-zaqueu\/#breadcrumb"},"inLanguage":"pt-BR","potentialAction":[{"@type":"ReadAction","target":["https:\/\/franciscanos.org.br\/vidacrista\/era-uma-vez-um-homem-chamado-zaqueu\/"]}]},{"@type":"BreadcrumbList","@id":"https:\/\/franciscanos.org.br\/vidacrista\/era-uma-vez-um-homem-chamado-zaqueu\/#breadcrumb","itemListElement":[{"@type":"ListItem","position":1,"name":"Home","item":"https:\/\/franciscanos.org.br\/vidacrista\/"},{"@type":"ListItem","position":2,"name":"Era uma vez um homem chamado Zaqueu"}]},{"@type":"Person","@id":"https:\/\/franciscanos.org.br\/vidacrista\/#\/schema\/person\/133632ca93cec555316a35f76ab4153b","name":"admin","image":{"@type":"ImageObject","inLanguage":"pt-BR","@id":"https:\/\/franciscanos.org.br\/vidacrista\/#\/schema\/person\/image\/","url":"https:\/\/secure.gravatar.com\/avatar\/e8495742d34d0ba6448ea1c628263b3e?s=96&d=mm&r=g","contentUrl":"https:\/\/secure.gravatar.com\/avatar\/e8495742d34d0ba6448ea1c628263b3e?s=96&d=mm&r=g","caption":"admin"},"url":"https:\/\/franciscanos.org.br\/vidacrista\/author\/admin\/"}]}},"_links":{"self":[{"href":"https:\/\/franciscanos.org.br\/vidacrista\/wp-json\/wp\/v2\/posts\/103385"}],"collection":[{"href":"https:\/\/franciscanos.org.br\/vidacrista\/wp-json\/wp\/v2\/posts"}],"about":[{"href":"https:\/\/franciscanos.org.br\/vidacrista\/wp-json\/wp\/v2\/types\/post"}],"author":[{"embeddable":true,"href":"https:\/\/franciscanos.org.br\/vidacrista\/wp-json\/wp\/v2\/users\/1"}],"replies":[{"embeddable":true,"href":"https:\/\/franciscanos.org.br\/vidacrista\/wp-json\/wp\/v2\/comments?post=103385"}],"version-history":[{"count":3,"href":"https:\/\/franciscanos.org.br\/vidacrista\/wp-json\/wp\/v2\/posts\/103385\/revisions"}],"predecessor-version":[{"id":178214,"href":"https:\/\/franciscanos.org.br\/vidacrista\/wp-json\/wp\/v2\/posts\/103385\/revisions\/178214"}],"wp:featuredmedia":[{"embeddable":true,"href":"https:\/\/franciscanos.org.br\/vidacrista\/wp-json\/wp\/v2\/media\/178212"}],"wp:attachment":[{"href":"https:\/\/franciscanos.org.br\/vidacrista\/wp-json\/wp\/v2\/media?parent=103385"}],"wp:term":[{"taxonomy":"category","embeddable":true,"href":"https:\/\/franciscanos.org.br\/vidacrista\/wp-json\/wp\/v2\/categories?post=103385"},{"taxonomy":"post_tag","embeddable":true,"href":"https:\/\/franciscanos.org.br\/vidacrista\/wp-json\/wp\/v2\/tags?post=103385"}],"curies":[{"name":"wp","href":"https:\/\/api.w.org\/{rel}","templated":true}]}}