{"id":1951,"count":1,"description":"","link":"https:\/\/franciscanos.org.br\/noticias\/tag\/51-anos-de-vida-sacerdotal-de-frei-pedro-caron","name":"51 anos de vida sacerdotal de Frei Pedro Caron","slug":"51-anos-de-vida-sacerdotal-de-frei-pedro-caron","taxonomy":"post_tag","meta":[],"yoast_head":"<!-- This site is optimized with the Yoast SEO plugin v19.2 - https:\/\/yoast.com\/wordpress\/plugins\/seo\/ -->\n<title>51 anos de vida sacerdotal de Frei Pedro Caron Archives - Not\u00edcias - Franciscanos<\/title>\n<meta name=\"robots\" content=\"index, follow, max-snippet:-1, max-image-preview:large, max-video-preview:-1\" \/>\n<link rel=\"canonical\" href=\"https:\/\/franciscanos.org.br\/noticias\/tag\/51-anos-de-vida-sacerdotal-de-frei-pedro-caron\" \/>\n<meta property=\"og:locale\" content=\"pt_BR\" \/>\n<meta property=\"og:type\" content=\"article\" \/>\n<meta property=\"og:title\" content=\"51 anos de vida sacerdotal de Frei Pedro Caron Archives - Not\u00edcias - Franciscanos\" \/>\n<meta property=\"og:url\" content=\"https:\/\/franciscanos.org.br\/noticias\/tag\/51-anos-de-vida-sacerdotal-de-frei-pedro-caron\" \/>\n<meta property=\"og:site_name\" content=\"Not\u00edcias - Franciscanos\" \/>\n<meta name=\"twitter:card\" content=\"summary_large_image\" \/>\n<script type=\"application\/ld+json\" class=\"yoast-schema-graph\">{\"@context\":\"https:\/\/schema.org\",\"@graph\":[{\"@type\":\"WebSite\",\"@id\":\"https:\/\/franciscanos.org.br\/noticias\/#website\",\"url\":\"https:\/\/franciscanos.org.br\/noticias\/\",\"name\":\"Not\u00edcias - Franciscanos\",\"description\":\"Prov\u00edncia Franciscana da Imaculada Concei\u00e7\u00e3o do Brasil - Ordem dos Frades Menores - OFM\",\"potentialAction\":[{\"@type\":\"SearchAction\",\"target\":{\"@type\":\"EntryPoint\",\"urlTemplate\":\"https:\/\/franciscanos.org.br\/noticias\/?s={search_term_string}\"},\"query-input\":\"required name=search_term_string\"}],\"inLanguage\":\"pt-BR\"},{\"@type\":\"CollectionPage\",\"@id\":\"https:\/\/franciscanos.org.br\/noticias\/tag\/51-anos-de-vida-sacerdotal-de-frei-pedro-caron#webpage\",\"url\":\"https:\/\/franciscanos.org.br\/noticias\/tag\/51-anos-de-vida-sacerdotal-de-frei-pedro-caron\",\"name\":\"51 anos de vida sacerdotal de Frei Pedro Caron Archives - Not\u00edcias - Franciscanos\",\"isPartOf\":{\"@id\":\"https:\/\/franciscanos.org.br\/noticias\/#website\"},\"breadcrumb\":{\"@id\":\"https:\/\/franciscanos.org.br\/noticias\/tag\/51-anos-de-vida-sacerdotal-de-frei-pedro-caron#breadcrumb\"},\"inLanguage\":\"pt-BR\",\"potentialAction\":[{\"@type\":\"ReadAction\",\"target\":[\"https:\/\/franciscanos.org.br\/noticias\/tag\/51-anos-de-vida-sacerdotal-de-frei-pedro-caron\"]}]},{\"@type\":\"BreadcrumbList\",\"@id\":\"https:\/\/franciscanos.org.br\/noticias\/tag\/51-anos-de-vida-sacerdotal-de-frei-pedro-caron#breadcrumb\",\"itemListElement\":[{\"@type\":\"ListItem\",\"position\":1,\"name\":\"Home\",\"item\":\"https:\/\/franciscanos.org.br\/noticias\"},{\"@type\":\"ListItem\",\"position\":2,\"name\":\"51 anos de vida sacerdotal de Frei Pedro Caron\"}]}]}<\/script>\n<!-- \/ Yoast SEO plugin. -->","yoast_head_json":{"title":"51 anos de vida sacerdotal de Frei Pedro Caron Archives - Not\u00edcias - Franciscanos","robots":{"index":"index","follow":"follow","max-snippet":"max-snippet:-1","max-image-preview":"max-image-preview:large","max-video-preview":"max-video-preview:-1"},"canonical":"https:\/\/franciscanos.org.br\/noticias\/tag\/51-anos-de-vida-sacerdotal-de-frei-pedro-caron","og_locale":"pt_BR","og_type":"article","og_title":"51 anos de vida sacerdotal de Frei Pedro Caron Archives - Not\u00edcias - Franciscanos","og_url":"https:\/\/franciscanos.org.br\/noticias\/tag\/51-anos-de-vida-sacerdotal-de-frei-pedro-caron","og_site_name":"Not\u00edcias - Franciscanos","twitter_card":"summary_large_image","schema":{"@context":"https:\/\/schema.org","@graph":[{"@type":"WebSite","@id":"https:\/\/franciscanos.org.br\/noticias\/#website","url":"https:\/\/franciscanos.org.br\/noticias\/","name":"Not\u00edcias - Franciscanos","description":"Prov\u00edncia Franciscana da Imaculada Concei\u00e7\u00e3o do Brasil - Ordem dos Frades Menores - OFM","potentialAction":[{"@type":"SearchAction","target":{"@type":"EntryPoint","urlTemplate":"https:\/\/franciscanos.org.br\/noticias\/?s={search_term_string}"},"query-input":"required name=search_term_string"}],"inLanguage":"pt-BR"},{"@type":"CollectionPage","@id":"https:\/\/franciscanos.org.br\/noticias\/tag\/51-anos-de-vida-sacerdotal-de-frei-pedro-caron#webpage","url":"https:\/\/franciscanos.org.br\/noticias\/tag\/51-anos-de-vida-sacerdotal-de-frei-pedro-caron","name":"51 anos de vida sacerdotal de Frei Pedro Caron Archives - Not\u00edcias - Franciscanos","isPartOf":{"@id":"https:\/\/franciscanos.org.br\/noticias\/#website"},"breadcrumb":{"@id":"https:\/\/franciscanos.org.br\/noticias\/tag\/51-anos-de-vida-sacerdotal-de-frei-pedro-caron#breadcrumb"},"inLanguage":"pt-BR","potentialAction":[{"@type":"ReadAction","target":["https:\/\/franciscanos.org.br\/noticias\/tag\/51-anos-de-vida-sacerdotal-de-frei-pedro-caron"]}]},{"@type":"BreadcrumbList","@id":"https:\/\/franciscanos.org.br\/noticias\/tag\/51-anos-de-vida-sacerdotal-de-frei-pedro-caron#breadcrumb","itemListElement":[{"@type":"ListItem","position":1,"name":"Home","item":"https:\/\/franciscanos.org.br\/noticias"},{"@type":"ListItem","position":2,"name":"51 anos de vida sacerdotal de Frei Pedro Caron"}]}]}},"_links":{"self":[{"href":"https:\/\/franciscanos.org.br\/noticias\/wp-json\/wp\/v2\/tags\/1951"}],"collection":[{"href":"https:\/\/franciscanos.org.br\/noticias\/wp-json\/wp\/v2\/tags"}],"about":[{"href":"https:\/\/franciscanos.org.br\/noticias\/wp-json\/wp\/v2\/taxonomies\/post_tag"}],"wp:post_type":[{"href":"https:\/\/franciscanos.org.br\/noticias\/wp-json\/wp\/v2\/posts?tags=1951"}],"curies":[{"name":"wp","href":"https:\/\/api.w.org\/{rel}","templated":true}]}}