{"id":99977,"date":"2015-12-16T13:00:23","date_gmt":"2015-12-16T15:00:23","guid":{"rendered":"http:\/\/franciscanos.org.br\/?p=99977"},"modified":"2021-07-05T20:17:03","modified_gmt":"2021-07-05T23:17:03","slug":"canarinhos-fazem-apresentacoes-no-rio-de-janeiro","status":"publish","type":"post","link":"https:\/\/franciscanos.org.br\/noticias\/canarinhos-fazem-apresentacoes-no-rio-de-janeiro.html","title":{"rendered":"Canarinhos fazem apresenta\u00e7\u00f5es no Rio de Janeiro"},"content":{"rendered":"<p><img loading=\"lazy\" src=\"http:\/\/franciscanos.org.br\/wp-content\/uploads\/2015\/12\/canarinhos_petropolis.jpg\" alt=\"canarinhos_petropolis\" width=\"820\" height=\"372\" \/><\/p>\n<p>O Coral dos Canarinhos de Petr\u00f3polis far\u00e1 duas apresenta\u00e7\u00f5es no Rio de Janeiro nesta semana. Amanh\u00e3, o grupo de meninos mais tradicional do Brasil ir\u00e1 realizar um concerto na Igreja de Nossa Senhora da S\u00e9, no Centro. No dia 20 de dezembro, a m\u00fasica cl\u00e1ssica vai invadir a zona norte, com uma apresenta\u00e7\u00e3o de Natal no Centro Cultural Imperator, no M\u00e9ier. O objetivo \u00e9 levar o esp\u00edrito das comemora\u00e7\u00f5es de Natal para cada pessoa que estiver presente. A classifica\u00e7\u00e3o \u00e9 livre.<\/p>\n<p>A apresenta\u00e7\u00e3o que o Coral dos Canarinhos far\u00e1 na Igreja de Nossa Senhora da S\u00e9, neste dia 15, come\u00e7a \u00e0s 18 horas, com entrada franca. O p\u00fablico poder\u00e1 acompanhar obras cl\u00e1ssicas, como &#8220;Ave Maria&#8221; (Bach-Gounod), &#8220;Weihnachten op 79&#8221; (Felix Mendelssohn-Bartholdy), &#8220;Christus est natus&#8221; (Damijan Mo\u010dnik) e &#8220;Mariae Wiegenlied&#8221; (Max Reger).<\/p>\n<p>J\u00e1 o concerto do Centro Cultural Imperator, no M\u00e9ier, tem in\u00edcio previsto para 19 horas. Durante a apresenta\u00e7\u00e3o, o Coral dos Canarinhos ir\u00e1 entoar can\u00e7\u00f5es tradicionais de Natal e de virada de ano, como \u201cBate o sino pequenino\u201d, \u201cSapatinhos de Natal\u201d, \u201cNoite feliz\u201d e \u201c\u00d3 Noite Santa\u201d. Al\u00e9m disso, haver\u00e1 espa\u00e7o para a m\u00fasica sacra, com a execu\u00e7\u00e3o de \u201cMariae Wiegenlied\u201d, de Max Reger, e \u201cAve Maria\u201d, de Bach-Gounod.<\/p>\n<p>\u201cEstamos com uma boa expectativa para as apresenta\u00e7\u00f5es. Esperamos levar as mensagens de paz, fraternidade e uni\u00e3o, expressas nas m\u00fasicas sacras e no esp\u00edrito de Natal, que ir\u00e1 dominar os concertos\u201d, afirmou o maestro do Coral dos Canarinhos de Petr\u00f3polis, Marco Aur\u00e9lio Lischt.<\/p>\n<p>Mais informa\u00e7\u00f5es sobre as atividades do Instituto dos Meninos Cantores de Petr\u00f3polis podem ser consultadas no site www.canarinhos.com.br, pelo Facebook http:\/\/fb.com\/canarinhosdepetropolis, atrav\u00e9s do telefone: (24) 2104-4141 ou indo pessoalmente \u00e0 sede do IMCP, na Rua Santos Dumont, 355, no Centro Hist\u00f3rico de Petr\u00f3polis.<\/p>\n<p><strong>Servi\u00e7o<\/strong><\/p>\n<p><strong>Apresenta\u00e7\u00e3o na Igreja da S\u00e9<\/strong><br \/>\n<strong> Data e hor\u00e1rio: 15 de dezembro, \u00e0s 18h;<\/strong><br \/>\n<strong> Ingressos: gr\u00e1tis;<\/strong><br \/>\n<strong> Endere\u00e7o: Rua Sete de Setembro, 14 \u2013 Centro \u2013 Rio de Janeiro<\/strong><\/p>\n<p><strong>Apresenta\u00e7\u00e3o no Centro Cultural Imperator<\/strong><br \/>\n<strong> Data e hor\u00e1rio: 20 de dezembro, 19h;<\/strong><br \/>\n<strong> Ingressos: R$ 15, na bilheteria, pelo site www.ingresso.com ou pelo telefone (21) 4003-2330;<\/strong><br \/>\n<strong> Endere\u00e7o: Rua Dias da Cruz, 170 \u2013 M\u00e9ier \u2013 Rio de Janeiro<\/strong><\/p>\n","protected":false},"excerpt":{"rendered":"<p>Coral<\/p>\n","protected":false},"author":1,"featured_media":218941,"comment_status":"open","ping_status":"open","sticky":false,"template":"","format":"standard","meta":[],"categories":[1],"tags":[1378],"acf":[],"yoast_head":"<!-- This site is optimized with the Yoast SEO plugin v19.2 - https:\/\/yoast.com\/wordpress\/plugins\/seo\/ -->\n<title>Canarinhos fazem apresenta\u00e7\u00f5es no Rio de Janeiro - Not\u00edcias - Franciscanos<\/title>\n<meta name=\"robots\" content=\"index, follow, max-snippet:-1, max-image-preview:large, max-video-preview:-1\" \/>\n<link rel=\"canonical\" href=\"https:\/\/franciscanos.org.br\/noticias\/canarinhos-fazem-apresentacoes-no-rio-de-janeiro.html\" \/>\n<meta property=\"og:locale\" content=\"pt_BR\" \/>\n<meta property=\"og:type\" content=\"article\" \/>\n<meta property=\"og:title\" content=\"Canarinhos fazem apresenta\u00e7\u00f5es no Rio de Janeiro - Not\u00edcias - Franciscanos\" \/>\n<meta property=\"og:description\" content=\"Coral\" \/>\n<meta property=\"og:url\" content=\"https:\/\/franciscanos.org.br\/noticias\/canarinhos-fazem-apresentacoes-no-rio-de-janeiro.html\" \/>\n<meta property=\"og:site_name\" content=\"Not\u00edcias - Franciscanos\" \/>\n<meta property=\"article:published_time\" content=\"2015-12-16T15:00:23+00:00\" \/>\n<meta property=\"article:modified_time\" content=\"2021-07-05T23:17:03+00:00\" \/>\n<meta property=\"og:image\" content=\"https:\/\/franciscanos.org.br\/noticias\/wp-content\/uploads\/2014\/05\/IMG_5862.jpg\" \/>\n\t<meta property=\"og:image:width\" content=\"273\" \/>\n\t<meta property=\"og:image:height\" content=\"181\" \/>\n\t<meta property=\"og:image:type\" content=\"image\/jpeg\" \/>\n<meta name=\"author\" content=\"admin\" \/>\n<meta name=\"twitter:card\" content=\"summary_large_image\" \/>\n<meta name=\"twitter:label1\" content=\"Escrito por\" \/>\n\t<meta name=\"twitter:data1\" content=\"admin\" \/>\n\t<meta name=\"twitter:label2\" content=\"Est. tempo de leitura\" \/>\n\t<meta name=\"twitter:data2\" content=\"2 minutos\" \/>\n<script type=\"application\/ld+json\" class=\"yoast-schema-graph\">{\"@context\":\"https:\/\/schema.org\",\"@graph\":[{\"@type\":\"WebSite\",\"@id\":\"https:\/\/franciscanos.org.br\/noticias\/#website\",\"url\":\"https:\/\/franciscanos.org.br\/noticias\/\",\"name\":\"Not\u00edcias - Franciscanos\",\"description\":\"Prov\u00edncia Franciscana da Imaculada Concei\u00e7\u00e3o do Brasil - Ordem dos Frades Menores - OFM\",\"potentialAction\":[{\"@type\":\"SearchAction\",\"target\":{\"@type\":\"EntryPoint\",\"urlTemplate\":\"https:\/\/franciscanos.org.br\/noticias\/?s={search_term_string}\"},\"query-input\":\"required name=search_term_string\"}],\"inLanguage\":\"pt-BR\"},{\"@type\":\"ImageObject\",\"inLanguage\":\"pt-BR\",\"@id\":\"https:\/\/franciscanos.org.br\/noticias\/canarinhos-fazem-apresentacoes-no-rio-de-janeiro.html#primaryimage\",\"url\":\"https:\/\/franciscanos.org.br\/noticias\/wp-content\/uploads\/2014\/05\/IMG_5862.jpg\",\"contentUrl\":\"https:\/\/franciscanos.org.br\/noticias\/wp-content\/uploads\/2014\/05\/IMG_5862.jpg\",\"width\":273,\"height\":181},{\"@type\":\"WebPage\",\"@id\":\"https:\/\/franciscanos.org.br\/noticias\/canarinhos-fazem-apresentacoes-no-rio-de-janeiro.html#webpage\",\"url\":\"https:\/\/franciscanos.org.br\/noticias\/canarinhos-fazem-apresentacoes-no-rio-de-janeiro.html\",\"name\":\"Canarinhos fazem apresenta\u00e7\u00f5es no Rio de Janeiro - Not\u00edcias - Franciscanos\",\"isPartOf\":{\"@id\":\"https:\/\/franciscanos.org.br\/noticias\/#website\"},\"primaryImageOfPage\":{\"@id\":\"https:\/\/franciscanos.org.br\/noticias\/canarinhos-fazem-apresentacoes-no-rio-de-janeiro.html#primaryimage\"},\"datePublished\":\"2015-12-16T15:00:23+00:00\",\"dateModified\":\"2021-07-05T23:17:03+00:00\",\"author\":{\"@id\":\"https:\/\/franciscanos.org.br\/noticias\/#\/schema\/person\/b38fbf43118f02820bd932f2e4b14ad3\"},\"breadcrumb\":{\"@id\":\"https:\/\/franciscanos.org.br\/noticias\/canarinhos-fazem-apresentacoes-no-rio-de-janeiro.html#breadcrumb\"},\"inLanguage\":\"pt-BR\",\"potentialAction\":[{\"@type\":\"ReadAction\",\"target\":[\"https:\/\/franciscanos.org.br\/noticias\/canarinhos-fazem-apresentacoes-no-rio-de-janeiro.html\"]}]},{\"@type\":\"BreadcrumbList\",\"@id\":\"https:\/\/franciscanos.org.br\/noticias\/canarinhos-fazem-apresentacoes-no-rio-de-janeiro.html#breadcrumb\",\"itemListElement\":[{\"@type\":\"ListItem\",\"position\":1,\"name\":\"Home\",\"item\":\"https:\/\/franciscanos.org.br\/noticias\"},{\"@type\":\"ListItem\",\"position\":2,\"name\":\"Canarinhos fazem apresenta\u00e7\u00f5es no Rio de Janeiro\"}]},{\"@type\":\"Person\",\"@id\":\"https:\/\/franciscanos.org.br\/noticias\/#\/schema\/person\/b38fbf43118f02820bd932f2e4b14ad3\",\"name\":\"admin\",\"image\":{\"@type\":\"ImageObject\",\"inLanguage\":\"pt-BR\",\"@id\":\"https:\/\/franciscanos.org.br\/noticias\/#\/schema\/person\/image\/\",\"url\":\"https:\/\/secure.gravatar.com\/avatar\/e8495742d34d0ba6448ea1c628263b3e?s=96&d=mm&r=g\",\"contentUrl\":\"https:\/\/secure.gravatar.com\/avatar\/e8495742d34d0ba6448ea1c628263b3e?s=96&d=mm&r=g\",\"caption\":\"admin\"},\"url\":\"https:\/\/franciscanos.org.br\/noticias\/author\/admin\"}]}<\/script>\n<!-- \/ Yoast SEO plugin. -->","yoast_head_json":{"title":"Canarinhos fazem apresenta\u00e7\u00f5es no Rio de Janeiro - Not\u00edcias - Franciscanos","robots":{"index":"index","follow":"follow","max-snippet":"max-snippet:-1","max-image-preview":"max-image-preview:large","max-video-preview":"max-video-preview:-1"},"canonical":"https:\/\/franciscanos.org.br\/noticias\/canarinhos-fazem-apresentacoes-no-rio-de-janeiro.html","og_locale":"pt_BR","og_type":"article","og_title":"Canarinhos fazem apresenta\u00e7\u00f5es no Rio de Janeiro - Not\u00edcias - Franciscanos","og_description":"Coral","og_url":"https:\/\/franciscanos.org.br\/noticias\/canarinhos-fazem-apresentacoes-no-rio-de-janeiro.html","og_site_name":"Not\u00edcias - Franciscanos","article_published_time":"2015-12-16T15:00:23+00:00","article_modified_time":"2021-07-05T23:17:03+00:00","og_image":[{"width":273,"height":181,"url":"https:\/\/franciscanos.org.br\/noticias\/wp-content\/uploads\/2014\/05\/IMG_5862.jpg","type":"image\/jpeg"}],"author":"admin","twitter_card":"summary_large_image","twitter_misc":{"Escrito por":"admin","Est. tempo de leitura":"2 minutos"},"schema":{"@context":"https:\/\/schema.org","@graph":[{"@type":"WebSite","@id":"https:\/\/franciscanos.org.br\/noticias\/#website","url":"https:\/\/franciscanos.org.br\/noticias\/","name":"Not\u00edcias - Franciscanos","description":"Prov\u00edncia Franciscana da Imaculada Concei\u00e7\u00e3o do Brasil - Ordem dos Frades Menores - OFM","potentialAction":[{"@type":"SearchAction","target":{"@type":"EntryPoint","urlTemplate":"https:\/\/franciscanos.org.br\/noticias\/?s={search_term_string}"},"query-input":"required name=search_term_string"}],"inLanguage":"pt-BR"},{"@type":"ImageObject","inLanguage":"pt-BR","@id":"https:\/\/franciscanos.org.br\/noticias\/canarinhos-fazem-apresentacoes-no-rio-de-janeiro.html#primaryimage","url":"https:\/\/franciscanos.org.br\/noticias\/wp-content\/uploads\/2014\/05\/IMG_5862.jpg","contentUrl":"https:\/\/franciscanos.org.br\/noticias\/wp-content\/uploads\/2014\/05\/IMG_5862.jpg","width":273,"height":181},{"@type":"WebPage","@id":"https:\/\/franciscanos.org.br\/noticias\/canarinhos-fazem-apresentacoes-no-rio-de-janeiro.html#webpage","url":"https:\/\/franciscanos.org.br\/noticias\/canarinhos-fazem-apresentacoes-no-rio-de-janeiro.html","name":"Canarinhos fazem apresenta\u00e7\u00f5es no Rio de Janeiro - Not\u00edcias - Franciscanos","isPartOf":{"@id":"https:\/\/franciscanos.org.br\/noticias\/#website"},"primaryImageOfPage":{"@id":"https:\/\/franciscanos.org.br\/noticias\/canarinhos-fazem-apresentacoes-no-rio-de-janeiro.html#primaryimage"},"datePublished":"2015-12-16T15:00:23+00:00","dateModified":"2021-07-05T23:17:03+00:00","author":{"@id":"https:\/\/franciscanos.org.br\/noticias\/#\/schema\/person\/b38fbf43118f02820bd932f2e4b14ad3"},"breadcrumb":{"@id":"https:\/\/franciscanos.org.br\/noticias\/canarinhos-fazem-apresentacoes-no-rio-de-janeiro.html#breadcrumb"},"inLanguage":"pt-BR","potentialAction":[{"@type":"ReadAction","target":["https:\/\/franciscanos.org.br\/noticias\/canarinhos-fazem-apresentacoes-no-rio-de-janeiro.html"]}]},{"@type":"BreadcrumbList","@id":"https:\/\/franciscanos.org.br\/noticias\/canarinhos-fazem-apresentacoes-no-rio-de-janeiro.html#breadcrumb","itemListElement":[{"@type":"ListItem","position":1,"name":"Home","item":"https:\/\/franciscanos.org.br\/noticias"},{"@type":"ListItem","position":2,"name":"Canarinhos fazem apresenta\u00e7\u00f5es no Rio de Janeiro"}]},{"@type":"Person","@id":"https:\/\/franciscanos.org.br\/noticias\/#\/schema\/person\/b38fbf43118f02820bd932f2e4b14ad3","name":"admin","image":{"@type":"ImageObject","inLanguage":"pt-BR","@id":"https:\/\/franciscanos.org.br\/noticias\/#\/schema\/person\/image\/","url":"https:\/\/secure.gravatar.com\/avatar\/e8495742d34d0ba6448ea1c628263b3e?s=96&d=mm&r=g","contentUrl":"https:\/\/secure.gravatar.com\/avatar\/e8495742d34d0ba6448ea1c628263b3e?s=96&d=mm&r=g","caption":"admin"},"url":"https:\/\/franciscanos.org.br\/noticias\/author\/admin"}]}},"_links":{"self":[{"href":"https:\/\/franciscanos.org.br\/noticias\/wp-json\/wp\/v2\/posts\/99977"}],"collection":[{"href":"https:\/\/franciscanos.org.br\/noticias\/wp-json\/wp\/v2\/posts"}],"about":[{"href":"https:\/\/franciscanos.org.br\/noticias\/wp-json\/wp\/v2\/types\/post"}],"author":[{"embeddable":true,"href":"https:\/\/franciscanos.org.br\/noticias\/wp-json\/wp\/v2\/users\/1"}],"replies":[{"embeddable":true,"href":"https:\/\/franciscanos.org.br\/noticias\/wp-json\/wp\/v2\/comments?post=99977"}],"version-history":[{"count":1,"href":"https:\/\/franciscanos.org.br\/noticias\/wp-json\/wp\/v2\/posts\/99977\/revisions"}],"predecessor-version":[{"id":232909,"href":"https:\/\/franciscanos.org.br\/noticias\/wp-json\/wp\/v2\/posts\/99977\/revisions\/232909"}],"wp:featuredmedia":[{"embeddable":true,"href":"https:\/\/franciscanos.org.br\/noticias\/wp-json\/wp\/v2\/media\/218941"}],"wp:attachment":[{"href":"https:\/\/franciscanos.org.br\/noticias\/wp-json\/wp\/v2\/media?parent=99977"}],"wp:term":[{"taxonomy":"category","embeddable":true,"href":"https:\/\/franciscanos.org.br\/noticias\/wp-json\/wp\/v2\/categories?post=99977"},{"taxonomy":"post_tag","embeddable":true,"href":"https:\/\/franciscanos.org.br\/noticias\/wp-json\/wp\/v2\/tags?post=99977"}],"curies":[{"name":"wp","href":"https:\/\/api.w.org\/{rel}","templated":true}]}}