{"id":99962,"date":"2015-12-14T11:25:07","date_gmt":"2015-12-14T13:25:07","guid":{"rendered":"http:\/\/franciscanos.org.br\/?p=99962"},"modified":"2020-06-10T08:58:46","modified_gmt":"2020-06-10T11:58:46","slug":"cumprimento-do-acordo-de-paris-requer-compromisso-de-todos","status":"publish","type":"post","link":"https:\/\/franciscanos.org.br\/noticias\/cumprimento-do-acordo-de-paris-requer-compromisso-de-todos.html","title":{"rendered":"Cumprimento do acordo, compromisso de todos"},"content":{"rendered":"<p><img loading=\"lazy\" src=\"http:\/\/franciscanos.org.br\/wp-content\/uploads\/2015\/12\/papa_hoje-820.jpg\" alt=\"papa_hoje-820\" width=\"820\" height=\"410\" \/><\/p>\n<p>\u201cA Confer\u00eancia sobre o Clima rec\u00e9m-conclu\u00edda em Paris com a ado\u00e7\u00e3o de um acordo, por muitos definidos como hist\u00f3rico. A sua implementa\u00e7\u00e3o requer um compromisso de todos e uma generosa dedica\u00e7\u00e3o por parte de cada um. Desejando que seja garantida uma particular aten\u00e7\u00e3o \u00e0s popula\u00e7\u00f5es mais vulner\u00e1veis, exorto toda a comunidade internacional a prosseguir com solicitude o caminho tomado, no sinal de uma solidariedade que se torne sempre mais concreta\u201d.<\/p>\n<p>De fato, na noite de s\u00e1bado, ministros de 195 pa\u00edses aprovaram o &#8220;Acordo de Paris&#8221;, primeiro marco jur\u00eddico universal de luta contra o aquecimento global. O documento da 21\u00aa Confer\u00eancia sobre o Clima (COP21) das Na\u00e7\u00f5es Unidas tem car\u00e1ter &#8220;legalmente vinculante&#8221; e obriga todas os pa\u00edses signat\u00e1rios a implementar estrat\u00e9gias para limitar o aumento m\u00e9dio da temperatura da Terra a 1,5\u00baC at\u00e9 2100 e prev\u00ea US$ 100 bilh\u00f5es por ano para projetos de adapta\u00e7\u00e3o dos efeitos do aquecimento a partir de 2020. Trata-se do mais amplo entendimento na \u00e1rea desde o Protocolo de Kyoto, assinado em 1997.<\/p>\n<p>Mesmo n\u00e3o fixando metas quantitativas de redu\u00e7\u00e3o de emiss\u00f5es de gases de efeito estuda, o acordo pretende &#8220;limitar o aumento da temperatura m\u00e9dia global a bem abaixo de 2\u00baC em rela\u00e7\u00e3o aos n\u00edveis pr\u00e9-industriais, e manter esfor\u00e7os para limitar o aumento da temperatura a 1,5\u00baC&#8221;. E para se obter isto \u00e9 necess\u00e1rio alcan\u00e7ar o pico de emiss\u00f5es o mais breve poss\u00edvel e obter um balan\u00e7o entre emiss\u00f5es e remo\u00e7\u00f5es desses gases na segunda metade do s\u00e9culo. Na pr\u00e1tica, isso significa ter emiss\u00f5es l\u00edquidas zero &#8211; tudo que continuar sendo emitido at\u00e9 l\u00e1 tem de ser retirado da atmosfera de alguma maneira, seja com florestas ou com mecanismos de captura de carbono. A inclus\u00e3o desse detalhamento foi vista como um bom sinal em rela\u00e7\u00e3o a vers\u00f5es anteriores do texto, que haviam sido criticadas por serem muito vagas e inconsistentes com a meta. Essa cl\u00e1usula deixa o caminho para o 1,5\u00b0C mais clara.<\/p>\n<p>Os pa\u00edses desenvolvidos, como os Estados Unidos e os da Uni\u00e3o Europeia, devem prover recursos financeiros para ajudar pa\u00edses em desenvolvimento a ter a\u00e7\u00f5es de mitiga\u00e7\u00e3o e adapta\u00e7\u00e3o, e &#8220;outras partes s\u00e3o convidadas a prover ou a continuar prover tal suporte voluntariamente&#8221;. Assim, os ricos dever\u00e3o contribuir com US$ 100 bilh\u00f5es por ano a partir de 2020 para projetos de adapta\u00e7\u00e3o e de mitiga\u00e7\u00e3o dos efeitos das mudan\u00e7as clim\u00e1ticas a serem empreendidos pelos pa\u00edses em desenvolvimento. O volume, considerado baixo perante uma necessidade que especialistas calculam ser de trilh\u00f5es de d\u00f3lares, dever\u00e1 ser revisado.<\/p>\n<p>Antes de 2025, diz o texto, &#8220;as partes devem estabelecer um novo objetivo coletivo a partir de um piso de US$ 100 bilh\u00f5es.&#8221; O valor ser\u00e1 aplicado em organismos como o Fundo Verde, o Mecanismo Global de Meio Ambiente, o Fundo dos Pa\u00edses Menos Desenvolvidos e o Fundo Especial para Mudan\u00e7as Clim\u00e1ticas.<\/p>\n<p>&#8220;Este texto cont\u00e9m os principais avan\u00e7os, que muitos de n\u00f3s n\u00e3o acreditavam poss\u00edvel. Este acordo \u00e9 diferenciado, justo, din\u00e2mico e legalmente vinculante&#8221;, afirmou Laurent Fabius, que se emocionou ao lembrar os delegados governamentais de confer\u00eancias anteriores, que morreram &#8220;sem poder conhecer este dia&#8221;. &#8220;O documento confirma nosso objetivo central, vital, de limitar o aumento a temperatura m\u00e9dia da Terra bem abaixo de 2\u00baC, e se esfor\u00e7ar para limit\u00e1-lo a 1,5\u00baC&#8221;.<br \/>\nAl\u00e9m de Fabius, o Secret\u00e1rio-Geral das Na\u00e7\u00f5es Unidas, Ban Ki-moon, discursou e lembrou a responsabilidade hist\u00f3rica dos delegados. &#8220;O mundo inteiro est\u00e1 nos observando&#8221;, advertiu. &#8220;O tempo chegou de deixar os interesses nacionais de lado e agir nos interesses globais.&#8221;<\/p>\n<p>J\u00e1 o Presidente franc\u00eas, Fran\u00e7ois Hollande, \u00fanico chefe de Estado presente, exortou os delegados governamentais a estarem \u00e0 altura de um momento \u00fanico.<\/p>\n<hr \/>\n<p><i>Fonte: R\u00e1dio Vaticano<\/i><\/p>\n","protected":false},"excerpt":{"rendered":"<p>Acordo de Paris<\/p>\n","protected":false},"author":1,"featured_media":0,"comment_status":"open","ping_status":"open","sticky":false,"template":"","format":"standard","meta":[],"categories":[1428],"tags":[1704,701],"acf":[],"yoast_head":"<!-- This site is optimized with the Yoast SEO plugin v19.2 - https:\/\/yoast.com\/wordpress\/plugins\/seo\/ -->\n<title>Cumprimento do acordo, compromisso de todos - Not\u00edcias - Franciscanos<\/title>\n<meta name=\"robots\" content=\"index, follow, max-snippet:-1, max-image-preview:large, max-video-preview:-1\" \/>\n<link rel=\"canonical\" href=\"https:\/\/franciscanos.org.br\/noticias\/cumprimento-do-acordo-de-paris-requer-compromisso-de-todos.html\" \/>\n<meta property=\"og:locale\" content=\"pt_BR\" \/>\n<meta property=\"og:type\" content=\"article\" \/>\n<meta property=\"og:title\" content=\"Cumprimento do acordo, compromisso de todos - Not\u00edcias - Franciscanos\" \/>\n<meta property=\"og:description\" content=\"Acordo de Paris\" \/>\n<meta property=\"og:url\" content=\"https:\/\/franciscanos.org.br\/noticias\/cumprimento-do-acordo-de-paris-requer-compromisso-de-todos.html\" \/>\n<meta property=\"og:site_name\" content=\"Not\u00edcias - Franciscanos\" \/>\n<meta property=\"article:published_time\" content=\"2015-12-14T13:25:07+00:00\" \/>\n<meta property=\"article:modified_time\" content=\"2020-06-10T11:58:46+00:00\" \/>\n<meta property=\"og:image\" content=\"http:\/\/franciscanos.org.br\/wp-content\/uploads\/2015\/12\/papa_hoje-820.jpg\" \/>\n<meta name=\"author\" content=\"admin\" \/>\n<meta name=\"twitter:card\" content=\"summary_large_image\" \/>\n<meta name=\"twitter:label1\" content=\"Escrito por\" \/>\n\t<meta name=\"twitter:data1\" content=\"admin\" \/>\n\t<meta name=\"twitter:label2\" content=\"Est. tempo de leitura\" \/>\n\t<meta name=\"twitter:data2\" content=\"3 minutos\" \/>\n<script type=\"application\/ld+json\" class=\"yoast-schema-graph\">{\"@context\":\"https:\/\/schema.org\",\"@graph\":[{\"@type\":\"WebSite\",\"@id\":\"https:\/\/franciscanos.org.br\/noticias\/#website\",\"url\":\"https:\/\/franciscanos.org.br\/noticias\/\",\"name\":\"Not\u00edcias - Franciscanos\",\"description\":\"Prov\u00edncia Franciscana da Imaculada Concei\u00e7\u00e3o do Brasil - Ordem dos Frades Menores - OFM\",\"potentialAction\":[{\"@type\":\"SearchAction\",\"target\":{\"@type\":\"EntryPoint\",\"urlTemplate\":\"https:\/\/franciscanos.org.br\/noticias\/?s={search_term_string}\"},\"query-input\":\"required name=search_term_string\"}],\"inLanguage\":\"pt-BR\"},{\"@type\":\"ImageObject\",\"inLanguage\":\"pt-BR\",\"@id\":\"https:\/\/franciscanos.org.br\/noticias\/cumprimento-do-acordo-de-paris-requer-compromisso-de-todos.html#primaryimage\",\"url\":\"http:\/\/franciscanos.org.br\/wp-content\/uploads\/2015\/12\/papa_hoje-820.jpg\",\"contentUrl\":\"http:\/\/franciscanos.org.br\/wp-content\/uploads\/2015\/12\/papa_hoje-820.jpg\"},{\"@type\":\"WebPage\",\"@id\":\"https:\/\/franciscanos.org.br\/noticias\/cumprimento-do-acordo-de-paris-requer-compromisso-de-todos.html#webpage\",\"url\":\"https:\/\/franciscanos.org.br\/noticias\/cumprimento-do-acordo-de-paris-requer-compromisso-de-todos.html\",\"name\":\"Cumprimento do acordo, compromisso de todos - Not\u00edcias - Franciscanos\",\"isPartOf\":{\"@id\":\"https:\/\/franciscanos.org.br\/noticias\/#website\"},\"primaryImageOfPage\":{\"@id\":\"https:\/\/franciscanos.org.br\/noticias\/cumprimento-do-acordo-de-paris-requer-compromisso-de-todos.html#primaryimage\"},\"datePublished\":\"2015-12-14T13:25:07+00:00\",\"dateModified\":\"2020-06-10T11:58:46+00:00\",\"author\":{\"@id\":\"https:\/\/franciscanos.org.br\/noticias\/#\/schema\/person\/b38fbf43118f02820bd932f2e4b14ad3\"},\"breadcrumb\":{\"@id\":\"https:\/\/franciscanos.org.br\/noticias\/cumprimento-do-acordo-de-paris-requer-compromisso-de-todos.html#breadcrumb\"},\"inLanguage\":\"pt-BR\",\"potentialAction\":[{\"@type\":\"ReadAction\",\"target\":[\"https:\/\/franciscanos.org.br\/noticias\/cumprimento-do-acordo-de-paris-requer-compromisso-de-todos.html\"]}]},{\"@type\":\"BreadcrumbList\",\"@id\":\"https:\/\/franciscanos.org.br\/noticias\/cumprimento-do-acordo-de-paris-requer-compromisso-de-todos.html#breadcrumb\",\"itemListElement\":[{\"@type\":\"ListItem\",\"position\":1,\"name\":\"Home\",\"item\":\"https:\/\/franciscanos.org.br\/noticias\"},{\"@type\":\"ListItem\",\"position\":2,\"name\":\"Cumprimento do acordo, compromisso de todos\"}]},{\"@type\":\"Person\",\"@id\":\"https:\/\/franciscanos.org.br\/noticias\/#\/schema\/person\/b38fbf43118f02820bd932f2e4b14ad3\",\"name\":\"admin\",\"image\":{\"@type\":\"ImageObject\",\"inLanguage\":\"pt-BR\",\"@id\":\"https:\/\/franciscanos.org.br\/noticias\/#\/schema\/person\/image\/\",\"url\":\"https:\/\/secure.gravatar.com\/avatar\/e8495742d34d0ba6448ea1c628263b3e?s=96&d=mm&r=g\",\"contentUrl\":\"https:\/\/secure.gravatar.com\/avatar\/e8495742d34d0ba6448ea1c628263b3e?s=96&d=mm&r=g\",\"caption\":\"admin\"},\"url\":\"https:\/\/franciscanos.org.br\/noticias\/author\/admin\"}]}<\/script>\n<!-- \/ Yoast SEO plugin. -->","yoast_head_json":{"title":"Cumprimento do acordo, compromisso de todos - Not\u00edcias - Franciscanos","robots":{"index":"index","follow":"follow","max-snippet":"max-snippet:-1","max-image-preview":"max-image-preview:large","max-video-preview":"max-video-preview:-1"},"canonical":"https:\/\/franciscanos.org.br\/noticias\/cumprimento-do-acordo-de-paris-requer-compromisso-de-todos.html","og_locale":"pt_BR","og_type":"article","og_title":"Cumprimento do acordo, compromisso de todos - Not\u00edcias - Franciscanos","og_description":"Acordo de Paris","og_url":"https:\/\/franciscanos.org.br\/noticias\/cumprimento-do-acordo-de-paris-requer-compromisso-de-todos.html","og_site_name":"Not\u00edcias - Franciscanos","article_published_time":"2015-12-14T13:25:07+00:00","article_modified_time":"2020-06-10T11:58:46+00:00","og_image":[{"url":"http:\/\/franciscanos.org.br\/wp-content\/uploads\/2015\/12\/papa_hoje-820.jpg"}],"author":"admin","twitter_card":"summary_large_image","twitter_misc":{"Escrito por":"admin","Est. tempo de leitura":"3 minutos"},"schema":{"@context":"https:\/\/schema.org","@graph":[{"@type":"WebSite","@id":"https:\/\/franciscanos.org.br\/noticias\/#website","url":"https:\/\/franciscanos.org.br\/noticias\/","name":"Not\u00edcias - Franciscanos","description":"Prov\u00edncia Franciscana da Imaculada Concei\u00e7\u00e3o do Brasil - Ordem dos Frades Menores - OFM","potentialAction":[{"@type":"SearchAction","target":{"@type":"EntryPoint","urlTemplate":"https:\/\/franciscanos.org.br\/noticias\/?s={search_term_string}"},"query-input":"required name=search_term_string"}],"inLanguage":"pt-BR"},{"@type":"ImageObject","inLanguage":"pt-BR","@id":"https:\/\/franciscanos.org.br\/noticias\/cumprimento-do-acordo-de-paris-requer-compromisso-de-todos.html#primaryimage","url":"http:\/\/franciscanos.org.br\/wp-content\/uploads\/2015\/12\/papa_hoje-820.jpg","contentUrl":"http:\/\/franciscanos.org.br\/wp-content\/uploads\/2015\/12\/papa_hoje-820.jpg"},{"@type":"WebPage","@id":"https:\/\/franciscanos.org.br\/noticias\/cumprimento-do-acordo-de-paris-requer-compromisso-de-todos.html#webpage","url":"https:\/\/franciscanos.org.br\/noticias\/cumprimento-do-acordo-de-paris-requer-compromisso-de-todos.html","name":"Cumprimento do acordo, compromisso de todos - Not\u00edcias - Franciscanos","isPartOf":{"@id":"https:\/\/franciscanos.org.br\/noticias\/#website"},"primaryImageOfPage":{"@id":"https:\/\/franciscanos.org.br\/noticias\/cumprimento-do-acordo-de-paris-requer-compromisso-de-todos.html#primaryimage"},"datePublished":"2015-12-14T13:25:07+00:00","dateModified":"2020-06-10T11:58:46+00:00","author":{"@id":"https:\/\/franciscanos.org.br\/noticias\/#\/schema\/person\/b38fbf43118f02820bd932f2e4b14ad3"},"breadcrumb":{"@id":"https:\/\/franciscanos.org.br\/noticias\/cumprimento-do-acordo-de-paris-requer-compromisso-de-todos.html#breadcrumb"},"inLanguage":"pt-BR","potentialAction":[{"@type":"ReadAction","target":["https:\/\/franciscanos.org.br\/noticias\/cumprimento-do-acordo-de-paris-requer-compromisso-de-todos.html"]}]},{"@type":"BreadcrumbList","@id":"https:\/\/franciscanos.org.br\/noticias\/cumprimento-do-acordo-de-paris-requer-compromisso-de-todos.html#breadcrumb","itemListElement":[{"@type":"ListItem","position":1,"name":"Home","item":"https:\/\/franciscanos.org.br\/noticias"},{"@type":"ListItem","position":2,"name":"Cumprimento do acordo, compromisso de todos"}]},{"@type":"Person","@id":"https:\/\/franciscanos.org.br\/noticias\/#\/schema\/person\/b38fbf43118f02820bd932f2e4b14ad3","name":"admin","image":{"@type":"ImageObject","inLanguage":"pt-BR","@id":"https:\/\/franciscanos.org.br\/noticias\/#\/schema\/person\/image\/","url":"https:\/\/secure.gravatar.com\/avatar\/e8495742d34d0ba6448ea1c628263b3e?s=96&d=mm&r=g","contentUrl":"https:\/\/secure.gravatar.com\/avatar\/e8495742d34d0ba6448ea1c628263b3e?s=96&d=mm&r=g","caption":"admin"},"url":"https:\/\/franciscanos.org.br\/noticias\/author\/admin"}]}},"_links":{"self":[{"href":"https:\/\/franciscanos.org.br\/noticias\/wp-json\/wp\/v2\/posts\/99962"}],"collection":[{"href":"https:\/\/franciscanos.org.br\/noticias\/wp-json\/wp\/v2\/posts"}],"about":[{"href":"https:\/\/franciscanos.org.br\/noticias\/wp-json\/wp\/v2\/types\/post"}],"author":[{"embeddable":true,"href":"https:\/\/franciscanos.org.br\/noticias\/wp-json\/wp\/v2\/users\/1"}],"replies":[{"embeddable":true,"href":"https:\/\/franciscanos.org.br\/noticias\/wp-json\/wp\/v2\/comments?post=99962"}],"version-history":[{"count":2,"href":"https:\/\/franciscanos.org.br\/noticias\/wp-json\/wp\/v2\/posts\/99962\/revisions"}],"predecessor-version":[{"id":225827,"href":"https:\/\/franciscanos.org.br\/noticias\/wp-json\/wp\/v2\/posts\/99962\/revisions\/225827"}],"wp:attachment":[{"href":"https:\/\/franciscanos.org.br\/noticias\/wp-json\/wp\/v2\/media?parent=99962"}],"wp:term":[{"taxonomy":"category","embeddable":true,"href":"https:\/\/franciscanos.org.br\/noticias\/wp-json\/wp\/v2\/categories?post=99962"},{"taxonomy":"post_tag","embeddable":true,"href":"https:\/\/franciscanos.org.br\/noticias\/wp-json\/wp\/v2\/tags?post=99962"}],"curies":[{"name":"wp","href":"https:\/\/api.w.org\/{rel}","templated":true}]}}