{"id":99915,"date":"2015-12-13T18:24:12","date_gmt":"2015-12-13T20:24:12","guid":{"rendered":"http:\/\/franciscanos.org.br\/?p=99915"},"modified":"2020-06-10T08:59:43","modified_gmt":"2020-06-10T11:59:43","slug":"latrao-inicia-o-tempo-do-grande-perdao","status":"publish","type":"post","link":"https:\/\/franciscanos.org.br\/noticias\/latrao-inicia-o-tempo-do-grande-perdao.html","title":{"rendered":"Jubileu: Momento para redescobrir a presen\u00e7a de Deus e a sua ternura de Pai"},"content":{"rendered":"<p><img loading=\"lazy\" src=\"http:\/\/franciscanos.org.br\/wp-content\/uploads\/2015\/12\/laterano_alto.jpg\" alt=\"laterano_alto\" width=\"820\" height=\"461\" \/><\/p>\n<p><strong>Cidade do Vaticano<\/strong> \u2013 O Papa Francisco abriu na manh\u00e3 deste 3\u00ba Domingo do Advento a Porta Santa da Catedral de Roma, a Bas\u00edlica S\u00e3o Jo\u00e3o de Latr\u00e3o. \u00c9 a terceira Porta Santa aberta pelo Pont\u00edfice neste Jubileu: a primeira foi em Bangui, capital da Rep\u00fablica Centro Africana, em 29 de novembro e a segunda na Bas\u00edlica de S\u00e3o Pedro, em 8 de dezembro, abrindo oficialmente o Ano Santo da Miseric\u00f3rdia. Neste dia 13, s\u00e3o abertas as Portas Santas em todas as Catedrais do mundo.<\/p>\n<p>Al\u00e9m da Porta Santa da Bas\u00edlica S\u00e3o Jo\u00e3o de Latr\u00e3o aberta pelo Santo Padre, tamb\u00e9m foi aberta na manh\u00e3 deste domingo, 13 de dezembro, a Porta Santa da Bas\u00edlica S\u00e3o Paulo fora-dos-muros. A cerim\u00f4nia foi presidida pelo Cardeal Arcipreste James Harvey, que em sua homilia destacou ser \u201ceste o tempo da Igreja reencontrar o sentido da miss\u00e3o e fazer sentir a todos aquele amor de Deus que perdoa, que consola e que d\u00e1 esperan\u00e7a\u201d.<\/p>\n<p>O Jubileu da Miseric\u00f3rdia teve in\u00edcio em Assis neste domingo com a abertura da Porta Santa na Catedral de S\u00e3o Rufino, pelo Bispo Dom Domenico Sorrentino: \u201cEm Assis, a experi\u00eancia de Francisco trouxe um particular acento \u00e0 miseric\u00f3rdia e isto tamb\u00e9m no seu caminho pessoal. \u00c9 ele mesmo que o narra, quando recorda no testamento que a sua convers\u00e3o ocorre entre os leprosos. E depois porque, iniciado no caminho da santidade, ele quer propagar a miseric\u00f3rdia de Deus pedindo a especial indulg\u00eancia para a Porci\u00fancula, conhecida como \u201cPerd\u00e3o de Assis\u201d\u201d.<\/p>\n<p>&nbsp;<\/p>\n<p><strong>LATR\u00c3O<\/strong><\/p>\n<p>A missa teve in\u00edcio diante da Porta Santa no adro da Bas\u00edlica. Ap\u00f3s os Ritos de Introdu\u00e7\u00e3o e Penitencial, o Bispo de Roma deteve-se em ora\u00e7\u00e3o enquanto era invocado o Esp\u00edrito Santo com o Veni Creator. Ent\u00e3o, foi pronunciada a f\u00f3rmula de abertura da Porta: \u201cEsta \u00e9 a porta do Senhor\u201d. \u201cAbri-me as portas da justi\u00e7a\u201d. \u201cPor vossa grande miseric\u00f3rdia entrarei em vossa casa, Senhor\u201d.<\/p>\n<p>Ap\u00f3s a abertua da Porta Santa da Bas\u00edlica, o Pont\u00edfice foi o primeiro a atravess\u00e1-la, sendo seguido pelos concelebrantes, como o Cardeal Vig\u00e1rio Agostino Vallini, o Vice-Gerente Filippo Iannone, e pelos bispos auxiliares (incluindo alguns em\u00e9ritos), pelo Cap\u00edtulo lateranense e pelos Padres penitencieiros. A seguir, passaram seis sacerdotes da Diocese de Roma, um Di\u00e1cono e quinze leigos. A prociss\u00e3o dirigiu-se at\u00e9 o altar enquanto era entoado o Hino do Jubileu da Miseric\u00f3rdia.<\/p>\n<p>Inspirando-se na leitura do Profeta Sofonias, que faz uma exorta\u00e7\u00e3o \u00e0 alegria, o Papa iniciou sua homilia explicando que \u201co motivo da alegria \u00e9 expresso com palavras que infundem esperan\u00e7a, e permitem olhar para o futuro com serenidade. O Senhor revogou toda condena\u00e7\u00e3o e decidiu viver no meio de n\u00f3s\u201d.<\/p>\n<p>O Santo Padre diz que na proximidade do Natal \u201cn\u00e3o podemos deixar-nos tomar pelo cansa\u00e7o: &#8220;N\u00e3o nos \u00e9 permitida nenhuma forma de tristeza, embora tenhamos motivos para isso devido a muitas preocupa\u00e7\u00f5es e por causa das m\u00faltiplas formas de viol\u00eancia que ferem esta nossa humanidade. A vinda do Senhor, por\u00e9m, deve encher o nosso cora\u00e7\u00e3o de alegria\u201d.<\/p>\n<p>A mensagem do Profeta \u2013 observa o Papa &#8211; abre o nosso cora\u00e7\u00e3o \u00e0 confian\u00e7a: \u201cDeus protege o seu povo\u201d: \u201cNum contexto hist\u00f3rico de grandes arbitrariedades e viol\u00eancias, cometidas, sobretudo, por homens de poder, Deus anuncia que Ele mesmo reinar\u00e1 sobre seu povo, que n\u00e3o mais o deixar\u00e1 \u00e0 merc\u00ea da arrog\u00e2ncia de seus governantes, e que o libertar\u00e1 de toda ang\u00fastia. Hoje nos \u00e9 pedido que \u201cn\u00e3o deixemos desfalecer vossas m\u00e3os\u201d, por causa da d\u00favida, da impaci\u00eancia ou do sofrimento\u201d.<\/p>\n<p>E citando o ap\u00f3stolo Paulo, que \u201cresponde com veem\u00eancia ao ensinamento do profeta Sofonias\u201d, Francisco diz que \u201cdevemos alegrar-nos sempre, e com a nossa afabilidade dar a todos testemunho da proximidade e do cuidado que Deus tem por cada pessoa\u201d:<br \/>\n\u201cAbrimos a Porta Santa, aqui e em todas as catedrais do mundo. Tamb\u00e9m este simples sinal \u00e9 um convite \u00e0 alegria. Inicia o tempo do grande perd\u00e3o. \u00c9 o Jubileu da Miseric\u00f3rdia. \u00c9 o momento para redescobrir a presen\u00e7a de Deus e a sua ternura de Pai. Deus n\u00e3o ama a rigidez. Ele \u00e9 Pai, \u00e9 terno. Faz tudo com a ternura de Pai\u201d.<\/p>\n<p>O Papa observa que somos como as multid\u00f5es que interrogavam Jo\u00e3o, perguntando \u201co que devemos fazer\u201d. E a resposta do Batista n\u00e3o se faz esperar, \u201cele convida a agir com justi\u00e7a e a olhar para as necessidades daqueles que se encontram necessitados\u201d. Mas o que Jo\u00e3o exige \u2013 foi a ressalva do Papa \u2013 \u201c\u00e9 aquilo que est\u00e1 na Lei\u201d. A n\u00f3s, ao inv\u00e9s, \u00e9 pedido um compromisso mais radical: \u201cDiante da Porta Santa que chamados a atravessar, nos \u00e9 pedido para sermos instrumentos de miseric\u00f3rdia, conscientes de que seremos julgados sobre isso. Quem foi batizado sabe ter uma obriga\u00e7\u00e3o maior. A f\u00e9 em Cristo provoca a um caminho que dura para toda a vida: o de ser misericordiosos como o Pai. A alegria de atravessar a Porta da Miseric\u00f3rdia \u00e9 acompanhada do compromisso de acolher e testemunhar um amor que vai al\u00e9m da justi\u00e7a, um amor que n\u00e3o conhece fim. Somos respons\u00e1veis por esse amor infinito, apesar das nossas contradi\u00e7\u00f5es\u201d.<\/p>\n<p>Ao concluir, o Papa exortou a rezarmos \u201cpor n\u00f3s e por todos aqueles que atravessar\u00e3o a Porta da Miseric\u00f3rdia, a fim de que possamos compreender e acolher o amor infinito do nosso Pai celeste, que transforma e renova a vida\u201d.<\/p>\n<p><strong>ANGELUS<\/strong><br \/>\nAp\u00f3s abrir a Porta Santa na Bas\u00edlica S\u00e3o Jo\u00e3o de Latr\u00e3o, o Papa Francisco retornou ao Vaticano para rezar o Angelus com os milhares de fi\u00e9is reunidos na Pra\u00e7a S\u00e3o Pedro, num domingo de c\u00e9u azul e muito frio. Convers\u00e3o e alegria foram os temas da reflex\u00e3o do Papa: \u201cDeus n\u00e3o fecha para ningu\u00e9m a possibilidade de salvar-se\u201d &#8211; ressaltou- e \u201cnenhuma categoria de pessoas est\u00e1 exclu\u00edda de percorrer o caminho da convers\u00e3o para salvar-se\u201d.<\/p>\n<p>A pergunta dirigida a Jo\u00e3o Batista \u201cQue devemos fazer?\u201d- extra\u00edda do Evangelho de Lucas &#8211; inspirou a reflex\u00e3o do Papa sobre o caminho de convers\u00e3o e salva\u00e7\u00e3o. Francisco observa que tr\u00eas categorias de pessoas interpelam Jo\u00e3o: a multid\u00e3o, os publicanos e alguns soldados. \u201cCada um destes grupos \u2013 explicou &#8211; interroga o profeta sobre o que deve fazer para p\u00f4r em pr\u00e1tica a convers\u00e3o que ele prega\u201d. E Jo\u00e3o responde a eles dizendo que \u00e9 \u201ca partilha dos bens de primeira necessidade\u201d: \u201cQuem tiver duas t\u00fanicas, d\u00ea uma a quem n\u00e3o tem; e quem tiver comida, fa\u00e7a o mesmo!\u201d. Aos cobradores de impostos diz: \u201cN\u00e3o cobreis mais do que foi estabelecido\u201d. \u201cO que quer dizer isto? N\u00e3o cobrar propina\u201d. E aos soldados, por fim: \u201cN\u00e3o tomeis \u00e0 for\u00e7a dinheiro de ningu\u00e9m, nem fa\u00e7ais falsas acusa\u00e7\u00f5es; ficai satisfeitos com o vosso sal\u00e1rio!\u201d: \u201cTr\u00eas respostas para um id\u00eantico caminho de convers\u00e3o, que se manifesta nos compromissos concretos de justi\u00e7a e de solidariedade. \u00c9 o caminho que Jesus indica em toda a sua prega\u00e7\u00e3o: o caminho do amor concreto pelo pr\u00f3ximo\u201d.<\/p>\n<p>\u201cDestas advert\u00eancias de Jo\u00e3o Batista \u2013 notou \u2013 compreendemos quais eram as tend\u00eancias gerais de quem detinha o poder naquela \u00e9poca, nas mais diversas formas. E as coisas n\u00e3o mudaram muito, hein!\u201d. Mas faz a ressalva: \u201cTodavia, nenhuma categoria de pessoas est\u00e1 exclu\u00edda de percorrer o caminho da convers\u00e3o para obter a salva\u00e7\u00e3o, nem mesmo os publicanos considerados pecadores por defini\u00e7\u00e3o. Nem mesmo eles est\u00e3o exclu\u00eddos da salva\u00e7\u00e3o. Deus n\u00e3o fecha a ningu\u00e9m a possibilidade de salvar-se. Ele \u2013 se poderia dizer esta palavra &#8211; est\u00e1 ansioso para usar de miseric\u00f3rdia, us\u00e1-la para com todos e de acolher a cada um no seu terno abra\u00e7o de reconcilia\u00e7\u00e3o e de perd\u00e3o\u201d.<\/p>\n<p>O Papa reitera que as palavras de Jo\u00e3o propostas pela liturgia de hoje &#8211; que falam da necessidade de convers\u00e3o, de mudar de dire\u00e7\u00e3o, de rumo e de seguir pelo caminho da justi\u00e7a, da solidariedade, da sobriedade &#8211; s\u00e3o tamb\u00e9m para n\u00f3s. \u201cConvertam-se! \u00c9 a s\u00edntese da mensagem de Batista\u201d, diz o Papa. E uma dimens\u00e3o particular da convers\u00e3o \u2013 observa \u2013 \u00e9 a alegria, pois \u201cquem se converte e se aproxima do Senhor, \u00e9 alegre\u201d:<br \/>\n\u201cHoje \u00e9 necess\u00e1rio coragem para falar de alegria, \u00e9 necess\u00e1rio sobretudo f\u00e9! O mundo \u00e9 afligido por tantos problemas, o futuro marcado por inc\u00f3gnitas e temores. E ainda que o crist\u00e3o seja uma pessoa alegre, e a sua alegria n\u00e3o \u00e9 algo superficial e ef\u00eamero, mas profunda e est\u00e1vel, porque \u00e9 um dom do Senhor que preenche a vida. E a nossa alegria vem da certeza de que o Senhor est\u00e1 pr\u00f3ximo\u201d.<\/p>\n<p>O Papa conclui, pedindo que Maria \u201cnos ajude a fortalecer a nossa f\u00e9, para que saibamos acolher o Deus da alegria, que sempre quer habitar em meio aos seus filhos\u201d e \u201cnos ensine a partilhar as l\u00e1grimas com quem chora, para poder dividir tamb\u00e9m os sorrisos\u201d.<\/p>\n<p>Ap\u00f3s recitar a ora\u00e7\u00e3o mariana do Angelus, o Papa saudou os fieis e grupos presentes na Pra\u00e7a S\u00e3o Pedro, recordando que hoje, em todas as catedrais do mundo, ser\u00e3o abertas as Portas Santas, para que o Jubileu possa ser vivido plenamente nas Igrejas particulares\u201d: \u201cDesejo que este momento forte estimule a muitos a serem instrumentos da ternura de Deus. Como express\u00e3o das obras de miseric\u00f3rdia, ser\u00e3o abertas tamb\u00e9m as \u201cPortas da Miseric\u00f3rdia\u201d nos locais em dificuldades e marginaliza\u00e7\u00e3o. A este prop\u00f3sito, sa\u00fado os presos dos c\u00e1rceres de todo o mundo, especialmente os da pris\u00e3o de P\u00e1dua, que hoje est\u00e3o unidos a n\u00f3s espiritualmente neste momento de ora\u00e7\u00e3o, e os agrade\u00e7o pelo dom do concerto\u201d.<\/p>\n<p>De forma particular, o Papa tamb\u00e9m saudou um grupo de Focolarinos presentes na Pra\u00e7a, junto a amigos de algumas comunidades isl\u00e2micas. (JE)<\/p>\n<hr \/>\n<p><i>Fonte: R\u00e1dio Vaticano<\/i><\/p>\n","protected":false},"excerpt":{"rendered":"<p>Porta Santa em Latr\u00e3o<\/p>\n","protected":false},"author":1,"featured_media":221156,"comment_status":"open","ping_status":"open","sticky":false,"template":"","format":"standard","meta":[],"categories":[1428],"tags":[1372],"acf":[],"yoast_head":"<!-- This site is optimized with the Yoast SEO plugin v19.2 - https:\/\/yoast.com\/wordpress\/plugins\/seo\/ -->\n<title>Jubileu: Momento para redescobrir a presen\u00e7a de Deus e a sua ternura de Pai - Not\u00edcias - Franciscanos<\/title>\n<meta name=\"robots\" content=\"index, follow, max-snippet:-1, max-image-preview:large, max-video-preview:-1\" \/>\n<link rel=\"canonical\" href=\"https:\/\/franciscanos.org.br\/noticias\/latrao-inicia-o-tempo-do-grande-perdao.html\" \/>\n<meta property=\"og:locale\" content=\"pt_BR\" \/>\n<meta property=\"og:type\" content=\"article\" \/>\n<meta property=\"og:title\" content=\"Jubileu: Momento para redescobrir a presen\u00e7a de Deus e a sua ternura de Pai - Not\u00edcias - Franciscanos\" \/>\n<meta property=\"og:description\" content=\"Porta Santa em Latr\u00e3o\" \/>\n<meta property=\"og:url\" content=\"https:\/\/franciscanos.org.br\/noticias\/latrao-inicia-o-tempo-do-grande-perdao.html\" \/>\n<meta property=\"og:site_name\" content=\"Not\u00edcias - Franciscanos\" \/>\n<meta property=\"article:published_time\" content=\"2015-12-13T20:24:12+00:00\" \/>\n<meta property=\"article:modified_time\" content=\"2020-06-10T11:59:43+00:00\" \/>\n<meta property=\"og:image\" content=\"https:\/\/franciscanos.org.br\/noticias\/wp-content\/uploads\/2015\/12\/laterano_alto.jpg\" \/>\n\t<meta property=\"og:image:width\" content=\"273\" \/>\n\t<meta property=\"og:image:height\" content=\"181\" \/>\n\t<meta property=\"og:image:type\" content=\"image\/jpeg\" \/>\n<meta name=\"author\" content=\"admin\" \/>\n<meta name=\"twitter:card\" content=\"summary_large_image\" \/>\n<meta name=\"twitter:label1\" content=\"Escrito por\" \/>\n\t<meta name=\"twitter:data1\" content=\"admin\" \/>\n\t<meta name=\"twitter:label2\" content=\"Est. tempo de leitura\" \/>\n\t<meta name=\"twitter:data2\" content=\"9 minutos\" \/>\n<script type=\"application\/ld+json\" class=\"yoast-schema-graph\">{\"@context\":\"https:\/\/schema.org\",\"@graph\":[{\"@type\":\"WebSite\",\"@id\":\"https:\/\/franciscanos.org.br\/noticias\/#website\",\"url\":\"https:\/\/franciscanos.org.br\/noticias\/\",\"name\":\"Not\u00edcias - Franciscanos\",\"description\":\"Prov\u00edncia Franciscana da Imaculada Concei\u00e7\u00e3o do Brasil - Ordem dos Frades Menores - OFM\",\"potentialAction\":[{\"@type\":\"SearchAction\",\"target\":{\"@type\":\"EntryPoint\",\"urlTemplate\":\"https:\/\/franciscanos.org.br\/noticias\/?s={search_term_string}\"},\"query-input\":\"required name=search_term_string\"}],\"inLanguage\":\"pt-BR\"},{\"@type\":\"ImageObject\",\"inLanguage\":\"pt-BR\",\"@id\":\"https:\/\/franciscanos.org.br\/noticias\/latrao-inicia-o-tempo-do-grande-perdao.html#primaryimage\",\"url\":\"https:\/\/franciscanos.org.br\/noticias\/wp-content\/uploads\/2015\/12\/laterano_alto.jpg\",\"contentUrl\":\"https:\/\/franciscanos.org.br\/noticias\/wp-content\/uploads\/2015\/12\/laterano_alto.jpg\",\"width\":273,\"height\":181},{\"@type\":\"WebPage\",\"@id\":\"https:\/\/franciscanos.org.br\/noticias\/latrao-inicia-o-tempo-do-grande-perdao.html#webpage\",\"url\":\"https:\/\/franciscanos.org.br\/noticias\/latrao-inicia-o-tempo-do-grande-perdao.html\",\"name\":\"Jubileu: Momento para redescobrir a presen\u00e7a de Deus e a sua ternura de Pai - Not\u00edcias - Franciscanos\",\"isPartOf\":{\"@id\":\"https:\/\/franciscanos.org.br\/noticias\/#website\"},\"primaryImageOfPage\":{\"@id\":\"https:\/\/franciscanos.org.br\/noticias\/latrao-inicia-o-tempo-do-grande-perdao.html#primaryimage\"},\"datePublished\":\"2015-12-13T20:24:12+00:00\",\"dateModified\":\"2020-06-10T11:59:43+00:00\",\"author\":{\"@id\":\"https:\/\/franciscanos.org.br\/noticias\/#\/schema\/person\/b38fbf43118f02820bd932f2e4b14ad3\"},\"breadcrumb\":{\"@id\":\"https:\/\/franciscanos.org.br\/noticias\/latrao-inicia-o-tempo-do-grande-perdao.html#breadcrumb\"},\"inLanguage\":\"pt-BR\",\"potentialAction\":[{\"@type\":\"ReadAction\",\"target\":[\"https:\/\/franciscanos.org.br\/noticias\/latrao-inicia-o-tempo-do-grande-perdao.html\"]}]},{\"@type\":\"BreadcrumbList\",\"@id\":\"https:\/\/franciscanos.org.br\/noticias\/latrao-inicia-o-tempo-do-grande-perdao.html#breadcrumb\",\"itemListElement\":[{\"@type\":\"ListItem\",\"position\":1,\"name\":\"Home\",\"item\":\"https:\/\/franciscanos.org.br\/noticias\"},{\"@type\":\"ListItem\",\"position\":2,\"name\":\"Jubileu: Momento para redescobrir a presen\u00e7a de Deus e a sua ternura de Pai\"}]},{\"@type\":\"Person\",\"@id\":\"https:\/\/franciscanos.org.br\/noticias\/#\/schema\/person\/b38fbf43118f02820bd932f2e4b14ad3\",\"name\":\"admin\",\"image\":{\"@type\":\"ImageObject\",\"inLanguage\":\"pt-BR\",\"@id\":\"https:\/\/franciscanos.org.br\/noticias\/#\/schema\/person\/image\/\",\"url\":\"https:\/\/secure.gravatar.com\/avatar\/e8495742d34d0ba6448ea1c628263b3e?s=96&d=mm&r=g\",\"contentUrl\":\"https:\/\/secure.gravatar.com\/avatar\/e8495742d34d0ba6448ea1c628263b3e?s=96&d=mm&r=g\",\"caption\":\"admin\"},\"url\":\"https:\/\/franciscanos.org.br\/noticias\/author\/admin\"}]}<\/script>\n<!-- \/ Yoast SEO plugin. -->","yoast_head_json":{"title":"Jubileu: Momento para redescobrir a presen\u00e7a de Deus e a sua ternura de Pai - Not\u00edcias - Franciscanos","robots":{"index":"index","follow":"follow","max-snippet":"max-snippet:-1","max-image-preview":"max-image-preview:large","max-video-preview":"max-video-preview:-1"},"canonical":"https:\/\/franciscanos.org.br\/noticias\/latrao-inicia-o-tempo-do-grande-perdao.html","og_locale":"pt_BR","og_type":"article","og_title":"Jubileu: Momento para redescobrir a presen\u00e7a de Deus e a sua ternura de Pai - Not\u00edcias - Franciscanos","og_description":"Porta Santa em Latr\u00e3o","og_url":"https:\/\/franciscanos.org.br\/noticias\/latrao-inicia-o-tempo-do-grande-perdao.html","og_site_name":"Not\u00edcias - Franciscanos","article_published_time":"2015-12-13T20:24:12+00:00","article_modified_time":"2020-06-10T11:59:43+00:00","og_image":[{"width":273,"height":181,"url":"https:\/\/franciscanos.org.br\/noticias\/wp-content\/uploads\/2015\/12\/laterano_alto.jpg","type":"image\/jpeg"}],"author":"admin","twitter_card":"summary_large_image","twitter_misc":{"Escrito por":"admin","Est. tempo de leitura":"9 minutos"},"schema":{"@context":"https:\/\/schema.org","@graph":[{"@type":"WebSite","@id":"https:\/\/franciscanos.org.br\/noticias\/#website","url":"https:\/\/franciscanos.org.br\/noticias\/","name":"Not\u00edcias - Franciscanos","description":"Prov\u00edncia Franciscana da Imaculada Concei\u00e7\u00e3o do Brasil - Ordem dos Frades Menores - OFM","potentialAction":[{"@type":"SearchAction","target":{"@type":"EntryPoint","urlTemplate":"https:\/\/franciscanos.org.br\/noticias\/?s={search_term_string}"},"query-input":"required name=search_term_string"}],"inLanguage":"pt-BR"},{"@type":"ImageObject","inLanguage":"pt-BR","@id":"https:\/\/franciscanos.org.br\/noticias\/latrao-inicia-o-tempo-do-grande-perdao.html#primaryimage","url":"https:\/\/franciscanos.org.br\/noticias\/wp-content\/uploads\/2015\/12\/laterano_alto.jpg","contentUrl":"https:\/\/franciscanos.org.br\/noticias\/wp-content\/uploads\/2015\/12\/laterano_alto.jpg","width":273,"height":181},{"@type":"WebPage","@id":"https:\/\/franciscanos.org.br\/noticias\/latrao-inicia-o-tempo-do-grande-perdao.html#webpage","url":"https:\/\/franciscanos.org.br\/noticias\/latrao-inicia-o-tempo-do-grande-perdao.html","name":"Jubileu: Momento para redescobrir a presen\u00e7a de Deus e a sua ternura de Pai - Not\u00edcias - Franciscanos","isPartOf":{"@id":"https:\/\/franciscanos.org.br\/noticias\/#website"},"primaryImageOfPage":{"@id":"https:\/\/franciscanos.org.br\/noticias\/latrao-inicia-o-tempo-do-grande-perdao.html#primaryimage"},"datePublished":"2015-12-13T20:24:12+00:00","dateModified":"2020-06-10T11:59:43+00:00","author":{"@id":"https:\/\/franciscanos.org.br\/noticias\/#\/schema\/person\/b38fbf43118f02820bd932f2e4b14ad3"},"breadcrumb":{"@id":"https:\/\/franciscanos.org.br\/noticias\/latrao-inicia-o-tempo-do-grande-perdao.html#breadcrumb"},"inLanguage":"pt-BR","potentialAction":[{"@type":"ReadAction","target":["https:\/\/franciscanos.org.br\/noticias\/latrao-inicia-o-tempo-do-grande-perdao.html"]}]},{"@type":"BreadcrumbList","@id":"https:\/\/franciscanos.org.br\/noticias\/latrao-inicia-o-tempo-do-grande-perdao.html#breadcrumb","itemListElement":[{"@type":"ListItem","position":1,"name":"Home","item":"https:\/\/franciscanos.org.br\/noticias"},{"@type":"ListItem","position":2,"name":"Jubileu: Momento para redescobrir a presen\u00e7a de Deus e a sua ternura de Pai"}]},{"@type":"Person","@id":"https:\/\/franciscanos.org.br\/noticias\/#\/schema\/person\/b38fbf43118f02820bd932f2e4b14ad3","name":"admin","image":{"@type":"ImageObject","inLanguage":"pt-BR","@id":"https:\/\/franciscanos.org.br\/noticias\/#\/schema\/person\/image\/","url":"https:\/\/secure.gravatar.com\/avatar\/e8495742d34d0ba6448ea1c628263b3e?s=96&d=mm&r=g","contentUrl":"https:\/\/secure.gravatar.com\/avatar\/e8495742d34d0ba6448ea1c628263b3e?s=96&d=mm&r=g","caption":"admin"},"url":"https:\/\/franciscanos.org.br\/noticias\/author\/admin"}]}},"_links":{"self":[{"href":"https:\/\/franciscanos.org.br\/noticias\/wp-json\/wp\/v2\/posts\/99915"}],"collection":[{"href":"https:\/\/franciscanos.org.br\/noticias\/wp-json\/wp\/v2\/posts"}],"about":[{"href":"https:\/\/franciscanos.org.br\/noticias\/wp-json\/wp\/v2\/types\/post"}],"author":[{"embeddable":true,"href":"https:\/\/franciscanos.org.br\/noticias\/wp-json\/wp\/v2\/users\/1"}],"replies":[{"embeddable":true,"href":"https:\/\/franciscanos.org.br\/noticias\/wp-json\/wp\/v2\/comments?post=99915"}],"version-history":[{"count":1,"href":"https:\/\/franciscanos.org.br\/noticias\/wp-json\/wp\/v2\/posts\/99915\/revisions"}],"predecessor-version":[{"id":225828,"href":"https:\/\/franciscanos.org.br\/noticias\/wp-json\/wp\/v2\/posts\/99915\/revisions\/225828"}],"wp:featuredmedia":[{"embeddable":true,"href":"https:\/\/franciscanos.org.br\/noticias\/wp-json\/wp\/v2\/media\/221156"}],"wp:attachment":[{"href":"https:\/\/franciscanos.org.br\/noticias\/wp-json\/wp\/v2\/media?parent=99915"}],"wp:term":[{"taxonomy":"category","embeddable":true,"href":"https:\/\/franciscanos.org.br\/noticias\/wp-json\/wp\/v2\/categories?post=99915"},{"taxonomy":"post_tag","embeddable":true,"href":"https:\/\/franciscanos.org.br\/noticias\/wp-json\/wp\/v2\/tags?post=99915"}],"curies":[{"name":"wp","href":"https:\/\/api.w.org\/{rel}","templated":true}]}}