{"id":99911,"date":"2015-12-12T18:50:19","date_gmt":"2015-12-12T20:50:19","guid":{"rendered":"http:\/\/franciscanos.org.br\/?p=99911"},"modified":"2020-06-10T09:03:57","modified_gmt":"2020-06-10T12:03:57","slug":"paises-aprovam-acordo-historico-para-limitar-aquecimento","status":"publish","type":"post","link":"https:\/\/franciscanos.org.br\/noticias\/paises-aprovam-acordo-historico-para-limitar-aquecimento.html","title":{"rendered":"Pa\u00edses aprovam acordo hist\u00f3rico para limitar aquecimento"},"content":{"rendered":"<p><img loading=\"lazy\" class=\"alignnone size-full wp-image-225829\" src=\"https:\/\/franciscanos.org.br\/noticias\/wp-content\/uploads\/2015\/12\/paris.jpg\" alt=\"\" width=\"1000\" height=\"541\" srcset=\"https:\/\/franciscanos.org.br\/noticias\/wp-content\/uploads\/2015\/12\/paris.jpg 1000w, https:\/\/franciscanos.org.br\/noticias\/wp-content\/uploads\/2015\/12\/paris-450x243.jpg 450w, https:\/\/franciscanos.org.br\/noticias\/wp-content\/uploads\/2015\/12\/paris-768x415.jpg 768w, https:\/\/franciscanos.org.br\/noticias\/wp-content\/uploads\/2015\/12\/paris-150x81.jpg 150w\" sizes=\"(max-width: 1000px) 100vw, 1000px\" \/><\/p>\n<p>Os 195 pa\u00edses que participam da 21\u00aa Confer\u00eancia das Partes da Conven\u00e7\u00e3o das Na\u00e7\u00f5es Unidas sobre as Mudan\u00e7as Clim\u00e1ticas (COP21) aprovaram neste s\u00e1bado (12) um hist\u00f3rico acordo para enfrentar o aquecimento global.<\/p>\n<p>O resultado foi amplamente celebrado pelo ministro das Rela\u00e7\u00f5es Exteriores da Fran\u00e7a e presidente da COP21, Laurent Fabius, e pelos representantes da ONU com calorosos abra\u00e7os no palco. O documento confirma o compromisso de &#8220;manter o aumento m\u00e9dio da temperatura global bem abaixo dos 2\u00baC em rela\u00e7\u00e3o aos n\u00edveis pr\u00e9-industriais e realizar esfor\u00e7os para limitar o crescimento a 1,5\u00baC, reconhecendo que isso reduziria significativamente os riscos e os impactos das mudan\u00e7as clim\u00e1ticas&#8221;.<\/p>\n<p>A barreira de 1,5\u00baC era defendida principalmente por Estados insulares do Pac\u00edfico e do Caribe &#8211; alguns dos mais afetados pelo aquecimento do planeta. Por outro lado, pa\u00edses como Estados Unidos, China e Brasil propunham um limite menos ambicioso de 2\u00baC.<\/p>\n<p>Al\u00e9m disso, o projeto de acordo estabelece que as partes tenham como objetivo alcan\u00e7ar o pico das emiss\u00f5es de gases causadores do efeito estufa &#8220;o mais r\u00e1pido poss\u00edvel&#8221;, prosseguindo com uma &#8220;r\u00e1pida redu\u00e7\u00e3o&#8221; ap\u00f3s esse momento para se chegar a um &#8220;equil\u00edbrio&#8221; na segunda metade deste s\u00e9culo. No entanto, o texto n\u00e3o fala explicitamente em &#8220;neutralidade carb\u00f4nica&#8221; e nem cont\u00e9m datas ou cifras definidas.<\/p>\n<p>De acordo com o documento, os pa\u00edses ricos dever\u00e3o fornecer recursos para financiar o combate \u00e0s mudan\u00e7as clim\u00e1ticas nas na\u00e7\u00f5es em desenvolvimento. Est\u00e3o previstos pelo menos US$ 100 bilh\u00f5es por ano at\u00e9 2020, n\u00famero que ser\u00e1 revisado em 2025.<\/p>\n<p>&#8220;O acordo clim\u00e1tico em Paris \u00e9 um passo adiante decisivo. A It\u00e1lia \u00e9 protagonista, hoje e amanh\u00e3&#8221;, escreveu no Twitter o primeiro-ministro italiano, Matteo Renzi. J\u00e1 o presidente da COP21 afirmou que o pacto \u00e9 &#8220;ambicioso e equilibrado, refletindo as posi\u00e7\u00f5es das partes&#8221;.<\/p>\n<p>Fabius ainda destacou que o documento \u00e9 &#8220;juridicamente vinculante&#8221;, ou seja, ter\u00e1 for\u00e7a de lei nos pa\u00edses signat\u00e1rios.<\/p>\n<p>O acordo valer\u00e1 a partir de 2020. Com esta aprova\u00e7\u00e3o, encerram-se seis anos de trabalhos que come\u00e7aram na cimeira do clima de Durban (2011), na \u00c1frica do Sul, quando as negocia\u00e7\u00f5es para um pacto global de luta contra as altera\u00e7\u00f5es clim\u00e1ticas come\u00e7aram.<\/p>\n<p><strong>ESPERAN\u00c7A E EXPECTATIVAS<\/strong><\/p>\n<p>Participando da confer\u00eancia de Paris como assessor nacional do F\u00f3rum de Mudan\u00e7as Clim\u00e1ticas (ligado \u00e0 CNBB) e membro da Repam, o cientista social e educador popular Ivo Poletto defende que convivendo com a natureza, devemos \u201cpriorizar a cultura espiritual e m\u00edstica de integra\u00e7\u00e3o e respeito, vendo a presen\u00e7a divina de cada ser, amando-o e respeitando-o\u201d.<\/p>\n<p>\u201cCreio que o ponto principal \u00e9 que n\u00f3s devemos recuperar nossa cultura origin\u00e1ria. Cultura origin\u00e1ria que \u00e9 diferente da cultura do consumismo, da cultura do descarte, de que nos fala o Papa Francisco. Nossa cultura origin\u00e1ria nos diz que somos parte da natureza, somos parte da Terra.<\/p>\n<p>A Amaz\u00f4nia \u00e9, ent\u00e3o, uma oportunidade para n\u00f3s em nossos pa\u00edses para perceber que ainda \u00e9 poss\u00edvel fazer um tipo diferente de economia, fazer um tipo diferente de conviv\u00eancia com a natureza. Porque n\u00f3s j\u00e1 destru\u00edmos v\u00e1rios biomas da natureza (No Brasil, por exemplo, quase destru\u00edmos a mata atl\u00e2ntica; estamos destruindo nossa montanha). Temos de assumir que a Amaz\u00f4nia \u00e9 importante para o equil\u00edbrio h\u00eddrico e reduzir o efeito de estufa na atmosfera.<\/p>\n<p>Mas, por outro lado, podemos trabalhar tamb\u00e9m na dimens\u00e3o \u00e0 qual nos chama o Papa Francisco: Buscar nas ra\u00edzes da nossa f\u00e9 e nas ra\u00edzes de nossas culturas motiva\u00e7\u00f5es originais, motiva\u00e7\u00f5es, m\u00edstica, for\u00e7a, interior de mudar nossos modos e estilos de vida. Trabalhar para viver de forma mais simples, utilizando menos recursos que a natureza nos oferece.<\/p>\n<p>Por outro lado, aprender a viver com a natureza, para ter um relacionamento com todos os seres vivos e com os seres que n\u00e3o est\u00e3o vivos. Temos de gerar uma m\u00edstica de integra\u00e7\u00e3o. Ver a presen\u00e7a de Deus em todos os seres, respeitar e amar toda a cria\u00e7\u00e3o. Fazer o contr\u00e1rio deve ser visto como pecado. &#8220;Temos de come\u00e7ar com a consci\u00eancia da necessidade da Amaz\u00f4nia para toda a humanidade. Seria uma trag\u00e9dia para o mundo inteiro se bioma da Amaz\u00f4nia desaparecesse. E n\u00f3s sabemos que existem grandes atividades econ\u00f4micas est\u00e3o afetando a vida das florestas amaz\u00f4nicas. Projetos usam dezenas de milhares de hectares da Amaz\u00f4nia para plantar, por exemplo, \u00f3leo de palma, cana de a\u00e7\u00facar, gr\u00e3os para exporta\u00e7\u00e3o, a soja ou cria\u00e7\u00e3o de gado. Estes projetos empresariais est\u00e3o fazendo desaparecer florestas e todo tipo de vida que temos l\u00e1\u201d.<\/p>\n<p><strong>PAPA FRANCISCO<\/strong><\/p>\n<p>Um acordo global e transformador, segundo Francisco, deve se ancorar em tr\u00eas pilares:<br \/>\nO primeiro \u00e9 uma orienta\u00e7\u00e3o \u00e9tica clara. S\u00e3o as pessoas mais vulner\u00e1veis a sofrer as consequ\u00eancias das altera\u00e7\u00f5es do clima, sem ser as respons\u00e1veis por elas. Por isso, vale lembrar que somos uma s\u00f3 fam\u00edlia humana e assim sendo, o Acordo dever\u00e1 ser marcado pela solidariedade global e pela responsabilidade comum e diferenciada de cada um, segundo suas capacidades e condi\u00e7\u00f5es.<\/p>\n<p>O segundo pilar aponta que governos, autoridades, o mundo empresarial, a comunidade cient\u00edfica e a sociedade civil precisam come\u00e7ar a praticar uma economia com baixo conte\u00fado de carv\u00e3o, apostando no desenvolvimento humano integral. Nesta perspectiva, os pa\u00edses mais ricos devem dar o bom exemplo, ajudando os mais pobres a desenvolver energias renov\u00e1veis, a cuidar das florestas, bem administrar o transporte e os res\u00edduos, atuar programas sustent\u00e1veis e diversificados de seguran\u00e7a alimentar, combate ao desperd\u00edcio de alimentos, e outros.<\/p>\n<p>O terceiro alicerce se refere \u00e0 vis\u00e3o de futuro. A COP-21 \u00e9 apenas uma etapa. O Acordo final precisa prever mecanismos de controle dos compromissos assumidos, transparentes, eficazes e din\u00e2micos, pede o Papa. E enfim, \u00e9 necess\u00e1rio aplicar, nos campos da educa\u00e7\u00e3o e da forma\u00e7\u00e3o, modelos de produ\u00e7\u00e3o e consumo sustent\u00e1veis, assimilando um novo estilo de vida e \u201clongos processos de regenera\u00e7\u00e3o\u201d (Laudato si\u2019, n. 202).<\/p>\n","protected":false},"excerpt":{"rendered":"<p>Acordo de Paris e a Laudato S\u00ed<\/p>\n","protected":false},"author":1,"featured_media":225830,"comment_status":"open","ping_status":"open","sticky":false,"template":"","format":"standard","meta":[],"categories":[1],"tags":[1704],"acf":[],"yoast_head":"<!-- This site is optimized with the Yoast SEO plugin v19.2 - https:\/\/yoast.com\/wordpress\/plugins\/seo\/ -->\n<title>Pa\u00edses aprovam acordo hist\u00f3rico para limitar aquecimento - Not\u00edcias - Franciscanos<\/title>\n<meta name=\"robots\" content=\"index, follow, max-snippet:-1, max-image-preview:large, max-video-preview:-1\" \/>\n<link rel=\"canonical\" href=\"https:\/\/franciscanos.org.br\/noticias\/paises-aprovam-acordo-historico-para-limitar-aquecimento.html\" \/>\n<meta property=\"og:locale\" content=\"pt_BR\" \/>\n<meta property=\"og:type\" content=\"article\" \/>\n<meta property=\"og:title\" content=\"Pa\u00edses aprovam acordo hist\u00f3rico para limitar aquecimento - Not\u00edcias - Franciscanos\" \/>\n<meta property=\"og:description\" content=\"Acordo de Paris e a Laudato S\u00ed\" \/>\n<meta property=\"og:url\" content=\"https:\/\/franciscanos.org.br\/noticias\/paises-aprovam-acordo-historico-para-limitar-aquecimento.html\" \/>\n<meta property=\"og:site_name\" content=\"Not\u00edcias - Franciscanos\" \/>\n<meta property=\"article:published_time\" content=\"2015-12-12T20:50:19+00:00\" \/>\n<meta property=\"article:modified_time\" content=\"2020-06-10T12:03:57+00:00\" \/>\n<meta property=\"og:image\" content=\"https:\/\/franciscanos.org.br\/noticias\/wp-content\/uploads\/2015\/12\/paris_d.jpg\" \/>\n\t<meta property=\"og:image:width\" content=\"800\" \/>\n\t<meta property=\"og:image:height\" content=\"599\" \/>\n\t<meta property=\"og:image:type\" content=\"image\/jpeg\" \/>\n<meta name=\"author\" content=\"admin\" \/>\n<meta name=\"twitter:card\" content=\"summary_large_image\" \/>\n<meta name=\"twitter:label1\" content=\"Escrito por\" \/>\n\t<meta name=\"twitter:data1\" content=\"admin\" \/>\n\t<meta name=\"twitter:label2\" content=\"Est. tempo de leitura\" \/>\n\t<meta name=\"twitter:data2\" content=\"5 minutos\" \/>\n<script type=\"application\/ld+json\" class=\"yoast-schema-graph\">{\"@context\":\"https:\/\/schema.org\",\"@graph\":[{\"@type\":\"WebSite\",\"@id\":\"https:\/\/franciscanos.org.br\/noticias\/#website\",\"url\":\"https:\/\/franciscanos.org.br\/noticias\/\",\"name\":\"Not\u00edcias - Franciscanos\",\"description\":\"Prov\u00edncia Franciscana da Imaculada Concei\u00e7\u00e3o do Brasil - Ordem dos Frades Menores - OFM\",\"potentialAction\":[{\"@type\":\"SearchAction\",\"target\":{\"@type\":\"EntryPoint\",\"urlTemplate\":\"https:\/\/franciscanos.org.br\/noticias\/?s={search_term_string}\"},\"query-input\":\"required name=search_term_string\"}],\"inLanguage\":\"pt-BR\"},{\"@type\":\"ImageObject\",\"inLanguage\":\"pt-BR\",\"@id\":\"https:\/\/franciscanos.org.br\/noticias\/paises-aprovam-acordo-historico-para-limitar-aquecimento.html#primaryimage\",\"url\":\"https:\/\/franciscanos.org.br\/noticias\/wp-content\/uploads\/2015\/12\/paris_d.jpg\",\"contentUrl\":\"https:\/\/franciscanos.org.br\/noticias\/wp-content\/uploads\/2015\/12\/paris_d.jpg\",\"width\":800,\"height\":599},{\"@type\":\"WebPage\",\"@id\":\"https:\/\/franciscanos.org.br\/noticias\/paises-aprovam-acordo-historico-para-limitar-aquecimento.html#webpage\",\"url\":\"https:\/\/franciscanos.org.br\/noticias\/paises-aprovam-acordo-historico-para-limitar-aquecimento.html\",\"name\":\"Pa\u00edses aprovam acordo hist\u00f3rico para limitar aquecimento - Not\u00edcias - Franciscanos\",\"isPartOf\":{\"@id\":\"https:\/\/franciscanos.org.br\/noticias\/#website\"},\"primaryImageOfPage\":{\"@id\":\"https:\/\/franciscanos.org.br\/noticias\/paises-aprovam-acordo-historico-para-limitar-aquecimento.html#primaryimage\"},\"datePublished\":\"2015-12-12T20:50:19+00:00\",\"dateModified\":\"2020-06-10T12:03:57+00:00\",\"author\":{\"@id\":\"https:\/\/franciscanos.org.br\/noticias\/#\/schema\/person\/b38fbf43118f02820bd932f2e4b14ad3\"},\"breadcrumb\":{\"@id\":\"https:\/\/franciscanos.org.br\/noticias\/paises-aprovam-acordo-historico-para-limitar-aquecimento.html#breadcrumb\"},\"inLanguage\":\"pt-BR\",\"potentialAction\":[{\"@type\":\"ReadAction\",\"target\":[\"https:\/\/franciscanos.org.br\/noticias\/paises-aprovam-acordo-historico-para-limitar-aquecimento.html\"]}]},{\"@type\":\"BreadcrumbList\",\"@id\":\"https:\/\/franciscanos.org.br\/noticias\/paises-aprovam-acordo-historico-para-limitar-aquecimento.html#breadcrumb\",\"itemListElement\":[{\"@type\":\"ListItem\",\"position\":1,\"name\":\"Home\",\"item\":\"https:\/\/franciscanos.org.br\/noticias\"},{\"@type\":\"ListItem\",\"position\":2,\"name\":\"Pa\u00edses aprovam acordo hist\u00f3rico para limitar aquecimento\"}]},{\"@type\":\"Person\",\"@id\":\"https:\/\/franciscanos.org.br\/noticias\/#\/schema\/person\/b38fbf43118f02820bd932f2e4b14ad3\",\"name\":\"admin\",\"image\":{\"@type\":\"ImageObject\",\"inLanguage\":\"pt-BR\",\"@id\":\"https:\/\/franciscanos.org.br\/noticias\/#\/schema\/person\/image\/\",\"url\":\"https:\/\/secure.gravatar.com\/avatar\/e8495742d34d0ba6448ea1c628263b3e?s=96&d=mm&r=g\",\"contentUrl\":\"https:\/\/secure.gravatar.com\/avatar\/e8495742d34d0ba6448ea1c628263b3e?s=96&d=mm&r=g\",\"caption\":\"admin\"},\"url\":\"https:\/\/franciscanos.org.br\/noticias\/author\/admin\"}]}<\/script>\n<!-- \/ Yoast SEO plugin. -->","yoast_head_json":{"title":"Pa\u00edses aprovam acordo hist\u00f3rico para limitar aquecimento - Not\u00edcias - Franciscanos","robots":{"index":"index","follow":"follow","max-snippet":"max-snippet:-1","max-image-preview":"max-image-preview:large","max-video-preview":"max-video-preview:-1"},"canonical":"https:\/\/franciscanos.org.br\/noticias\/paises-aprovam-acordo-historico-para-limitar-aquecimento.html","og_locale":"pt_BR","og_type":"article","og_title":"Pa\u00edses aprovam acordo hist\u00f3rico para limitar aquecimento - Not\u00edcias - Franciscanos","og_description":"Acordo de Paris e a Laudato S\u00ed","og_url":"https:\/\/franciscanos.org.br\/noticias\/paises-aprovam-acordo-historico-para-limitar-aquecimento.html","og_site_name":"Not\u00edcias - Franciscanos","article_published_time":"2015-12-12T20:50:19+00:00","article_modified_time":"2020-06-10T12:03:57+00:00","og_image":[{"width":800,"height":599,"url":"https:\/\/franciscanos.org.br\/noticias\/wp-content\/uploads\/2015\/12\/paris_d.jpg","type":"image\/jpeg"}],"author":"admin","twitter_card":"summary_large_image","twitter_misc":{"Escrito por":"admin","Est. tempo de leitura":"5 minutos"},"schema":{"@context":"https:\/\/schema.org","@graph":[{"@type":"WebSite","@id":"https:\/\/franciscanos.org.br\/noticias\/#website","url":"https:\/\/franciscanos.org.br\/noticias\/","name":"Not\u00edcias - Franciscanos","description":"Prov\u00edncia Franciscana da Imaculada Concei\u00e7\u00e3o do Brasil - Ordem dos Frades Menores - OFM","potentialAction":[{"@type":"SearchAction","target":{"@type":"EntryPoint","urlTemplate":"https:\/\/franciscanos.org.br\/noticias\/?s={search_term_string}"},"query-input":"required name=search_term_string"}],"inLanguage":"pt-BR"},{"@type":"ImageObject","inLanguage":"pt-BR","@id":"https:\/\/franciscanos.org.br\/noticias\/paises-aprovam-acordo-historico-para-limitar-aquecimento.html#primaryimage","url":"https:\/\/franciscanos.org.br\/noticias\/wp-content\/uploads\/2015\/12\/paris_d.jpg","contentUrl":"https:\/\/franciscanos.org.br\/noticias\/wp-content\/uploads\/2015\/12\/paris_d.jpg","width":800,"height":599},{"@type":"WebPage","@id":"https:\/\/franciscanos.org.br\/noticias\/paises-aprovam-acordo-historico-para-limitar-aquecimento.html#webpage","url":"https:\/\/franciscanos.org.br\/noticias\/paises-aprovam-acordo-historico-para-limitar-aquecimento.html","name":"Pa\u00edses aprovam acordo hist\u00f3rico para limitar aquecimento - Not\u00edcias - Franciscanos","isPartOf":{"@id":"https:\/\/franciscanos.org.br\/noticias\/#website"},"primaryImageOfPage":{"@id":"https:\/\/franciscanos.org.br\/noticias\/paises-aprovam-acordo-historico-para-limitar-aquecimento.html#primaryimage"},"datePublished":"2015-12-12T20:50:19+00:00","dateModified":"2020-06-10T12:03:57+00:00","author":{"@id":"https:\/\/franciscanos.org.br\/noticias\/#\/schema\/person\/b38fbf43118f02820bd932f2e4b14ad3"},"breadcrumb":{"@id":"https:\/\/franciscanos.org.br\/noticias\/paises-aprovam-acordo-historico-para-limitar-aquecimento.html#breadcrumb"},"inLanguage":"pt-BR","potentialAction":[{"@type":"ReadAction","target":["https:\/\/franciscanos.org.br\/noticias\/paises-aprovam-acordo-historico-para-limitar-aquecimento.html"]}]},{"@type":"BreadcrumbList","@id":"https:\/\/franciscanos.org.br\/noticias\/paises-aprovam-acordo-historico-para-limitar-aquecimento.html#breadcrumb","itemListElement":[{"@type":"ListItem","position":1,"name":"Home","item":"https:\/\/franciscanos.org.br\/noticias"},{"@type":"ListItem","position":2,"name":"Pa\u00edses aprovam acordo hist\u00f3rico para limitar aquecimento"}]},{"@type":"Person","@id":"https:\/\/franciscanos.org.br\/noticias\/#\/schema\/person\/b38fbf43118f02820bd932f2e4b14ad3","name":"admin","image":{"@type":"ImageObject","inLanguage":"pt-BR","@id":"https:\/\/franciscanos.org.br\/noticias\/#\/schema\/person\/image\/","url":"https:\/\/secure.gravatar.com\/avatar\/e8495742d34d0ba6448ea1c628263b3e?s=96&d=mm&r=g","contentUrl":"https:\/\/secure.gravatar.com\/avatar\/e8495742d34d0ba6448ea1c628263b3e?s=96&d=mm&r=g","caption":"admin"},"url":"https:\/\/franciscanos.org.br\/noticias\/author\/admin"}]}},"_links":{"self":[{"href":"https:\/\/franciscanos.org.br\/noticias\/wp-json\/wp\/v2\/posts\/99911"}],"collection":[{"href":"https:\/\/franciscanos.org.br\/noticias\/wp-json\/wp\/v2\/posts"}],"about":[{"href":"https:\/\/franciscanos.org.br\/noticias\/wp-json\/wp\/v2\/types\/post"}],"author":[{"embeddable":true,"href":"https:\/\/franciscanos.org.br\/noticias\/wp-json\/wp\/v2\/users\/1"}],"replies":[{"embeddable":true,"href":"https:\/\/franciscanos.org.br\/noticias\/wp-json\/wp\/v2\/comments?post=99911"}],"version-history":[{"count":2,"href":"https:\/\/franciscanos.org.br\/noticias\/wp-json\/wp\/v2\/posts\/99911\/revisions"}],"predecessor-version":[{"id":225832,"href":"https:\/\/franciscanos.org.br\/noticias\/wp-json\/wp\/v2\/posts\/99911\/revisions\/225832"}],"wp:featuredmedia":[{"embeddable":true,"href":"https:\/\/franciscanos.org.br\/noticias\/wp-json\/wp\/v2\/media\/225830"}],"wp:attachment":[{"href":"https:\/\/franciscanos.org.br\/noticias\/wp-json\/wp\/v2\/media?parent=99911"}],"wp:term":[{"taxonomy":"category","embeddable":true,"href":"https:\/\/franciscanos.org.br\/noticias\/wp-json\/wp\/v2\/categories?post=99911"},{"taxonomy":"post_tag","embeddable":true,"href":"https:\/\/franciscanos.org.br\/noticias\/wp-json\/wp\/v2\/tags?post=99911"}],"curies":[{"name":"wp","href":"https:\/\/api.w.org\/{rel}","templated":true}]}}