{"id":99732,"date":"2015-12-10T13:49:08","date_gmt":"2015-12-10T15:49:08","guid":{"rendered":"http:\/\/franciscanos.org.br\/?p=99732"},"modified":"2020-06-10T09:06:27","modified_gmt":"2020-06-10T12:06:27","slug":"a-misericordia-de-deus-nao-tem-fim","status":"publish","type":"post","link":"https:\/\/franciscanos.org.br\/noticias\/a-misericordia-de-deus-nao-tem-fim.html","title":{"rendered":"A miseric\u00f3rdia de Deus n\u00e3o tem fim"},"content":{"rendered":"<p><img loading=\"lazy\" src=\"http:\/\/franciscanos.org.br\/wp-content\/uploads\/2015\/12\/papa_10.jpg\" alt=\"papa_10\" width=\"820\" height=\"407\" \/><\/p>\n<p><strong>Cidade do Vaticano<\/strong> &#8211; Deus \u00e9 apaixonado pela nossa pequenez, e a sua miseric\u00f3rdia n\u00e3o tem fim. Foi o que afirmou o Papa Francisco na missa celebrada da manh\u00e3 desta quinta-feira (10\/12), na Casa Santa Marta, concelebrada pelos Cardeais que comp\u00f5em o Conselho dos Nove (C9), que iniciaram hoje a 12\u00aa reuni\u00e3o de trabalho com o Santo Padre.<\/p>\n<p>O Pont\u00edfice desenvolveu a sua homilia a partir da primeira Leitura \u2013 extra\u00edda do livro de Isa\u00edas, onde no mon\u00f3logo do Senhor se compreende que Deus escolheu o seu povo \u201cn\u00e3o porque fosse grande ou poderoso\u201d, mas \u201cporque era o menor de todos, o mais miser\u00e1vel de todos\u201d.<\/p>\n<p>Deus, prosseguiu, \u201cse apaixonou por esta mis\u00e9ria, justamente por essa pequenez\u201d. E neste mon\u00f3logo de Deus com o seu povo, reiterou, \u201cse v\u00ea este amor\u201d, um \u201camor tenro, um amor como o de um pai ou de uma m\u00e3e quando conversa com o filho que acordou assustado com um sonho\u201d. E o conforta: \u201cFique tranquilo, n\u00e3o tenha medo\u201d: \u201cTodos n\u00f3s conhecemos as car\u00edcias dos pais e das m\u00e3es quando as crian\u00e7as ficam inquietas por causa de um susto: \u2018N\u00e3o tenha medo, eu estou aqui; Eu sou apaixonado por sua pequenez\u2019. E tamb\u00e9m: \u2018N\u00e3o tema os seus pecados, eu o quero bem; Eu estou aqui para perdo\u00e1-lo\u2019. Esta \u00e9 a miseric\u00f3rdia de Deus\u201d.<\/p>\n<p>Francisco recordou um Santo que fazia muitas penit\u00eancias, mas o Senhor lhe pedia sempre mais, at\u00e9 que disse que n\u00e3o tinha mais nada a doar, e Deus lhe respondeu: \u201cD\u00e1-me os teus pecados\u201d: \u201cO Senhor tem vontade de tomar sobre si as nossas fraquezas, os nossos pecados, os nossos cansa\u00e7os. Jesus quantas vezes demonstrava isso e depois: \u2018Venham a mim, todos voc\u00eas que est\u00e3o cansados e eu lhes darei repouso. Eu sou o Senhor seu Deus, o tomarei pela sua destra e lhe direi \u2018n\u00e3o tenha medo, pequenino, n\u00e3o tenha medo. Eu lhe darei for\u00e7a. D\u00ea-me tudo e Eu o perdoarei, lhe darei paz\u2019\u201d.<\/p>\n<p>Essas \u201cs\u00e3o as car\u00edcias de Deus, essas s\u00e3o as car\u00edcias do nosso Pai quando se expressa com a sua miseric\u00f3rdia\u201d: \u201cN\u00f3s que ficamos nervosos quando algo n\u00e3o corre bem, ficamos impacientes&#8230; Ao inv\u00e9s, Ele diz: \u2018Mas fique tranquilo, voc\u00ea aprontou sim, mas fique tranquilo; n\u00e3o tenha medo, Eu o perdoo\u2019. Isso \u00e9 o que significa quando repetimos no Salmo: \u2018O Senhor \u00e9 misericordioso e grande no amor\u2019. N\u00f3s somos pequenos. Ele nos deu tudo. Nos pede somente as nossas mis\u00e9rias, a nossa pequenez, os nossos pecados, para nos abra\u00e7ar e nos acariciar.\u201d<\/p>\n<p>\u201cPe\u00e7amos ao Senhor \u2013 concluiu Francisco \u2013 que desperte em cada um de n\u00f3s e em todo o povo a f\u00e9 nesta paternidade, nesta miseric\u00f3rdia, no seu cora\u00e7\u00e3o. E que esta f\u00e9 na sua paternidade e a sua miseric\u00f3rdia nos fa\u00e7a um pouco mais misericordiosos em rela\u00e7\u00e3o aos outros.\u201d<\/p>\n<hr \/>\n<p><em>Fonte: R\u00e1dio Vaticano<\/em><\/p>\n","protected":false},"excerpt":{"rendered":"<p>Missa em Santa Marta<\/p>\n","protected":false},"author":1,"featured_media":202268,"comment_status":"open","ping_status":"open","sticky":false,"template":"","format":"standard","meta":[],"categories":[1428],"tags":[1586],"acf":[],"yoast_head":"<!-- This site is optimized with the Yoast SEO plugin v19.2 - https:\/\/yoast.com\/wordpress\/plugins\/seo\/ -->\n<title>A miseric\u00f3rdia de Deus n\u00e3o tem fim - Not\u00edcias - Franciscanos<\/title>\n<meta name=\"robots\" content=\"index, follow, max-snippet:-1, max-image-preview:large, max-video-preview:-1\" \/>\n<link rel=\"canonical\" href=\"https:\/\/franciscanos.org.br\/noticias\/a-misericordia-de-deus-nao-tem-fim.html\" \/>\n<meta property=\"og:locale\" content=\"pt_BR\" \/>\n<meta property=\"og:type\" content=\"article\" \/>\n<meta property=\"og:title\" content=\"A miseric\u00f3rdia de Deus n\u00e3o tem fim - Not\u00edcias - Franciscanos\" \/>\n<meta property=\"og:description\" content=\"Missa em Santa Marta\" \/>\n<meta property=\"og:url\" content=\"https:\/\/franciscanos.org.br\/noticias\/a-misericordia-de-deus-nao-tem-fim.html\" \/>\n<meta property=\"og:site_name\" content=\"Not\u00edcias - Franciscanos\" \/>\n<meta property=\"article:published_time\" content=\"2015-12-10T15:49:08+00:00\" \/>\n<meta property=\"article:modified_time\" content=\"2020-06-10T12:06:27+00:00\" \/>\n<meta property=\"og:image\" content=\"https:\/\/franciscanos.org.br\/noticias\/wp-content\/uploads\/2015\/12\/papa_10.jpg\" \/>\n\t<meta property=\"og:image:width\" content=\"273\" \/>\n\t<meta property=\"og:image:height\" content=\"181\" \/>\n\t<meta property=\"og:image:type\" content=\"image\/jpeg\" \/>\n<meta name=\"author\" content=\"admin\" \/>\n<meta name=\"twitter:card\" content=\"summary_large_image\" \/>\n<meta name=\"twitter:label1\" content=\"Escrito por\" \/>\n\t<meta name=\"twitter:data1\" content=\"admin\" \/>\n\t<meta name=\"twitter:label2\" content=\"Est. tempo de leitura\" \/>\n\t<meta name=\"twitter:data2\" content=\"3 minutos\" \/>\n<script type=\"application\/ld+json\" class=\"yoast-schema-graph\">{\"@context\":\"https:\/\/schema.org\",\"@graph\":[{\"@type\":\"WebSite\",\"@id\":\"https:\/\/franciscanos.org.br\/noticias\/#website\",\"url\":\"https:\/\/franciscanos.org.br\/noticias\/\",\"name\":\"Not\u00edcias - Franciscanos\",\"description\":\"Prov\u00edncia Franciscana da Imaculada Concei\u00e7\u00e3o do Brasil - Ordem dos Frades Menores - OFM\",\"potentialAction\":[{\"@type\":\"SearchAction\",\"target\":{\"@type\":\"EntryPoint\",\"urlTemplate\":\"https:\/\/franciscanos.org.br\/noticias\/?s={search_term_string}\"},\"query-input\":\"required name=search_term_string\"}],\"inLanguage\":\"pt-BR\"},{\"@type\":\"ImageObject\",\"inLanguage\":\"pt-BR\",\"@id\":\"https:\/\/franciscanos.org.br\/noticias\/a-misericordia-de-deus-nao-tem-fim.html#primaryimage\",\"url\":\"https:\/\/franciscanos.org.br\/noticias\/wp-content\/uploads\/2015\/12\/papa_10.jpg\",\"contentUrl\":\"https:\/\/franciscanos.org.br\/noticias\/wp-content\/uploads\/2015\/12\/papa_10.jpg\",\"width\":273,\"height\":181},{\"@type\":\"WebPage\",\"@id\":\"https:\/\/franciscanos.org.br\/noticias\/a-misericordia-de-deus-nao-tem-fim.html#webpage\",\"url\":\"https:\/\/franciscanos.org.br\/noticias\/a-misericordia-de-deus-nao-tem-fim.html\",\"name\":\"A miseric\u00f3rdia de Deus n\u00e3o tem fim - Not\u00edcias - Franciscanos\",\"isPartOf\":{\"@id\":\"https:\/\/franciscanos.org.br\/noticias\/#website\"},\"primaryImageOfPage\":{\"@id\":\"https:\/\/franciscanos.org.br\/noticias\/a-misericordia-de-deus-nao-tem-fim.html#primaryimage\"},\"datePublished\":\"2015-12-10T15:49:08+00:00\",\"dateModified\":\"2020-06-10T12:06:27+00:00\",\"author\":{\"@id\":\"https:\/\/franciscanos.org.br\/noticias\/#\/schema\/person\/b38fbf43118f02820bd932f2e4b14ad3\"},\"breadcrumb\":{\"@id\":\"https:\/\/franciscanos.org.br\/noticias\/a-misericordia-de-deus-nao-tem-fim.html#breadcrumb\"},\"inLanguage\":\"pt-BR\",\"potentialAction\":[{\"@type\":\"ReadAction\",\"target\":[\"https:\/\/franciscanos.org.br\/noticias\/a-misericordia-de-deus-nao-tem-fim.html\"]}]},{\"@type\":\"BreadcrumbList\",\"@id\":\"https:\/\/franciscanos.org.br\/noticias\/a-misericordia-de-deus-nao-tem-fim.html#breadcrumb\",\"itemListElement\":[{\"@type\":\"ListItem\",\"position\":1,\"name\":\"Home\",\"item\":\"https:\/\/franciscanos.org.br\/noticias\"},{\"@type\":\"ListItem\",\"position\":2,\"name\":\"A miseric\u00f3rdia de Deus n\u00e3o tem fim\"}]},{\"@type\":\"Person\",\"@id\":\"https:\/\/franciscanos.org.br\/noticias\/#\/schema\/person\/b38fbf43118f02820bd932f2e4b14ad3\",\"name\":\"admin\",\"image\":{\"@type\":\"ImageObject\",\"inLanguage\":\"pt-BR\",\"@id\":\"https:\/\/franciscanos.org.br\/noticias\/#\/schema\/person\/image\/\",\"url\":\"https:\/\/secure.gravatar.com\/avatar\/e8495742d34d0ba6448ea1c628263b3e?s=96&d=mm&r=g\",\"contentUrl\":\"https:\/\/secure.gravatar.com\/avatar\/e8495742d34d0ba6448ea1c628263b3e?s=96&d=mm&r=g\",\"caption\":\"admin\"},\"url\":\"https:\/\/franciscanos.org.br\/noticias\/author\/admin\"}]}<\/script>\n<!-- \/ Yoast SEO plugin. -->","yoast_head_json":{"title":"A miseric\u00f3rdia de Deus n\u00e3o tem fim - Not\u00edcias - Franciscanos","robots":{"index":"index","follow":"follow","max-snippet":"max-snippet:-1","max-image-preview":"max-image-preview:large","max-video-preview":"max-video-preview:-1"},"canonical":"https:\/\/franciscanos.org.br\/noticias\/a-misericordia-de-deus-nao-tem-fim.html","og_locale":"pt_BR","og_type":"article","og_title":"A miseric\u00f3rdia de Deus n\u00e3o tem fim - Not\u00edcias - Franciscanos","og_description":"Missa em Santa Marta","og_url":"https:\/\/franciscanos.org.br\/noticias\/a-misericordia-de-deus-nao-tem-fim.html","og_site_name":"Not\u00edcias - Franciscanos","article_published_time":"2015-12-10T15:49:08+00:00","article_modified_time":"2020-06-10T12:06:27+00:00","og_image":[{"width":273,"height":181,"url":"https:\/\/franciscanos.org.br\/noticias\/wp-content\/uploads\/2015\/12\/papa_10.jpg","type":"image\/jpeg"}],"author":"admin","twitter_card":"summary_large_image","twitter_misc":{"Escrito por":"admin","Est. tempo de leitura":"3 minutos"},"schema":{"@context":"https:\/\/schema.org","@graph":[{"@type":"WebSite","@id":"https:\/\/franciscanos.org.br\/noticias\/#website","url":"https:\/\/franciscanos.org.br\/noticias\/","name":"Not\u00edcias - Franciscanos","description":"Prov\u00edncia Franciscana da Imaculada Concei\u00e7\u00e3o do Brasil - Ordem dos Frades Menores - OFM","potentialAction":[{"@type":"SearchAction","target":{"@type":"EntryPoint","urlTemplate":"https:\/\/franciscanos.org.br\/noticias\/?s={search_term_string}"},"query-input":"required name=search_term_string"}],"inLanguage":"pt-BR"},{"@type":"ImageObject","inLanguage":"pt-BR","@id":"https:\/\/franciscanos.org.br\/noticias\/a-misericordia-de-deus-nao-tem-fim.html#primaryimage","url":"https:\/\/franciscanos.org.br\/noticias\/wp-content\/uploads\/2015\/12\/papa_10.jpg","contentUrl":"https:\/\/franciscanos.org.br\/noticias\/wp-content\/uploads\/2015\/12\/papa_10.jpg","width":273,"height":181},{"@type":"WebPage","@id":"https:\/\/franciscanos.org.br\/noticias\/a-misericordia-de-deus-nao-tem-fim.html#webpage","url":"https:\/\/franciscanos.org.br\/noticias\/a-misericordia-de-deus-nao-tem-fim.html","name":"A miseric\u00f3rdia de Deus n\u00e3o tem fim - Not\u00edcias - Franciscanos","isPartOf":{"@id":"https:\/\/franciscanos.org.br\/noticias\/#website"},"primaryImageOfPage":{"@id":"https:\/\/franciscanos.org.br\/noticias\/a-misericordia-de-deus-nao-tem-fim.html#primaryimage"},"datePublished":"2015-12-10T15:49:08+00:00","dateModified":"2020-06-10T12:06:27+00:00","author":{"@id":"https:\/\/franciscanos.org.br\/noticias\/#\/schema\/person\/b38fbf43118f02820bd932f2e4b14ad3"},"breadcrumb":{"@id":"https:\/\/franciscanos.org.br\/noticias\/a-misericordia-de-deus-nao-tem-fim.html#breadcrumb"},"inLanguage":"pt-BR","potentialAction":[{"@type":"ReadAction","target":["https:\/\/franciscanos.org.br\/noticias\/a-misericordia-de-deus-nao-tem-fim.html"]}]},{"@type":"BreadcrumbList","@id":"https:\/\/franciscanos.org.br\/noticias\/a-misericordia-de-deus-nao-tem-fim.html#breadcrumb","itemListElement":[{"@type":"ListItem","position":1,"name":"Home","item":"https:\/\/franciscanos.org.br\/noticias"},{"@type":"ListItem","position":2,"name":"A miseric\u00f3rdia de Deus n\u00e3o tem fim"}]},{"@type":"Person","@id":"https:\/\/franciscanos.org.br\/noticias\/#\/schema\/person\/b38fbf43118f02820bd932f2e4b14ad3","name":"admin","image":{"@type":"ImageObject","inLanguage":"pt-BR","@id":"https:\/\/franciscanos.org.br\/noticias\/#\/schema\/person\/image\/","url":"https:\/\/secure.gravatar.com\/avatar\/e8495742d34d0ba6448ea1c628263b3e?s=96&d=mm&r=g","contentUrl":"https:\/\/secure.gravatar.com\/avatar\/e8495742d34d0ba6448ea1c628263b3e?s=96&d=mm&r=g","caption":"admin"},"url":"https:\/\/franciscanos.org.br\/noticias\/author\/admin"}]}},"_links":{"self":[{"href":"https:\/\/franciscanos.org.br\/noticias\/wp-json\/wp\/v2\/posts\/99732"}],"collection":[{"href":"https:\/\/franciscanos.org.br\/noticias\/wp-json\/wp\/v2\/posts"}],"about":[{"href":"https:\/\/franciscanos.org.br\/noticias\/wp-json\/wp\/v2\/types\/post"}],"author":[{"embeddable":true,"href":"https:\/\/franciscanos.org.br\/noticias\/wp-json\/wp\/v2\/users\/1"}],"replies":[{"embeddable":true,"href":"https:\/\/franciscanos.org.br\/noticias\/wp-json\/wp\/v2\/comments?post=99732"}],"version-history":[{"count":1,"href":"https:\/\/franciscanos.org.br\/noticias\/wp-json\/wp\/v2\/posts\/99732\/revisions"}],"predecessor-version":[{"id":225835,"href":"https:\/\/franciscanos.org.br\/noticias\/wp-json\/wp\/v2\/posts\/99732\/revisions\/225835"}],"wp:featuredmedia":[{"embeddable":true,"href":"https:\/\/franciscanos.org.br\/noticias\/wp-json\/wp\/v2\/media\/202268"}],"wp:attachment":[{"href":"https:\/\/franciscanos.org.br\/noticias\/wp-json\/wp\/v2\/media?parent=99732"}],"wp:term":[{"taxonomy":"category","embeddable":true,"href":"https:\/\/franciscanos.org.br\/noticias\/wp-json\/wp\/v2\/categories?post=99732"},{"taxonomy":"post_tag","embeddable":true,"href":"https:\/\/franciscanos.org.br\/noticias\/wp-json\/wp\/v2\/tags?post=99732"}],"curies":[{"name":"wp","href":"https:\/\/api.w.org\/{rel}","templated":true}]}}