{"id":99713,"date":"2015-12-09T15:00:54","date_gmt":"2015-12-09T17:00:54","guid":{"rendered":"http:\/\/franciscanos.org.br\/?p=99713"},"modified":"2020-06-10T09:58:00","modified_gmt":"2020-06-10T12:58:00","slug":"o-toque-doce-e-suave-do-perdao-de-deus","status":"publish","type":"post","link":"https:\/\/franciscanos.org.br\/noticias\/o-toque-doce-e-suave-do-perdao-de-deus.html","title":{"rendered":"O toque doce e suave do perd\u00e3o de Deus"},"content":{"rendered":"<p><img loading=\"lazy\" src=\"http:\/\/franciscanos.org.br\/wp-content\/uploads\/2015\/12\/papa_alto1.jpg\" alt=\"papa_alto\" width=\"820\" height=\"366\" \/><\/p>\n<p><strong>Cidade do Vaticano<\/strong> \u2013 Por que um Jubileu da Miseric\u00f3rdia? Esta pergunta guiou a catequese do Papa Francisco na Audi\u00eancia Geral desta quarta-feira (09\/12), na Pra\u00e7a S\u00e3o Pedro. Um dia depois da abertura da Porta Santa da Bas\u00edlica de S\u00e3o Pedro, o Pont\u00edfice voltou a se reunir com milhares de fi\u00e9is e motivou a convoca\u00e7\u00e3o deste Ano Jubilar afirmando que a Igreja necessita deste momento extraordin\u00e1rio, enfatizando a palavra &#8220;necessidade&#8221;.<\/p>\n<p>\u201cNa nossa \u00e9poca de profundas mudan\u00e7as, a Igreja \u00e9 chamada a oferecer a sua contribui\u00e7\u00e3o peculiar, tornando vis\u00edveis os sinais da presen\u00e7a e da proximidade de Deus. E o Jubileu \u00e9 um tempo favor\u00e1vel para todos n\u00f3s, porque contemplando a Miseric\u00f3rdia Divina, que ultrapassa todo e qualquer limite humano, podemos nos tornar testemunhas mais convictas e eficazes.<\/p>\n<p>Dirigir o olhar a Deus, explicou o Papa, significa concentrar a aten\u00e7\u00e3o no conte\u00fado essencial do Evangelho, isto \u00e9, Jesus Cristo. Ele \u00e9 a miseric\u00f3rdia feita carne. \u201cEste Ano Santo nos \u00e9 oferecido para experimentar na nossa vida o toque doce e suave do perd\u00e3o de Deus, a sua presen\u00e7a ao nosso lado e sua proximidade sobretudo nos momentos de maior necessidade.\u201d<br \/>\nPara Francisco, este Jubileu \u00e9 uma momento privilegiado para que a Igreja aprenda a escolher unicamente \u201caquilo que mais agrada a Deus\u201d.<\/p>\n<p>E o que \u00e9 que mais agrada a Deus \u00e9 perdoar os seus filhos, usar de miseric\u00f3rdia para com eles, a fim de que possam, por sua vez, usar de miseric\u00f3rdia e perdoar os seus irm\u00e3os. Citando Sto. Ambr\u00f3sio, o Papa disse que Deus ficou ainda mais satisfeito por ter criado o homem e a mulher porque, assim, tinha a quem perdoar. \u201cA alegria de Deus \u00e9 perdoar. A ess\u00eancia de Deus \u00e9 a miseric\u00f3rdia.\u201d<\/p>\n<p>Inclusive a obra de renova\u00e7\u00e3o das institui\u00e7\u00f5es e das estruturas da Igreja \u00e9 um meio de experimentar a miseric\u00f3rdia de Deus, afirmou o Papa.<\/p>\n<p><strong>Miseric\u00f3rdia para um mundo mais humano<\/strong><br \/>\nA miseric\u00f3rdia, acrescentou, pode realmente contribuir para a edifica\u00e7\u00e3o de um mundo mais humano, especialmente neste nosso tempo, em que o perd\u00e3o \u00e9 um h\u00f3spede raro nos \u00e2mbitos da vida humana.<\/p>\n<p>A quem objeta que haveria coisas mais urgentes do que contemplar a miseric\u00f3rdia de Deus, o Papa responde que na raiz do esquecimento da miseric\u00f3rdia, sempre est\u00e1 o amor pr\u00f3prio, o ego\u00edsmo. No mundo, isso toma a forma de busca exclusiva dos pr\u00f3prios interesses, prazeres e honras, juntamente com a acumula\u00e7\u00e3o de riquezas, enquanto na vida dos crist\u00e3os aparece muitas vezes sob a forma de hipocrisia e mundanidade.<\/p>\n<p>Estas investidas do amor pr\u00f3prio, que alienam a miseric\u00f3rdia do mundo, s\u00e3o tais e tantas que frequentemente nem sequer somos capazes de as reconhecer como limite e como pecado. Este \u00e9 o motivo pelo qual \u00e9 preciso reconhecer que somos pecadores para refor\u00e7ar em n\u00f3s a certeza da miseric\u00f3rdia divina. E ensinou aos fi\u00e9is uma \u201cora\u00e7\u00e3o f\u00e1cil\u201d, ao reconhecer diariamente nossa condi\u00e7\u00e3o de pecadores, devemos implorar a Deus: \u201cSenhor, vem com a tua miseric\u00f3rdia\u201d.<\/p>\n<p>E concluiu:\u00a0\u201cQueridos irm\u00e3os e irm\u00e3s, fa\u00e7o votos de que, neste Ano Santo, cada um de n\u00f3s fa\u00e7a experi\u00eancia da miseric\u00f3rdia de Deus. \u00c9 ing\u00eanuo acreditar que isso possa mudar o mundo? Sim, humanamente falando \u00e9 loucura, mas \u201co que \u00e9 loucura de Deus \u00e9 mais s\u00e1bio do que os homens, e o que \u00e9 fraqueza de Deus \u00e9 mais forte do que os homens.\u201d<\/p>\n<p><strong>O JUBILEU DA MISERIC\u00d3RDIA<\/strong><\/p>\n<p>O Papa Francisco inaugurou o 29\u00ba Jubileu da hist\u00f3ria da Igreja Cat\u00f3lica \u2013 um Ano Santo extraordin\u00e1rio centrado no tema da Miseric\u00f3rdia que decorre at\u00e9 20 de novembro de 2016. O Jubileu da Miseric\u00f3rdia teve in\u00edcio com a abertura da Porta Santa na Catedral de Bangui, na Rep\u00fablica Centro-Africana, no dia 29 de novembro.<\/p>\n<p>Neste dia 8 de dezembro, foi a vez da abertura da Porta Santa da Bas\u00edlica de S\u00e3o Pedro, algo que n\u00e3o acontecia desde 2000.\u00a0Esta porta \u00e9 aberta apenas durante o Ano Santo, permanecendo fechada no restante do tempo, e existem portas santas nas quatro bas\u00edlicas papais: S\u00e3o Pedro, S\u00e3o Jo\u00e3o de Latr\u00e3o, S\u00e3o Paulo fora de muros e Santa Maria Maior.\u00a0O an\u00fancio solene do Ano Santo teve lugar com a leitura e publica\u00e7\u00e3o da bula pontif\u00edcia (Misericordiae Vultus), junto da porta de S\u00e3o Pedro, no Domingo da Divina Miseric\u00f3rdia (12 de abril).<\/p>\n<p>A Igreja Cat\u00f3lica iniciou a tradi\u00e7\u00e3o do Ano Santo com o Papa Bonif\u00e1cio VIII, em 1300, e a partir de 1475 determinou-se um jubileu ordin\u00e1rio a cada 25 anos. At\u00e9 hoje, houve 26 Anos Santos ordin\u00e1rios e dois extraordin\u00e1rios (anos santos da Reden\u00ad\u00e7\u00e3o): em 1933 (Pio IX) e 1983 (Jo\u00e3o Paulo II).\u00a0O jubileu consiste num perd\u00e3o geral, uma indulg\u00eancia aberta a todos, e na possibilidade de renovar a rela\u00e7\u00e3o com Deus e o pr\u00f3ximo. Esta indulg\u00eancia implica obras penitenciais, como peregrina\u00e7\u00f5es e visitas a igrejas.<\/p>\n<hr \/>\n<p><em>Fonte: R\u00e1dio Vaticano<\/em><\/p>\n","protected":false},"excerpt":{"rendered":"<p>Audi\u00eancia Geral<\/p>\n","protected":false},"author":1,"featured_media":0,"comment_status":"open","ping_status":"open","sticky":false,"template":"","format":"standard","meta":[],"categories":[1428],"tags":[487],"acf":[],"yoast_head":"<!-- This site is optimized with the Yoast SEO plugin v19.2 - https:\/\/yoast.com\/wordpress\/plugins\/seo\/ -->\n<title>O toque doce e suave do perd\u00e3o de Deus - Not\u00edcias - Franciscanos<\/title>\n<meta name=\"robots\" content=\"index, follow, max-snippet:-1, max-image-preview:large, max-video-preview:-1\" \/>\n<link rel=\"canonical\" href=\"https:\/\/franciscanos.org.br\/noticias\/o-toque-doce-e-suave-do-perdao-de-deus.html\" \/>\n<meta property=\"og:locale\" content=\"pt_BR\" \/>\n<meta property=\"og:type\" content=\"article\" \/>\n<meta property=\"og:title\" content=\"O toque doce e suave do perd\u00e3o de Deus - Not\u00edcias - Franciscanos\" \/>\n<meta property=\"og:description\" content=\"Audi\u00eancia Geral\" \/>\n<meta property=\"og:url\" content=\"https:\/\/franciscanos.org.br\/noticias\/o-toque-doce-e-suave-do-perdao-de-deus.html\" \/>\n<meta property=\"og:site_name\" content=\"Not\u00edcias - Franciscanos\" \/>\n<meta property=\"article:published_time\" content=\"2015-12-09T17:00:54+00:00\" \/>\n<meta property=\"article:modified_time\" content=\"2020-06-10T12:58:00+00:00\" \/>\n<meta property=\"og:image\" content=\"http:\/\/franciscanos.org.br\/wp-content\/uploads\/2015\/12\/papa_alto1.jpg\" \/>\n<meta name=\"author\" content=\"admin\" \/>\n<meta name=\"twitter:card\" content=\"summary_large_image\" \/>\n<meta name=\"twitter:label1\" content=\"Escrito por\" \/>\n\t<meta name=\"twitter:data1\" content=\"admin\" \/>\n\t<meta name=\"twitter:label2\" content=\"Est. tempo de leitura\" \/>\n\t<meta name=\"twitter:data2\" content=\"4 minutos\" \/>\n<script type=\"application\/ld+json\" class=\"yoast-schema-graph\">{\"@context\":\"https:\/\/schema.org\",\"@graph\":[{\"@type\":\"WebSite\",\"@id\":\"https:\/\/franciscanos.org.br\/noticias\/#website\",\"url\":\"https:\/\/franciscanos.org.br\/noticias\/\",\"name\":\"Not\u00edcias - Franciscanos\",\"description\":\"Prov\u00edncia Franciscana da Imaculada Concei\u00e7\u00e3o do Brasil - Ordem dos Frades Menores - OFM\",\"potentialAction\":[{\"@type\":\"SearchAction\",\"target\":{\"@type\":\"EntryPoint\",\"urlTemplate\":\"https:\/\/franciscanos.org.br\/noticias\/?s={search_term_string}\"},\"query-input\":\"required name=search_term_string\"}],\"inLanguage\":\"pt-BR\"},{\"@type\":\"ImageObject\",\"inLanguage\":\"pt-BR\",\"@id\":\"https:\/\/franciscanos.org.br\/noticias\/o-toque-doce-e-suave-do-perdao-de-deus.html#primaryimage\",\"url\":\"http:\/\/franciscanos.org.br\/wp-content\/uploads\/2015\/12\/papa_alto1.jpg\",\"contentUrl\":\"http:\/\/franciscanos.org.br\/wp-content\/uploads\/2015\/12\/papa_alto1.jpg\"},{\"@type\":\"WebPage\",\"@id\":\"https:\/\/franciscanos.org.br\/noticias\/o-toque-doce-e-suave-do-perdao-de-deus.html#webpage\",\"url\":\"https:\/\/franciscanos.org.br\/noticias\/o-toque-doce-e-suave-do-perdao-de-deus.html\",\"name\":\"O toque doce e suave do perd\u00e3o de Deus - Not\u00edcias - Franciscanos\",\"isPartOf\":{\"@id\":\"https:\/\/franciscanos.org.br\/noticias\/#website\"},\"primaryImageOfPage\":{\"@id\":\"https:\/\/franciscanos.org.br\/noticias\/o-toque-doce-e-suave-do-perdao-de-deus.html#primaryimage\"},\"datePublished\":\"2015-12-09T17:00:54+00:00\",\"dateModified\":\"2020-06-10T12:58:00+00:00\",\"author\":{\"@id\":\"https:\/\/franciscanos.org.br\/noticias\/#\/schema\/person\/b38fbf43118f02820bd932f2e4b14ad3\"},\"breadcrumb\":{\"@id\":\"https:\/\/franciscanos.org.br\/noticias\/o-toque-doce-e-suave-do-perdao-de-deus.html#breadcrumb\"},\"inLanguage\":\"pt-BR\",\"potentialAction\":[{\"@type\":\"ReadAction\",\"target\":[\"https:\/\/franciscanos.org.br\/noticias\/o-toque-doce-e-suave-do-perdao-de-deus.html\"]}]},{\"@type\":\"BreadcrumbList\",\"@id\":\"https:\/\/franciscanos.org.br\/noticias\/o-toque-doce-e-suave-do-perdao-de-deus.html#breadcrumb\",\"itemListElement\":[{\"@type\":\"ListItem\",\"position\":1,\"name\":\"Home\",\"item\":\"https:\/\/franciscanos.org.br\/noticias\"},{\"@type\":\"ListItem\",\"position\":2,\"name\":\"O toque doce e suave do perd\u00e3o de Deus\"}]},{\"@type\":\"Person\",\"@id\":\"https:\/\/franciscanos.org.br\/noticias\/#\/schema\/person\/b38fbf43118f02820bd932f2e4b14ad3\",\"name\":\"admin\",\"image\":{\"@type\":\"ImageObject\",\"inLanguage\":\"pt-BR\",\"@id\":\"https:\/\/franciscanos.org.br\/noticias\/#\/schema\/person\/image\/\",\"url\":\"https:\/\/secure.gravatar.com\/avatar\/e8495742d34d0ba6448ea1c628263b3e?s=96&d=mm&r=g\",\"contentUrl\":\"https:\/\/secure.gravatar.com\/avatar\/e8495742d34d0ba6448ea1c628263b3e?s=96&d=mm&r=g\",\"caption\":\"admin\"},\"url\":\"https:\/\/franciscanos.org.br\/noticias\/author\/admin\"}]}<\/script>\n<!-- \/ Yoast SEO plugin. -->","yoast_head_json":{"title":"O toque doce e suave do perd\u00e3o de Deus - Not\u00edcias - Franciscanos","robots":{"index":"index","follow":"follow","max-snippet":"max-snippet:-1","max-image-preview":"max-image-preview:large","max-video-preview":"max-video-preview:-1"},"canonical":"https:\/\/franciscanos.org.br\/noticias\/o-toque-doce-e-suave-do-perdao-de-deus.html","og_locale":"pt_BR","og_type":"article","og_title":"O toque doce e suave do perd\u00e3o de Deus - Not\u00edcias - Franciscanos","og_description":"Audi\u00eancia Geral","og_url":"https:\/\/franciscanos.org.br\/noticias\/o-toque-doce-e-suave-do-perdao-de-deus.html","og_site_name":"Not\u00edcias - Franciscanos","article_published_time":"2015-12-09T17:00:54+00:00","article_modified_time":"2020-06-10T12:58:00+00:00","og_image":[{"url":"http:\/\/franciscanos.org.br\/wp-content\/uploads\/2015\/12\/papa_alto1.jpg"}],"author":"admin","twitter_card":"summary_large_image","twitter_misc":{"Escrito por":"admin","Est. tempo de leitura":"4 minutos"},"schema":{"@context":"https:\/\/schema.org","@graph":[{"@type":"WebSite","@id":"https:\/\/franciscanos.org.br\/noticias\/#website","url":"https:\/\/franciscanos.org.br\/noticias\/","name":"Not\u00edcias - Franciscanos","description":"Prov\u00edncia Franciscana da Imaculada Concei\u00e7\u00e3o do Brasil - Ordem dos Frades Menores - OFM","potentialAction":[{"@type":"SearchAction","target":{"@type":"EntryPoint","urlTemplate":"https:\/\/franciscanos.org.br\/noticias\/?s={search_term_string}"},"query-input":"required name=search_term_string"}],"inLanguage":"pt-BR"},{"@type":"ImageObject","inLanguage":"pt-BR","@id":"https:\/\/franciscanos.org.br\/noticias\/o-toque-doce-e-suave-do-perdao-de-deus.html#primaryimage","url":"http:\/\/franciscanos.org.br\/wp-content\/uploads\/2015\/12\/papa_alto1.jpg","contentUrl":"http:\/\/franciscanos.org.br\/wp-content\/uploads\/2015\/12\/papa_alto1.jpg"},{"@type":"WebPage","@id":"https:\/\/franciscanos.org.br\/noticias\/o-toque-doce-e-suave-do-perdao-de-deus.html#webpage","url":"https:\/\/franciscanos.org.br\/noticias\/o-toque-doce-e-suave-do-perdao-de-deus.html","name":"O toque doce e suave do perd\u00e3o de Deus - Not\u00edcias - Franciscanos","isPartOf":{"@id":"https:\/\/franciscanos.org.br\/noticias\/#website"},"primaryImageOfPage":{"@id":"https:\/\/franciscanos.org.br\/noticias\/o-toque-doce-e-suave-do-perdao-de-deus.html#primaryimage"},"datePublished":"2015-12-09T17:00:54+00:00","dateModified":"2020-06-10T12:58:00+00:00","author":{"@id":"https:\/\/franciscanos.org.br\/noticias\/#\/schema\/person\/b38fbf43118f02820bd932f2e4b14ad3"},"breadcrumb":{"@id":"https:\/\/franciscanos.org.br\/noticias\/o-toque-doce-e-suave-do-perdao-de-deus.html#breadcrumb"},"inLanguage":"pt-BR","potentialAction":[{"@type":"ReadAction","target":["https:\/\/franciscanos.org.br\/noticias\/o-toque-doce-e-suave-do-perdao-de-deus.html"]}]},{"@type":"BreadcrumbList","@id":"https:\/\/franciscanos.org.br\/noticias\/o-toque-doce-e-suave-do-perdao-de-deus.html#breadcrumb","itemListElement":[{"@type":"ListItem","position":1,"name":"Home","item":"https:\/\/franciscanos.org.br\/noticias"},{"@type":"ListItem","position":2,"name":"O toque doce e suave do perd\u00e3o de Deus"}]},{"@type":"Person","@id":"https:\/\/franciscanos.org.br\/noticias\/#\/schema\/person\/b38fbf43118f02820bd932f2e4b14ad3","name":"admin","image":{"@type":"ImageObject","inLanguage":"pt-BR","@id":"https:\/\/franciscanos.org.br\/noticias\/#\/schema\/person\/image\/","url":"https:\/\/secure.gravatar.com\/avatar\/e8495742d34d0ba6448ea1c628263b3e?s=96&d=mm&r=g","contentUrl":"https:\/\/secure.gravatar.com\/avatar\/e8495742d34d0ba6448ea1c628263b3e?s=96&d=mm&r=g","caption":"admin"},"url":"https:\/\/franciscanos.org.br\/noticias\/author\/admin"}]}},"_links":{"self":[{"href":"https:\/\/franciscanos.org.br\/noticias\/wp-json\/wp\/v2\/posts\/99713"}],"collection":[{"href":"https:\/\/franciscanos.org.br\/noticias\/wp-json\/wp\/v2\/posts"}],"about":[{"href":"https:\/\/franciscanos.org.br\/noticias\/wp-json\/wp\/v2\/types\/post"}],"author":[{"embeddable":true,"href":"https:\/\/franciscanos.org.br\/noticias\/wp-json\/wp\/v2\/users\/1"}],"replies":[{"embeddable":true,"href":"https:\/\/franciscanos.org.br\/noticias\/wp-json\/wp\/v2\/comments?post=99713"}],"version-history":[{"count":1,"href":"https:\/\/franciscanos.org.br\/noticias\/wp-json\/wp\/v2\/posts\/99713\/revisions"}],"predecessor-version":[{"id":225837,"href":"https:\/\/franciscanos.org.br\/noticias\/wp-json\/wp\/v2\/posts\/99713\/revisions\/225837"}],"wp:attachment":[{"href":"https:\/\/franciscanos.org.br\/noticias\/wp-json\/wp\/v2\/media?parent=99713"}],"wp:term":[{"taxonomy":"category","embeddable":true,"href":"https:\/\/franciscanos.org.br\/noticias\/wp-json\/wp\/v2\/categories?post=99713"},{"taxonomy":"post_tag","embeddable":true,"href":"https:\/\/franciscanos.org.br\/noticias\/wp-json\/wp\/v2\/tags?post=99713"}],"curies":[{"name":"wp","href":"https:\/\/api.w.org\/{rel}","templated":true}]}}