{"id":99695,"date":"2015-12-05T10:41:53","date_gmt":"2015-12-05T12:41:53","guid":{"rendered":"http:\/\/franciscanos.org.br\/?p=99695"},"modified":"2019-01-23T15:51:57","modified_gmt":"2019-01-23T17:51:57","slug":"lancamentos-da-semana-11","status":"publish","type":"post","link":"https:\/\/franciscanos.org.br\/noticias\/lancamentos-da-semana-11.html","title":{"rendered":"Lan\u00e7amentos da semana"},"content":{"rendered":"<h3><strong><a href=\"http:\/\/franciscanos.org.br\/wp-content\/uploads\/2015\/12\/no-caminho-de-jesus.jpg\"><img loading=\"lazy\" class=\"alignleft size-full wp-image-99697\" src=\"http:\/\/franciscanos.org.br\/wp-content\/uploads\/2015\/12\/no-caminho-de-jesus.jpg\" alt=\"no-caminho-de-jesus\" width=\"200\" height=\"265\" \/><\/a>No Caminho de Jesus<\/strong><\/h3>\n<p><strong>\u00c1lbum Lit\u00fargico-Catequ\u00e9tico &#8211;\u00a0<\/strong><strong>Ano C &#8211; 2016<\/strong><\/p>\n<p><strong>Francine P. Ortiz<\/strong><\/p>\n<p>No Caminho de Jesus \u2013 \u00c1lbum Lit\u00fargico-Catequ\u00e9tico tem por objetivo proporcionar aos catequizandos e familiares um suporte para o entendimento do Evangelho apresentado em cada missa. Para isso prop\u00f5e atividades divertidas para cada domingo, ilustra\u00e7\u00f5es, celebra\u00e7\u00f5es, curiosidades e atividades complementares relacionadas aos valores e ensinamentos de Jesus.<\/p>\n<p>Nesse ano o \u00e1lbum apresenta, tamb\u00e9m, reflex\u00f5es sobre o nosso papel em rela\u00e7\u00e3o \u00e0 natureza com aten\u00e7\u00e3o especial \u00e0 necessidade de preservarmos a cria\u00e7\u00e3o.<\/p>\n<p>No Caminho de Jesus \u00e9 um instrumento de complementa\u00e7\u00e3o aos encontros de catequese, que contribui para melhor participa\u00e7\u00e3o na celebra\u00e7\u00e3o lit\u00fargica.<\/p>\n<p><strong>N\u00ba DE P\u00c1GINAS: 64<\/strong><\/p>\n<p>&nbsp;<\/p>\n<h3><strong><a href=\"http:\/\/franciscanos.org.br\/wp-content\/uploads\/2015\/12\/o-valor-de-ter-valores.jpg\"><img loading=\"lazy\" class=\"alignleft size-full wp-image-99698\" src=\"http:\/\/franciscanos.org.br\/wp-content\/uploads\/2015\/12\/o-valor-de-ter-valores.jpg\" alt=\"o-valor-de-ter-valores\" width=\"200\" height=\"307\" \/><\/a>O valor de ter valores<\/strong><\/h3>\n<p><strong>Francesc Torralba Rosell\u00f3<\/strong><\/p>\n<p>Os valores gritam, s\u00e3o como vozes que nos impelem a viver de determinada maneira, a sermos coerentes com uma filosofia de vida. H\u00e1 vezes em que essa voz se faz ouvir clara e firmemente, em outras ela se esvai, tamanho o ru\u00eddo exterior.<\/p>\n<p>Valores n\u00e3o podem ser impostos. Imp\u00f5em-se leis, normas, regras da vida social que promovam harmonia entre os indiv\u00edduos, mas valores s\u00e3o aceitos livremente e vividos de maneira consciente ou inconsciente.<\/p>\n<p>Impor valores \u00e9 privar o outro de sua liberdade e negar sua individualidade.\u00a0 Educar com valores n\u00e3o \u00e9 algo que se fa\u00e7a pela imposi\u00e7\u00e3o. O processo \u00e9 diferente: deve-se despertar no indiv\u00edduo a consci\u00eancia de seus pr\u00f3prios valores, tendo como prop\u00f3sito que ele pr\u00f3prio se aperceba dos valores que h\u00e1 em si e viva de acordo com eles. A imposi\u00e7\u00e3o \u00e9 uma forma de impingir nossa ess\u00eancia no outro, obrig\u00e1-lo a ser o que n\u00e3o \u00e9. Educar \u00e9 potencializar a ess\u00eancia de um indiv\u00edduo, faz\u00ea-la emergir, ilumin\u00e1-la para que sua singularidade brilhe em meio \u00e0 imensid\u00e3o do universo.<\/p>\n<p style=\"padding-left: 30px;\"><strong>Francesc Torralba Rosell\u00f3<\/strong><em> (Barcelona, 1967) \u00e9 doutor em Filosofia pela Universidade de Barcelona, com pr\u00eamio extraordin\u00e1rio de licenciatura e de doutorado, e doutor em Teologia pela Faculdade de Teologia da Catalunha. Atualmente \u00e9 diretor da C\u00e1tedra Ethos da Universidade Ramon Llull. \u00c9 autor de mais de cinquenta obras e recebeu distintos pr\u00eamios. Entre seus \u00faltimos livros destacam-se: El arte de saber escuchar (2007), El sentido de La vida (2008) e Sosegarse en un mundo sin sosiego (Plataforma Editorial, 2009). No Brasil, Antropologia do cuidar\u00a0 (Vozes, 2009) e Intelig\u00eancia espiritual (Vozes, 2012).<\/em><\/p>\n<p><strong>N\u00ba DE P\u00c1GINAS<\/strong><strong>:\u00a0240<\/strong><\/p>\n<p>&nbsp;<\/p>\n<h3><strong><a href=\"http:\/\/franciscanos.org.br\/wp-content\/uploads\/2015\/12\/momentos-de-oracao.jpg\"><img loading=\"lazy\" class=\"alignleft size-full wp-image-99699\" src=\"http:\/\/franciscanos.org.br\/wp-content\/uploads\/2015\/12\/momentos-de-oracao.jpg\" alt=\"momentos-de-oracao\" width=\"200\" height=\"316\" \/><\/a>Momentos de Ora\u00e7\u00e3o no Trabalho<\/strong><\/h3>\n<p><strong>Fazendo do seu cora\u00e7\u00e3o um empreendedor da f\u00e9<\/strong><\/p>\n<p><strong>Iran Ibrahim Jacob<\/strong><\/p>\n<p><em>Momentos de Ora\u00e7\u00e3o no Trabalho<\/em> \u00e9 resultado de um intenso trabalho feito atrav\u00e9s das palestras motivacionais do autor em todo o Brasil. O livro \u00e9 uma proposta empresarial completamente at\u00edpica e que traz resultados surpreendentes na produtividade das empresas, bem como na vida pessoal\/familiar e espiritual das pessoas.<\/p>\n<p>Desde o in\u00edcio de sua carreira como palestrante, o autor quebrou um paradigma trazendo a ora\u00e7\u00e3o, independente de qualquer religi\u00e3o, como sua marca profissional. Longe de criar uma rejei\u00e7\u00e3o, a proposta teve grande aceita\u00e7\u00e3o nas empresas e o autor ficou conhecido como o palestrante que abre suas palestras com ora\u00e7\u00f5es que preparam o ambiente, deixando as pessoas mais receptivas, atentas e integradas aos temas. Atualmente est\u00e1 implantando um novo projeto chamado <strong>Deus na Minha Empresa<\/strong> que tem sido muito bem aceito.<\/p>\n<p>Segundo o autor: &#8211; \u201cQuando me propus a escrever esta obra, foi para atender \u00e0\u00a0 necessidade de levar para dentro das empresas, em forma de ora\u00e7\u00e3o, uma\u00a0 luz que possa ilumin\u00e1-las e aben\u00e7o\u00e1-las. S\u00e3o as minhas viv\u00eancias refletidas em cada p\u00e1gina de um livro, que podem fazer a grande diferen\u00e7a em qualquer ambiente de trabalho, aumentando a produtividade e a lucratividade, melhorando os relacionamentos interpessoais, trazendo mais equil\u00edbrio e paz entre as pessoas. Num ambiente de f\u00e9, tudo prospera! Espero que esta obra possa fazer do seu cora\u00e7\u00e3o, um empreendedor da f\u00e9.\u201d<\/p>\n<p style=\"padding-left: 30px;\"><strong>Iran Ibrahim Jacob<\/strong> <em>\u00e9 palestrante motivacional, consultor e assessor empresarial. Autor dos projetos Meu Funcion\u00e1rio- Meu Amigo e Hora H, engenheiro civil, jornalista, escritor, radialista, apresentador de televis\u00e3o, mestre de cerim\u00f4nias, apresentador de solenidades e eventos culturais e sociais. \u00c9 suplente de vereador e assessor do deputado estadual (PHS-MG) Dirceu Ribeiro. \u00c9 autor do best-seller Momentos a S\u00f3s e de outros 7 livros, al\u00e9m do CD Momentos de Luz, da Cole\u00e7\u00e3o Luz no Caminho \u2013 DVD n\u00ba 1 &#8211; Fam\u00edlia, torna-te o que tu \u00e9s, DVD n\u00ba 2 \u2013 Convivendo com o Luto \u2013 A dor de uma saudade , \u00a0da Cole\u00e7\u00e3o Momentos de Luz \u2013 DVD n\u00ba 1. \u00c9 seu, tamb\u00e9m, o Programa Semente do Bem \u2013 Programa publicado semanalmente no YouTube \u2013 <\/em><a href=\"http:\/\/www.youtube.com\/iranjacob\"><em>www.youtube.com\/iranjacob<\/em><\/a><\/p>\n<p>\u00a0<strong>N\u00ba DE P\u00c1GINAS<\/strong><strong>:\u00a0160<\/strong><\/p>\n<p>&nbsp;<\/p>\n<h3><strong><a href=\"http:\/\/franciscanos.org.br\/wp-content\/uploads\/2015\/12\/teroia-dos-sistemas.jpg\"><img loading=\"lazy\" class=\"alignleft size-full wp-image-99700\" src=\"http:\/\/franciscanos.org.br\/wp-content\/uploads\/2015\/12\/teroia-dos-sistemas.jpg\" alt=\"teroia-dos-sistemas\" width=\"200\" height=\"319\" \/><\/a>Introdu\u00e7\u00e3o \u00e0 Teoria dos Sistemas<\/strong><\/h3>\n<p><strong>West Churchman<\/strong><\/p>\n<p>Mesmo ap\u00f3s d\u00e9cadas desde que a Teoria dos Sistemas come\u00e7ou a ser utilizada e empregada nas ci\u00eancias sociais, ainda n\u00e3o se tem uma vis\u00e3o ampla e suficientemente apropriada sobre ela.<\/p>\n<p>A aplica\u00e7\u00e3o do enfoque sist\u00eamico considerado o mais global e o mais male\u00e1vel dos modelos de an\u00e1lise, traz novas e inesperadas vias para o conhecimento cient\u00edfico, servindo, mesmo, como um primeiro e elementar esbo\u00e7o para a integra\u00e7\u00e3o das v\u00e1rias ci\u00eancias e a emerg\u00eancia de novos tipos de pensamento.<\/p>\n<p>O conte\u00fado do presente volume abrange desde a no\u00e7\u00e3o elementar de sistema at\u00e9 exerc\u00edcios pr\u00e1ticos de enfoque sist\u00eamico nas diversas disciplinas. Trata-se, sem d\u00favida, de um livro indispens\u00e1vel nos cursos b\u00e1sicos universit\u00e1rios em geral.<\/p>\n<p><strong>N\u00ba DE P\u00c1GINAS<\/strong><strong>:\u00a0296<\/strong><\/p>\n<p>&nbsp;<\/p>\n<h3><strong><a href=\"http:\/\/franciscanos.org.br\/wp-content\/uploads\/2015\/12\/Espiritualidade-crista.jpg\"><img loading=\"lazy\" class=\"alignleft size-full wp-image-99701\" src=\"http:\/\/franciscanos.org.br\/wp-content\/uploads\/2015\/12\/Espiritualidade-crista.jpg\" alt=\"Espiritualidade-crista\" width=\"200\" height=\"307\" \/><\/a>Espiritualidade crist\u00e3 para buscadores<\/strong><\/h3>\n<p><strong>Reflex\u00f5es sobre os exerc\u00edcios espirituais de In\u00e1cio de Loyola<\/strong><\/p>\n<p><strong>Roger Haight<\/strong><\/p>\n<p>O objetivo desta obra n\u00e3o \u00e9 o de arrebanhar fieis para o Cristianismo ou para a Igreja, mas simplesmente tornar Jesus dispon\u00edvel aos v\u00e1rios tipos de espiritualidade.<\/p>\n<p>S\u00e3o aqui apresentados e interpretados os <em>Exerc\u00edcios Espirituais de Santo In\u00e1cio de Loyola* <\/em>a uma plat\u00e9ia extensa, composta n\u00e3o de cat\u00f3licos especialmente, mas de pessoas de outras experi\u00eancias de f\u00e9 e religi\u00f5es diversas e tamb\u00e9m daquelas sem qualquer filia\u00e7\u00e3o e v\u00ednculo religioso, mas que procuram conhecer mais e melhor. Pessoas que t\u00eam fome e sede de espiritualidade, ou seja, <em>buscadores <\/em>de uma pr\u00e1tica espiritual.<\/p>\n<p>Geralmente o termo \u201cbuscadores\u201d se refere a pessoas que, tendo ou n\u00e3o um arcabou\u00e7o te\u00f3rico para compreender a exist\u00eancia humana, est\u00e3o procurando um significado mais profundo para sua vida.<\/p>\n<p>Este livro pode ser entendido como uma introdu\u00e7\u00e3o ao Cristianismo, mas apenas no sentido de que Jesus, aqui, \u00e9 apresentado n\u00e3o tanto nos contornos dados posteriormente pela tradi\u00e7\u00e3o e suas configura\u00e7\u00f5es dogm\u00e1ticas, e mais como o ser humano excepcional que acolheu a todos com amor e foi um companheiro de viagem que passou entre n\u00f3s fazendo o bem.<\/p>\n<p style=\"padding-left: 30px;\"><strong>Roger Haight<\/strong><em> \u00e9 sacerdote cat\u00f3lico jesu\u00edta norte-americano, professor de teologia hist\u00f3rica e sistem\u00e1tica e autor de uma vasta obra teol\u00f3gica.<\/em><\/p>\n<p style=\"padding-left: 30px;\">*Aos trinta anos de idade In\u00e1cio de Loyola passou por uma experi\u00eancia de convers\u00e3o que mudou completamente sua vida. O seu registro desta profunda experi\u00eancia espiritual est\u00e1 preservado, n\u00e3o em forma de um di\u00e1rio, mas num formato que ele esperava poder beneficiar outras pessoas. Estas reflex\u00f5es se transformaram em um livro ou manual intitulado <em>Os Exerc\u00edcios Espirituais de In\u00e1cio de Loyola<\/em>.<\/p>\n<p><strong>N\u00ba DE P\u00c1GINAS<\/strong><strong>:\u00a0456<\/strong><\/p>\n<p>&nbsp;<\/p>\n<h3><strong><a href=\"http:\/\/franciscanos.org.br\/wp-content\/uploads\/2015\/12\/desenvolvimento-na-conduta.jpg\"><img loading=\"lazy\" class=\"alignleft size-full wp-image-99702\" src=\"http:\/\/franciscanos.org.br\/wp-content\/uploads\/2015\/12\/desenvolvimento-na-conduta.jpg\" alt=\"desenvolvimento-na-conduta\" width=\"200\" height=\"288\" \/><\/a>Desenvolvimento da conduta pr\u00f3-social por meio da educa\u00e7\u00e3o emocional em adolescentes<\/strong><\/h3>\n<p><strong>Elisa Salon, Juan Manuel Moreno, Macarena Bl\u00e1zquez<\/strong><\/p>\n<p><em>Desenvolvimento da conduta pr\u00f3-social por meio da educa\u00e7\u00e3o emocional em adolescentes <\/em>\u00e9 um livro eminentemente pr\u00e1tico que procura solu\u00e7\u00f5es baseadas na preven\u00e7\u00e3o prim\u00e1ria. Ele aposta no aprendizado de compet\u00eancias compreendidas na intelig\u00eancia emocional que permitam induzir mudan\u00e7as de comportamento e de atitude nos adolescentes, antes de a viol\u00eancia se apresentar.<\/p>\n<p>A proposta consta de 15 sess\u00f5es para trabalhar com jovens de 12 a 15 anos na escola em hor\u00e1rio de orienta\u00e7\u00e3o pedag\u00f3gica. Estas atividades tamb\u00e9m podem ser realizadas em outros \u00e2mbitos, como o do lazer e em encontros formativos diversos. H\u00e1 tamb\u00e9m sess\u00f5es para pais, oferecendo a eles, em pouco tempo, informa\u00e7\u00e3o e estrat\u00e9gias b\u00e1sicas para a dif\u00edcil tarefa de educarem seus filhos.<\/p>\n<p>De um ponto de vista t\u00e9cnico, este livro fornece um grande leque de possibilidades para trabalhar com compet\u00eancias emocionais, que tornam poss\u00edvel a resolu\u00e7\u00e3o de conflitos mediante di\u00e1logo e acordo.<\/p>\n<p style=\"padding-left: 30px;\"><strong>Elisa Salon<\/strong><em> \u00e9 educadora social e atua em projetos de interven\u00e7\u00e3o na Espanha.<br \/>\n<\/em><strong>Juan Manuel Moreno<\/strong><em> \u00e9 doutor em psicologia, professor titular na \u00e1rea de personalidade, avalia\u00e7\u00e3o e tratamento psicol\u00f3gico na Universidad de Extremadura.<br \/>\n<\/em><strong>Macarena Bl\u00e1zquez<\/strong><em> \u00e9 doutora em psicologia e especialista em viol\u00eancia de g\u00eanero.<\/em><\/p>\n<p><strong>N\u00ba DE P\u00c1GINAS<\/strong><strong>:\u00a0168<\/strong><\/p>\n<p>&nbsp;<\/p>\n<h3><strong><a href=\"http:\/\/franciscanos.org.br\/wp-content\/uploads\/2015\/12\/como-trabalhar-com-o-povo.jpg\"><img loading=\"lazy\" class=\"alignleft size-full wp-image-99703\" src=\"http:\/\/franciscanos.org.br\/wp-content\/uploads\/2015\/12\/como-trabalhar-com-o-povo.jpg\" alt=\"como-trabalhar-com-o-povo\" width=\"200\" height=\"344\" \/><\/a>Como trabalhar com o povo e com os exclu\u00eddos<\/strong><\/h3>\n<p><strong>Clodovis M. Boff, OSM<\/strong><\/p>\n<p>Foi admir\u00e1vel, no \u00faltimo meio s\u00e9culo, o envolvimento de numerosos educadores e educadoras no trabalho social tanto no Brasil como tamb\u00e9m fora dele. De fato, sem um esfor\u00e7o perseverante para formar as consci\u00eancias, especialmente dos grupos populares, n\u00e3o h\u00e1 avan\u00e7o social que se enra\u00edze e produza frutos.<\/p>\n<p>O que sustentou, por\u00e9m, a generosidade desses agentes sociais foram valores como a liberdade individual, a solidariedade social, o senso da justi\u00e7a, o di\u00e1logo na solu\u00e7\u00e3o dos conflitos e a espiritualidade como dimens\u00e3o constitutiva da vida. \u00c9 esse trabalho pouco vis\u00edvel, mas decisivo, que explica em grande parte a eleva\u00e7\u00e3o pol\u00edtica e cultural do nosso povo nas \u00faltimas d\u00e9cadas.<\/p>\n<p>Tal trabalho, contudo, precisa ser levado adiante, assumindo agora as novas quest\u00f5es que o contexto atual levanta. Para isso esse livreto, escrito h\u00e1 mais de trinta anos e que secundou por anos a a\u00e7\u00e3o social de tanta gente, foi reescrito e ampliado, buscando sintonizar-se com as novas perspectivas que nas \u00faltimas d\u00e9cadas se abriram ao trabalho popular e apontar as novas tarefas que se prop\u00f5em aos educadores do povo e em particular dos exclu\u00eddos.<\/p>\n<p style=\"padding-left: 30px;\"><strong>Fr. Clodovis M. Boff, OSM <\/strong><em>nasceu em Conc\u00f3rdia (SC) em 1944. Ordenou-se presb\u00edtero em 1971 na Ordem dos Servos de Maria (OSM). Obteve licenciatura em filosofia em 1970. Doutorou-se em teologia em 1976 pela Universidade Cat\u00f3lica de Lovaina (B\u00e9lgica). Trabalhou muitos anos alternando atividade acad\u00eamica com trabalho popular. Foi professor em v\u00e1rios lugares do Brasil, da Am\u00e9rica Latina e em Roma \u00c9 atualmente professor na PUCPR em Curitiba. Vive numa Comunidade de forma\u00e7\u00e3o nessa cidade, sendo ainda vig\u00e1rio paroquial. \u00c9 autor de v\u00e1rios livros, entre os quais Teoria do m\u00e9todo teol\u00f3gico. Vozes, 1998; Medita\u00e7\u00e3o: como fazer<strong>:<\/strong> o m\u00e9todo da \u201crumina\u00e7\u00e3o\u201d, Vozes, 2006; Mariologia social: o significado da Virgem para a sociedade, Paulus, 2006; O livro do sentido: crise e busca de sentido, Paulus, 2014.<\/em><\/p>\n<p><strong>N\u00ba DE P\u00c1GINAS<\/strong><strong>:\u00a0200<\/strong><\/p>\n<p>&nbsp;<\/p>\n<h3><strong><a href=\"http:\/\/franciscanos.org.br\/wp-content\/uploads\/2015\/12\/o-caminho.jpg\"><img loading=\"lazy\" class=\"alignleft size-full wp-image-99704\" src=\"http:\/\/franciscanos.org.br\/wp-content\/uploads\/2015\/12\/o-caminho.jpg\" alt=\"o-caminho\" width=\"200\" height=\"282\" \/><\/a>Cole\u00e7\u00e3o \u201cO caminho\u201d<\/strong><\/h3>\n<p><strong>Pe. Thiago Ap. Faccini Paro<\/strong><\/p>\n<p>A cole\u00e7\u00e3o de catequese \u201cO Caminho\u201d surgiu da experi\u00eancia de catequistas da Diocese de Barretos com a inten\u00e7\u00e3o de\u00a0 ajudar a fazer da catequese uma escola de inicia\u00e7\u00e3o crist\u00e3, um aprendizado din\u00e2mico da vida crist\u00e3.<\/p>\n<p>A proposta metodol\u00f3gica da Cole\u00e7\u00e3o\u00a0 est\u00e1 centrada na \u00a0mesa da Palavra e na mesa da partilha, onde a Palavra de Deus se atualizar\u00e1. \u00c9 uma proposta orante e celebrativa, que viv\u00eancia o Calend\u00e1rio Lit\u00fargico como princ\u00edpio b\u00e1sico para a educa\u00e7\u00e3o e celebra\u00e7\u00e3o da f\u00e9. Neste sentido, prop\u00f5e-se que os encontros de\u00a0 catequese aconte\u00e7am de acordo com o calend\u00e1rio lit\u00fargico, iniciando a catequese na primeira semana do Advento e encerrando com a Solenidade de Nosso Senhor Jesus Cristo Rei do Universo.<\/p>\n<p>Na cole\u00e7\u00e3o a catequese de Primeira Eucaristia est\u00e1 estruturada em quatro etapas para ajudar no amadurecimento da f\u00e9 dos catequizandos: 1\u00aa Etapa \u2013 o anuncio de Jesus Cristo, na viv\u00eancia do Ano Lit\u00fargico e na apresenta\u00e7\u00e3o e entrega do Livro Sagrado. 2\u00aa Etapa\u00ad \u2013 a doutrina da Igreja, apresentada atrav\u00e9s dos artigos da Profiss\u00e3o de F\u00e9. 3\u00aa Etapa \u2013 a vida de ora\u00e7\u00e3o, fundamentando a reflex\u00e3o na ora\u00e7\u00e3o do Pai-nosso. 4\u00aa Etapa \u2013 os sete sacramentos da Igreja, de modo especial os sacramentos da inicia\u00e7\u00e3o crist\u00e3.\u00a0\u00a0 E para cada etapa tem-se um subs\u00eddio para o catequista e um di\u00e1rio Catequ\u00e9tico e Espiritual do Catequizando, para o registro de algumas atividades de sua viv\u00eancia de f\u00e9 relacionada a cada encontro e para anotar as informa\u00e7\u00f5es sobre a participa\u00e7\u00e3o na celebra\u00e7\u00e3o da Santa Missa, de cada domingo do Tempo Lit\u00fargico.<\/p>\n<p><strong>N\u00ba DE P\u00c1GINAS<\/strong><strong>:\u00a0192<\/strong><\/p>\n<p>&nbsp;<\/p>\n<h3><strong><a href=\"http:\/\/franciscanos.org.br\/wp-content\/uploads\/2015\/12\/Caixa-Pensar-bem.jpg\"><img loading=\"lazy\" class=\"alignleft size-full wp-image-99705\" src=\"http:\/\/franciscanos.org.br\/wp-content\/uploads\/2015\/12\/Caixa-Pensar-bem.jpg\" alt=\"Caixa-Pensar-bem\" width=\"200\" height=\"341\" \/><\/a>Caixa \u201cPensar bem nos faz bem!\u201d<\/strong><\/h3>\n<p><strong>Mario Sergio Cortella<\/strong><\/p>\n<p>Esta caixa reuni os 04 livros da cole\u00e7\u00e3o \u201cPensar bem nos faz bem! &#8211; Pequenas reflex\u00f5es sobre grandes temas\u201d, elaborada pelo autor Mario Sergio Cortella. Os textos s\u00e3o baseados nas falas di\u00e1rias do autor na r\u00e1dio CBN e trazem o olhar da Filosofia sobre temas do quotidiano.<\/p>\n<p>O primeiro volume fala sobre Filosofia, Religi\u00e3o, Ci\u00eancia e Educa\u00e7\u00e3o. O segundo fala sobre Fam\u00edlia, Carreira, Conviv\u00eancia e \u00c9tica. O terceiro fala sobre F\u00e9, Sabedoria, Conhecimento e Forma\u00e7\u00e3o. E o quarto volume fala sobre Viv\u00eancia Familiar, Viv\u00eancia Profissional, Viv\u00eancia Intelectual e Viv\u00eancia Moral.<\/p>\n<p style=\"padding-left: 30px;\"><strong>Mario Sergio Cortella<\/strong><em>, nascido em Londrina (PR) em 05\/03\/1954, fil\u00f3sofo e escritor, com Mestrado e Doutorado em Educa\u00e7\u00e3o, professor-titular da PUC-SP (na qual atuou por 35 anos, 1977\/2012), com doc\u00eancia e pesquisa na P\u00f3s-Gradua\u00e7\u00e3o em Educa\u00e7\u00e3o: Curr\u00edculo (1997\/2012) e no Departamento de Teologia e Ci\u00eancias da Religi\u00e3o (1977\/2007); \u00e9 professor-convidado da Funda\u00e7\u00e3o Dom Cabral (desde 1997) e ensinou no GVpec da FGV- SP (1998\/2010). Foi Secret\u00e1rio Municipal de Educa\u00e7\u00e3o de S\u00e3o Paulo (1991-1992), tendo antes sido Assessor Especial e Chefe de Gabinete do Prof. Paulo Freire. Comentarista da R\u00e1dio CBN no Academia CBN (rede nacional, de segunda a sexta-feira) e Escola da Vida (capital paulista as ter\u00e7as e quintas-feiras). \u00c9 autor, entre outras obras, de A Escola e o Conhecimento (Cortez), Nos Labirintos da Moral, com Yves de La Taille (Papirus), N\u00e3o Espere Pelo Epit\u00e1fio! (Vozes), N\u00e3o Nascemos Prontos! (Vozes), Sobre a Esperan\u00e7a: Di\u00e1logo, com Frei Betto (Papirus), O que \u00e9 a Pergunta?, com Silmara Casadei (Cortez), Lideran\u00e7a em Foco, com Eug\u00eanio Mussak (Papirus), Filosofia e Ensino M\u00e9dio: certas raz\u00f5es, alguns sen\u00f5es, uma proposta (Vozes), Viver em Paz para Morrer em Paz: Paix\u00e3o, Sentido e Felicidade (Versar\/Saraiva), Pol\u00edtica: Para N\u00e3o Ser Idiota, com Renato Janine Ribeiro (Papirus), Vida e Carreira: um equil\u00edbrio poss\u00edvel?, com Pedro Mandelli (Papirus), Educa\u00e7\u00e3o e Esperan\u00e7a: sete reflex\u00f5es breves para recusar o bioc\u00eddio (PoliSaber), Escola e Preconceito: Doc\u00eancia, Disc\u00eancia e Dec\u00eancia, com Janete Le\u00e3o Ferraz (\u00c1tica), Vivemos Mais! Vivemos Bem?, com Terezinha Azer\u00eado Rios (Papirus), N\u00e3o Se Desespere! (Vozes), Educa\u00e7\u00e3o, Escola e Doc\u00eancia: novos tempos, novas atitudes (Cortez), \u00c9tica e Vergonha na cara!, com Cl\u00f3vis de Barros Filho (Papirus), Pensatas Pedag\u00f3gicas: N\u00f3s e a Escola (Vozes) e Qual \u00e9 a tua Obra? Inquieta\u00e7\u00f5es Propositivas sobre Gest\u00e3o, Lideran\u00e7a e \u00c9tica (Vozes).<\/em><\/p>\n<p><strong>N\u00ba DE P\u00c1GINAS<\/strong><strong>:\u00a0560<\/strong><\/p>\n<p>&nbsp;<\/p>\n<h3><strong><a href=\"http:\/\/franciscanos.org.br\/wp-content\/uploads\/2015\/12\/atividades-e-jogos.jpg\"><img loading=\"lazy\" class=\"alignleft size-full wp-image-99706\" src=\"http:\/\/franciscanos.org.br\/wp-content\/uploads\/2015\/12\/atividades-e-jogos.jpg\" alt=\"atividades-e-jogos\" width=\"200\" height=\"309\" \/><\/a>Atividades e jogos cooperativos para educar na escola e durante o tempo livre<\/strong><\/h3>\n<p><strong>Javier Fern\u00e1ndez-R\u00edo, Jos\u00e9 Manuel Rodr\u00edguez Gimeno, Carlos Vel\u00e1zquez Callado e Luis Santos Rodr\u00edguez<\/strong><\/p>\n<p>&nbsp;<\/p>\n<p>A atividade f\u00edsica tem como objetivo fundamental fazer com que as pessoas explorem o pr\u00f3prio corpo, tomem consci\u00eancia de seu potencial e de suas limita\u00e7\u00f5es, obtenham experi\u00eancias motoras positivas que os ajudem a desfrutar do seu corpo e do movimento e consigam consolidar h\u00e1bitos saud\u00e1veis de atividade f\u00edsica numa rela\u00e7\u00e3o satisfat\u00f3ria e positiva com o seu corpo. Al\u00e9m disso, o corpo e seu movimento tamb\u00e9m s\u00e3o ve\u00edculos de comunica\u00e7\u00e3o e de relacionamento com o mundo, e \u00e9 por isso que o trabalho do professor deveria ir al\u00e9m de um mero fen\u00f4meno de acultura\u00e7\u00e3o.<\/p>\n<p>Esta obra \u00e9 fruto de muitos anos de trabalho dos autores em diferentes contextos de ensino. Trata-se de um livro fundamentalmente pr\u00e1tico e apresenta tamb\u00e9m uma breve, por\u00e9m, precisa introdu\u00e7\u00e3o acerca da coopera\u00e7\u00e3o. Pretende ser um recurso pr\u00e1tico para que os profissionais da atividade f\u00edsica e dos esportes possam iniciar-se no mundo da aprendizagem cooperativa como ferramenta metodol\u00f3gica de primeira ordem. A aplicabilidade deste material se estende para al\u00e9m das fronteiras das aulas das Educa\u00e7\u00f5es Prim\u00e1ria e Secund\u00e1ria, j\u00e1 que as atividades e as propostas descritas podem ser empregadas no \u00e2mbito da recrea\u00e7\u00e3o, do tempo livre e do esporte.<\/p>\n<p style=\"padding-left: 30px;\"><strong>Javier Fern\u00e1ndez-R\u00edo<em>,<\/em><\/strong><em> Professor Titular da Universidade de Oviedo, Doutor em Pedagogia e Licenciado em Educa\u00e7\u00e3o F\u00edsica.<br \/>\n<\/em><strong>Jos\u00e9 Manuel Rodr\u00edguez Gimeno<em>,<\/em><\/strong><em> Licenciado em Ci\u00eancias da Atividade F\u00edsica e do Desporte.<br \/>\n<\/em><strong>Carlos Vel\u00e1zquez Callado<em>,<\/em><\/strong><em> Doutor em Ci\u00eancias da Educa\u00e7\u00e3o, Diplomado em Magist\u00e9rio (Educa\u00e7\u00e3o F\u00edsica).<br \/>\n<\/em><strong>Luis Santos Rodr\u00edguez<em>,<\/em><\/strong><em> Doutor e Licenciado em Ci\u00eancias da Atividade F\u00edsica e do Desporte, Diplomado em Magist\u00e9rio (Educa\u00e7\u00e3o F\u00edsica).<\/em><\/p>\n<p><strong>N\u00ba DE P\u00c1GINAS<\/strong><strong>:\u00a0280<\/strong><\/p>\n<p>&nbsp;<\/p>\n<h3><strong><a href=\"http:\/\/franciscanos.org.br\/wp-content\/uploads\/2015\/12\/as-representa\u00e7\u00f5es-sociais.jpg\"><img loading=\"lazy\" class=\"alignleft size-full wp-image-99707\" src=\"http:\/\/franciscanos.org.br\/wp-content\/uploads\/2015\/12\/as-representa\u00e7\u00f5es-sociais.jpg\" alt=\"as-representa\u00e7\u00f5es-sociais\" width=\"200\" height=\"340\" \/><\/a>As representa\u00e7\u00f5es sociais nas sociedades em mudan\u00e7a<\/strong><\/h3>\n<p><strong>Jorge Correia Jesu\u00edno, Felismina R. P. Mendes e Manuel Jos\u00e9 Lopes (orgs.)<\/strong><\/p>\n<p>Neste livro o leitor encontra um conjunto de textos de autores incontorn\u00e1veis sobre a tem\u00e1tica das representa\u00e7\u00f5es sociais que, de algum modo, t\u00eam procurado dar resposta ao desafio de enquadrarem as suas reflex\u00f5es nos contextos sociais, econ\u00f4micos e pol\u00edticos caracter\u00edsticos das sociedades em mudan\u00e7a acelerada &#8211; causa e consequ\u00eancia da globaliza\u00e7\u00e3o em curso.<\/p>\n<p>Contempla ainda os desenvolvimentos futuros do paradigma das representa\u00e7\u00f5es sociais no quadro interdisciplinar de uma psicologia social cada vez mais interdisciplinar.<\/p>\n<p><strong>N\u00ba DE P\u00c1GINAS:\u00a0360<\/strong><\/p>\n","protected":false},"excerpt":{"rendered":"<p>Editora Vozes<\/p>\n","protected":false},"author":1,"featured_media":194592,"comment_status":"open","ping_status":"open","sticky":false,"template":"","format":"standard","meta":[],"categories":[1],"tags":[238],"acf":[],"yoast_head":"<!-- This site is optimized with the Yoast SEO plugin v19.2 - https:\/\/yoast.com\/wordpress\/plugins\/seo\/ -->\n<title>Lan\u00e7amentos da semana - Not\u00edcias - Franciscanos<\/title>\n<meta name=\"robots\" content=\"index, follow, max-snippet:-1, max-image-preview:large, max-video-preview:-1\" \/>\n<link rel=\"canonical\" href=\"https:\/\/franciscanos.org.br\/noticias\/lancamentos-da-semana-11.html\" \/>\n<meta property=\"og:locale\" content=\"pt_BR\" \/>\n<meta property=\"og:type\" content=\"article\" \/>\n<meta property=\"og:title\" content=\"Lan\u00e7amentos da semana - Not\u00edcias - Franciscanos\" \/>\n<meta property=\"og:description\" content=\"Editora Vozes\" \/>\n<meta property=\"og:url\" content=\"https:\/\/franciscanos.org.br\/noticias\/lancamentos-da-semana-11.html\" \/>\n<meta property=\"og:site_name\" content=\"Not\u00edcias - Franciscanos\" \/>\n<meta property=\"article:published_time\" content=\"2015-12-05T12:41:53+00:00\" \/>\n<meta property=\"article:modified_time\" content=\"2019-01-23T17:51:57+00:00\" \/>\n<meta property=\"og:image\" content=\"https:\/\/franciscanos.org.br\/noticias\/wp-content\/uploads\/2017\/11\/vozes.png\" \/>\n\t<meta property=\"og:image:width\" content=\"273\" \/>\n\t<meta property=\"og:image:height\" content=\"181\" \/>\n\t<meta property=\"og:image:type\" content=\"image\/png\" \/>\n<meta name=\"author\" content=\"admin\" \/>\n<meta name=\"twitter:card\" content=\"summary_large_image\" \/>\n<meta name=\"twitter:label1\" content=\"Escrito por\" \/>\n\t<meta name=\"twitter:data1\" content=\"admin\" \/>\n\t<meta name=\"twitter:label2\" content=\"Est. tempo de leitura\" \/>\n\t<meta name=\"twitter:data2\" content=\"15 minutos\" \/>\n<script type=\"application\/ld+json\" class=\"yoast-schema-graph\">{\"@context\":\"https:\/\/schema.org\",\"@graph\":[{\"@type\":\"WebSite\",\"@id\":\"https:\/\/franciscanos.org.br\/noticias\/#website\",\"url\":\"https:\/\/franciscanos.org.br\/noticias\/\",\"name\":\"Not\u00edcias - Franciscanos\",\"description\":\"Prov\u00edncia Franciscana da Imaculada Concei\u00e7\u00e3o do Brasil - Ordem dos Frades Menores - OFM\",\"potentialAction\":[{\"@type\":\"SearchAction\",\"target\":{\"@type\":\"EntryPoint\",\"urlTemplate\":\"https:\/\/franciscanos.org.br\/noticias\/?s={search_term_string}\"},\"query-input\":\"required name=search_term_string\"}],\"inLanguage\":\"pt-BR\"},{\"@type\":\"ImageObject\",\"inLanguage\":\"pt-BR\",\"@id\":\"https:\/\/franciscanos.org.br\/noticias\/lancamentos-da-semana-11.html#primaryimage\",\"url\":\"https:\/\/franciscanos.org.br\/noticias\/wp-content\/uploads\/2017\/11\/vozes.png\",\"contentUrl\":\"https:\/\/franciscanos.org.br\/noticias\/wp-content\/uploads\/2017\/11\/vozes.png\",\"width\":273,\"height\":181},{\"@type\":\"WebPage\",\"@id\":\"https:\/\/franciscanos.org.br\/noticias\/lancamentos-da-semana-11.html#webpage\",\"url\":\"https:\/\/franciscanos.org.br\/noticias\/lancamentos-da-semana-11.html\",\"name\":\"Lan\u00e7amentos da semana - Not\u00edcias - Franciscanos\",\"isPartOf\":{\"@id\":\"https:\/\/franciscanos.org.br\/noticias\/#website\"},\"primaryImageOfPage\":{\"@id\":\"https:\/\/franciscanos.org.br\/noticias\/lancamentos-da-semana-11.html#primaryimage\"},\"datePublished\":\"2015-12-05T12:41:53+00:00\",\"dateModified\":\"2019-01-23T17:51:57+00:00\",\"author\":{\"@id\":\"https:\/\/franciscanos.org.br\/noticias\/#\/schema\/person\/b38fbf43118f02820bd932f2e4b14ad3\"},\"breadcrumb\":{\"@id\":\"https:\/\/franciscanos.org.br\/noticias\/lancamentos-da-semana-11.html#breadcrumb\"},\"inLanguage\":\"pt-BR\",\"potentialAction\":[{\"@type\":\"ReadAction\",\"target\":[\"https:\/\/franciscanos.org.br\/noticias\/lancamentos-da-semana-11.html\"]}]},{\"@type\":\"BreadcrumbList\",\"@id\":\"https:\/\/franciscanos.org.br\/noticias\/lancamentos-da-semana-11.html#breadcrumb\",\"itemListElement\":[{\"@type\":\"ListItem\",\"position\":1,\"name\":\"Home\",\"item\":\"https:\/\/franciscanos.org.br\/noticias\"},{\"@type\":\"ListItem\",\"position\":2,\"name\":\"Lan\u00e7amentos da semana\"}]},{\"@type\":\"Person\",\"@id\":\"https:\/\/franciscanos.org.br\/noticias\/#\/schema\/person\/b38fbf43118f02820bd932f2e4b14ad3\",\"name\":\"admin\",\"image\":{\"@type\":\"ImageObject\",\"inLanguage\":\"pt-BR\",\"@id\":\"https:\/\/franciscanos.org.br\/noticias\/#\/schema\/person\/image\/\",\"url\":\"https:\/\/secure.gravatar.com\/avatar\/e8495742d34d0ba6448ea1c628263b3e?s=96&d=mm&r=g\",\"contentUrl\":\"https:\/\/secure.gravatar.com\/avatar\/e8495742d34d0ba6448ea1c628263b3e?s=96&d=mm&r=g\",\"caption\":\"admin\"},\"url\":\"https:\/\/franciscanos.org.br\/noticias\/author\/admin\"}]}<\/script>\n<!-- \/ Yoast SEO plugin. -->","yoast_head_json":{"title":"Lan\u00e7amentos da semana - Not\u00edcias - Franciscanos","robots":{"index":"index","follow":"follow","max-snippet":"max-snippet:-1","max-image-preview":"max-image-preview:large","max-video-preview":"max-video-preview:-1"},"canonical":"https:\/\/franciscanos.org.br\/noticias\/lancamentos-da-semana-11.html","og_locale":"pt_BR","og_type":"article","og_title":"Lan\u00e7amentos da semana - Not\u00edcias - Franciscanos","og_description":"Editora Vozes","og_url":"https:\/\/franciscanos.org.br\/noticias\/lancamentos-da-semana-11.html","og_site_name":"Not\u00edcias - Franciscanos","article_published_time":"2015-12-05T12:41:53+00:00","article_modified_time":"2019-01-23T17:51:57+00:00","og_image":[{"width":273,"height":181,"url":"https:\/\/franciscanos.org.br\/noticias\/wp-content\/uploads\/2017\/11\/vozes.png","type":"image\/png"}],"author":"admin","twitter_card":"summary_large_image","twitter_misc":{"Escrito por":"admin","Est. tempo de leitura":"15 minutos"},"schema":{"@context":"https:\/\/schema.org","@graph":[{"@type":"WebSite","@id":"https:\/\/franciscanos.org.br\/noticias\/#website","url":"https:\/\/franciscanos.org.br\/noticias\/","name":"Not\u00edcias - Franciscanos","description":"Prov\u00edncia Franciscana da Imaculada Concei\u00e7\u00e3o do Brasil - Ordem dos Frades Menores - OFM","potentialAction":[{"@type":"SearchAction","target":{"@type":"EntryPoint","urlTemplate":"https:\/\/franciscanos.org.br\/noticias\/?s={search_term_string}"},"query-input":"required name=search_term_string"}],"inLanguage":"pt-BR"},{"@type":"ImageObject","inLanguage":"pt-BR","@id":"https:\/\/franciscanos.org.br\/noticias\/lancamentos-da-semana-11.html#primaryimage","url":"https:\/\/franciscanos.org.br\/noticias\/wp-content\/uploads\/2017\/11\/vozes.png","contentUrl":"https:\/\/franciscanos.org.br\/noticias\/wp-content\/uploads\/2017\/11\/vozes.png","width":273,"height":181},{"@type":"WebPage","@id":"https:\/\/franciscanos.org.br\/noticias\/lancamentos-da-semana-11.html#webpage","url":"https:\/\/franciscanos.org.br\/noticias\/lancamentos-da-semana-11.html","name":"Lan\u00e7amentos da semana - Not\u00edcias - Franciscanos","isPartOf":{"@id":"https:\/\/franciscanos.org.br\/noticias\/#website"},"primaryImageOfPage":{"@id":"https:\/\/franciscanos.org.br\/noticias\/lancamentos-da-semana-11.html#primaryimage"},"datePublished":"2015-12-05T12:41:53+00:00","dateModified":"2019-01-23T17:51:57+00:00","author":{"@id":"https:\/\/franciscanos.org.br\/noticias\/#\/schema\/person\/b38fbf43118f02820bd932f2e4b14ad3"},"breadcrumb":{"@id":"https:\/\/franciscanos.org.br\/noticias\/lancamentos-da-semana-11.html#breadcrumb"},"inLanguage":"pt-BR","potentialAction":[{"@type":"ReadAction","target":["https:\/\/franciscanos.org.br\/noticias\/lancamentos-da-semana-11.html"]}]},{"@type":"BreadcrumbList","@id":"https:\/\/franciscanos.org.br\/noticias\/lancamentos-da-semana-11.html#breadcrumb","itemListElement":[{"@type":"ListItem","position":1,"name":"Home","item":"https:\/\/franciscanos.org.br\/noticias"},{"@type":"ListItem","position":2,"name":"Lan\u00e7amentos da semana"}]},{"@type":"Person","@id":"https:\/\/franciscanos.org.br\/noticias\/#\/schema\/person\/b38fbf43118f02820bd932f2e4b14ad3","name":"admin","image":{"@type":"ImageObject","inLanguage":"pt-BR","@id":"https:\/\/franciscanos.org.br\/noticias\/#\/schema\/person\/image\/","url":"https:\/\/secure.gravatar.com\/avatar\/e8495742d34d0ba6448ea1c628263b3e?s=96&d=mm&r=g","contentUrl":"https:\/\/secure.gravatar.com\/avatar\/e8495742d34d0ba6448ea1c628263b3e?s=96&d=mm&r=g","caption":"admin"},"url":"https:\/\/franciscanos.org.br\/noticias\/author\/admin"}]}},"_links":{"self":[{"href":"https:\/\/franciscanos.org.br\/noticias\/wp-json\/wp\/v2\/posts\/99695"}],"collection":[{"href":"https:\/\/franciscanos.org.br\/noticias\/wp-json\/wp\/v2\/posts"}],"about":[{"href":"https:\/\/franciscanos.org.br\/noticias\/wp-json\/wp\/v2\/types\/post"}],"author":[{"embeddable":true,"href":"https:\/\/franciscanos.org.br\/noticias\/wp-json\/wp\/v2\/users\/1"}],"replies":[{"embeddable":true,"href":"https:\/\/franciscanos.org.br\/noticias\/wp-json\/wp\/v2\/comments?post=99695"}],"version-history":[{"count":0,"href":"https:\/\/franciscanos.org.br\/noticias\/wp-json\/wp\/v2\/posts\/99695\/revisions"}],"wp:featuredmedia":[{"embeddable":true,"href":"https:\/\/franciscanos.org.br\/noticias\/wp-json\/wp\/v2\/media\/194592"}],"wp:attachment":[{"href":"https:\/\/franciscanos.org.br\/noticias\/wp-json\/wp\/v2\/media?parent=99695"}],"wp:term":[{"taxonomy":"category","embeddable":true,"href":"https:\/\/franciscanos.org.br\/noticias\/wp-json\/wp\/v2\/categories?post=99695"},{"taxonomy":"post_tag","embeddable":true,"href":"https:\/\/franciscanos.org.br\/noticias\/wp-json\/wp\/v2\/tags?post=99695"}],"curies":[{"name":"wp","href":"https:\/\/api.w.org\/{rel}","templated":true}]}}