{"id":99626,"date":"2015-12-08T15:35:26","date_gmt":"2015-12-08T17:35:26","guid":{"rendered":"http:\/\/franciscanos.org.br\/?p=99626"},"modified":"2019-07-02T08:05:48","modified_gmt":"2019-07-02T11:05:48","slug":"aberta-a-26a-exposicao-franciscana-de-presepios","status":"publish","type":"post","link":"https:\/\/franciscanos.org.br\/noticias\/aberta-a-26a-exposicao-franciscana-de-presepios.html","title":{"rendered":"Aberta a 26\u00aa Exposi\u00e7\u00e3o Franciscana de Pres\u00e9pios"},"content":{"rendered":"<p><img loading=\"lazy\" src=\"http:\/\/franciscanos.org.br\/wp-content\/uploads\/2015\/12\/pres_alto.jpg\" alt=\"pres_alto\" width=\"820\" height=\"342\" \/><\/p>\n<p>Chegando \u00e0 sua 26\u00aa edi\u00e7\u00e3o, a tradicional Exposi\u00e7\u00e3o Franciscana de Pres\u00e9pios foi aberta nesta ter\u00e7a-feira, dia 08 de dezembro, Solenidade da Imaculada Concei\u00e7\u00e3o do Brasil. Trazendo como tema a Miseri\u00f3rdia, em refer\u00eancia ao Jubileu Especial proclamado pelo Papa Francisco, a exposi\u00e7\u00e3o, montada no claustro do Convento S\u00e3o Francisco, foi aberta logo ap\u00f3s a celebra\u00e7\u00e3o eucar\u00edstica das 10h30, presidida por Frei Anacleto Gapski, da Fraternidade Franciscana de Santo Ant\u00f4nio do Pari.<\/p>\n<p>De acordo com o respons\u00e1vel pela montagem da exposi\u00e7\u00e3o desde 2010, Frei R\u00f3ger Brun\u00f3rio, o Mist\u00e9rio da Encarna\u00e7\u00e3o \u00e9 um elemento fundamental da espiritualidade franciscana e um dos grandes objetivos desta iniciativa \u00e9 evangelizar atrav\u00e9s da arte. \u201cPor conta desta responsabilidade que me foi atribu\u00edda, eu passo o ano todo pensando em pres\u00e9pios\u201d, comenta Frei Roger. \u201cNeste ano estamos trazendo muitos pres\u00e9pios do Brasil e o tema que optamos apresentar \u00e9 o da miseric\u00f3rdia, inspirados na frase do Evangelho que diz: \u2018Sede misericordiosos como vosso Pai \u00e9 misericordioso\u2019 (Lc 6,36)\u201d, explica o frade.<\/p>\n<p>Al\u00e9m da beleza art\u00edstica das pe\u00e7as, produzidas em materiais variados, todo o espa\u00e7o de exposi\u00e7\u00e3o tamb\u00e9m \u00e9 pensado em detalhes: \u201cCada pres\u00e9pio \u00e9 inserido dentro de uma cenografia, que \u00e9 pensada a partir do conte\u00fado, da forma e da espiritualidade. Neste trabalho, todos os anos n\u00f3s usamos a reciclagem, algo bem t\u00edpico da tradi\u00e7\u00e3o franciscana e tamb\u00e9m um anseio do mundo atual\u201d, contextualiza Frei Roger. Entre os materiais utilizados nos cen\u00e1rios est\u00e3o a palha de arroz, cacos de vidro, estopa etc.<\/p>\n<p>Em sintonia com a Igreja e com a Espiritualidade de S\u00e3o Francisco, a mostra se ocupa em abordar temas da atualidade. Neste ano, ganha destaque a quest\u00e3o da imigra\u00e7\u00e3o \u201cTantos imigrantes se deslocando de suas origens, de suas fam\u00edlias, de suas casas, de seus pa\u00edses, numa realidade que Jesus tamb\u00e9m viveu, afinal ele n\u00e3o teve casa, nasceu numa manjedoura, numa gruta, no frio, porque n\u00e3o havia vagas\u201d, recorda.<\/p>\n<p>A quem tem d\u00favidas sobre a conveni\u00eancia de se levar crian\u00e7as para a 26\u00aa Exposi\u00e7\u00e3o Franciscanas de Pres\u00e9pio, Frei Roger tem palavras de incentivo: \u201cTemos pres\u00e9pios de todos os tipos e tamb\u00e9m um cen\u00e1rio com pres\u00e9pios para crian\u00e7a, com quebra-cabe\u00e7a, domin\u00f3 e pe\u00e7as muito coloridas. \u00c9 uma oportunidade de evangelizar e catequisar as crian\u00e7as, num verdadeiro passeio de f\u00e9rias no claustro de nosso convento\u201d, diz, convidando aos pais que tragam suas crian\u00e7as.<\/p>\n<p><strong>26\u00aa Exposi\u00e7\u00e3o Franciscana de Pres\u00e9pios<\/strong><br \/>\n<strong> Local: Convento S\u00e3o Francisco, Largo S\u00e3o Francisco, 133, Centro, S\u00e3o Paulo<\/strong><br \/>\n<strong> Per\u00edodo: 08 a 30 de dezembro<\/strong><br \/>\n<strong> Hor\u00e1rios: Segunda a sexta, das 09h \u00e0s 17h; S\u00e1bado, das 09h \u00e0s 15h e Domingo, das 09h \u00e0s 12h.N\u00e3o abre nos dias 24 e 25 de dezembro.<\/strong><\/p>\n<p><img class=\"ngg_displayed_gallery mceItem\" src=\"http:\/\/franciscanos.org.br\/index.php\/nextgen-attach_to_post\/preview\/id--99666\" alt=\"\" \/><\/p>\n","protected":false},"excerpt":{"rendered":"<p>Convento S\u00e3o Francisco <\/p>\n","protected":false},"author":1,"featured_media":207046,"comment_status":"open","ping_status":"open","sticky":false,"template":"","format":"standard","meta":[],"categories":[1],"tags":[333],"acf":[],"yoast_head":"<!-- This site is optimized with the Yoast SEO plugin v19.2 - https:\/\/yoast.com\/wordpress\/plugins\/seo\/ -->\n<title>Aberta a 26\u00aa Exposi\u00e7\u00e3o Franciscana de Pres\u00e9pios - Not\u00edcias - Franciscanos<\/title>\n<meta name=\"robots\" content=\"index, follow, max-snippet:-1, max-image-preview:large, max-video-preview:-1\" \/>\n<link rel=\"canonical\" href=\"https:\/\/franciscanos.org.br\/noticias\/aberta-a-26a-exposicao-franciscana-de-presepios.html\" \/>\n<meta property=\"og:locale\" content=\"pt_BR\" \/>\n<meta property=\"og:type\" content=\"article\" \/>\n<meta property=\"og:title\" content=\"Aberta a 26\u00aa Exposi\u00e7\u00e3o Franciscana de Pres\u00e9pios - Not\u00edcias - Franciscanos\" \/>\n<meta property=\"og:description\" content=\"Convento S\u00e3o Francisco\" \/>\n<meta property=\"og:url\" content=\"https:\/\/franciscanos.org.br\/noticias\/aberta-a-26a-exposicao-franciscana-de-presepios.html\" \/>\n<meta property=\"og:site_name\" content=\"Not\u00edcias - Franciscanos\" \/>\n<meta property=\"article:published_time\" content=\"2015-12-08T17:35:26+00:00\" \/>\n<meta property=\"article:modified_time\" content=\"2019-07-02T11:05:48+00:00\" \/>\n<meta property=\"og:image\" content=\"https:\/\/franciscanos.org.br\/noticias\/wp-content\/uploads\/2015\/12\/presepio.jpg\" \/>\n\t<meta property=\"og:image:width\" content=\"273\" \/>\n\t<meta property=\"og:image:height\" content=\"181\" \/>\n\t<meta property=\"og:image:type\" content=\"image\/jpeg\" \/>\n<meta name=\"author\" content=\"admin\" \/>\n<meta name=\"twitter:card\" content=\"summary_large_image\" \/>\n<meta name=\"twitter:label1\" content=\"Escrito por\" \/>\n\t<meta name=\"twitter:data1\" content=\"admin\" \/>\n\t<meta name=\"twitter:label2\" content=\"Est. tempo de leitura\" \/>\n\t<meta name=\"twitter:data2\" content=\"2 minutos\" \/>\n<script type=\"application\/ld+json\" class=\"yoast-schema-graph\">{\"@context\":\"https:\/\/schema.org\",\"@graph\":[{\"@type\":\"WebSite\",\"@id\":\"https:\/\/franciscanos.org.br\/noticias\/#website\",\"url\":\"https:\/\/franciscanos.org.br\/noticias\/\",\"name\":\"Not\u00edcias - Franciscanos\",\"description\":\"Prov\u00edncia Franciscana da Imaculada Concei\u00e7\u00e3o do Brasil - Ordem dos Frades Menores - OFM\",\"potentialAction\":[{\"@type\":\"SearchAction\",\"target\":{\"@type\":\"EntryPoint\",\"urlTemplate\":\"https:\/\/franciscanos.org.br\/noticias\/?s={search_term_string}\"},\"query-input\":\"required name=search_term_string\"}],\"inLanguage\":\"pt-BR\"},{\"@type\":\"ImageObject\",\"inLanguage\":\"pt-BR\",\"@id\":\"https:\/\/franciscanos.org.br\/noticias\/aberta-a-26a-exposicao-franciscana-de-presepios.html#primaryimage\",\"url\":\"https:\/\/franciscanos.org.br\/noticias\/wp-content\/uploads\/2015\/12\/presepio.jpg\",\"contentUrl\":\"https:\/\/franciscanos.org.br\/noticias\/wp-content\/uploads\/2015\/12\/presepio.jpg\",\"width\":273,\"height\":181},{\"@type\":\"WebPage\",\"@id\":\"https:\/\/franciscanos.org.br\/noticias\/aberta-a-26a-exposicao-franciscana-de-presepios.html#webpage\",\"url\":\"https:\/\/franciscanos.org.br\/noticias\/aberta-a-26a-exposicao-franciscana-de-presepios.html\",\"name\":\"Aberta a 26\u00aa Exposi\u00e7\u00e3o Franciscana de Pres\u00e9pios - Not\u00edcias - Franciscanos\",\"isPartOf\":{\"@id\":\"https:\/\/franciscanos.org.br\/noticias\/#website\"},\"primaryImageOfPage\":{\"@id\":\"https:\/\/franciscanos.org.br\/noticias\/aberta-a-26a-exposicao-franciscana-de-presepios.html#primaryimage\"},\"datePublished\":\"2015-12-08T17:35:26+00:00\",\"dateModified\":\"2019-07-02T11:05:48+00:00\",\"author\":{\"@id\":\"https:\/\/franciscanos.org.br\/noticias\/#\/schema\/person\/b38fbf43118f02820bd932f2e4b14ad3\"},\"breadcrumb\":{\"@id\":\"https:\/\/franciscanos.org.br\/noticias\/aberta-a-26a-exposicao-franciscana-de-presepios.html#breadcrumb\"},\"inLanguage\":\"pt-BR\",\"potentialAction\":[{\"@type\":\"ReadAction\",\"target\":[\"https:\/\/franciscanos.org.br\/noticias\/aberta-a-26a-exposicao-franciscana-de-presepios.html\"]}]},{\"@type\":\"BreadcrumbList\",\"@id\":\"https:\/\/franciscanos.org.br\/noticias\/aberta-a-26a-exposicao-franciscana-de-presepios.html#breadcrumb\",\"itemListElement\":[{\"@type\":\"ListItem\",\"position\":1,\"name\":\"Home\",\"item\":\"https:\/\/franciscanos.org.br\/noticias\"},{\"@type\":\"ListItem\",\"position\":2,\"name\":\"Aberta a 26\u00aa Exposi\u00e7\u00e3o Franciscana de Pres\u00e9pios\"}]},{\"@type\":\"Person\",\"@id\":\"https:\/\/franciscanos.org.br\/noticias\/#\/schema\/person\/b38fbf43118f02820bd932f2e4b14ad3\",\"name\":\"admin\",\"image\":{\"@type\":\"ImageObject\",\"inLanguage\":\"pt-BR\",\"@id\":\"https:\/\/franciscanos.org.br\/noticias\/#\/schema\/person\/image\/\",\"url\":\"https:\/\/secure.gravatar.com\/avatar\/e8495742d34d0ba6448ea1c628263b3e?s=96&d=mm&r=g\",\"contentUrl\":\"https:\/\/secure.gravatar.com\/avatar\/e8495742d34d0ba6448ea1c628263b3e?s=96&d=mm&r=g\",\"caption\":\"admin\"},\"url\":\"https:\/\/franciscanos.org.br\/noticias\/author\/admin\"}]}<\/script>\n<!-- \/ Yoast SEO plugin. -->","yoast_head_json":{"title":"Aberta a 26\u00aa Exposi\u00e7\u00e3o Franciscana de Pres\u00e9pios - Not\u00edcias - Franciscanos","robots":{"index":"index","follow":"follow","max-snippet":"max-snippet:-1","max-image-preview":"max-image-preview:large","max-video-preview":"max-video-preview:-1"},"canonical":"https:\/\/franciscanos.org.br\/noticias\/aberta-a-26a-exposicao-franciscana-de-presepios.html","og_locale":"pt_BR","og_type":"article","og_title":"Aberta a 26\u00aa Exposi\u00e7\u00e3o Franciscana de Pres\u00e9pios - Not\u00edcias - Franciscanos","og_description":"Convento S\u00e3o Francisco","og_url":"https:\/\/franciscanos.org.br\/noticias\/aberta-a-26a-exposicao-franciscana-de-presepios.html","og_site_name":"Not\u00edcias - Franciscanos","article_published_time":"2015-12-08T17:35:26+00:00","article_modified_time":"2019-07-02T11:05:48+00:00","og_image":[{"width":273,"height":181,"url":"https:\/\/franciscanos.org.br\/noticias\/wp-content\/uploads\/2015\/12\/presepio.jpg","type":"image\/jpeg"}],"author":"admin","twitter_card":"summary_large_image","twitter_misc":{"Escrito por":"admin","Est. tempo de leitura":"2 minutos"},"schema":{"@context":"https:\/\/schema.org","@graph":[{"@type":"WebSite","@id":"https:\/\/franciscanos.org.br\/noticias\/#website","url":"https:\/\/franciscanos.org.br\/noticias\/","name":"Not\u00edcias - Franciscanos","description":"Prov\u00edncia Franciscana da Imaculada Concei\u00e7\u00e3o do Brasil - Ordem dos Frades Menores - OFM","potentialAction":[{"@type":"SearchAction","target":{"@type":"EntryPoint","urlTemplate":"https:\/\/franciscanos.org.br\/noticias\/?s={search_term_string}"},"query-input":"required name=search_term_string"}],"inLanguage":"pt-BR"},{"@type":"ImageObject","inLanguage":"pt-BR","@id":"https:\/\/franciscanos.org.br\/noticias\/aberta-a-26a-exposicao-franciscana-de-presepios.html#primaryimage","url":"https:\/\/franciscanos.org.br\/noticias\/wp-content\/uploads\/2015\/12\/presepio.jpg","contentUrl":"https:\/\/franciscanos.org.br\/noticias\/wp-content\/uploads\/2015\/12\/presepio.jpg","width":273,"height":181},{"@type":"WebPage","@id":"https:\/\/franciscanos.org.br\/noticias\/aberta-a-26a-exposicao-franciscana-de-presepios.html#webpage","url":"https:\/\/franciscanos.org.br\/noticias\/aberta-a-26a-exposicao-franciscana-de-presepios.html","name":"Aberta a 26\u00aa Exposi\u00e7\u00e3o Franciscana de Pres\u00e9pios - Not\u00edcias - Franciscanos","isPartOf":{"@id":"https:\/\/franciscanos.org.br\/noticias\/#website"},"primaryImageOfPage":{"@id":"https:\/\/franciscanos.org.br\/noticias\/aberta-a-26a-exposicao-franciscana-de-presepios.html#primaryimage"},"datePublished":"2015-12-08T17:35:26+00:00","dateModified":"2019-07-02T11:05:48+00:00","author":{"@id":"https:\/\/franciscanos.org.br\/noticias\/#\/schema\/person\/b38fbf43118f02820bd932f2e4b14ad3"},"breadcrumb":{"@id":"https:\/\/franciscanos.org.br\/noticias\/aberta-a-26a-exposicao-franciscana-de-presepios.html#breadcrumb"},"inLanguage":"pt-BR","potentialAction":[{"@type":"ReadAction","target":["https:\/\/franciscanos.org.br\/noticias\/aberta-a-26a-exposicao-franciscana-de-presepios.html"]}]},{"@type":"BreadcrumbList","@id":"https:\/\/franciscanos.org.br\/noticias\/aberta-a-26a-exposicao-franciscana-de-presepios.html#breadcrumb","itemListElement":[{"@type":"ListItem","position":1,"name":"Home","item":"https:\/\/franciscanos.org.br\/noticias"},{"@type":"ListItem","position":2,"name":"Aberta a 26\u00aa Exposi\u00e7\u00e3o Franciscana de Pres\u00e9pios"}]},{"@type":"Person","@id":"https:\/\/franciscanos.org.br\/noticias\/#\/schema\/person\/b38fbf43118f02820bd932f2e4b14ad3","name":"admin","image":{"@type":"ImageObject","inLanguage":"pt-BR","@id":"https:\/\/franciscanos.org.br\/noticias\/#\/schema\/person\/image\/","url":"https:\/\/secure.gravatar.com\/avatar\/e8495742d34d0ba6448ea1c628263b3e?s=96&d=mm&r=g","contentUrl":"https:\/\/secure.gravatar.com\/avatar\/e8495742d34d0ba6448ea1c628263b3e?s=96&d=mm&r=g","caption":"admin"},"url":"https:\/\/franciscanos.org.br\/noticias\/author\/admin"}]}},"_links":{"self":[{"href":"https:\/\/franciscanos.org.br\/noticias\/wp-json\/wp\/v2\/posts\/99626"}],"collection":[{"href":"https:\/\/franciscanos.org.br\/noticias\/wp-json\/wp\/v2\/posts"}],"about":[{"href":"https:\/\/franciscanos.org.br\/noticias\/wp-json\/wp\/v2\/types\/post"}],"author":[{"embeddable":true,"href":"https:\/\/franciscanos.org.br\/noticias\/wp-json\/wp\/v2\/users\/1"}],"replies":[{"embeddable":true,"href":"https:\/\/franciscanos.org.br\/noticias\/wp-json\/wp\/v2\/comments?post=99626"}],"version-history":[{"count":0,"href":"https:\/\/franciscanos.org.br\/noticias\/wp-json\/wp\/v2\/posts\/99626\/revisions"}],"wp:featuredmedia":[{"embeddable":true,"href":"https:\/\/franciscanos.org.br\/noticias\/wp-json\/wp\/v2\/media\/207046"}],"wp:attachment":[{"href":"https:\/\/franciscanos.org.br\/noticias\/wp-json\/wp\/v2\/media?parent=99626"}],"wp:term":[{"taxonomy":"category","embeddable":true,"href":"https:\/\/franciscanos.org.br\/noticias\/wp-json\/wp\/v2\/categories?post=99626"},{"taxonomy":"post_tag","embeddable":true,"href":"https:\/\/franciscanos.org.br\/noticias\/wp-json\/wp\/v2\/tags?post=99626"}],"curies":[{"name":"wp","href":"https:\/\/api.w.org\/{rel}","templated":true}]}}