{"id":99520,"date":"2015-12-07T09:00:00","date_gmt":"2015-12-07T11:00:00","guid":{"rendered":"http:\/\/franciscanos.org.br\/?p=99520"},"modified":"2020-02-17T12:51:52","modified_gmt":"2020-02-17T15:51:52","slug":"provincia-celebra-jubileus-2015-em-rondinha","status":"publish","type":"post","link":"https:\/\/franciscanos.org.br\/noticias\/provincia-celebra-jubileus-2015-em-rondinha.html","title":{"rendered":"Prov\u00edncia celebra jubileus 2015 em Rondinha"},"content":{"rendered":"<p><a href=\"http:\/\/franciscanos.org.br\/wp-content\/uploads\/2015\/12\/jubileus-820.jpg\"><img loading=\"lazy\" src=\"http:\/\/franciscanos.org.br\/wp-content\/uploads\/2015\/12\/jubileus-820.jpg\" alt=\"jubileus-820\" width=\"820\" height=\"439\" \/><\/a><\/p>\n<p>A fraternidade S\u00e3o Boaventura, de Rondinha, voltar\u00e1 a ser anfitri\u00e3 das comemora\u00e7\u00f5es dos Jubileus da Prov\u00edncia da Imaculada Concei\u00e7\u00e3o neste ano. O encontro tem in\u00edcio hoje \u00e0 tarde, 7 dezembro, e termina na solenidade da Imaculada Concei\u00e7\u00e3o de Nossa Senhora, padroeira da Prov\u00edncia, com a celebra\u00e7\u00e3o Eucar\u00edstica solene, \u00e0s 10h00.<\/p>\n<table border=\"0\" width=\"450\" cellspacing=\"3\" cellpadding=\"3\" align=\"right\">\n<tbody>\n<tr>\n<td bgcolor=\"#E6E6E6\">\n<p style=\"padding-left: 10px;\"><strong>Programa\u00e7\u00e3o:<\/strong><\/p>\n<p style=\"padding-left: 10px;\"><strong>DIA 07 DE DEZEMBRO:<\/strong><br \/>\n14h30 \u2013 Partilha: \u201cOlhar com gratid\u00e3o o passado\u201d<br \/>\n18h30 \u2013 V\u00e9speras Solenes da Imaculada \u2013 \u201cCelebrar com Paix\u00e3o o Presente\u201d<\/p>\n<p><strong>DIA 08 DE DEZEMBRO: SOLENIDADE DA IMACULADA CONCEI\u00c7\u00c3O<\/strong><\/p>\n<p>07h30 \u2013 Ora\u00e7\u00e3o da Manh\u00e3 \u2013 \u201cO Rosto da Miseric\u00f3rdia\u201d na Solenidade da Imaculada Concei\u00e7\u00e3o<br \/>\n10h00 \u2013 Celebra\u00e7\u00e3o Eucar\u00edstica: Solenidade da Imaculada Concei\u00e7\u00e3o: \u201cAbra\u00e7ar com esperan\u00e7a o futuro\u201d na A\u00e7\u00e3o de Gra\u00e7as, Renova\u00e7\u00e3o dos votos e promessas sacerdotais.<br \/>\n12h00 \u2013 Almo\u00e7o Festivo.<\/td>\n<\/tr>\n<\/tbody>\n<\/table>\n<p>Neste ano, s\u00e3o 33 frades que celebram a a\u00e7\u00e3o de gra\u00e7as pelos 25, 50, 60, 65 e 71, 73, 74 e 75 anos de Vida Religiosa ou Sacerdotal, com destaque para Dom Paulo Evaristo Arns, com 75 anos de Vida Religiosa e 70 de vida sacerdotal.<br \/>\nPara a Prov\u00edncia, a celebra\u00e7\u00e3o dos jubileus \u00e9 por excel\u00eancia um momento de \u201ca\u00e7\u00e3o de gra\u00e7as onde, em fraternidade, agradecemos o dom da voca\u00e7\u00e3o de cada um desses nossos irm\u00e3os\u201d, explica Frei Fid\u00eancio Vanboemmel, Ministro Provincial.<\/p>\n<p>\u201cEm primeiro lugar, sublinhamos a voca\u00e7\u00e3o \u00e0 vida religiosa franciscana. \u2018O Senhor me concedeu\u2019 viver esta forma e Regra de vida, nos ensina S\u00e3o Francisco de Assis! E nesta mesma l\u00f3gica, o Ser\u00e1fico Pai ainda nos ensina que o irm\u00e3o \u00e9 uma d\u00e1diva divina dada \u00e0 fraternidade: \u2018O Senhor me deu irm\u00e3os!\u2019 Em segundo lugar, evidenciamos a voca\u00e7\u00e3o presbiteral dos confrades que celebram seu jubileu sacerdotal. Louvamos e agradecemos a Deus pela vida sacerdotal desses irm\u00e3os porque o Senhor \u2018os honrou acima de todos, por causa desse mist\u00e9rio\u2019, nos exorta S\u00e3o Francisco\u201d, continua o Ministro Provincial.<\/p>\n<p>\u201cPara cada jubilando em particular, a celebra\u00e7\u00e3o jubilar \u00e9 uma ocasi\u00e3o singular que possibilita ao confrade fazer a releitura da sua voca\u00e7\u00e3o de frade menor ou a sua voca\u00e7\u00e3o de sacerdote do Alt\u00edssimo. Por que releitura? A releitura implica numa parada. Parada para rever, discernir e retomar o \u2018ponto de partida\u2019 da sua consagra\u00e7\u00e3o a Deus na vida religiosa ou sacerdotal. Assim, celebrar o jubileu \u00e9 retomar toda a caminhada vocacional para atualiz\u00e1-la no presente, em forma de a\u00e7\u00e3o de gra\u00e7as. Enfim, no dia do Jubileu, o irm\u00e3o tamb\u00e9m renova o compromisso assumido h\u00e1 25, 50, 60, 65 e 70 anos, declarando o segredo mais profundo que o animou, tanto na vida religiosa como na vida sacerdotal: \u2018Senhor, a minha vida est\u00e1 nas tuas m\u00e3os\u2019\u201d, completa Frei Fid\u00eancio, manifestando aos confrades jubilandos, \u201ca nossa gratid\u00e3o e estima, e que o Senhor os aben\u00e7oe!\u201d<\/p>\n<p><a href=\"http:\/\/franciscanos.org.br\/wp-content\/uploads\/2015\/12\/jubilandos-2016.jpg\"><img loading=\"lazy\" class=\"alignleft size-full wp-image-99526\" src=\"http:\/\/franciscanos.org.br\/wp-content\/uploads\/2015\/12\/jubilandos-2016.jpg\" alt=\"jubilandos-2016\" width=\"820\" height=\"1884\" \/><\/a><\/p>\n<p>&nbsp;<\/p>\n","protected":false},"excerpt":{"rendered":"<p>Jubileus<\/p>\n","protected":false},"author":1,"featured_media":221134,"comment_status":"open","ping_status":"open","sticky":false,"template":"","format":"standard","meta":[],"categories":[1],"tags":[332],"acf":[],"yoast_head":"<!-- This site is optimized with the Yoast SEO plugin v19.2 - https:\/\/yoast.com\/wordpress\/plugins\/seo\/ -->\n<title>Prov\u00edncia celebra jubileus 2015 em Rondinha - Not\u00edcias - Franciscanos<\/title>\n<meta name=\"robots\" content=\"index, follow, max-snippet:-1, max-image-preview:large, max-video-preview:-1\" \/>\n<link rel=\"canonical\" href=\"https:\/\/franciscanos.org.br\/noticias\/provincia-celebra-jubileus-2015-em-rondinha.html\" \/>\n<meta property=\"og:locale\" content=\"pt_BR\" \/>\n<meta property=\"og:type\" content=\"article\" \/>\n<meta property=\"og:title\" content=\"Prov\u00edncia celebra jubileus 2015 em Rondinha - Not\u00edcias - Franciscanos\" \/>\n<meta property=\"og:description\" content=\"Jubileus\" \/>\n<meta property=\"og:url\" content=\"https:\/\/franciscanos.org.br\/noticias\/provincia-celebra-jubileus-2015-em-rondinha.html\" \/>\n<meta property=\"og:site_name\" content=\"Not\u00edcias - Franciscanos\" \/>\n<meta property=\"article:published_time\" content=\"2015-12-07T11:00:00+00:00\" \/>\n<meta property=\"article:modified_time\" content=\"2020-02-17T15:51:52+00:00\" \/>\n<meta property=\"og:image\" content=\"https:\/\/franciscanos.org.br\/noticias\/wp-content\/uploads\/2015\/12\/jubileus-820.jpg\" \/>\n\t<meta property=\"og:image:width\" content=\"273\" \/>\n\t<meta property=\"og:image:height\" content=\"181\" \/>\n\t<meta property=\"og:image:type\" content=\"image\/jpeg\" \/>\n<meta name=\"author\" content=\"admin\" \/>\n<meta name=\"twitter:card\" content=\"summary_large_image\" \/>\n<meta name=\"twitter:label1\" content=\"Escrito por\" \/>\n\t<meta name=\"twitter:data1\" content=\"admin\" \/>\n\t<meta name=\"twitter:label2\" content=\"Est. tempo de leitura\" \/>\n\t<meta name=\"twitter:data2\" content=\"2 minutos\" \/>\n<script type=\"application\/ld+json\" class=\"yoast-schema-graph\">{\"@context\":\"https:\/\/schema.org\",\"@graph\":[{\"@type\":\"WebSite\",\"@id\":\"https:\/\/franciscanos.org.br\/noticias\/#website\",\"url\":\"https:\/\/franciscanos.org.br\/noticias\/\",\"name\":\"Not\u00edcias - Franciscanos\",\"description\":\"Prov\u00edncia Franciscana da Imaculada Concei\u00e7\u00e3o do Brasil - Ordem dos Frades Menores - OFM\",\"potentialAction\":[{\"@type\":\"SearchAction\",\"target\":{\"@type\":\"EntryPoint\",\"urlTemplate\":\"https:\/\/franciscanos.org.br\/noticias\/?s={search_term_string}\"},\"query-input\":\"required name=search_term_string\"}],\"inLanguage\":\"pt-BR\"},{\"@type\":\"ImageObject\",\"inLanguage\":\"pt-BR\",\"@id\":\"https:\/\/franciscanos.org.br\/noticias\/provincia-celebra-jubileus-2015-em-rondinha.html#primaryimage\",\"url\":\"https:\/\/franciscanos.org.br\/noticias\/wp-content\/uploads\/2015\/12\/jubileus-820.jpg\",\"contentUrl\":\"https:\/\/franciscanos.org.br\/noticias\/wp-content\/uploads\/2015\/12\/jubileus-820.jpg\",\"width\":273,\"height\":181},{\"@type\":\"WebPage\",\"@id\":\"https:\/\/franciscanos.org.br\/noticias\/provincia-celebra-jubileus-2015-em-rondinha.html#webpage\",\"url\":\"https:\/\/franciscanos.org.br\/noticias\/provincia-celebra-jubileus-2015-em-rondinha.html\",\"name\":\"Prov\u00edncia celebra jubileus 2015 em Rondinha - Not\u00edcias - Franciscanos\",\"isPartOf\":{\"@id\":\"https:\/\/franciscanos.org.br\/noticias\/#website\"},\"primaryImageOfPage\":{\"@id\":\"https:\/\/franciscanos.org.br\/noticias\/provincia-celebra-jubileus-2015-em-rondinha.html#primaryimage\"},\"datePublished\":\"2015-12-07T11:00:00+00:00\",\"dateModified\":\"2020-02-17T15:51:52+00:00\",\"author\":{\"@id\":\"https:\/\/franciscanos.org.br\/noticias\/#\/schema\/person\/b38fbf43118f02820bd932f2e4b14ad3\"},\"breadcrumb\":{\"@id\":\"https:\/\/franciscanos.org.br\/noticias\/provincia-celebra-jubileus-2015-em-rondinha.html#breadcrumb\"},\"inLanguage\":\"pt-BR\",\"potentialAction\":[{\"@type\":\"ReadAction\",\"target\":[\"https:\/\/franciscanos.org.br\/noticias\/provincia-celebra-jubileus-2015-em-rondinha.html\"]}]},{\"@type\":\"BreadcrumbList\",\"@id\":\"https:\/\/franciscanos.org.br\/noticias\/provincia-celebra-jubileus-2015-em-rondinha.html#breadcrumb\",\"itemListElement\":[{\"@type\":\"ListItem\",\"position\":1,\"name\":\"Home\",\"item\":\"https:\/\/franciscanos.org.br\/noticias\"},{\"@type\":\"ListItem\",\"position\":2,\"name\":\"Prov\u00edncia celebra jubileus 2015 em Rondinha\"}]},{\"@type\":\"Person\",\"@id\":\"https:\/\/franciscanos.org.br\/noticias\/#\/schema\/person\/b38fbf43118f02820bd932f2e4b14ad3\",\"name\":\"admin\",\"image\":{\"@type\":\"ImageObject\",\"inLanguage\":\"pt-BR\",\"@id\":\"https:\/\/franciscanos.org.br\/noticias\/#\/schema\/person\/image\/\",\"url\":\"https:\/\/secure.gravatar.com\/avatar\/e8495742d34d0ba6448ea1c628263b3e?s=96&d=mm&r=g\",\"contentUrl\":\"https:\/\/secure.gravatar.com\/avatar\/e8495742d34d0ba6448ea1c628263b3e?s=96&d=mm&r=g\",\"caption\":\"admin\"},\"url\":\"https:\/\/franciscanos.org.br\/noticias\/author\/admin\"}]}<\/script>\n<!-- \/ Yoast SEO plugin. -->","yoast_head_json":{"title":"Prov\u00edncia celebra jubileus 2015 em Rondinha - Not\u00edcias - Franciscanos","robots":{"index":"index","follow":"follow","max-snippet":"max-snippet:-1","max-image-preview":"max-image-preview:large","max-video-preview":"max-video-preview:-1"},"canonical":"https:\/\/franciscanos.org.br\/noticias\/provincia-celebra-jubileus-2015-em-rondinha.html","og_locale":"pt_BR","og_type":"article","og_title":"Prov\u00edncia celebra jubileus 2015 em Rondinha - Not\u00edcias - Franciscanos","og_description":"Jubileus","og_url":"https:\/\/franciscanos.org.br\/noticias\/provincia-celebra-jubileus-2015-em-rondinha.html","og_site_name":"Not\u00edcias - Franciscanos","article_published_time":"2015-12-07T11:00:00+00:00","article_modified_time":"2020-02-17T15:51:52+00:00","og_image":[{"width":273,"height":181,"url":"https:\/\/franciscanos.org.br\/noticias\/wp-content\/uploads\/2015\/12\/jubileus-820.jpg","type":"image\/jpeg"}],"author":"admin","twitter_card":"summary_large_image","twitter_misc":{"Escrito por":"admin","Est. tempo de leitura":"2 minutos"},"schema":{"@context":"https:\/\/schema.org","@graph":[{"@type":"WebSite","@id":"https:\/\/franciscanos.org.br\/noticias\/#website","url":"https:\/\/franciscanos.org.br\/noticias\/","name":"Not\u00edcias - Franciscanos","description":"Prov\u00edncia Franciscana da Imaculada Concei\u00e7\u00e3o do Brasil - Ordem dos Frades Menores - OFM","potentialAction":[{"@type":"SearchAction","target":{"@type":"EntryPoint","urlTemplate":"https:\/\/franciscanos.org.br\/noticias\/?s={search_term_string}"},"query-input":"required name=search_term_string"}],"inLanguage":"pt-BR"},{"@type":"ImageObject","inLanguage":"pt-BR","@id":"https:\/\/franciscanos.org.br\/noticias\/provincia-celebra-jubileus-2015-em-rondinha.html#primaryimage","url":"https:\/\/franciscanos.org.br\/noticias\/wp-content\/uploads\/2015\/12\/jubileus-820.jpg","contentUrl":"https:\/\/franciscanos.org.br\/noticias\/wp-content\/uploads\/2015\/12\/jubileus-820.jpg","width":273,"height":181},{"@type":"WebPage","@id":"https:\/\/franciscanos.org.br\/noticias\/provincia-celebra-jubileus-2015-em-rondinha.html#webpage","url":"https:\/\/franciscanos.org.br\/noticias\/provincia-celebra-jubileus-2015-em-rondinha.html","name":"Prov\u00edncia celebra jubileus 2015 em Rondinha - Not\u00edcias - Franciscanos","isPartOf":{"@id":"https:\/\/franciscanos.org.br\/noticias\/#website"},"primaryImageOfPage":{"@id":"https:\/\/franciscanos.org.br\/noticias\/provincia-celebra-jubileus-2015-em-rondinha.html#primaryimage"},"datePublished":"2015-12-07T11:00:00+00:00","dateModified":"2020-02-17T15:51:52+00:00","author":{"@id":"https:\/\/franciscanos.org.br\/noticias\/#\/schema\/person\/b38fbf43118f02820bd932f2e4b14ad3"},"breadcrumb":{"@id":"https:\/\/franciscanos.org.br\/noticias\/provincia-celebra-jubileus-2015-em-rondinha.html#breadcrumb"},"inLanguage":"pt-BR","potentialAction":[{"@type":"ReadAction","target":["https:\/\/franciscanos.org.br\/noticias\/provincia-celebra-jubileus-2015-em-rondinha.html"]}]},{"@type":"BreadcrumbList","@id":"https:\/\/franciscanos.org.br\/noticias\/provincia-celebra-jubileus-2015-em-rondinha.html#breadcrumb","itemListElement":[{"@type":"ListItem","position":1,"name":"Home","item":"https:\/\/franciscanos.org.br\/noticias"},{"@type":"ListItem","position":2,"name":"Prov\u00edncia celebra jubileus 2015 em Rondinha"}]},{"@type":"Person","@id":"https:\/\/franciscanos.org.br\/noticias\/#\/schema\/person\/b38fbf43118f02820bd932f2e4b14ad3","name":"admin","image":{"@type":"ImageObject","inLanguage":"pt-BR","@id":"https:\/\/franciscanos.org.br\/noticias\/#\/schema\/person\/image\/","url":"https:\/\/secure.gravatar.com\/avatar\/e8495742d34d0ba6448ea1c628263b3e?s=96&d=mm&r=g","contentUrl":"https:\/\/secure.gravatar.com\/avatar\/e8495742d34d0ba6448ea1c628263b3e?s=96&d=mm&r=g","caption":"admin"},"url":"https:\/\/franciscanos.org.br\/noticias\/author\/admin"}]}},"_links":{"self":[{"href":"https:\/\/franciscanos.org.br\/noticias\/wp-json\/wp\/v2\/posts\/99520"}],"collection":[{"href":"https:\/\/franciscanos.org.br\/noticias\/wp-json\/wp\/v2\/posts"}],"about":[{"href":"https:\/\/franciscanos.org.br\/noticias\/wp-json\/wp\/v2\/types\/post"}],"author":[{"embeddable":true,"href":"https:\/\/franciscanos.org.br\/noticias\/wp-json\/wp\/v2\/users\/1"}],"replies":[{"embeddable":true,"href":"https:\/\/franciscanos.org.br\/noticias\/wp-json\/wp\/v2\/comments?post=99520"}],"version-history":[{"count":0,"href":"https:\/\/franciscanos.org.br\/noticias\/wp-json\/wp\/v2\/posts\/99520\/revisions"}],"wp:featuredmedia":[{"embeddable":true,"href":"https:\/\/franciscanos.org.br\/noticias\/wp-json\/wp\/v2\/media\/221134"}],"wp:attachment":[{"href":"https:\/\/franciscanos.org.br\/noticias\/wp-json\/wp\/v2\/media?parent=99520"}],"wp:term":[{"taxonomy":"category","embeddable":true,"href":"https:\/\/franciscanos.org.br\/noticias\/wp-json\/wp\/v2\/categories?post=99520"},{"taxonomy":"post_tag","embeddable":true,"href":"https:\/\/franciscanos.org.br\/noticias\/wp-json\/wp\/v2\/tags?post=99520"}],"curies":[{"name":"wp","href":"https:\/\/api.w.org\/{rel}","templated":true}]}}