{"id":99189,"date":"2015-12-01T21:06:37","date_gmt":"2015-12-01T23:06:37","guid":{"rendered":"http:\/\/franciscanos.org.br\/?p=99189"},"modified":"2019-11-01T13:25:03","modified_gmt":"2019-11-01T16:25:03","slug":"precisamos-conhecer-melhor-a-infancia-e-a-juventude","status":"publish","type":"post","link":"https:\/\/franciscanos.org.br\/noticias\/precisamos-conhecer-melhor-a-infancia-e-a-juventude.html","title":{"rendered":"Moreira: &#8220;Precisamos conhecer melhor a inf\u00e2ncia e a juventude&#8221;"},"content":{"rendered":"<p><img loading=\"lazy\" src=\"http:\/\/franciscanos.org.br\/wp-content\/uploads\/2015\/12\/moreira_alto.jpg\" alt=\"moreira_alto\" width=\"820\" height=\"451\" \/><\/p>\n<p><strong>Moacir Beggo<\/strong><\/p>\n<p><strong>Curitiba (PR)<\/strong> &#8211; O professor Alberto da Silva Moreira, doutorado em Teologia Fundamental e p\u00f3s-doutorado em Ci\u00eancias da Religi\u00e3o, profundo conhecedor de franciscanismo, foi o primeiro palestrante no Congresso Franciscano Internacional, nesta ter\u00e7a-feira, 1\u00ba de dezembro, em Curitiba. Para desenvolver o tema &#8220;Desafios da P\u00f3s-Modernidade \u00e0 Educa\u00e7\u00e3o Franciscana&#8221;, ele seguiu dois passos: um diagn\u00f3stico da espessura e intensidade do que se denomina experi\u00eancia p\u00f3s-moderna, analisando como tais transforma\u00e7\u00f5es incidem sobre a inf\u00e2ncia e a juventude, e os desafios que essas mudan\u00e7as trazem para a tarefa de educar sob uma perspectiva franciscana.<\/p>\n<p>Partindo da reflex\u00e3o de uma sociedade totalmente globalizada, segundo o professor, hoje \u00e9 ineg\u00e1vel que existe uma tentativa de coopta\u00e7\u00e3o da inf\u00e2ncia e da juventude. &#8220;N\u00f3s devemos estar muito atentos \u00e0s transforma\u00e7\u00f5es recentes da inf\u00e2ncia e da juventude, que tem na sua origem dinamismos econ\u00f4micos e culturais e que est\u00e3o impactando fortemente a educa\u00e7\u00e3o em geral e a educa\u00e7\u00e3o franciscana&#8221;, alertou.<\/p>\n<p>Para o professor, \u00e9 preciso conhecer melhor a inf\u00e2ncia e a juventude que est\u00e3o surgindo, como elas sofrem e reagem ao impacto das transforma\u00e7\u00f5es. &#8220;Que mecanismos criam de defesa&#8221;, perguntou. Para ele, a crian\u00e7a e o jovem s\u00e3o alvos f\u00e1ceis do mercado, da cultura medi\u00e1tica e da cultura do consumo. &#8220;Isso n\u00e3o tem nada de novo, mas acho importante perceber que se d\u00e1 atrav\u00e9s da contribui\u00e7\u00e3o est\u00e9tica, de uma compuls\u00e3o pelo prazer&#8221;, disse, uma vez que \u00a0as crian\u00e7as e os jovens s\u00e3o educados, atra\u00eddos pela beleza, pelo fasc\u00ednio, que sempre surgem, por exemplo, em um designer supermoderno, colorido e na rapidez com que vem a recompensa visual. &#8220;A press\u00e3o sobre os jovens, \u00e0s vezes, \u00e9 quase irresist\u00edvel para que eles adotem ideias, valores, formas de vida que v\u00eam dos pa\u00edses de culturas ricas. Nem preciso citar a ind\u00fastria da Disney etc&#8230;\u00c9 essa ind\u00fastria cultural que hoje est\u00e1 contando as hist\u00f3rias para os nossos filhos. E al\u00e9m de contar hist\u00f3rias, essa ind\u00fastria formata desejos, educa emo\u00e7\u00f5es, relativiza a pr\u00f3pria escola, imp\u00f5e novas maneiras com que a escola lida com seus alunos, at\u00e9 mesmo na universidade&#8221;, explicou Moreira, informando que essa estetiza\u00e7\u00e3o mereceu dele um estudo seu mais profundo.<\/p>\n<p>&#8220;Isso tudo \u00e9 um desafio um tanto quanto urgente. Alguns autores afirmam que est\u00e1 sendo criado um novo tipo de ser humano&#8221;, informou.<\/p>\n<p>&#8220;Trata-se de um jovem mais greg\u00e1rio, que vive em tribos e patotas, \u00e9 dedicado no trabalho, obcecado por resultados, mas narcisista, pouco solid\u00e1rio, indiferente aos sofrimentos alheios, voltado \u00e0s diferentes formas de prazer e satisfa\u00e7\u00e3o, mas afetivamente infantilizado, com baixa capacidade de trabalhar conflitos e capaz de viol\u00eancias se seus desejos ou suas expectativas forem contrariadas&#8221;, adiantou.<\/p>\n<p>Segundo Moreira, o caminho \u00e9 educar para um novo modo de ser, para uma alin\u00e7a entre a humanidade e o ambiente. &#8220;Por isso, o Papa Francisco, o mais franciscano de todos os papas, disse na \u2018Laudato S\u00ed\u2019 que os desafios que nos atingem, na cultura, na \u00e9tica, no meio ambiente, s\u00e3o todos ligados entre si, remetem a uma crise profunda do ser humano e de suas formas de vida sobre o planeta. Ent\u00e3o, voltamos a perceber que esses desafios exigem uma mudan\u00e7a de mentalidade, uma mudan\u00e7a de cultura, o que equivale a uma reforma do ser humano. Enfim, um novo modo de ser e de estar na casa comum, a M\u00e3e Terra&#8221;, acrescentou.<\/p>\n<p>Segundo ele, mudan\u00e7a de mentalidade \u00e9 apenas um eufemismo para dizer convers\u00e3o. &#8220;Justamente o que pede de novo o Papa Francisco na \u2018Laudato S\u00ed\u2019&#8221;, emendou.<\/p>\n<p>Espiritualidade integradora n\u00e3o deveria ser nenhuma novidade nas escolas franciscanas, segundo Moreira, que elencou alguns encaminhamentos:<\/p>\n<ol>\n<li>Favorecer experi\u00eancias pedag\u00f3gicas nas quais alunos e educadores fa\u00e7am experi\u00eancias marcantes de outras formas de ser e outras formas de viver que s\u00e3o poss\u00edveis e trazem felicidade e realiza\u00e7\u00e3o humana.<\/li>\n<li>Fortalecer a consci\u00eancia e o conhecimento te\u00f3rico cient\u00edfico sobre a interdepend\u00eancia de todas as pessoas. Facilitar aos educandos e educadores a experi\u00eancia da interliga\u00e7\u00e3o e da interdepend\u00eancia m\u00fatua dos n\u00edveis da realidade.<\/li>\n<li>Formas redes nas quais essa experi\u00eancia e conhecimentos possam ser compartilhados e debatidos, socializados, estejam mais tempo ocupando a aten\u00e7\u00e3o das pessoas.<\/li>\n<li>Oferecer exerc\u00edcios, tiroc\u00ednios, oportunidades e meios para desenvolver uma espiritualidade integradora.<\/li>\n<\/ol>\n<p>\u201cAs escolas, no af\u00e3 de afirmar que est\u00e3o em busca de novos m\u00e9todos pedag\u00f3gicos e diversas estrat\u00e9gicas,\u00a0 frequentemente negligenciam a tarefa de ajudar os estudantes a construir um sentido profundo para o seu esfor\u00e7o de aprendizagem, deixando que o sentido oferecido pelo restante da sociedade \u2013 diga-se mercado \u2013 seja o \u00fanico dispon\u00edvel. Boas escolas geram vazios existenciais na vida dos alunos e verdadeiras cat\u00e1strofes. Eu sempre me pergunto por que esses <em>serial-killers<\/em> est\u00e3o nas escolas\u201d, alertou Moreira.<\/p>\n<p>Uma escola franciscana precisa conectar o imenso potencial de sentido e motiva\u00e7\u00e3o vivido pelo movimento franciscano com a necessidade do aluno de construir um sentido para a sua vida, e a necessidade dos professores sentirem-se apoiados na nobre tarefa da educa\u00e7\u00e3o a qual se dedicaram.<\/p>\n<p><strong>Sugest\u00f5es de encaminhamentos.<\/strong><\/p>\n<ol>\n<li>A escola precisa encontrar formas de garantir a motiva\u00e7\u00e3o e sentido dos professores. N\u00f3s tamb\u00e9m estamos em crise de identidade e de valoriza\u00e7\u00e3o. Muitas vezes somos destratados nas salas de aula. Muitas vezes tamb\u00e9m destratamos. Na escola franciscana, isso n\u00e3o pode acontecer.<\/li>\n<li>Cultivar a espiritualidade que alimente a paix\u00e3o pelo cuidado do mundo, atrav\u00e9s de atitudes pr\u00e1ticas. Tendo consci\u00eancia de que os frutos na educa\u00e7\u00e3o s\u00e3o a longo prazo. A nossa sociedade, a nossa cultura da efici\u00eancia e da produtividade, exige resultados concretos e imediatos. Mas na educa\u00e7\u00e3o, leva muito tempo para amadurecer o esp\u00edrito na vida das pessoas.<\/li>\n<li>Depois, fortalecer nos educadores a convic\u00e7\u00e3o e a experi\u00eancia desse sentido profundo e da dignidade da tarefa que realizam.<\/li>\n<li>Conectar-se mais e melhor com ao enorme patrim\u00f4nio intelectual e human\u00edstico da tradi\u00e7\u00e3o franciscana. Aproveitar melhor esse legado.<\/li>\n<\/ol>\n<p>Moreira concluiu dizendo: &#8220;Francisco construiu um caminho onde n\u00e3o havia caminhos e a educa\u00e7\u00e3o franciscana hoje precisa fazer a mesma coisa&#8221;.<\/p>\n<h3><a href=\"http:\/\/franciscanos.org.br\/wp-content\/uploads\/2015\/12\/alberto.pdf\"><strong>\u00cdntegra da\u00a0palestra<\/strong><\/a><\/h3>\n<p>O Congresso Internacional Franciscano, realizado pela Prov\u00edncia da Imaculada Concei\u00e7\u00e3o, est\u00e1 sendo realizado em dois eventos simult\u00e2neos: o 5\u00ba Encontro de Centros de Estudos Franciscanos Superiores Ibero-Americanos e o 1\u00ba Congresso Nacional de Educadores Franciscanos da Confer\u00eancia dos Frades Menores do Brasil (CFMB). Eles t\u00eam o apoio da FAE Centro Universit\u00e1rio, do Col\u00e9gio Bom Jesus, e da Universidade S\u00e3o Francisco.<\/p>\n<p><img loading=\"lazy\" src=\"http:\/\/franciscanos.org.br\/wp-content\/uploads\/2015\/12\/leonardo.jpg\" alt=\"leonardo\" width=\"820\" height=\"408\" \/><\/p>\n<p>Fil\u00f3sofo, te\u00f3logo e pedagogo, Dom Leonardo Steiner abordou o tema &#8220;O perfil do educador franciscano&#8221; na segunda palestra desta ter\u00e7a-feira, 1\u00ba de dezembro, no Congresso Franciscano, em Curitiba.<\/p>\n<p>O atual Secret\u00e1rio Geral da Confer\u00eancia dos Bispos do Brasil, D. Leonardo fez uma reflex\u00e3o filos\u00f3fica do papel do educador e a centrou a educa\u00e7\u00e3o como despertar. &#8220;Pra cima e para baixo, sempre de novo mostrar que educa\u00e7\u00e3o \u00e9 essencialmente despertar. Naturalmente, educa\u00e7\u00e3o entendida aqui no nosso tipo de servi\u00e7o que fazemos n\u00e3o destinado \u00e0 forma\u00e7\u00e3o interna das nossas congrega\u00e7\u00f5es e da nossa Ordem&#8221;.<\/p>\n<p>&#8220;Educa\u00e7\u00e3o \u00e9 a busca do essencial&#8221;, insistiu. &#8220;O bom educador vai sempre no essencial. N\u00e3o se perde nos pormenores&#8221;, disse.<\/p>\n<p>&#8220;O educador franciscano n\u00e3o vive a partir de si mesmo mas est\u00e1 na benevol\u00eancia do mist\u00e9rio. Despertou para<br \/>\no mist\u00e9rio&#8221;, ensinou.<\/p>\n<p>&#8220;O essencial do Evangelho \u00e9 a miseric\u00f3rdia. O educador \u00e9 sempre guiado, tomado, pela miseric\u00f3rdia. \u00c9 a miseric\u00f3rdia que cria uma nova sociedade&#8221;, continuou.<\/p>\n<p>Segundo D. Leonardo, o educador sabe ler a caminhada como um todo. N\u00e3o a partir de si mesmo. &#8220;O mist\u00e9rio pervade e renova&#8221;.<\/p>\n<p>&#8220;O educador franciscano sabe que sempre ser\u00e1 aprendiz&#8221;.<\/p>\n<p>Na sequ\u00eancia, com a media\u00e7\u00e3o de Frei Nilo Agostini, Alberto Moreira e D. Leonardo responderam as perguntas dos participantes do Congresso.<\/p>\n<p><img loading=\"lazy\" src=\"http:\/\/franciscanos.org.br\/wp-content\/uploads\/2015\/12\/conversa.jpg\" alt=\"conversa\" width=\"820\" height=\"435\" \/><\/p>\n","protected":false},"excerpt":{"rendered":"<p>Congresso Franciscano<\/p>\n","protected":false},"author":1,"featured_media":213412,"comment_status":"open","ping_status":"open","sticky":false,"template":"","format":"standard","meta":[],"categories":[1],"tags":[],"acf":[],"yoast_head":"<!-- This site is optimized with the Yoast SEO plugin v19.2 - https:\/\/yoast.com\/wordpress\/plugins\/seo\/ -->\n<title>Moreira: &quot;Precisamos conhecer melhor a inf\u00e2ncia e a juventude&quot; - Not\u00edcias - Franciscanos<\/title>\n<meta name=\"robots\" content=\"index, follow, max-snippet:-1, max-image-preview:large, max-video-preview:-1\" \/>\n<link rel=\"canonical\" href=\"https:\/\/franciscanos.org.br\/noticias\/precisamos-conhecer-melhor-a-infancia-e-a-juventude.html\" \/>\n<meta property=\"og:locale\" content=\"pt_BR\" \/>\n<meta property=\"og:type\" content=\"article\" \/>\n<meta property=\"og:title\" content=\"Moreira: &quot;Precisamos conhecer melhor a inf\u00e2ncia e a juventude&quot; - Not\u00edcias - Franciscanos\" \/>\n<meta property=\"og:description\" content=\"Congresso Franciscano\" \/>\n<meta property=\"og:url\" content=\"https:\/\/franciscanos.org.br\/noticias\/precisamos-conhecer-melhor-a-infancia-e-a-juventude.html\" \/>\n<meta property=\"og:site_name\" content=\"Not\u00edcias - Franciscanos\" \/>\n<meta property=\"article:published_time\" content=\"2015-12-01T23:06:37+00:00\" \/>\n<meta property=\"article:modified_time\" content=\"2019-11-01T16:25:03+00:00\" \/>\n<meta property=\"og:image\" content=\"https:\/\/franciscanos.org.br\/noticias\/wp-content\/uploads\/2015\/12\/moreira_alto.jpg\" \/>\n\t<meta property=\"og:image:width\" content=\"273\" \/>\n\t<meta property=\"og:image:height\" content=\"181\" \/>\n\t<meta property=\"og:image:type\" content=\"image\/jpeg\" \/>\n<meta name=\"author\" content=\"admin\" \/>\n<meta name=\"twitter:card\" content=\"summary_large_image\" \/>\n<meta name=\"twitter:label1\" content=\"Escrito por\" \/>\n\t<meta name=\"twitter:data1\" content=\"admin\" \/>\n\t<meta name=\"twitter:label2\" content=\"Est. tempo de leitura\" \/>\n\t<meta name=\"twitter:data2\" content=\"7 minutos\" \/>\n<script type=\"application\/ld+json\" class=\"yoast-schema-graph\">{\"@context\":\"https:\/\/schema.org\",\"@graph\":[{\"@type\":\"WebSite\",\"@id\":\"https:\/\/franciscanos.org.br\/noticias\/#website\",\"url\":\"https:\/\/franciscanos.org.br\/noticias\/\",\"name\":\"Not\u00edcias - Franciscanos\",\"description\":\"Prov\u00edncia Franciscana da Imaculada Concei\u00e7\u00e3o do Brasil - Ordem dos Frades Menores - OFM\",\"potentialAction\":[{\"@type\":\"SearchAction\",\"target\":{\"@type\":\"EntryPoint\",\"urlTemplate\":\"https:\/\/franciscanos.org.br\/noticias\/?s={search_term_string}\"},\"query-input\":\"required name=search_term_string\"}],\"inLanguage\":\"pt-BR\"},{\"@type\":\"ImageObject\",\"inLanguage\":\"pt-BR\",\"@id\":\"https:\/\/franciscanos.org.br\/noticias\/precisamos-conhecer-melhor-a-infancia-e-a-juventude.html#primaryimage\",\"url\":\"https:\/\/franciscanos.org.br\/noticias\/wp-content\/uploads\/2015\/12\/moreira_alto.jpg\",\"contentUrl\":\"https:\/\/franciscanos.org.br\/noticias\/wp-content\/uploads\/2015\/12\/moreira_alto.jpg\",\"width\":273,\"height\":181},{\"@type\":\"WebPage\",\"@id\":\"https:\/\/franciscanos.org.br\/noticias\/precisamos-conhecer-melhor-a-infancia-e-a-juventude.html#webpage\",\"url\":\"https:\/\/franciscanos.org.br\/noticias\/precisamos-conhecer-melhor-a-infancia-e-a-juventude.html\",\"name\":\"Moreira: \\\"Precisamos conhecer melhor a inf\u00e2ncia e a juventude\\\" - Not\u00edcias - Franciscanos\",\"isPartOf\":{\"@id\":\"https:\/\/franciscanos.org.br\/noticias\/#website\"},\"primaryImageOfPage\":{\"@id\":\"https:\/\/franciscanos.org.br\/noticias\/precisamos-conhecer-melhor-a-infancia-e-a-juventude.html#primaryimage\"},\"datePublished\":\"2015-12-01T23:06:37+00:00\",\"dateModified\":\"2019-11-01T16:25:03+00:00\",\"author\":{\"@id\":\"https:\/\/franciscanos.org.br\/noticias\/#\/schema\/person\/b38fbf43118f02820bd932f2e4b14ad3\"},\"breadcrumb\":{\"@id\":\"https:\/\/franciscanos.org.br\/noticias\/precisamos-conhecer-melhor-a-infancia-e-a-juventude.html#breadcrumb\"},\"inLanguage\":\"pt-BR\",\"potentialAction\":[{\"@type\":\"ReadAction\",\"target\":[\"https:\/\/franciscanos.org.br\/noticias\/precisamos-conhecer-melhor-a-infancia-e-a-juventude.html\"]}]},{\"@type\":\"BreadcrumbList\",\"@id\":\"https:\/\/franciscanos.org.br\/noticias\/precisamos-conhecer-melhor-a-infancia-e-a-juventude.html#breadcrumb\",\"itemListElement\":[{\"@type\":\"ListItem\",\"position\":1,\"name\":\"Home\",\"item\":\"https:\/\/franciscanos.org.br\/noticias\"},{\"@type\":\"ListItem\",\"position\":2,\"name\":\"Moreira: &#8220;Precisamos conhecer melhor a inf\u00e2ncia e a juventude&#8221;\"}]},{\"@type\":\"Person\",\"@id\":\"https:\/\/franciscanos.org.br\/noticias\/#\/schema\/person\/b38fbf43118f02820bd932f2e4b14ad3\",\"name\":\"admin\",\"image\":{\"@type\":\"ImageObject\",\"inLanguage\":\"pt-BR\",\"@id\":\"https:\/\/franciscanos.org.br\/noticias\/#\/schema\/person\/image\/\",\"url\":\"https:\/\/secure.gravatar.com\/avatar\/e8495742d34d0ba6448ea1c628263b3e?s=96&d=mm&r=g\",\"contentUrl\":\"https:\/\/secure.gravatar.com\/avatar\/e8495742d34d0ba6448ea1c628263b3e?s=96&d=mm&r=g\",\"caption\":\"admin\"},\"url\":\"https:\/\/franciscanos.org.br\/noticias\/author\/admin\"}]}<\/script>\n<!-- \/ Yoast SEO plugin. -->","yoast_head_json":{"title":"Moreira: \"Precisamos conhecer melhor a inf\u00e2ncia e a juventude\" - Not\u00edcias - Franciscanos","robots":{"index":"index","follow":"follow","max-snippet":"max-snippet:-1","max-image-preview":"max-image-preview:large","max-video-preview":"max-video-preview:-1"},"canonical":"https:\/\/franciscanos.org.br\/noticias\/precisamos-conhecer-melhor-a-infancia-e-a-juventude.html","og_locale":"pt_BR","og_type":"article","og_title":"Moreira: \"Precisamos conhecer melhor a inf\u00e2ncia e a juventude\" - Not\u00edcias - Franciscanos","og_description":"Congresso Franciscano","og_url":"https:\/\/franciscanos.org.br\/noticias\/precisamos-conhecer-melhor-a-infancia-e-a-juventude.html","og_site_name":"Not\u00edcias - Franciscanos","article_published_time":"2015-12-01T23:06:37+00:00","article_modified_time":"2019-11-01T16:25:03+00:00","og_image":[{"width":273,"height":181,"url":"https:\/\/franciscanos.org.br\/noticias\/wp-content\/uploads\/2015\/12\/moreira_alto.jpg","type":"image\/jpeg"}],"author":"admin","twitter_card":"summary_large_image","twitter_misc":{"Escrito por":"admin","Est. tempo de leitura":"7 minutos"},"schema":{"@context":"https:\/\/schema.org","@graph":[{"@type":"WebSite","@id":"https:\/\/franciscanos.org.br\/noticias\/#website","url":"https:\/\/franciscanos.org.br\/noticias\/","name":"Not\u00edcias - Franciscanos","description":"Prov\u00edncia Franciscana da Imaculada Concei\u00e7\u00e3o do Brasil - Ordem dos Frades Menores - OFM","potentialAction":[{"@type":"SearchAction","target":{"@type":"EntryPoint","urlTemplate":"https:\/\/franciscanos.org.br\/noticias\/?s={search_term_string}"},"query-input":"required name=search_term_string"}],"inLanguage":"pt-BR"},{"@type":"ImageObject","inLanguage":"pt-BR","@id":"https:\/\/franciscanos.org.br\/noticias\/precisamos-conhecer-melhor-a-infancia-e-a-juventude.html#primaryimage","url":"https:\/\/franciscanos.org.br\/noticias\/wp-content\/uploads\/2015\/12\/moreira_alto.jpg","contentUrl":"https:\/\/franciscanos.org.br\/noticias\/wp-content\/uploads\/2015\/12\/moreira_alto.jpg","width":273,"height":181},{"@type":"WebPage","@id":"https:\/\/franciscanos.org.br\/noticias\/precisamos-conhecer-melhor-a-infancia-e-a-juventude.html#webpage","url":"https:\/\/franciscanos.org.br\/noticias\/precisamos-conhecer-melhor-a-infancia-e-a-juventude.html","name":"Moreira: \"Precisamos conhecer melhor a inf\u00e2ncia e a juventude\" - Not\u00edcias - Franciscanos","isPartOf":{"@id":"https:\/\/franciscanos.org.br\/noticias\/#website"},"primaryImageOfPage":{"@id":"https:\/\/franciscanos.org.br\/noticias\/precisamos-conhecer-melhor-a-infancia-e-a-juventude.html#primaryimage"},"datePublished":"2015-12-01T23:06:37+00:00","dateModified":"2019-11-01T16:25:03+00:00","author":{"@id":"https:\/\/franciscanos.org.br\/noticias\/#\/schema\/person\/b38fbf43118f02820bd932f2e4b14ad3"},"breadcrumb":{"@id":"https:\/\/franciscanos.org.br\/noticias\/precisamos-conhecer-melhor-a-infancia-e-a-juventude.html#breadcrumb"},"inLanguage":"pt-BR","potentialAction":[{"@type":"ReadAction","target":["https:\/\/franciscanos.org.br\/noticias\/precisamos-conhecer-melhor-a-infancia-e-a-juventude.html"]}]},{"@type":"BreadcrumbList","@id":"https:\/\/franciscanos.org.br\/noticias\/precisamos-conhecer-melhor-a-infancia-e-a-juventude.html#breadcrumb","itemListElement":[{"@type":"ListItem","position":1,"name":"Home","item":"https:\/\/franciscanos.org.br\/noticias"},{"@type":"ListItem","position":2,"name":"Moreira: &#8220;Precisamos conhecer melhor a inf\u00e2ncia e a juventude&#8221;"}]},{"@type":"Person","@id":"https:\/\/franciscanos.org.br\/noticias\/#\/schema\/person\/b38fbf43118f02820bd932f2e4b14ad3","name":"admin","image":{"@type":"ImageObject","inLanguage":"pt-BR","@id":"https:\/\/franciscanos.org.br\/noticias\/#\/schema\/person\/image\/","url":"https:\/\/secure.gravatar.com\/avatar\/e8495742d34d0ba6448ea1c628263b3e?s=96&d=mm&r=g","contentUrl":"https:\/\/secure.gravatar.com\/avatar\/e8495742d34d0ba6448ea1c628263b3e?s=96&d=mm&r=g","caption":"admin"},"url":"https:\/\/franciscanos.org.br\/noticias\/author\/admin"}]}},"_links":{"self":[{"href":"https:\/\/franciscanos.org.br\/noticias\/wp-json\/wp\/v2\/posts\/99189"}],"collection":[{"href":"https:\/\/franciscanos.org.br\/noticias\/wp-json\/wp\/v2\/posts"}],"about":[{"href":"https:\/\/franciscanos.org.br\/noticias\/wp-json\/wp\/v2\/types\/post"}],"author":[{"embeddable":true,"href":"https:\/\/franciscanos.org.br\/noticias\/wp-json\/wp\/v2\/users\/1"}],"replies":[{"embeddable":true,"href":"https:\/\/franciscanos.org.br\/noticias\/wp-json\/wp\/v2\/comments?post=99189"}],"version-history":[{"count":0,"href":"https:\/\/franciscanos.org.br\/noticias\/wp-json\/wp\/v2\/posts\/99189\/revisions"}],"wp:featuredmedia":[{"embeddable":true,"href":"https:\/\/franciscanos.org.br\/noticias\/wp-json\/wp\/v2\/media\/213412"}],"wp:attachment":[{"href":"https:\/\/franciscanos.org.br\/noticias\/wp-json\/wp\/v2\/media?parent=99189"}],"wp:term":[{"taxonomy":"category","embeddable":true,"href":"https:\/\/franciscanos.org.br\/noticias\/wp-json\/wp\/v2\/categories?post=99189"},{"taxonomy":"post_tag","embeddable":true,"href":"https:\/\/franciscanos.org.br\/noticias\/wp-json\/wp\/v2\/tags?post=99189"}],"curies":[{"name":"wp","href":"https:\/\/api.w.org\/{rel}","templated":true}]}}