{"id":98769,"date":"2015-11-23T11:57:44","date_gmt":"2015-11-23T13:57:44","guid":{"rendered":"http:\/\/franciscanos.org.br\/?p=98769"},"modified":"2019-12-09T10:09:18","modified_gmt":"2019-12-09T13:09:18","slug":"a-primeira-missa-de-frei-jean-em-sao-jose-da-barra","status":"publish","type":"post","link":"https:\/\/franciscanos.org.br\/noticias\/a-primeira-missa-de-frei-jean-em-sao-jose-da-barra.html","title":{"rendered":"A Primeira Missa de Frei Jean em S\u00e3o Jos\u00e9 da Barra"},"content":{"rendered":"<p><img loading=\"lazy\" class=\"alignnone size-full wp-image-196271\" src=\"https:\/\/franciscanos.org.br\/noticias\/wp-content\/uploads\/2015\/11\/meio1.jpg\" alt=\"\" width=\"820\" height=\"405\" srcset=\"https:\/\/franciscanos.org.br\/noticias\/wp-content\/uploads\/2015\/11\/meio1.jpg 820w, https:\/\/franciscanos.org.br\/noticias\/wp-content\/uploads\/2015\/11\/meio1-450x222.jpg 450w, https:\/\/franciscanos.org.br\/noticias\/wp-content\/uploads\/2015\/11\/meio1-768x379.jpg 768w, https:\/\/franciscanos.org.br\/noticias\/wp-content\/uploads\/2015\/11\/meio1-150x74.jpg 150w\" sizes=\"(max-width: 820px) 100vw, 820px\" \/><\/p>\n<p><strong>Frei Augusto Gabriel e Moacir Beggo<\/strong><\/p>\n<p><strong>S\u00e3o Jos\u00e9 da Barra (MG)<\/strong> &#8211; Ordenado presb\u00edtero no s\u00e1bado, Frei Jean Carlos Ajluni de Oliveira celebrou a sua Primeira Missa no domingo, solenidade de Cristo Rei, na Par\u00f3quia S\u00e3o Jos\u00e9, em S\u00e3o Jos\u00e9 da Barra (MG). A Igreja lotou para celebrar este momento t\u00e3o especial na vida do neopresb\u00edtero, que, como disse na ordena\u00e7\u00e3o, precisou esperar vinte anos. Talvez por toda essa experi\u00eancia que passou pela forma\u00e7\u00e3o religiosa franciscana, Frei Jean parecia um sacerdote experiente. Seguro, ele conduziu a celebra\u00e7\u00e3o com leveza e devo\u00e7\u00e3o, tendo ao seu lado os concelebrantes Frei Jo\u00e3o Mannes, definidor da Prov\u00edncia da Imaculada e Guardi\u00e3o na Fraternidade de Rondinha, e Pe. Jan\u00edcio de Carvalho Machado, p\u00e1roco da Par\u00f3quia S\u00e3o Jos\u00e9, al\u00e9m do di\u00e1cono Lu\u00eds Fernando Nunes Leite e do cerimoni\u00e1rio Frei Alan Leal de Matos.<\/p>\n<p>Um grande\u00a0 n\u00famero de frades e religiosas de todo o pa\u00eds permaneceu em S\u00e3o Jos\u00e9 para participar desta celebra\u00e7\u00e3o, que come\u00e7ou \u00e0s 9 horas de uma manh\u00e3 dominical \u00a0com temperatura agrad\u00e1vel.<\/p>\n<p>Como \u00e9 de costume na Prov\u00edncia, o neopresb\u00edtero n\u00e3o faz a primeira homilia e convida uma pessoa que marcou a sua hist\u00f3ria de vida para isso, especialmente no per\u00edodo de forma\u00e7\u00e3o.\u00a0 Frei Jean convidou o seu conterr\u00e2neo Frei Benedito Gon\u00e7alves, mais conhecido como Frei Dito entre seus confrades. Natural de S\u00e3o Jos\u00e9 do Alegre (MG), Frei Dito vestiu o h\u00e1bito franciscano em 1\u00ba de janeiro de 1986 e foi ordenado presb\u00edtero em 11 de dezembro de 1993. Atualmente reside na Fraternidade Nossa Senhora da Boa Viagem, na Rocinha (RJ). Frei Dito foi o primeiro formador de Frei Jean, quando ainda ingressou no Semin\u00e1rio Menor Santo Ant\u00f4nio, em Agudos.<\/p>\n<div id=\"attachment_98770\" style=\"width: 348px\" class=\"wp-caption alignright\"><a href=\"http:\/\/franciscanos.org.br\/wp-content\/uploads\/2015\/11\/missa-450.jpg\"><img aria-describedby=\"caption-attachment-98770\" loading=\"lazy\" class=\"wp-image-98770 size-full\" src=\"http:\/\/franciscanos.org.br\/wp-content\/uploads\/2015\/11\/missa-450.jpg\" alt=\"missa-450\" width=\"338\" height=\"450\" \/><\/a><p id=\"caption-attachment-98770\" class=\"wp-caption-text\">O pregador da Primeira Missa, Frei Dito<\/p><\/div>\n<p>&#8220;Eu o acompanhei naqueles primeiros tempos. \u00c9 emocionante para mim &#8211; e deve ser tamb\u00e9m para Frei Lauro Formigoni que est\u00e1 aqui -, recordar e participar deste momento de sua vida. Frei Jean era um garotinho pequeno,\u00a0 n\u00e3o falava nada, nas horas vagas ficava quieto. Mas hoje ele fala bastante, fala at\u00e9 em outras l\u00ednguas!&#8221;, recordou Frei Dito, contando que encontrou Frei Jean na Rodovi\u00e1ria Tiet\u00ea de S\u00e3o Paulo, \u00e0s 5h30, quando recebeu o convite para ser o pregador deste dia.<\/p>\n<p>&#8220;E chegou esse tempo t\u00e3o sonhado na vida dele. Ali\u00e1s, ontem \u00e0 noite, perguntei a ele: &#8216;Jean, o que mudou na sua vida depois da ordena\u00e7\u00e3o?&#8217; O Frei Jos\u00e9 (Francisco dos Santos) interrompeu e disse: &#8216;N\u00e3o, ele tem que dormir primeiro uma noite para dizer se mudou alguma coisa&#8217;. Ent\u00e3o, agora, a gente pode perguntar se mudou alguma coisa na sua vida&#8221;, disse a Frei Jean, que respondeu com um sorriso. Frei Dito continuou: &#8220;N\u00e3o mudou nada. A ordena\u00e7\u00e3o n\u00e3o muda nada. Quando h\u00e1 uma ordena\u00e7\u00e3o, a gente pensa em algo m\u00e1gico. Mas n\u00e3o vai acontecer nada disso. Ordena\u00e7\u00e3o s\u00f3 d\u00e1 trabalho para a gente&#8221;, brincou.<\/p>\n<p>Bem ao seu estilo mineiro, Frei Dito foi claro e did\u00e1tico ao falar do minist\u00e9rio que Frei Jean assumiu. &#8220;A gente assume um trabalho e continua sendo um irm\u00e3o, porque \u00e9 isso que a gente \u00e9, ou que dever\u00edamos ser por voca\u00e7\u00e3o. A nossa voca\u00e7\u00e3o de frade \u00e9 a de ser irm\u00e3o. O frade assume se quiser o servi\u00e7o, o trabalho presbiteral. O Frei Lauro, por exemplo, n\u00e3o quis assumir esse servi\u00e7o. Ele preferiu outro servi\u00e7o, t\u00e3o santo e em p\u00e9 de igualdade. O Frei Lauro, durante muito tempo, trabalhou nos nossos semin\u00e1rios cuidando da horta, da lavoura, dos animais, da casa. Esse servi\u00e7o \u00e9 t\u00e3o nobre, \u00e9 t\u00e3o construtor do reino de Deus, como o que os presb\u00edteros fazem. Ent\u00e3o, a gente s\u00f3 assume um servi\u00e7o para a Igreja&#8221;, explicou o pregador.<\/p>\n<p><strong>O REINO DE DEUS<\/strong><\/p>\n<p>Tomando a liturgia solene de Cristo Rei, Frei Dito lembrou que a palavra\u00a0rei j\u00e1 leva a imaginar algo poderoso, grande. &#8220;Algu\u00e9m importante, com roupas brilhantes, coroa de ouro, cetro de lado, sentado no trono. Tem at\u00e9 umas representa\u00e7\u00f5es de Cristo Rei desse jeito. Eu acho que Jesus deve ter dor de barriga quando v\u00ea essas ilustra\u00e7\u00f5es. Ele deve ficar muito chateado com isso, porque n\u00e3o foi isso que ele quis. O reinado que quis &#8211; e ele falava muito do Reino de Deus &#8211; \u00e9 aquele em que todo mundo fosse igual, inclusive ele. Por isso, Cristo n\u00e3o deve gostar dessas representa\u00e7\u00f5es. Jesus se fez nosso irm\u00e3o e serviu a n\u00f3s. \u00c9 dessa forma que ele quer ser visto&#8221;, ressaltou, lembrando que os ap\u00f3stolos pensavam na constru\u00e7\u00e3o f\u00edsica de um reino. &#8220;Mas Jesus fugia dessas coisas, porque nunca quis ser mais do que ningu\u00e9m. No seu reino havia lugar para a igualdade. Jesus foi aquele que andou descal\u00e7o pelas ruas &#8216;empoeirentas&#8217; da Palestina. Seus p\u00e9s deviam estar sempre empoeirados. N\u00e3o devia ser diferente com a sua t\u00fanica. Jesus era assim e encontrou seu trono numa cruz por conta de seu desejo de fazer um mundo melhor.\u00a0 O seu pal\u00e1cio, a sua casa, era a que ele mesmo descrevia: &#8216;as raposas t\u00eam tocas, os p\u00e1ssaros t\u00eam seus ninhos, mas eu n\u00e3o tenho onde repousar a cabe\u00e7a&#8217;. Esse \u00e9 o reinado de Jesus. Ele quis um mundo igual, \u00a0de fraternidade, de justi\u00e7a, de partilha. Por isso, fez um \u00faltimo desejo ainda em vida: ele ensinou para n\u00f3s a Eucaristia, sacramento maior de seu reino, onde todo mundo \u00e9 igual, onde todo mundo come e partilha do mesmo p\u00e3o&#8221;, frisou.<\/p>\n<p>&nbsp;<\/p>\n<p><strong>A CELEBRA\u00c7\u00c3O DA EUCARISTIA<\/strong><\/p>\n<p>Segundo Frei Dito, esse \u00e9 certamente o maior sinal daquele que assumiu esse servi\u00e7o do presbiterado. &#8220;Ontem, Frei Jean recebeu o c\u00e1lice com a patena, num sinal disso. O seu servi\u00e7o \u00e9 aquele que vai semear o Reino de Deus. E o Reino de Deus \u00e9 muito mais do que Igreja. Nem sempre n\u00f3s, Igreja, traduzimos para o mundo o Reino de Deus. E a\u00ed precisamos fazer sempre o &#8216;mea culpa&#8217;: precisamos ser mais Reino de Deus e menos Igreja preocupada com a liturgia, o rito. A Igreja precisa ser mais pr\u00e1tica, portadora da justi\u00e7a, da fraternidade, do amor, da partilha. Como presb\u00edtero somos enviados a celebrar os sacramentos. Mas isso n\u00e3o pode ser sempre celebra\u00e7\u00e3o. Temos que nos recordar que antes de os sacramentos serem celebra\u00e7\u00f5es, eles foram viv\u00eancias, foram vida. O pr\u00f3prio Jesus vivenciou isso. E \u00e9 na vida do Senhor que os sacramentos surgiram. Na f\u00e9 dos primeiros irm\u00e3os, os sacramentos foram surgindo. Ent\u00e3o, quando a gente celebra os sacramentos, n\u00e3o se deve fazer dele s\u00f3 celebra\u00e7\u00f5es, mas deve se ter em conta que eles s\u00e3o experi\u00eancias de vida que devem ser vivenciadas de novo. Se se inverte o valor das coisas, os sacramentos se tornam meras celebra\u00e7\u00f5es. Muito bonitas, ali\u00e1s, muito bem elaboradas, mas desprovidas, descoladas da experi\u00eancia que os fez surgir como sacramentos. Ent\u00e3o essa \u00e9 uma preocupa\u00e7\u00e3o que a gente precisa ter, para que possamos ser portadores do reino de Deus&#8221;, observou<\/p>\n<p>Para o pregador, o presb\u00edtero, aquele que assume este trabalho, n\u00e3o pode se esquecer disso. &#8220;Ele pode fazer a celebra\u00e7\u00e3o mais bonita que for, mas enfeitada que for, mas se ela estiver distanciada da experi\u00eancia que a fez surgir, ela \u00e9 nula, ela \u00e9 inv\u00e1lida. Ali\u00e1s, as diretrizes de Evangeliza\u00e7\u00e3o dizem isso: que a comunidade que celebra a Eucaristia sem preocupa\u00e7\u00e3o nenhuma com os pequenos deste mundo, celebra invalidamente&#8221;, disse, enfatizando que o presb\u00edtero n\u00e3o assume esse servi\u00e7o s\u00f3 para a Igreja, mas para o mundo.<\/p>\n<p>&#8220;O que a gente deseja para o Frei Jean \u00e9 isso. Que o seu servi\u00e7o presbiteral possa frutificar. Para isso, ele escolheu bem o seu lema: &#8220;Permanecer na videira&#8221;. Ontem, nosso o bispo j\u00e1 falou sobre isso. Mas vale lembrar que a palavra permanecer\u00a0 tem o sentido de facilidade: &#8216;ah eu estou permanecendo&#8217;, &#8216;estou respousando no Senhor&#8217;. Permanecer n\u00e3o \u00e9 isso. \u00c9 perpetuar no mundo as mesmas a\u00e7\u00f5es do Senhor. A seiva que corre em n\u00f3s, ligada ao tronco da Videira, \u00e9 a seiva da indigna\u00e7\u00e3o, do amor aos pequenos, da justi\u00e7a, dos pobres, dos doentes, dos sofredores. Isso n\u00e3o \u00e9 passividade, \u00e9 algo profundamente transformador e gera frutos&#8221;, ensinou.<\/p>\n<p><strong><img loading=\"lazy\" class=\"alignleft wp-image-98780 \" src=\"http:\/\/franciscanos.org.br\/wp-content\/uploads\/2015\/11\/jean_cor.jpg\" alt=\"jean_cor\" width=\"332\" height=\"443\" \/>&#8220;MEXER COM IGREJA&#8221;<\/strong><\/p>\n<p>Frei Dito ponderou, contudo, que essa miss\u00e3o tem desafios, especialmente na sociedade e tamb\u00e9m na Igreja de hoje. Ele contou que, no ano passado, o seu pai foi morar para sempre ao lado do Pai. Estava com 90 anos e sofria com a doen\u00e7a de Alzeimer, tendo dificuldades para reconhecer as pessoas e n\u00e3o falava &#8216;coisa com coisa&#8217;. &#8220;Quando fui visit\u00e1-lo, ele olhou para mim e eu pedi a sua b\u00ean\u00e7\u00e3o. Ele me olhou com um olhar meio vago e minha irm\u00e3 que cuidava dele, disse: &#8216;Pai, voc\u00ea n\u00e3o est\u00e1 conhecendo? \u00c9 o Dito&#8217;. Ent\u00e3o, ele disse: &#8216;Oh, Dito, tudo bem? Voc\u00ea ainda mexe com Igreja?&#8217; (risos).\u00a0 De fato, &#8216;mexer&#8217; com Igreja n\u00e3o \u00e9 f\u00e1cil. Ent\u00e3o, Frei Jean, voc\u00ea vai &#8216;mexer com Igreja&#8217;. Voc\u00ea sabe que na Igreja tem de tudo, como em qualquer outro lugar. A maioria do nosso povo gosta muito de n\u00f3s, vive a sua f\u00e9 com devo\u00e7\u00e3o e profundidade, mas na Igreja aparece cada enrosco, cada gente amarga, azeda. Muitas pessoas encontram na Igreja o lugar para descarregar suas neuras. E, nesse sentido, \u00e9 preciso saber como lidar com isso. Os desafios ser\u00e3o muitos, isso \u00e9 inevit\u00e1vel.\u00a0 Tem at\u00e9 movimentos dentro da Igreja querendo rezar a Missa em latim! Mas a gente precisa se alegrar com as coisas boas, com aqueles que querem ser de fato portadores do Reino de Deus. E com aqueles outros, voc\u00ea tem que ter paci\u00eancia. Ali\u00e1s, paci\u00eancia \u00e9 uma coisa que n\u00e3o deve faltar muito para voc\u00ea, n\u00e3o \u00e9 mesmo, Frei Jean? Ele sempre foi assim paciente, demorava para se encolerizar, mas quando se encolerizava, sai de perto&#8230;&#8221;, revelou.<\/p>\n<p><strong>PACI\u00caNCIA MINEIRA<\/strong><\/p>\n<p>&#8220;Dizem que n\u00f3s, mineiros, somos pacientes.\u00a0 N\u00e3o sei se \u00e9 muito verdade isso. Tem at\u00e9 uma piadinha de mineiro para encerrar. &#8216;Um mineiro, em certa circunst\u00e2ncia, foi condenado \u00e0 morte. E a\u00ed, chegou o dia da senten\u00e7a e o levaram para o pared\u00e3o. Iria ser fuzilado. Quando o comandante da tropa chegou, disse o seguinte: &#8216;Voc\u00ea foi condenado \u00e0 morte e vai ser fuzilado, mas \u00e9 costume que cada sentenciado diga suas \u00faltimas palavras ou fa\u00e7a at\u00e9 um pedido&#8217;. O mineiro pensou bem e disse: &#8216;Eu quero comer uma jaca&#8217;. O comandante disse: &#8216;Puxa vida, mineiro, tanta coisa para voc\u00ea falar no \u00faltimo instante de sua vida. Voc\u00ea poderia pedir outras coisas&#8230;. E quer logo uma jaca?! Al\u00e9m disso, nem \u00e9 tempo de jaca. A \u00e9poca de jaca \u00e9 s\u00f3 daqui a seis meses&#8217;. O mineiro, ent\u00e3o, disse: &#8216;N\u00e3o tem problema, eu espero'&#8221; (risos).<\/p>\n<p>&#8220;Que Frei Jean possa ser paciente com o povo de Deus, pois vale a pena, apesar de todos os problemas e desafios. Paz e bem para voc\u00ea&#8221;, encerrou Frei Dito.<\/p>\n<p>A descontra\u00e7\u00e3o tamb\u00e9m contagiou o neopresb\u00edtero que fez todo mundo rir quando disse ap\u00f3s a comunh\u00e3o: &#8220;Sempre quis dizer isso: agora, os avisos paroquiais!&#8221;&#8230;<\/p>\n<p>No final da celebra\u00e7\u00e3o, Frei Jean recebeu mais homenagens da comunidade e o Pe. Jan\u00edcio agradeceu a presen\u00e7a de todos e disse que a ordena\u00e7\u00e3o de Frei Jean foi um marco para a Par\u00f3quia. &#8220;Nesses dias, convivendo com voc\u00eas, pude conhecer um pouco a espiritualidade franciscana e o modo de vida dos frades, diferente da minha forma\u00e7\u00e3o como diocesano em doze anos de Semin\u00e1rio&#8221;, contou o p\u00e1roco . &#8220;Esse esp\u00edrito fraterno, com certeza, contagiou a nossa Par\u00f3quia, que est\u00e1 celebrando as Santas Miss\u00f5es em prepara\u00e7\u00e3o para o centen\u00e1rio da Diocese de Guaxup\u00e9&#8221;, disse. &#8220;Que esta celebra\u00e7\u00e3o nos fortale\u00e7a ainda mais na nossa caminhada. Espero que nos encontremos mais vezes&#8221;, completou.<\/p>\n","protected":false},"excerpt":{"rendered":"<p>Ordena\u00e7\u00e3o presbiteral<\/p>\n","protected":false},"author":1,"featured_media":214814,"comment_status":"open","ping_status":"open","sticky":false,"template":"","format":"standard","meta":[],"categories":[1],"tags":[157],"acf":[],"yoast_head":"<!-- This site is optimized with the Yoast SEO plugin v19.2 - https:\/\/yoast.com\/wordpress\/plugins\/seo\/ -->\n<title>A Primeira Missa de Frei Jean em S\u00e3o Jos\u00e9 da Barra - Not\u00edcias - Franciscanos<\/title>\n<meta name=\"robots\" content=\"index, follow, max-snippet:-1, max-image-preview:large, max-video-preview:-1\" \/>\n<link rel=\"canonical\" href=\"https:\/\/franciscanos.org.br\/noticias\/a-primeira-missa-de-frei-jean-em-sao-jose-da-barra.html\" \/>\n<meta property=\"og:locale\" content=\"pt_BR\" \/>\n<meta property=\"og:type\" content=\"article\" \/>\n<meta property=\"og:title\" content=\"A Primeira Missa de Frei Jean em S\u00e3o Jos\u00e9 da Barra - Not\u00edcias - Franciscanos\" \/>\n<meta property=\"og:description\" content=\"Ordena\u00e7\u00e3o presbiteral\" \/>\n<meta property=\"og:url\" content=\"https:\/\/franciscanos.org.br\/noticias\/a-primeira-missa-de-frei-jean-em-sao-jose-da-barra.html\" \/>\n<meta property=\"og:site_name\" content=\"Not\u00edcias - Franciscanos\" \/>\n<meta property=\"article:published_time\" content=\"2015-11-23T13:57:44+00:00\" \/>\n<meta property=\"article:modified_time\" content=\"2019-12-09T13:09:18+00:00\" \/>\n<meta property=\"og:image\" content=\"https:\/\/franciscanos.org.br\/noticias\/wp-content\/uploads\/2015\/11\/meio1-1.jpg\" \/>\n\t<meta property=\"og:image:width\" content=\"273\" \/>\n\t<meta property=\"og:image:height\" content=\"181\" \/>\n\t<meta property=\"og:image:type\" content=\"image\/jpeg\" \/>\n<meta name=\"author\" content=\"admin\" \/>\n<meta name=\"twitter:card\" content=\"summary_large_image\" \/>\n<meta name=\"twitter:label1\" content=\"Escrito por\" \/>\n\t<meta name=\"twitter:data1\" content=\"admin\" \/>\n\t<meta name=\"twitter:label2\" content=\"Est. tempo de leitura\" \/>\n\t<meta name=\"twitter:data2\" content=\"10 minutos\" \/>\n<script type=\"application\/ld+json\" class=\"yoast-schema-graph\">{\"@context\":\"https:\/\/schema.org\",\"@graph\":[{\"@type\":\"WebSite\",\"@id\":\"https:\/\/franciscanos.org.br\/noticias\/#website\",\"url\":\"https:\/\/franciscanos.org.br\/noticias\/\",\"name\":\"Not\u00edcias - Franciscanos\",\"description\":\"Prov\u00edncia Franciscana da Imaculada Concei\u00e7\u00e3o do Brasil - Ordem dos Frades Menores - OFM\",\"potentialAction\":[{\"@type\":\"SearchAction\",\"target\":{\"@type\":\"EntryPoint\",\"urlTemplate\":\"https:\/\/franciscanos.org.br\/noticias\/?s={search_term_string}\"},\"query-input\":\"required name=search_term_string\"}],\"inLanguage\":\"pt-BR\"},{\"@type\":\"ImageObject\",\"inLanguage\":\"pt-BR\",\"@id\":\"https:\/\/franciscanos.org.br\/noticias\/a-primeira-missa-de-frei-jean-em-sao-jose-da-barra.html#primaryimage\",\"url\":\"https:\/\/franciscanos.org.br\/noticias\/wp-content\/uploads\/2015\/11\/meio1-1.jpg\",\"contentUrl\":\"https:\/\/franciscanos.org.br\/noticias\/wp-content\/uploads\/2015\/11\/meio1-1.jpg\",\"width\":273,\"height\":181},{\"@type\":\"WebPage\",\"@id\":\"https:\/\/franciscanos.org.br\/noticias\/a-primeira-missa-de-frei-jean-em-sao-jose-da-barra.html#webpage\",\"url\":\"https:\/\/franciscanos.org.br\/noticias\/a-primeira-missa-de-frei-jean-em-sao-jose-da-barra.html\",\"name\":\"A Primeira Missa de Frei Jean em S\u00e3o Jos\u00e9 da Barra - Not\u00edcias - Franciscanos\",\"isPartOf\":{\"@id\":\"https:\/\/franciscanos.org.br\/noticias\/#website\"},\"primaryImageOfPage\":{\"@id\":\"https:\/\/franciscanos.org.br\/noticias\/a-primeira-missa-de-frei-jean-em-sao-jose-da-barra.html#primaryimage\"},\"datePublished\":\"2015-11-23T13:57:44+00:00\",\"dateModified\":\"2019-12-09T13:09:18+00:00\",\"author\":{\"@id\":\"https:\/\/franciscanos.org.br\/noticias\/#\/schema\/person\/b38fbf43118f02820bd932f2e4b14ad3\"},\"breadcrumb\":{\"@id\":\"https:\/\/franciscanos.org.br\/noticias\/a-primeira-missa-de-frei-jean-em-sao-jose-da-barra.html#breadcrumb\"},\"inLanguage\":\"pt-BR\",\"potentialAction\":[{\"@type\":\"ReadAction\",\"target\":[\"https:\/\/franciscanos.org.br\/noticias\/a-primeira-missa-de-frei-jean-em-sao-jose-da-barra.html\"]}]},{\"@type\":\"BreadcrumbList\",\"@id\":\"https:\/\/franciscanos.org.br\/noticias\/a-primeira-missa-de-frei-jean-em-sao-jose-da-barra.html#breadcrumb\",\"itemListElement\":[{\"@type\":\"ListItem\",\"position\":1,\"name\":\"Home\",\"item\":\"https:\/\/franciscanos.org.br\/noticias\"},{\"@type\":\"ListItem\",\"position\":2,\"name\":\"A Primeira Missa de Frei Jean em S\u00e3o Jos\u00e9 da Barra\"}]},{\"@type\":\"Person\",\"@id\":\"https:\/\/franciscanos.org.br\/noticias\/#\/schema\/person\/b38fbf43118f02820bd932f2e4b14ad3\",\"name\":\"admin\",\"image\":{\"@type\":\"ImageObject\",\"inLanguage\":\"pt-BR\",\"@id\":\"https:\/\/franciscanos.org.br\/noticias\/#\/schema\/person\/image\/\",\"url\":\"https:\/\/secure.gravatar.com\/avatar\/e8495742d34d0ba6448ea1c628263b3e?s=96&d=mm&r=g\",\"contentUrl\":\"https:\/\/secure.gravatar.com\/avatar\/e8495742d34d0ba6448ea1c628263b3e?s=96&d=mm&r=g\",\"caption\":\"admin\"},\"url\":\"https:\/\/franciscanos.org.br\/noticias\/author\/admin\"}]}<\/script>\n<!-- \/ Yoast SEO plugin. -->","yoast_head_json":{"title":"A Primeira Missa de Frei Jean em S\u00e3o Jos\u00e9 da Barra - Not\u00edcias - Franciscanos","robots":{"index":"index","follow":"follow","max-snippet":"max-snippet:-1","max-image-preview":"max-image-preview:large","max-video-preview":"max-video-preview:-1"},"canonical":"https:\/\/franciscanos.org.br\/noticias\/a-primeira-missa-de-frei-jean-em-sao-jose-da-barra.html","og_locale":"pt_BR","og_type":"article","og_title":"A Primeira Missa de Frei Jean em S\u00e3o Jos\u00e9 da Barra - Not\u00edcias - Franciscanos","og_description":"Ordena\u00e7\u00e3o presbiteral","og_url":"https:\/\/franciscanos.org.br\/noticias\/a-primeira-missa-de-frei-jean-em-sao-jose-da-barra.html","og_site_name":"Not\u00edcias - Franciscanos","article_published_time":"2015-11-23T13:57:44+00:00","article_modified_time":"2019-12-09T13:09:18+00:00","og_image":[{"width":273,"height":181,"url":"https:\/\/franciscanos.org.br\/noticias\/wp-content\/uploads\/2015\/11\/meio1-1.jpg","type":"image\/jpeg"}],"author":"admin","twitter_card":"summary_large_image","twitter_misc":{"Escrito por":"admin","Est. tempo de leitura":"10 minutos"},"schema":{"@context":"https:\/\/schema.org","@graph":[{"@type":"WebSite","@id":"https:\/\/franciscanos.org.br\/noticias\/#website","url":"https:\/\/franciscanos.org.br\/noticias\/","name":"Not\u00edcias - Franciscanos","description":"Prov\u00edncia Franciscana da Imaculada Concei\u00e7\u00e3o do Brasil - Ordem dos Frades Menores - OFM","potentialAction":[{"@type":"SearchAction","target":{"@type":"EntryPoint","urlTemplate":"https:\/\/franciscanos.org.br\/noticias\/?s={search_term_string}"},"query-input":"required name=search_term_string"}],"inLanguage":"pt-BR"},{"@type":"ImageObject","inLanguage":"pt-BR","@id":"https:\/\/franciscanos.org.br\/noticias\/a-primeira-missa-de-frei-jean-em-sao-jose-da-barra.html#primaryimage","url":"https:\/\/franciscanos.org.br\/noticias\/wp-content\/uploads\/2015\/11\/meio1-1.jpg","contentUrl":"https:\/\/franciscanos.org.br\/noticias\/wp-content\/uploads\/2015\/11\/meio1-1.jpg","width":273,"height":181},{"@type":"WebPage","@id":"https:\/\/franciscanos.org.br\/noticias\/a-primeira-missa-de-frei-jean-em-sao-jose-da-barra.html#webpage","url":"https:\/\/franciscanos.org.br\/noticias\/a-primeira-missa-de-frei-jean-em-sao-jose-da-barra.html","name":"A Primeira Missa de Frei Jean em S\u00e3o Jos\u00e9 da Barra - Not\u00edcias - Franciscanos","isPartOf":{"@id":"https:\/\/franciscanos.org.br\/noticias\/#website"},"primaryImageOfPage":{"@id":"https:\/\/franciscanos.org.br\/noticias\/a-primeira-missa-de-frei-jean-em-sao-jose-da-barra.html#primaryimage"},"datePublished":"2015-11-23T13:57:44+00:00","dateModified":"2019-12-09T13:09:18+00:00","author":{"@id":"https:\/\/franciscanos.org.br\/noticias\/#\/schema\/person\/b38fbf43118f02820bd932f2e4b14ad3"},"breadcrumb":{"@id":"https:\/\/franciscanos.org.br\/noticias\/a-primeira-missa-de-frei-jean-em-sao-jose-da-barra.html#breadcrumb"},"inLanguage":"pt-BR","potentialAction":[{"@type":"ReadAction","target":["https:\/\/franciscanos.org.br\/noticias\/a-primeira-missa-de-frei-jean-em-sao-jose-da-barra.html"]}]},{"@type":"BreadcrumbList","@id":"https:\/\/franciscanos.org.br\/noticias\/a-primeira-missa-de-frei-jean-em-sao-jose-da-barra.html#breadcrumb","itemListElement":[{"@type":"ListItem","position":1,"name":"Home","item":"https:\/\/franciscanos.org.br\/noticias"},{"@type":"ListItem","position":2,"name":"A Primeira Missa de Frei Jean em S\u00e3o Jos\u00e9 da Barra"}]},{"@type":"Person","@id":"https:\/\/franciscanos.org.br\/noticias\/#\/schema\/person\/b38fbf43118f02820bd932f2e4b14ad3","name":"admin","image":{"@type":"ImageObject","inLanguage":"pt-BR","@id":"https:\/\/franciscanos.org.br\/noticias\/#\/schema\/person\/image\/","url":"https:\/\/secure.gravatar.com\/avatar\/e8495742d34d0ba6448ea1c628263b3e?s=96&d=mm&r=g","contentUrl":"https:\/\/secure.gravatar.com\/avatar\/e8495742d34d0ba6448ea1c628263b3e?s=96&d=mm&r=g","caption":"admin"},"url":"https:\/\/franciscanos.org.br\/noticias\/author\/admin"}]}},"_links":{"self":[{"href":"https:\/\/franciscanos.org.br\/noticias\/wp-json\/wp\/v2\/posts\/98769"}],"collection":[{"href":"https:\/\/franciscanos.org.br\/noticias\/wp-json\/wp\/v2\/posts"}],"about":[{"href":"https:\/\/franciscanos.org.br\/noticias\/wp-json\/wp\/v2\/types\/post"}],"author":[{"embeddable":true,"href":"https:\/\/franciscanos.org.br\/noticias\/wp-json\/wp\/v2\/users\/1"}],"replies":[{"embeddable":true,"href":"https:\/\/franciscanos.org.br\/noticias\/wp-json\/wp\/v2\/comments?post=98769"}],"version-history":[{"count":0,"href":"https:\/\/franciscanos.org.br\/noticias\/wp-json\/wp\/v2\/posts\/98769\/revisions"}],"wp:featuredmedia":[{"embeddable":true,"href":"https:\/\/franciscanos.org.br\/noticias\/wp-json\/wp\/v2\/media\/214814"}],"wp:attachment":[{"href":"https:\/\/franciscanos.org.br\/noticias\/wp-json\/wp\/v2\/media?parent=98769"}],"wp:term":[{"taxonomy":"category","embeddable":true,"href":"https:\/\/franciscanos.org.br\/noticias\/wp-json\/wp\/v2\/categories?post=98769"},{"taxonomy":"post_tag","embeddable":true,"href":"https:\/\/franciscanos.org.br\/noticias\/wp-json\/wp\/v2\/tags?post=98769"}],"curies":[{"name":"wp","href":"https:\/\/api.w.org\/{rel}","templated":true}]}}