{"id":98347,"date":"2015-11-19T11:23:11","date_gmt":"2015-11-19T13:23:11","guid":{"rendered":"http:\/\/franciscanos.org.br\/?p=98347"},"modified":"2020-06-10T10:49:19","modified_gmt":"2020-06-10T13:49:19","slug":"jesus-chora-porque-nos-preferimos-o-caminho-das-guerras","status":"publish","type":"post","link":"https:\/\/franciscanos.org.br\/noticias\/jesus-chora-porque-nos-preferimos-o-caminho-das-guerras.html","title":{"rendered":"&#8220;Jesus chora porque n\u00f3s preferimos o caminho das guerras&#8221;"},"content":{"rendered":"<p><img loading=\"lazy\" src=\"http:\/\/franciscanos.org.br\/wp-content\/uploads\/2015\/11\/papa_paz.jpg\" alt=\"papa_paz\" width=\"820\" height=\"468\" \/><\/p>\n<p><strong>Cidade do Vaticano &#8211;<\/strong> \u201cO mundo inteiro hoje est\u00e1 em guerra para a qual n\u00e3o h\u00e1 justificativa\u201d, disse o Papa Francisco na homilia da missa celebrada nesta quinta-feira (19\/11) na Casa Santa Marta.<\/p>\n<p>O Pont\u00edfice comentou o Evangelho de Lucas em que Jesus se comove e chora sobre Jerusal\u00e9m. Jesus se aproximou, e quando viu a cidade, come\u00e7ou a chorar. Depois diz: \u201cSe tamb\u00e9m voc\u00ea compreendesse hoje o caminho da paz! Agora, por\u00e9m, isso est\u00e1 escondido aos seus olhos\u201d. O Papa repetiu as palavras de Jesus e acrescentou: \u201cMas tamb\u00e9m hoje, Jesus chora. Porque n\u00f3s preferimos o caminho das guerras, o caminho do \u00f3dio, o caminho das inimizades. Estamos pr\u00f3ximos ao Natal: teremos luzes, festas, \u00e1rvores luminosas e pres\u00e9pio. Tudo falso: o mundo continua fazendo guerras. O mundo n\u00e3o entendeu o caminho da paz.\u201d<\/p>\n<p>Se intuem os sentimentos do Papa Francisco, id\u00eanticos aos da maioria das pessoas no mundo nestes dias, nestas horas. Francisco recorda as celebra\u00e7\u00f5es recentes sobre a II Guerra Mundial, as bombas de Hiroshima e Nagasaki, a sua visita a Redipuglia no ano passado para o anivers\u00e1rio da Grande Guerra. \u201cTrag\u00e9dias in\u00fateis\u201d, repete usando as palavras de Bento XVI. \u201cEm todo lugar existe guerra, hoje, existe \u00f3dio\u201d, ressalta. Depois faz uma pergunta: \u201cO que permanece de uma guerra, desta, que estamos vivendo agora?<\/p>\n<p>\u201cO que resta? Ru\u00ednas, milhares de crian\u00e7as sem educa\u00e7\u00e3o, tantos mortos inocentes: tantos!, e muito dinheiro nos bolsos dos traficantes de armas. Jesus disse uma vez: &#8216;Voc\u00ea n\u00e3o pode servir a dois senhores: ou Deus ou as riquezas\u2019. A guerra \u00e9 a escolha pelas riquezas: \u201cVamos construir armas, assim a economia vai equilibrar um pouco, e vamos continuamos com os nossos interesses\u2019. H\u00e1 uma palavra feia do Senhor: &#8216;Malditos&#8217;. Porque Ele disse: &#8220;Bem-aventurados os pacificadores&#8221;!. Estes que trabalham a guerra, que fazem as guerras, s\u00e3o malditos, s\u00e3o criminosos. Uma guerra pode ser justificada &#8211; entre aspas &#8211; com muitas, muitas raz\u00f5es. Mas quando todo o mundo, como \u00e9 hoje, est\u00e1 em guerra, todo o mundo: \u00e9 uma guerra mundial \u2013 a peda\u00e7os: aqui, ali, l\u00e1, em todos os lugares &#8230; &#8211; n\u00e3o h\u00e1 nenhuma justifica\u00e7\u00e3o. E Deus chora. Jesus chora\u201d.<\/p>\n<p>\u201cE enquanto os traficantes de armas fazem o seu trabalho \u2013 prossegue Francisco \u2013 h\u00e1 os pobres pacificadores que somente para ajudar uma pessoa, outra, outra, outra, d\u00e3o a vida\u201d. Como fez \u201cum \u00edcone do nosso tempo, Teresa de Calcut\u00e1\u201d. Contra quem, observa, \u201ccom o cinismo dos poderosos, se poderia dizer. Mas o que fez aquela mulher? Ela perdeu a vida ajudando as pessoas a morrer?\u201d. N\u00e3o se entende, o caminho da paz &#8230; &#8221;<\/p>\n<p>\u201cN\u00f3s far\u00e1 bem tamb\u00e9m a n\u00f3s pedir a gra\u00e7a das l\u00e1grimas, por este mundo que n\u00e3o reconhece o caminho da paz. Quem vive para fazer a guerra, com o cinismo de dizer para n\u00e3o faz\u00ea-la. Pe\u00e7amos a convers\u00e3o do cora\u00e7\u00e3o. Precisamente \u00e0s portas deste Jubileu da Miseric\u00f3rdia, que o nosso j\u00fabilo, a nossa alegria sejam a gra\u00e7a que o mundo reencontre a capacidade de chorar pelos seus crimes, por aquilo que faz com as guerras\u201d.<\/p>\n<hr \/>\n<p><em>Fonte: R\u00e1dio Vaticano<\/em><\/p>\n","protected":false},"excerpt":{"rendered":"<p>Missa em Santa Marta<\/p>\n","protected":false},"author":1,"featured_media":221054,"comment_status":"open","ping_status":"open","sticky":false,"template":"","format":"standard","meta":[],"categories":[1428],"tags":[1586],"acf":[],"yoast_head":"<!-- This site is optimized with the Yoast SEO plugin v19.2 - https:\/\/yoast.com\/wordpress\/plugins\/seo\/ -->\n<title>&quot;Jesus chora porque n\u00f3s preferimos o caminho das guerras&quot; - Not\u00edcias - Franciscanos<\/title>\n<meta name=\"robots\" content=\"index, follow, max-snippet:-1, max-image-preview:large, max-video-preview:-1\" \/>\n<link rel=\"canonical\" href=\"https:\/\/franciscanos.org.br\/noticias\/jesus-chora-porque-nos-preferimos-o-caminho-das-guerras.html\" \/>\n<meta property=\"og:locale\" content=\"pt_BR\" \/>\n<meta property=\"og:type\" content=\"article\" \/>\n<meta property=\"og:title\" content=\"&quot;Jesus chora porque n\u00f3s preferimos o caminho das guerras&quot; - Not\u00edcias - Franciscanos\" \/>\n<meta property=\"og:description\" content=\"Missa em Santa Marta\" \/>\n<meta property=\"og:url\" content=\"https:\/\/franciscanos.org.br\/noticias\/jesus-chora-porque-nos-preferimos-o-caminho-das-guerras.html\" \/>\n<meta property=\"og:site_name\" content=\"Not\u00edcias - Franciscanos\" \/>\n<meta property=\"article:published_time\" content=\"2015-11-19T13:23:11+00:00\" \/>\n<meta property=\"article:modified_time\" content=\"2020-06-10T13:49:19+00:00\" \/>\n<meta property=\"og:image\" content=\"https:\/\/franciscanos.org.br\/noticias\/wp-content\/uploads\/2015\/11\/papa_paz.jpg\" \/>\n\t<meta property=\"og:image:width\" content=\"273\" \/>\n\t<meta property=\"og:image:height\" content=\"181\" \/>\n\t<meta property=\"og:image:type\" content=\"image\/jpeg\" \/>\n<meta name=\"author\" content=\"admin\" \/>\n<meta name=\"twitter:card\" content=\"summary_large_image\" \/>\n<meta name=\"twitter:label1\" content=\"Escrito por\" \/>\n\t<meta name=\"twitter:data1\" content=\"admin\" \/>\n\t<meta name=\"twitter:label2\" content=\"Est. tempo de leitura\" \/>\n\t<meta name=\"twitter:data2\" content=\"3 minutos\" \/>\n<script type=\"application\/ld+json\" class=\"yoast-schema-graph\">{\"@context\":\"https:\/\/schema.org\",\"@graph\":[{\"@type\":\"WebSite\",\"@id\":\"https:\/\/franciscanos.org.br\/noticias\/#website\",\"url\":\"https:\/\/franciscanos.org.br\/noticias\/\",\"name\":\"Not\u00edcias - Franciscanos\",\"description\":\"Prov\u00edncia Franciscana da Imaculada Concei\u00e7\u00e3o do Brasil - Ordem dos Frades Menores - OFM\",\"potentialAction\":[{\"@type\":\"SearchAction\",\"target\":{\"@type\":\"EntryPoint\",\"urlTemplate\":\"https:\/\/franciscanos.org.br\/noticias\/?s={search_term_string}\"},\"query-input\":\"required name=search_term_string\"}],\"inLanguage\":\"pt-BR\"},{\"@type\":\"ImageObject\",\"inLanguage\":\"pt-BR\",\"@id\":\"https:\/\/franciscanos.org.br\/noticias\/jesus-chora-porque-nos-preferimos-o-caminho-das-guerras.html#primaryimage\",\"url\":\"https:\/\/franciscanos.org.br\/noticias\/wp-content\/uploads\/2015\/11\/papa_paz.jpg\",\"contentUrl\":\"https:\/\/franciscanos.org.br\/noticias\/wp-content\/uploads\/2015\/11\/papa_paz.jpg\",\"width\":273,\"height\":181},{\"@type\":\"WebPage\",\"@id\":\"https:\/\/franciscanos.org.br\/noticias\/jesus-chora-porque-nos-preferimos-o-caminho-das-guerras.html#webpage\",\"url\":\"https:\/\/franciscanos.org.br\/noticias\/jesus-chora-porque-nos-preferimos-o-caminho-das-guerras.html\",\"name\":\"\\\"Jesus chora porque n\u00f3s preferimos o caminho das guerras\\\" - Not\u00edcias - Franciscanos\",\"isPartOf\":{\"@id\":\"https:\/\/franciscanos.org.br\/noticias\/#website\"},\"primaryImageOfPage\":{\"@id\":\"https:\/\/franciscanos.org.br\/noticias\/jesus-chora-porque-nos-preferimos-o-caminho-das-guerras.html#primaryimage\"},\"datePublished\":\"2015-11-19T13:23:11+00:00\",\"dateModified\":\"2020-06-10T13:49:19+00:00\",\"author\":{\"@id\":\"https:\/\/franciscanos.org.br\/noticias\/#\/schema\/person\/b38fbf43118f02820bd932f2e4b14ad3\"},\"breadcrumb\":{\"@id\":\"https:\/\/franciscanos.org.br\/noticias\/jesus-chora-porque-nos-preferimos-o-caminho-das-guerras.html#breadcrumb\"},\"inLanguage\":\"pt-BR\",\"potentialAction\":[{\"@type\":\"ReadAction\",\"target\":[\"https:\/\/franciscanos.org.br\/noticias\/jesus-chora-porque-nos-preferimos-o-caminho-das-guerras.html\"]}]},{\"@type\":\"BreadcrumbList\",\"@id\":\"https:\/\/franciscanos.org.br\/noticias\/jesus-chora-porque-nos-preferimos-o-caminho-das-guerras.html#breadcrumb\",\"itemListElement\":[{\"@type\":\"ListItem\",\"position\":1,\"name\":\"Home\",\"item\":\"https:\/\/franciscanos.org.br\/noticias\"},{\"@type\":\"ListItem\",\"position\":2,\"name\":\"&#8220;Jesus chora porque n\u00f3s preferimos o caminho das guerras&#8221;\"}]},{\"@type\":\"Person\",\"@id\":\"https:\/\/franciscanos.org.br\/noticias\/#\/schema\/person\/b38fbf43118f02820bd932f2e4b14ad3\",\"name\":\"admin\",\"image\":{\"@type\":\"ImageObject\",\"inLanguage\":\"pt-BR\",\"@id\":\"https:\/\/franciscanos.org.br\/noticias\/#\/schema\/person\/image\/\",\"url\":\"https:\/\/secure.gravatar.com\/avatar\/e8495742d34d0ba6448ea1c628263b3e?s=96&d=mm&r=g\",\"contentUrl\":\"https:\/\/secure.gravatar.com\/avatar\/e8495742d34d0ba6448ea1c628263b3e?s=96&d=mm&r=g\",\"caption\":\"admin\"},\"url\":\"https:\/\/franciscanos.org.br\/noticias\/author\/admin\"}]}<\/script>\n<!-- \/ Yoast SEO plugin. -->","yoast_head_json":{"title":"\"Jesus chora porque n\u00f3s preferimos o caminho das guerras\" - Not\u00edcias - Franciscanos","robots":{"index":"index","follow":"follow","max-snippet":"max-snippet:-1","max-image-preview":"max-image-preview:large","max-video-preview":"max-video-preview:-1"},"canonical":"https:\/\/franciscanos.org.br\/noticias\/jesus-chora-porque-nos-preferimos-o-caminho-das-guerras.html","og_locale":"pt_BR","og_type":"article","og_title":"\"Jesus chora porque n\u00f3s preferimos o caminho das guerras\" - Not\u00edcias - Franciscanos","og_description":"Missa em Santa Marta","og_url":"https:\/\/franciscanos.org.br\/noticias\/jesus-chora-porque-nos-preferimos-o-caminho-das-guerras.html","og_site_name":"Not\u00edcias - Franciscanos","article_published_time":"2015-11-19T13:23:11+00:00","article_modified_time":"2020-06-10T13:49:19+00:00","og_image":[{"width":273,"height":181,"url":"https:\/\/franciscanos.org.br\/noticias\/wp-content\/uploads\/2015\/11\/papa_paz.jpg","type":"image\/jpeg"}],"author":"admin","twitter_card":"summary_large_image","twitter_misc":{"Escrito por":"admin","Est. tempo de leitura":"3 minutos"},"schema":{"@context":"https:\/\/schema.org","@graph":[{"@type":"WebSite","@id":"https:\/\/franciscanos.org.br\/noticias\/#website","url":"https:\/\/franciscanos.org.br\/noticias\/","name":"Not\u00edcias - Franciscanos","description":"Prov\u00edncia Franciscana da Imaculada Concei\u00e7\u00e3o do Brasil - Ordem dos Frades Menores - OFM","potentialAction":[{"@type":"SearchAction","target":{"@type":"EntryPoint","urlTemplate":"https:\/\/franciscanos.org.br\/noticias\/?s={search_term_string}"},"query-input":"required name=search_term_string"}],"inLanguage":"pt-BR"},{"@type":"ImageObject","inLanguage":"pt-BR","@id":"https:\/\/franciscanos.org.br\/noticias\/jesus-chora-porque-nos-preferimos-o-caminho-das-guerras.html#primaryimage","url":"https:\/\/franciscanos.org.br\/noticias\/wp-content\/uploads\/2015\/11\/papa_paz.jpg","contentUrl":"https:\/\/franciscanos.org.br\/noticias\/wp-content\/uploads\/2015\/11\/papa_paz.jpg","width":273,"height":181},{"@type":"WebPage","@id":"https:\/\/franciscanos.org.br\/noticias\/jesus-chora-porque-nos-preferimos-o-caminho-das-guerras.html#webpage","url":"https:\/\/franciscanos.org.br\/noticias\/jesus-chora-porque-nos-preferimos-o-caminho-das-guerras.html","name":"\"Jesus chora porque n\u00f3s preferimos o caminho das guerras\" - Not\u00edcias - Franciscanos","isPartOf":{"@id":"https:\/\/franciscanos.org.br\/noticias\/#website"},"primaryImageOfPage":{"@id":"https:\/\/franciscanos.org.br\/noticias\/jesus-chora-porque-nos-preferimos-o-caminho-das-guerras.html#primaryimage"},"datePublished":"2015-11-19T13:23:11+00:00","dateModified":"2020-06-10T13:49:19+00:00","author":{"@id":"https:\/\/franciscanos.org.br\/noticias\/#\/schema\/person\/b38fbf43118f02820bd932f2e4b14ad3"},"breadcrumb":{"@id":"https:\/\/franciscanos.org.br\/noticias\/jesus-chora-porque-nos-preferimos-o-caminho-das-guerras.html#breadcrumb"},"inLanguage":"pt-BR","potentialAction":[{"@type":"ReadAction","target":["https:\/\/franciscanos.org.br\/noticias\/jesus-chora-porque-nos-preferimos-o-caminho-das-guerras.html"]}]},{"@type":"BreadcrumbList","@id":"https:\/\/franciscanos.org.br\/noticias\/jesus-chora-porque-nos-preferimos-o-caminho-das-guerras.html#breadcrumb","itemListElement":[{"@type":"ListItem","position":1,"name":"Home","item":"https:\/\/franciscanos.org.br\/noticias"},{"@type":"ListItem","position":2,"name":"&#8220;Jesus chora porque n\u00f3s preferimos o caminho das guerras&#8221;"}]},{"@type":"Person","@id":"https:\/\/franciscanos.org.br\/noticias\/#\/schema\/person\/b38fbf43118f02820bd932f2e4b14ad3","name":"admin","image":{"@type":"ImageObject","inLanguage":"pt-BR","@id":"https:\/\/franciscanos.org.br\/noticias\/#\/schema\/person\/image\/","url":"https:\/\/secure.gravatar.com\/avatar\/e8495742d34d0ba6448ea1c628263b3e?s=96&d=mm&r=g","contentUrl":"https:\/\/secure.gravatar.com\/avatar\/e8495742d34d0ba6448ea1c628263b3e?s=96&d=mm&r=g","caption":"admin"},"url":"https:\/\/franciscanos.org.br\/noticias\/author\/admin"}]}},"_links":{"self":[{"href":"https:\/\/franciscanos.org.br\/noticias\/wp-json\/wp\/v2\/posts\/98347"}],"collection":[{"href":"https:\/\/franciscanos.org.br\/noticias\/wp-json\/wp\/v2\/posts"}],"about":[{"href":"https:\/\/franciscanos.org.br\/noticias\/wp-json\/wp\/v2\/types\/post"}],"author":[{"embeddable":true,"href":"https:\/\/franciscanos.org.br\/noticias\/wp-json\/wp\/v2\/users\/1"}],"replies":[{"embeddable":true,"href":"https:\/\/franciscanos.org.br\/noticias\/wp-json\/wp\/v2\/comments?post=98347"}],"version-history":[{"count":1,"href":"https:\/\/franciscanos.org.br\/noticias\/wp-json\/wp\/v2\/posts\/98347\/revisions"}],"predecessor-version":[{"id":225876,"href":"https:\/\/franciscanos.org.br\/noticias\/wp-json\/wp\/v2\/posts\/98347\/revisions\/225876"}],"wp:featuredmedia":[{"embeddable":true,"href":"https:\/\/franciscanos.org.br\/noticias\/wp-json\/wp\/v2\/media\/221054"}],"wp:attachment":[{"href":"https:\/\/franciscanos.org.br\/noticias\/wp-json\/wp\/v2\/media?parent=98347"}],"wp:term":[{"taxonomy":"category","embeddable":true,"href":"https:\/\/franciscanos.org.br\/noticias\/wp-json\/wp\/v2\/categories?post=98347"},{"taxonomy":"post_tag","embeddable":true,"href":"https:\/\/franciscanos.org.br\/noticias\/wp-json\/wp\/v2\/tags?post=98347"}],"curies":[{"name":"wp","href":"https:\/\/api.w.org\/{rel}","templated":true}]}}