{"id":98342,"date":"2015-11-19T11:12:55","date_gmt":"2015-11-19T13:12:55","guid":{"rendered":"http:\/\/franciscanos.org.br\/?p=98342"},"modified":"2019-05-03T08:05:12","modified_gmt":"2019-05-03T11:05:12","slug":"a-lama-chega-a-colatina-e-com-ela-muita-tristeza","status":"publish","type":"post","link":"https:\/\/franciscanos.org.br\/noticias\/a-lama-chega-a-colatina-e-com-ela-muita-tristeza.html","title":{"rendered":"A lama chega a Colatina e, com ela, muita tristeza"},"content":{"rendered":"<p><img loading=\"lazy\" src=\"http:\/\/franciscanos.org.br\/wp-content\/uploads\/2015\/11\/lama.jpg\" alt=\"lama\" width=\"820\" height=\"461\" \/><\/p>\n<p><strong>FREI GILSON KAMMER<\/strong><\/p>\n<p><strong>Colatina (ES)<\/strong> &#8211; Quinze dias depois do rompimento da barragem de rejeitos da mineradora Samarco na cidade mineira de Mariana, a lama chegou \u00e0 cidade de Colatina nesta madrugada. A \u00e1gua do Rio Doce, utilizada para abastecimento da cidade, j\u00e1 no domingo \u00e0 noite n\u00e3o foi mais captada e, desde a segunda-feira (16), o racionamento come\u00e7ou. Por ser a \u00fanica fonte de \u00e1gua para a cidade de Colatina, est\u00e3o sendo perfurados po\u00e7os artesianos e a \u00e1gua est\u00e1 sendo coletada de lagoas da regi\u00e3o que, depois de tratada, \u00e9 distribu\u00edda pela Defesa Civil do Estado e at\u00e9 mesmo o Ex\u00e9rcito Brasileiro est\u00e1 auxiliando na distribui\u00e7\u00e3o de \u00e1gua em alguns pontos da cidade, onde foram colocados reservat\u00f3rios que s\u00e3o abastecidos por caminh\u00f5es pipas cedidos por outros munic\u00edpios do Esp\u00edrito Santo e at\u00e9 mesmo do Rio de Janeiro.<\/p>\n<p><img loading=\"lazy\" class=\"alignleft size-full wp-image-98344\" src=\"http:\/\/franciscanos.org.br\/wp-content\/uploads\/2015\/11\/lama2.jpg\" alt=\"lama2\" width=\"400\" height=\"300\" \/>A estiagem que se prolongou por mais de seis meses, deixando o Rio Doce praticamente sem \u00e1gua, foi interrompida por fortes chuvas nos \u00faltimos dois dias. Este fator contribui favoravelmente para que a lama se dilua e n\u00e3o fique parada nos bancos de areia que se formou no leito do rio. Outra medida tomada pela popula\u00e7\u00e3o foi a retirada de peixes do Rio Doce, que foram levados a lagoas do interior para que no tempo oportuno sejam devolvidos ao rio. Essa opera\u00e7\u00e3o ficou conhecida no Brasil todo como \u201cArca de No\u00e9\u201d. Al\u00e9m destas medidas emergenciais, a economia de \u00e1gua pela popula\u00e7\u00e3o \u00e9 mais importante do que nunca.<\/p>\n<p>Enfim, o desastre ecol\u00f3gico est\u00e1 apenas no seu in\u00edcio e por muitos anos as autoridades e toda a popula\u00e7\u00e3o precisar\u00e3o dispor de muitos esfor\u00e7os para a recupera\u00e7\u00e3o total deste rio e toda a sua biodiversidade.<\/p>\n","protected":false},"excerpt":{"rendered":"<p>Trag\u00e9dia brasileira<\/p>\n","protected":false},"author":1,"featured_media":204259,"comment_status":"open","ping_status":"open","sticky":false,"template":"","format":"standard","meta":[],"categories":[1],"tags":[1227],"acf":[],"yoast_head":"<!-- This site is optimized with the Yoast SEO plugin v19.2 - https:\/\/yoast.com\/wordpress\/plugins\/seo\/ -->\n<title>A lama chega a Colatina e, com ela, muita tristeza - Not\u00edcias - Franciscanos<\/title>\n<meta name=\"robots\" content=\"index, follow, max-snippet:-1, max-image-preview:large, max-video-preview:-1\" \/>\n<link rel=\"canonical\" href=\"https:\/\/franciscanos.org.br\/noticias\/a-lama-chega-a-colatina-e-com-ela-muita-tristeza.html\" \/>\n<meta property=\"og:locale\" content=\"pt_BR\" \/>\n<meta property=\"og:type\" content=\"article\" \/>\n<meta property=\"og:title\" content=\"A lama chega a Colatina e, com ela, muita tristeza - Not\u00edcias - Franciscanos\" \/>\n<meta property=\"og:description\" content=\"Trag\u00e9dia brasileira\" \/>\n<meta property=\"og:url\" content=\"https:\/\/franciscanos.org.br\/noticias\/a-lama-chega-a-colatina-e-com-ela-muita-tristeza.html\" \/>\n<meta property=\"og:site_name\" content=\"Not\u00edcias - Franciscanos\" \/>\n<meta property=\"article:published_time\" content=\"2015-11-19T13:12:55+00:00\" \/>\n<meta property=\"article:modified_time\" content=\"2019-05-03T11:05:12+00:00\" \/>\n<meta property=\"og:image\" content=\"https:\/\/franciscanos.org.br\/noticias\/wp-content\/uploads\/2015\/11\/lama.jpg\" \/>\n\t<meta property=\"og:image:width\" content=\"273\" \/>\n\t<meta property=\"og:image:height\" content=\"181\" \/>\n\t<meta property=\"og:image:type\" content=\"image\/jpeg\" \/>\n<meta name=\"author\" content=\"admin\" \/>\n<meta name=\"twitter:card\" content=\"summary_large_image\" \/>\n<meta name=\"twitter:label1\" content=\"Escrito por\" \/>\n\t<meta name=\"twitter:data1\" content=\"admin\" \/>\n\t<meta name=\"twitter:label2\" content=\"Est. tempo de leitura\" \/>\n\t<meta name=\"twitter:data2\" content=\"1 minuto\" \/>\n<script type=\"application\/ld+json\" class=\"yoast-schema-graph\">{\"@context\":\"https:\/\/schema.org\",\"@graph\":[{\"@type\":\"WebSite\",\"@id\":\"https:\/\/franciscanos.org.br\/noticias\/#website\",\"url\":\"https:\/\/franciscanos.org.br\/noticias\/\",\"name\":\"Not\u00edcias - Franciscanos\",\"description\":\"Prov\u00edncia Franciscana da Imaculada Concei\u00e7\u00e3o do Brasil - Ordem dos Frades Menores - OFM\",\"potentialAction\":[{\"@type\":\"SearchAction\",\"target\":{\"@type\":\"EntryPoint\",\"urlTemplate\":\"https:\/\/franciscanos.org.br\/noticias\/?s={search_term_string}\"},\"query-input\":\"required name=search_term_string\"}],\"inLanguage\":\"pt-BR\"},{\"@type\":\"ImageObject\",\"inLanguage\":\"pt-BR\",\"@id\":\"https:\/\/franciscanos.org.br\/noticias\/a-lama-chega-a-colatina-e-com-ela-muita-tristeza.html#primaryimage\",\"url\":\"https:\/\/franciscanos.org.br\/noticias\/wp-content\/uploads\/2015\/11\/lama.jpg\",\"contentUrl\":\"https:\/\/franciscanos.org.br\/noticias\/wp-content\/uploads\/2015\/11\/lama.jpg\",\"width\":273,\"height\":181},{\"@type\":\"WebPage\",\"@id\":\"https:\/\/franciscanos.org.br\/noticias\/a-lama-chega-a-colatina-e-com-ela-muita-tristeza.html#webpage\",\"url\":\"https:\/\/franciscanos.org.br\/noticias\/a-lama-chega-a-colatina-e-com-ela-muita-tristeza.html\",\"name\":\"A lama chega a Colatina e, com ela, muita tristeza - Not\u00edcias - Franciscanos\",\"isPartOf\":{\"@id\":\"https:\/\/franciscanos.org.br\/noticias\/#website\"},\"primaryImageOfPage\":{\"@id\":\"https:\/\/franciscanos.org.br\/noticias\/a-lama-chega-a-colatina-e-com-ela-muita-tristeza.html#primaryimage\"},\"datePublished\":\"2015-11-19T13:12:55+00:00\",\"dateModified\":\"2019-05-03T11:05:12+00:00\",\"author\":{\"@id\":\"https:\/\/franciscanos.org.br\/noticias\/#\/schema\/person\/b38fbf43118f02820bd932f2e4b14ad3\"},\"breadcrumb\":{\"@id\":\"https:\/\/franciscanos.org.br\/noticias\/a-lama-chega-a-colatina-e-com-ela-muita-tristeza.html#breadcrumb\"},\"inLanguage\":\"pt-BR\",\"potentialAction\":[{\"@type\":\"ReadAction\",\"target\":[\"https:\/\/franciscanos.org.br\/noticias\/a-lama-chega-a-colatina-e-com-ela-muita-tristeza.html\"]}]},{\"@type\":\"BreadcrumbList\",\"@id\":\"https:\/\/franciscanos.org.br\/noticias\/a-lama-chega-a-colatina-e-com-ela-muita-tristeza.html#breadcrumb\",\"itemListElement\":[{\"@type\":\"ListItem\",\"position\":1,\"name\":\"Home\",\"item\":\"https:\/\/franciscanos.org.br\/noticias\"},{\"@type\":\"ListItem\",\"position\":2,\"name\":\"A lama chega a Colatina e, com ela, muita tristeza\"}]},{\"@type\":\"Person\",\"@id\":\"https:\/\/franciscanos.org.br\/noticias\/#\/schema\/person\/b38fbf43118f02820bd932f2e4b14ad3\",\"name\":\"admin\",\"image\":{\"@type\":\"ImageObject\",\"inLanguage\":\"pt-BR\",\"@id\":\"https:\/\/franciscanos.org.br\/noticias\/#\/schema\/person\/image\/\",\"url\":\"https:\/\/secure.gravatar.com\/avatar\/e8495742d34d0ba6448ea1c628263b3e?s=96&d=mm&r=g\",\"contentUrl\":\"https:\/\/secure.gravatar.com\/avatar\/e8495742d34d0ba6448ea1c628263b3e?s=96&d=mm&r=g\",\"caption\":\"admin\"},\"url\":\"https:\/\/franciscanos.org.br\/noticias\/author\/admin\"}]}<\/script>\n<!-- \/ Yoast SEO plugin. -->","yoast_head_json":{"title":"A lama chega a Colatina e, com ela, muita tristeza - Not\u00edcias - Franciscanos","robots":{"index":"index","follow":"follow","max-snippet":"max-snippet:-1","max-image-preview":"max-image-preview:large","max-video-preview":"max-video-preview:-1"},"canonical":"https:\/\/franciscanos.org.br\/noticias\/a-lama-chega-a-colatina-e-com-ela-muita-tristeza.html","og_locale":"pt_BR","og_type":"article","og_title":"A lama chega a Colatina e, com ela, muita tristeza - Not\u00edcias - Franciscanos","og_description":"Trag\u00e9dia brasileira","og_url":"https:\/\/franciscanos.org.br\/noticias\/a-lama-chega-a-colatina-e-com-ela-muita-tristeza.html","og_site_name":"Not\u00edcias - Franciscanos","article_published_time":"2015-11-19T13:12:55+00:00","article_modified_time":"2019-05-03T11:05:12+00:00","og_image":[{"width":273,"height":181,"url":"https:\/\/franciscanos.org.br\/noticias\/wp-content\/uploads\/2015\/11\/lama.jpg","type":"image\/jpeg"}],"author":"admin","twitter_card":"summary_large_image","twitter_misc":{"Escrito por":"admin","Est. tempo de leitura":"1 minuto"},"schema":{"@context":"https:\/\/schema.org","@graph":[{"@type":"WebSite","@id":"https:\/\/franciscanos.org.br\/noticias\/#website","url":"https:\/\/franciscanos.org.br\/noticias\/","name":"Not\u00edcias - Franciscanos","description":"Prov\u00edncia Franciscana da Imaculada Concei\u00e7\u00e3o do Brasil - Ordem dos Frades Menores - OFM","potentialAction":[{"@type":"SearchAction","target":{"@type":"EntryPoint","urlTemplate":"https:\/\/franciscanos.org.br\/noticias\/?s={search_term_string}"},"query-input":"required name=search_term_string"}],"inLanguage":"pt-BR"},{"@type":"ImageObject","inLanguage":"pt-BR","@id":"https:\/\/franciscanos.org.br\/noticias\/a-lama-chega-a-colatina-e-com-ela-muita-tristeza.html#primaryimage","url":"https:\/\/franciscanos.org.br\/noticias\/wp-content\/uploads\/2015\/11\/lama.jpg","contentUrl":"https:\/\/franciscanos.org.br\/noticias\/wp-content\/uploads\/2015\/11\/lama.jpg","width":273,"height":181},{"@type":"WebPage","@id":"https:\/\/franciscanos.org.br\/noticias\/a-lama-chega-a-colatina-e-com-ela-muita-tristeza.html#webpage","url":"https:\/\/franciscanos.org.br\/noticias\/a-lama-chega-a-colatina-e-com-ela-muita-tristeza.html","name":"A lama chega a Colatina e, com ela, muita tristeza - Not\u00edcias - Franciscanos","isPartOf":{"@id":"https:\/\/franciscanos.org.br\/noticias\/#website"},"primaryImageOfPage":{"@id":"https:\/\/franciscanos.org.br\/noticias\/a-lama-chega-a-colatina-e-com-ela-muita-tristeza.html#primaryimage"},"datePublished":"2015-11-19T13:12:55+00:00","dateModified":"2019-05-03T11:05:12+00:00","author":{"@id":"https:\/\/franciscanos.org.br\/noticias\/#\/schema\/person\/b38fbf43118f02820bd932f2e4b14ad3"},"breadcrumb":{"@id":"https:\/\/franciscanos.org.br\/noticias\/a-lama-chega-a-colatina-e-com-ela-muita-tristeza.html#breadcrumb"},"inLanguage":"pt-BR","potentialAction":[{"@type":"ReadAction","target":["https:\/\/franciscanos.org.br\/noticias\/a-lama-chega-a-colatina-e-com-ela-muita-tristeza.html"]}]},{"@type":"BreadcrumbList","@id":"https:\/\/franciscanos.org.br\/noticias\/a-lama-chega-a-colatina-e-com-ela-muita-tristeza.html#breadcrumb","itemListElement":[{"@type":"ListItem","position":1,"name":"Home","item":"https:\/\/franciscanos.org.br\/noticias"},{"@type":"ListItem","position":2,"name":"A lama chega a Colatina e, com ela, muita tristeza"}]},{"@type":"Person","@id":"https:\/\/franciscanos.org.br\/noticias\/#\/schema\/person\/b38fbf43118f02820bd932f2e4b14ad3","name":"admin","image":{"@type":"ImageObject","inLanguage":"pt-BR","@id":"https:\/\/franciscanos.org.br\/noticias\/#\/schema\/person\/image\/","url":"https:\/\/secure.gravatar.com\/avatar\/e8495742d34d0ba6448ea1c628263b3e?s=96&d=mm&r=g","contentUrl":"https:\/\/secure.gravatar.com\/avatar\/e8495742d34d0ba6448ea1c628263b3e?s=96&d=mm&r=g","caption":"admin"},"url":"https:\/\/franciscanos.org.br\/noticias\/author\/admin"}]}},"_links":{"self":[{"href":"https:\/\/franciscanos.org.br\/noticias\/wp-json\/wp\/v2\/posts\/98342"}],"collection":[{"href":"https:\/\/franciscanos.org.br\/noticias\/wp-json\/wp\/v2\/posts"}],"about":[{"href":"https:\/\/franciscanos.org.br\/noticias\/wp-json\/wp\/v2\/types\/post"}],"author":[{"embeddable":true,"href":"https:\/\/franciscanos.org.br\/noticias\/wp-json\/wp\/v2\/users\/1"}],"replies":[{"embeddable":true,"href":"https:\/\/franciscanos.org.br\/noticias\/wp-json\/wp\/v2\/comments?post=98342"}],"version-history":[{"count":0,"href":"https:\/\/franciscanos.org.br\/noticias\/wp-json\/wp\/v2\/posts\/98342\/revisions"}],"wp:featuredmedia":[{"embeddable":true,"href":"https:\/\/franciscanos.org.br\/noticias\/wp-json\/wp\/v2\/media\/204259"}],"wp:attachment":[{"href":"https:\/\/franciscanos.org.br\/noticias\/wp-json\/wp\/v2\/media?parent=98342"}],"wp:term":[{"taxonomy":"category","embeddable":true,"href":"https:\/\/franciscanos.org.br\/noticias\/wp-json\/wp\/v2\/categories?post=98342"},{"taxonomy":"post_tag","embeddable":true,"href":"https:\/\/franciscanos.org.br\/noticias\/wp-json\/wp\/v2\/tags?post=98342"}],"curies":[{"name":"wp","href":"https:\/\/api.w.org\/{rel}","templated":true}]}}