{"id":98239,"date":"2015-11-17T13:59:56","date_gmt":"2015-11-17T15:59:56","guid":{"rendered":"http:\/\/franciscanos.org.br\/?p=98239"},"modified":"2020-06-10T10:52:29","modified_gmt":"2020-06-10T13:52:29","slug":"o-cristao-com-vida-dupla-e-como-uma-traca","status":"publish","type":"post","link":"https:\/\/franciscanos.org.br\/noticias\/o-cristao-com-vida-dupla-e-como-uma-traca.html","title":{"rendered":"&#8220;O crist\u00e3o com vida dupla \u00e9 como uma tra\u00e7a&#8221;"},"content":{"rendered":"<p><img loading=\"lazy\" src=\"http:\/\/franciscanos.org.br\/wp-content\/uploads\/2015\/11\/papa_17.jpg\" alt=\"papa_17\" width=\"820\" height=\"439\" \/><\/p>\n<p><strong>Cidade do Vaticano<\/strong> \u2013 Proteger-se da mundanidade que nos \u201cleva a uma vida dupla\u201d. Esta \u00e9 a advert\u00eancia que o Papa Francisco fez na Missa matutina na Casa Santa Marta esta ter\u00e7a-feira (17\/11). O Pont\u00edfice reiterou que, para preservar a identidade crist\u00e3, \u00e9 preciso ser coerente e evitar as tenta\u00e7\u00f5es de uma vida mundana.<\/p>\n<p>O velho Eleazar \u201cn\u00e3o se deixa enfraquecer pelo esp\u00edrito da mundanidade\u201d e prefere morrer a se render \u00e0 apostasia do \u201cpensamento \u00fanico\u201d. O Papa se inspirou na primeira Leitura, extra\u00edda do Segundo Livro dos Macabeus, para novamente advertir os crist\u00e3os das tenta\u00e7\u00f5es da vida mundana. Eleazar, j\u00e1 com 90 anos, n\u00e3o aceitou comer carne su\u00edna como lhe pediam seus \u201camigos mundanos\u201d, preocupados em salvar-lhe a vida. Ele, observou Francisco, mant\u00e9m a sua dignidade \u201ccom aquela nobreza\u201d que \u201cprovinha de uma vida coerente, vai ao mart\u00edrio, e testemunha\u201d.<\/p>\n<p>\u201cA mundanidade espiritual nos afasta da coer\u00eancia de vida, nos faz incoerentes\u201d, uma pessoa &#8220;finge ser de certa maneira, mas vive de outra\u201d. E a mundanidade, acrescentou, \u201c\u00e9 dif\u00edcil conhec\u00ea-la desde o in\u00edcio, porque \u00e9 como a tra\u00e7a que lentamente destr\u00f3i, degrada o tecido e depois aquele tecido\u201d se torna inutiliz\u00e1vel e \u201caquele homem que se deixa levar pela mundanidade perde a identidade crist\u00e3\u201d: \u201cA tra\u00e7a da mundanidade destruiu a sua identidade crist\u00e3, \u00e9 incapaz de coer\u00eancia. \u2018Oh, eu sou t\u00e3o cat\u00f3lico, padre, vou \u00e0 missa todos os domingos, sou t\u00e3o cat\u00f3lico\u2019. E depois vai trabalhar, exercer a sua profiss\u00e3o: \u2018Mas se comprar isto, fazemos esta propina e fica com ela\u2019. Isso n\u00e3o \u00e9 coer\u00eancia de vida, isso \u00e9 mundanidade, para dar um exemplo. A mundanidade leva a uma vida dupla, aquela que aparece e aquela que realmente \u00e9, e afasta de Deus e destr\u00f3i a identidade crist\u00e3\u201d.<\/p>\n<p><strong>Tenta\u00e7\u00f5es mundanas<\/strong><br \/>\nPor isso, prosseguiu, Jesus \u00e9 \u201ct\u00e3o forte\u201d quando pede que o Pai salve os disc\u00edpulos do esp\u00edrito mundano, \u201cque destr\u00f3i a identidade crist\u00e3\u201d. Um exemplo de baluarte contra este esp\u00edrito \u00e9 o pr\u00f3prio Eleazar que pensa aos jovens, os quais, se tivessem cedido ao esp\u00edrito mundano, teriam se perdido por sua culpa: \u201cO esp\u00edrito crist\u00e3o, a identidade crist\u00e3, n\u00e3o \u00e9 nunca ego\u00edsta, procura sempre proteger com a pr\u00f3pria coer\u00eancia, proteger, evitar o esc\u00e2ndalo, cuidar dos outros, dar um bom exemplo. \u2018Mas n\u00e3o \u00e9 f\u00e1cil, padre, viver neste mundo, onde as tenta\u00e7\u00f5es s\u00e3o tantas, e a maquiagem da vida dupla nos atenta todos os dias, n\u00e3o \u00e9 f\u00e1cil\u2019. Para n\u00f3s, n\u00e3o s\u00f3 n\u00e3o \u00e9 f\u00e1cil, \u00e9 imposs\u00edvel. Somente Ele \u00e9 capaz de realiz\u00e1-lo. E por isso rezamos no Salmo: \u2018O Senhor me sustenta\u2019. O nosso sustento contra a mundanidade que destr\u00f3i a nossa identidade crist\u00e3, que nos leva \u00e0 vida dupla, \u00e9 o Senhor\u201d.<\/p>\n<p><strong>Coragem<\/strong><br \/>\n\u00c9 o \u00fanico que pode nos salvar, disse ainda, e a nossa humilde ora\u00e7\u00e3o ser\u00e1: \u201cSenhor, sou pecador, na verdade, todos somos, mas pe\u00e7o o seu sustento, me d\u00ea seu sustento para que de um lado eu n\u00e3o finja ser crist\u00e3o e de outro viva como um pag\u00e3o, como um mundano\u201d: \u201cSe voc\u00eas tiverem um tempo hoje, peguem a B\u00edblia, o segundo livro dos Macabeus, sexto cap\u00edtulo, e leiam esta hist\u00f3ria de Eleazar. Far\u00e1 bem, dar\u00e1 coragem para ser exemplo a todos e tamb\u00e9m dar\u00e1 for\u00e7a e sustento para levar adiante a identidade crist\u00e3, sem comprometimentos, sem vida dupla\u201d.<\/p>\n<hr \/>\n<p><em>Fonte: R\u00e1dio Vaticano<\/em><\/p>\n","protected":false},"excerpt":{"rendered":"<p>Missa em Santa Marta<\/p>\n","protected":false},"author":1,"featured_media":211541,"comment_status":"open","ping_status":"open","sticky":false,"template":"","format":"standard","meta":[],"categories":[1428],"tags":[1586],"acf":[],"yoast_head":"<!-- This site is optimized with the Yoast SEO plugin v19.2 - https:\/\/yoast.com\/wordpress\/plugins\/seo\/ -->\n<title>&quot;O crist\u00e3o com vida dupla \u00e9 como uma tra\u00e7a&quot; - Not\u00edcias - Franciscanos<\/title>\n<meta name=\"robots\" content=\"index, follow, max-snippet:-1, max-image-preview:large, max-video-preview:-1\" \/>\n<link rel=\"canonical\" href=\"https:\/\/franciscanos.org.br\/noticias\/o-cristao-com-vida-dupla-e-como-uma-traca.html\" \/>\n<meta property=\"og:locale\" content=\"pt_BR\" \/>\n<meta property=\"og:type\" content=\"article\" \/>\n<meta property=\"og:title\" content=\"&quot;O crist\u00e3o com vida dupla \u00e9 como uma tra\u00e7a&quot; - Not\u00edcias - Franciscanos\" \/>\n<meta property=\"og:description\" content=\"Missa em Santa Marta\" \/>\n<meta property=\"og:url\" content=\"https:\/\/franciscanos.org.br\/noticias\/o-cristao-com-vida-dupla-e-como-uma-traca.html\" \/>\n<meta property=\"og:site_name\" content=\"Not\u00edcias - Franciscanos\" \/>\n<meta property=\"article:published_time\" content=\"2015-11-17T15:59:56+00:00\" \/>\n<meta property=\"article:modified_time\" content=\"2020-06-10T13:52:29+00:00\" \/>\n<meta property=\"og:image\" content=\"https:\/\/franciscanos.org.br\/noticias\/wp-content\/uploads\/2015\/11\/papa_17-1.jpg\" \/>\n\t<meta property=\"og:image:width\" content=\"273\" \/>\n\t<meta property=\"og:image:height\" content=\"181\" \/>\n\t<meta property=\"og:image:type\" content=\"image\/jpeg\" \/>\n<meta name=\"author\" content=\"admin\" \/>\n<meta name=\"twitter:card\" content=\"summary_large_image\" \/>\n<meta name=\"twitter:label1\" content=\"Escrito por\" \/>\n\t<meta name=\"twitter:data1\" content=\"admin\" \/>\n\t<meta name=\"twitter:label2\" content=\"Est. tempo de leitura\" \/>\n\t<meta name=\"twitter:data2\" content=\"3 minutos\" \/>\n<script type=\"application\/ld+json\" class=\"yoast-schema-graph\">{\"@context\":\"https:\/\/schema.org\",\"@graph\":[{\"@type\":\"WebSite\",\"@id\":\"https:\/\/franciscanos.org.br\/noticias\/#website\",\"url\":\"https:\/\/franciscanos.org.br\/noticias\/\",\"name\":\"Not\u00edcias - Franciscanos\",\"description\":\"Prov\u00edncia Franciscana da Imaculada Concei\u00e7\u00e3o do Brasil - Ordem dos Frades Menores - OFM\",\"potentialAction\":[{\"@type\":\"SearchAction\",\"target\":{\"@type\":\"EntryPoint\",\"urlTemplate\":\"https:\/\/franciscanos.org.br\/noticias\/?s={search_term_string}\"},\"query-input\":\"required name=search_term_string\"}],\"inLanguage\":\"pt-BR\"},{\"@type\":\"ImageObject\",\"inLanguage\":\"pt-BR\",\"@id\":\"https:\/\/franciscanos.org.br\/noticias\/o-cristao-com-vida-dupla-e-como-uma-traca.html#primaryimage\",\"url\":\"https:\/\/franciscanos.org.br\/noticias\/wp-content\/uploads\/2015\/11\/papa_17-1.jpg\",\"contentUrl\":\"https:\/\/franciscanos.org.br\/noticias\/wp-content\/uploads\/2015\/11\/papa_17-1.jpg\",\"width\":273,\"height\":181},{\"@type\":\"WebPage\",\"@id\":\"https:\/\/franciscanos.org.br\/noticias\/o-cristao-com-vida-dupla-e-como-uma-traca.html#webpage\",\"url\":\"https:\/\/franciscanos.org.br\/noticias\/o-cristao-com-vida-dupla-e-como-uma-traca.html\",\"name\":\"\\\"O crist\u00e3o com vida dupla \u00e9 como uma tra\u00e7a\\\" - Not\u00edcias - Franciscanos\",\"isPartOf\":{\"@id\":\"https:\/\/franciscanos.org.br\/noticias\/#website\"},\"primaryImageOfPage\":{\"@id\":\"https:\/\/franciscanos.org.br\/noticias\/o-cristao-com-vida-dupla-e-como-uma-traca.html#primaryimage\"},\"datePublished\":\"2015-11-17T15:59:56+00:00\",\"dateModified\":\"2020-06-10T13:52:29+00:00\",\"author\":{\"@id\":\"https:\/\/franciscanos.org.br\/noticias\/#\/schema\/person\/b38fbf43118f02820bd932f2e4b14ad3\"},\"breadcrumb\":{\"@id\":\"https:\/\/franciscanos.org.br\/noticias\/o-cristao-com-vida-dupla-e-como-uma-traca.html#breadcrumb\"},\"inLanguage\":\"pt-BR\",\"potentialAction\":[{\"@type\":\"ReadAction\",\"target\":[\"https:\/\/franciscanos.org.br\/noticias\/o-cristao-com-vida-dupla-e-como-uma-traca.html\"]}]},{\"@type\":\"BreadcrumbList\",\"@id\":\"https:\/\/franciscanos.org.br\/noticias\/o-cristao-com-vida-dupla-e-como-uma-traca.html#breadcrumb\",\"itemListElement\":[{\"@type\":\"ListItem\",\"position\":1,\"name\":\"Home\",\"item\":\"https:\/\/franciscanos.org.br\/noticias\"},{\"@type\":\"ListItem\",\"position\":2,\"name\":\"&#8220;O crist\u00e3o com vida dupla \u00e9 como uma tra\u00e7a&#8221;\"}]},{\"@type\":\"Person\",\"@id\":\"https:\/\/franciscanos.org.br\/noticias\/#\/schema\/person\/b38fbf43118f02820bd932f2e4b14ad3\",\"name\":\"admin\",\"image\":{\"@type\":\"ImageObject\",\"inLanguage\":\"pt-BR\",\"@id\":\"https:\/\/franciscanos.org.br\/noticias\/#\/schema\/person\/image\/\",\"url\":\"https:\/\/secure.gravatar.com\/avatar\/e8495742d34d0ba6448ea1c628263b3e?s=96&d=mm&r=g\",\"contentUrl\":\"https:\/\/secure.gravatar.com\/avatar\/e8495742d34d0ba6448ea1c628263b3e?s=96&d=mm&r=g\",\"caption\":\"admin\"},\"url\":\"https:\/\/franciscanos.org.br\/noticias\/author\/admin\"}]}<\/script>\n<!-- \/ Yoast SEO plugin. -->","yoast_head_json":{"title":"\"O crist\u00e3o com vida dupla \u00e9 como uma tra\u00e7a\" - Not\u00edcias - Franciscanos","robots":{"index":"index","follow":"follow","max-snippet":"max-snippet:-1","max-image-preview":"max-image-preview:large","max-video-preview":"max-video-preview:-1"},"canonical":"https:\/\/franciscanos.org.br\/noticias\/o-cristao-com-vida-dupla-e-como-uma-traca.html","og_locale":"pt_BR","og_type":"article","og_title":"\"O crist\u00e3o com vida dupla \u00e9 como uma tra\u00e7a\" - Not\u00edcias - Franciscanos","og_description":"Missa em Santa Marta","og_url":"https:\/\/franciscanos.org.br\/noticias\/o-cristao-com-vida-dupla-e-como-uma-traca.html","og_site_name":"Not\u00edcias - Franciscanos","article_published_time":"2015-11-17T15:59:56+00:00","article_modified_time":"2020-06-10T13:52:29+00:00","og_image":[{"width":273,"height":181,"url":"https:\/\/franciscanos.org.br\/noticias\/wp-content\/uploads\/2015\/11\/papa_17-1.jpg","type":"image\/jpeg"}],"author":"admin","twitter_card":"summary_large_image","twitter_misc":{"Escrito por":"admin","Est. tempo de leitura":"3 minutos"},"schema":{"@context":"https:\/\/schema.org","@graph":[{"@type":"WebSite","@id":"https:\/\/franciscanos.org.br\/noticias\/#website","url":"https:\/\/franciscanos.org.br\/noticias\/","name":"Not\u00edcias - Franciscanos","description":"Prov\u00edncia Franciscana da Imaculada Concei\u00e7\u00e3o do Brasil - Ordem dos Frades Menores - OFM","potentialAction":[{"@type":"SearchAction","target":{"@type":"EntryPoint","urlTemplate":"https:\/\/franciscanos.org.br\/noticias\/?s={search_term_string}"},"query-input":"required name=search_term_string"}],"inLanguage":"pt-BR"},{"@type":"ImageObject","inLanguage":"pt-BR","@id":"https:\/\/franciscanos.org.br\/noticias\/o-cristao-com-vida-dupla-e-como-uma-traca.html#primaryimage","url":"https:\/\/franciscanos.org.br\/noticias\/wp-content\/uploads\/2015\/11\/papa_17-1.jpg","contentUrl":"https:\/\/franciscanos.org.br\/noticias\/wp-content\/uploads\/2015\/11\/papa_17-1.jpg","width":273,"height":181},{"@type":"WebPage","@id":"https:\/\/franciscanos.org.br\/noticias\/o-cristao-com-vida-dupla-e-como-uma-traca.html#webpage","url":"https:\/\/franciscanos.org.br\/noticias\/o-cristao-com-vida-dupla-e-como-uma-traca.html","name":"\"O crist\u00e3o com vida dupla \u00e9 como uma tra\u00e7a\" - Not\u00edcias - Franciscanos","isPartOf":{"@id":"https:\/\/franciscanos.org.br\/noticias\/#website"},"primaryImageOfPage":{"@id":"https:\/\/franciscanos.org.br\/noticias\/o-cristao-com-vida-dupla-e-como-uma-traca.html#primaryimage"},"datePublished":"2015-11-17T15:59:56+00:00","dateModified":"2020-06-10T13:52:29+00:00","author":{"@id":"https:\/\/franciscanos.org.br\/noticias\/#\/schema\/person\/b38fbf43118f02820bd932f2e4b14ad3"},"breadcrumb":{"@id":"https:\/\/franciscanos.org.br\/noticias\/o-cristao-com-vida-dupla-e-como-uma-traca.html#breadcrumb"},"inLanguage":"pt-BR","potentialAction":[{"@type":"ReadAction","target":["https:\/\/franciscanos.org.br\/noticias\/o-cristao-com-vida-dupla-e-como-uma-traca.html"]}]},{"@type":"BreadcrumbList","@id":"https:\/\/franciscanos.org.br\/noticias\/o-cristao-com-vida-dupla-e-como-uma-traca.html#breadcrumb","itemListElement":[{"@type":"ListItem","position":1,"name":"Home","item":"https:\/\/franciscanos.org.br\/noticias"},{"@type":"ListItem","position":2,"name":"&#8220;O crist\u00e3o com vida dupla \u00e9 como uma tra\u00e7a&#8221;"}]},{"@type":"Person","@id":"https:\/\/franciscanos.org.br\/noticias\/#\/schema\/person\/b38fbf43118f02820bd932f2e4b14ad3","name":"admin","image":{"@type":"ImageObject","inLanguage":"pt-BR","@id":"https:\/\/franciscanos.org.br\/noticias\/#\/schema\/person\/image\/","url":"https:\/\/secure.gravatar.com\/avatar\/e8495742d34d0ba6448ea1c628263b3e?s=96&d=mm&r=g","contentUrl":"https:\/\/secure.gravatar.com\/avatar\/e8495742d34d0ba6448ea1c628263b3e?s=96&d=mm&r=g","caption":"admin"},"url":"https:\/\/franciscanos.org.br\/noticias\/author\/admin"}]}},"_links":{"self":[{"href":"https:\/\/franciscanos.org.br\/noticias\/wp-json\/wp\/v2\/posts\/98239"}],"collection":[{"href":"https:\/\/franciscanos.org.br\/noticias\/wp-json\/wp\/v2\/posts"}],"about":[{"href":"https:\/\/franciscanos.org.br\/noticias\/wp-json\/wp\/v2\/types\/post"}],"author":[{"embeddable":true,"href":"https:\/\/franciscanos.org.br\/noticias\/wp-json\/wp\/v2\/users\/1"}],"replies":[{"embeddable":true,"href":"https:\/\/franciscanos.org.br\/noticias\/wp-json\/wp\/v2\/comments?post=98239"}],"version-history":[{"count":1,"href":"https:\/\/franciscanos.org.br\/noticias\/wp-json\/wp\/v2\/posts\/98239\/revisions"}],"predecessor-version":[{"id":225881,"href":"https:\/\/franciscanos.org.br\/noticias\/wp-json\/wp\/v2\/posts\/98239\/revisions\/225881"}],"wp:featuredmedia":[{"embeddable":true,"href":"https:\/\/franciscanos.org.br\/noticias\/wp-json\/wp\/v2\/media\/211541"}],"wp:attachment":[{"href":"https:\/\/franciscanos.org.br\/noticias\/wp-json\/wp\/v2\/media?parent=98239"}],"wp:term":[{"taxonomy":"category","embeddable":true,"href":"https:\/\/franciscanos.org.br\/noticias\/wp-json\/wp\/v2\/categories?post=98239"},{"taxonomy":"post_tag","embeddable":true,"href":"https:\/\/franciscanos.org.br\/noticias\/wp-json\/wp\/v2\/tags?post=98239"}],"curies":[{"name":"wp","href":"https:\/\/api.w.org\/{rel}","templated":true}]}}