{"id":98137,"date":"2015-11-13T13:06:27","date_gmt":"2015-11-13T15:06:27","guid":{"rendered":"http:\/\/franciscanos.org.br\/?p=98137"},"modified":"2019-01-23T16:09:13","modified_gmt":"2019-01-23T18:09:13","slug":"lancamentos-da-semana-10","status":"publish","type":"post","link":"https:\/\/franciscanos.org.br\/noticias\/lancamentos-da-semana-10.html","title":{"rendered":"Novo livro de Anselm Gr\u00fcn entre os lan\u00e7amentos"},"content":{"rendered":"<h3><strong><a href=\"http:\/\/franciscanos.org.br\/wp-content\/uploads\/2015\/11\/o-anjo-que-me-acompanha.jpg\"><img loading=\"lazy\" class=\"alignleft size-full wp-image-98144\" src=\"http:\/\/franciscanos.org.br\/wp-content\/uploads\/2015\/11\/o-anjo-que-me-acompanha.jpg\" alt=\"o-anjo-que-me-acompanha\" width=\"200\" height=\"324\" \/><\/a>O anjo que me acompanha<\/strong><\/h3>\n<p><strong>Anselm Gr\u00fcn<\/strong><\/p>\n<p>Existem situa\u00e7\u00f5es, nas quais n\u00f3s simplesmente precisamos da ajuda de um anjo. N\u00e3o apenas nos momentos de grandes sustos, mas tamb\u00e9m nos desacertos, nos inc\u00f4modos normais e nas maldades e necessidades do quotidiano.<br \/>\nN\u00f3s n\u00e3o precisamos confiar somente em n\u00f3s mesmos, n\u00e3o precisamos tentar desesperadamente mudar alguma coisa. Tais situa\u00e7\u00f5es s\u00e3o oportunidades maravilhosas para confiarmos que n\u00e3o dependemos somente de n\u00f3s mesmos, mas que Deus nos envia um mensageiro celestial. Ele nos d\u00e1 um impulso, uma mensagem suave do fundo de nossa alma que pode mudar e transformar a realidade. N\u00f3s devemos apenas estar atentos. Nossa vida se tornar\u00e1 mais simples quando nos deixarmos envolver e dermos ouvidos a isso.<br \/>\nNas palavras do autor: \u201cEu desejo que voc\u00ea perceba em cada situa\u00e7\u00e3o, mesmo que ela seja bastante desafiadora, que a\u00ed est\u00e1 um anjo com voc\u00ea. E se prestar aten\u00e7\u00e3o ao que este anjo, que est\u00e1 com voc\u00ea e que habita sua alma lhe diz, ele transformar\u00e1 cada uma das situa\u00e7\u00f5es de sua vida. E voc\u00ea perceber\u00e1 que em todas estas situa\u00e7\u00f5es, mesmo por meio do aborrecimento, do cansa\u00e7o, ou do stress que a mesma traz consigo, pode surgir algo novo nem sua vida. Abra seu cora\u00e7\u00e3o ao anjo que acompanha seus passos&#8230;\u201d<\/p>\n<p style=\"padding-left: 30px;\"><strong>Anselm Gr\u00fcn OSB<\/strong> <em>\u00e9 doutor em Teologia e monge beneditino. Vive na Abadia de M\u00fcnsterschwarzach (Alemanha) onde, por muitos anos, exerceu a fun\u00e7\u00e3o de ec\u00f4nomo e administrador. Tornou-se um dos autores cat\u00f3licos mais lidos atualmente, tendo escrito dezenas de livros, traduzidos e publicados em todo o mundo. Inspira-se na tradi\u00e7\u00e3o mon\u00e1stica e crist\u00e3, e recorre tamb\u00e9m \u00e0 psicologia e \u00e0s demais ci\u00eancias para ajudar as pessoas a compreender melhor as quest\u00f5es da f\u00e9 e da espiritualidade, e sua rela\u00e7\u00e3o com a vida di\u00e1ria, social e familiar. Tem a habilidade de falar com clareza e expressar aquilo que muitos n\u00e3o conseguem formular em palavras. No Brasil, diversas de suas obras foram publicadas pela Editora Vozes.<\/em><\/p>\n<p><strong>N\u00ba DE P\u00c1GINAS: : 144<\/strong><\/p>\n<p>&nbsp;<\/p>\n<h3><strong><a href=\"http:\/\/franciscanos.org.br\/wp-content\/uploads\/2015\/11\/nao-desperdice-sua-vida.jpg\"><img loading=\"lazy\" class=\"alignleft size-full wp-image-98145\" src=\"http:\/\/franciscanos.org.br\/wp-content\/uploads\/2015\/11\/nao-desperdice-sua-vida.jpg\" alt=\"nao-desperdice-sua-vida\" width=\"200\" height=\"308\" \/><\/a>N\u00e3o desperdice sua vida!<\/strong><\/h3>\n<p><strong>Anselm Gr\u00fcn<\/strong><\/p>\n<p>\u201cN\u00e3o desperdice sua vida\u201d \u00e9 uma \u00f3tima op\u00e7\u00e3o de presente de Natal. Todo o projeto gr\u00e1fico foi pensado e desenvolvido para que a obra seja uma op\u00e7\u00e3o de presente para os que amamos.<\/p>\n<p>Nos \u00faltimos tempos, cada vez mais pessoas deixam a vida passar, segundo Anselm Gr\u00fcn. Tentando garantir-se para todos os lados, elas ficam paradas. E s\u00e3o, sobretudo, as pessoas jovens que passam a impress\u00e3o de estarem desperdi\u00e7ando a vida. N\u00e3o h\u00e1 paix\u00e3o em viver e, sim certo medo: tudo est\u00e1 t\u00e3o dif\u00edcil. Falta a coragem de iniciar algo novo.<br \/>\nGr\u00fcn escreveu este livro buscando auxiliar o leitor a descobrir caminhos para assumir as r\u00e9deas de sua vida, a entrar em contato com sua pr\u00f3pria for\u00e7a, descobrir em si o desejo de ousar a vida em vez de desperdi\u00e7\u00e1-la. E, dessa forma, despertar a esperan\u00e7a de uma vida plena e bem-sucedida, de uma vida de amor e entrega e de uma vida que nos liberta da necessidade de girar em torno de n\u00f3s mesmos.<\/p>\n<p style=\"padding-left: 30px;\"><strong>Anselm Gr\u00fcn OSB<\/strong> <em>\u00e9 doutor em Teologia e monge beneditino. Vive na Abadia de M\u00fcnsterschwarzach (Alemanha) onde, por muitos anos, exerceu a fun\u00e7\u00e3o de ec\u00f4nomo e administrador. Tornou-se um dos autores cat\u00f3licos mais lidos atualmente, tendo escrito dezenas de livros, traduzidos e publicados em todo o mundo. Inspira-se na tradi\u00e7\u00e3o mon\u00e1stica e crist\u00e3, e recorre tamb\u00e9m \u00e0 psicologia e \u00e0s demais ci\u00eancias para ajudar as pessoas a compreender melhor as quest\u00f5es da f\u00e9 e da espiritualidade, e sua rela\u00e7\u00e3o com a vida di\u00e1ria, social e familiar. Tem a habilidade de falar com clareza e expressar aquilo que muitos n\u00e3o conseguem formular em palavras. No Brasil, diversas de suas obras foram publicadas pela Editora Vozes.<\/em><\/p>\n<p><strong>N\u00ba DE P\u00c1GINAS: 160<\/strong><\/p>\n<p>&nbsp;<\/p>\n<h3><strong><a href=\"http:\/\/franciscanos.org.br\/wp-content\/uploads\/2015\/11\/o-caminho.jpg\"><img loading=\"lazy\" class=\"alignleft size-full wp-image-98146\" src=\"http:\/\/franciscanos.org.br\/wp-content\/uploads\/2015\/11\/o-caminho.jpg\" alt=\"o-caminho\" width=\"200\" height=\"282\" \/><\/a>Cole\u00e7\u00e3o \u201cO caminho\u201d<\/strong><\/h3>\n<p><strong>Pe. Thiago Ap. Faccini Paro<\/strong><\/p>\n<p>A cole\u00e7\u00e3o de catequese \u201cO Caminho\u201d surgiu da experi\u00eancia de catequistas da Diocese de Barretos com a inten\u00e7\u00e3o de ajudar a fazer da catequese uma escola de inicia\u00e7\u00e3o crist\u00e3, um aprendizado din\u00e2mico da vida crist\u00e3.<br \/>\nA proposta metodol\u00f3gica da Cole\u00e7\u00e3o est\u00e1 centrada na mesa da Palavra e na mesa da partilha, onde a Palavra de Deus se atualizar\u00e1. \u00c9 uma proposta orante e celebrativa, que viv\u00eancia o Calend\u00e1rio Lit\u00fargico como princ\u00edpio b\u00e1sico para a educa\u00e7\u00e3o e celebra\u00e7\u00e3o da f\u00e9. Neste sentido, prop\u00f5e-se que os encontros de catequese aconte\u00e7am de acordo com o calend\u00e1rio lit\u00fargico, iniciando a catequese na primeira semana do Advento e encerrando com a Solenidade de Nosso Senhor Jesus Cristo Rei do Universo.<br \/>\nNa cole\u00e7\u00e3o a catequese de Primeira Eucaristia est\u00e1 estruturada em quatro etapas para ajudar no amadurecimento da f\u00e9 dos catequizandos: 1\u00aa Etapa \u2013 o anuncio de Jesus Cristo, na viv\u00eancia do Ano Lit\u00fargico e na apresenta\u00e7\u00e3o e entrega do Livro Sagrado. 2\u00aa Etapa\u00ac \u2013 a doutrina da Igreja, apresentada atrav\u00e9s dos artigos da Profiss\u00e3o de F\u00e9. 3\u00aa Etapa \u2013 a vida de ora\u00e7\u00e3o, fundamentando a reflex\u00e3o na ora\u00e7\u00e3o do Pai-nosso. 4\u00aa Etapa \u2013 os sete sacramentos da Igreja, de modo especial os sacramentos da inicia\u00e7\u00e3o crist\u00e3. E para cada etapa tem-se um subs\u00eddio para o catequista e um di\u00e1rio Catequ\u00e9tico e Espiritual do Catequizando, para o registro de algumas atividades de sua viv\u00eancia de f\u00e9 relacionada a cada encontro e para anotar as informa\u00e7\u00f5es sobre a participa\u00e7\u00e3o na celebra\u00e7\u00e3o da Santa Missa, de cada domingo do Tempo Lit\u00fargico.<\/p>\n<p>&nbsp;<\/p>\n<h3><strong><a href=\"http:\/\/franciscanos.org.br\/wp-content\/uploads\/2015\/11\/CE-aceitar-seu-proprio-corpo.jpg\"><img loading=\"lazy\" class=\"alignleft size-full wp-image-98147\" src=\"http:\/\/franciscanos.org.br\/wp-content\/uploads\/2015\/11\/CE-aceitar-seu-proprio-corpo.jpg\" alt=\"CE-aceitar-seu-proprio-corpo\" width=\"200\" height=\"280\" \/><\/a>Caderno de exerc\u00edcios para aceitar seu pr\u00f3prio corpo<\/strong><\/h3>\n<p><strong>Anne Marrez e Maggie Oda<\/strong><\/p>\n<p>Assim como muitos de n\u00f3s, voc\u00ea talvez se ache baixinho(a) demais, alto(a) demais, magro(a) demais, gordo(a) demais, sem o devido bronzeado. Voc\u00ea v\u00ea no espelho um mont\u00e3o de defeitos que os outros nem enxergam: seios pequenos, coxas demasiado grossas, falta de m\u00fasculo suficiente, etc. \u00c0s vezes eles podem ser causa de um grande sofrimento ou se tornar fonte de mal-estar psicol\u00f3gico e at\u00e9 de uma recusa de si mesmo(a). Portanto, \u00e9 primordial finalmente superar os padr\u00f5es de beleza ancestrais e redescobrir a felicidade de ser diferente!<br \/>\nOs exerc\u00edcios l\u00fadicos deste caderno ajudar\u00e3o voc\u00ea a compreender sua insatisfa\u00e7\u00e3o corporal, al\u00e9m de ver como ela se estabeleceu na sua vida, com um \u00fanico objetivo: livrar voc\u00ea das suas convic\u00e7\u00f5es erradas e negativas. Os testes, quadros, reflex\u00f5es e desenhos esclarecedores s\u00e3o ferramentas que contribuir\u00e3o para voc\u00ea se sentir melhor com o seu corpo, tolerar seus defeitos e aceitar suas imperfei\u00e7\u00f5es, no intuito de se reconectar com o mundo, com os outros, consigo mesmo(a) e com o seu maravilhoso corpo!<\/p>\n<p style=\"padding-left: 30px;\"><strong>Anne Marrez,<\/strong><em> formada em psicologia, obteve um diploma de especializa\u00e7\u00e3o em psicoterapia cognitiva e comportamental. Ela aprofundou seus estudos com a terapia de aceita\u00e7\u00e3o e comprometimento, bem como com a plena consci\u00eancia. Trabalha h\u00e1 dez anos no seio de uma equipe pluridisciplinar, acompanhando pacientes que sofrem com excesso de peso.<\/em><\/p>\n<p style=\"padding-left: 30px;\"><strong>Maggie Oda<\/strong> <em>\u00e9 graduada em psicologia na Universidade Cat\u00f3lica de Louvain (UCL, B\u00e9lgica). Ela obteve tamb\u00e9m um diploma de especializa\u00e7\u00e3o em terapia cognitivo-comportamental (UCL, B\u00e9lgica). \u00c9 atualmente psic\u00f3loga aut\u00f4noma e atende em consult\u00f3rio particular e hospital.<\/em><\/p>\n<p><strong>N\u00ba DE P\u00c1GINAS: : 64<\/strong><\/p>\n<p>&nbsp;<\/p>\n<h3><strong><a href=\"http:\/\/franciscanos.org.br\/wp-content\/uploads\/2015\/11\/CE-atencao-plena.jpg\"><img loading=\"lazy\" class=\"alignleft size-full wp-image-98148\" src=\"http:\/\/franciscanos.org.br\/wp-content\/uploads\/2015\/11\/CE-atencao-plena.jpg\" alt=\"CE-atencao-plena\" width=\"200\" height=\"275\" \/><\/a>Caderno de exerc\u00edcios de aten\u00e7\u00e3o plena<br \/>\n<\/strong><\/h3>\n<p><strong>Ilios Kotsou<\/strong><\/p>\n<p>O que \u00e9 a medita\u00e7\u00e3o de aten\u00e7\u00e3o plena? A mindfulness (como tamb\u00e9m \u00e9 chamada) \u00e9 um estado de consci\u00eancia que se cria quando a pessoa presta aten\u00e7\u00e3o no momento presente. \u00c9 uma maneira de ter a mente aberta para a vida, do jeito que ela se apresenta a n\u00f3s, \u00e0s nossas emo\u00e7\u00f5es, ao nosso corpo, etc, de instante em instante. Segundo o professor Jon Kabat-Zinn, viver com aten\u00e7\u00e3o plena \u00e9 abra\u00e7ar toda a riqueza da sua pr\u00f3pria vida, encontrando nela um espa\u00e7o para crescer tanto em termos de for\u00e7a quanto de sabedoria. Chega de piloto autom\u00e1tico, redescubra o seu ser profundo!<br \/>\nIlios Kotsou sugere aqui diversos exerc\u00edcios para ajudar voc\u00ea a utilizar e se aprofundar nessa pr\u00e1tica, que apresenta m\u00faltiplas virtudes e j\u00e1 foi aprovada pelos maiores cientistas: dentre os benef\u00edcios dela, est\u00e3o reduzir e lidar com o estresse ou ainda prevenir reca\u00eddas depressivas. Etapa por etapa, ele lhe ensinar\u00e1 a se reconectar com todos os seus sentidos. Utilizar a aten\u00e7\u00e3o plena no cotidiano \u00e9 buscar enxergar a vida com um olhar novo para desfrutar de toda a riqueza dela!<\/p>\n<p style=\"padding-left: 30px;\"><strong>Ilios Kotsou<\/strong> <em>\u00e9 fascinado por tudo o que diz respeito ao ser humano e principalmente pela riqueza que as emo\u00e7\u00f5es trazem \u00e0s nossas vidas. Pesquisador em psicologia das emo\u00e7\u00f5es, ele \u00e9 autor de diversos livros, dentre os quais Psychologie positive, le bonheur dans tous ses \u00e9tats, publicado pela Jouvence, e Caderno de exerc\u00edcios de intelig\u00eancia emocional, publicado pela Vozes. Formado em mindfulness e no m\u00e9todo de Palo Alto, ele tem experi\u00eancia de mais de quinze anos enquanto coach e professor, al\u00e9m de organizar regularmente cursos e workshops. Aberto ao mundo e \u00e0 diversidade do mesmo, ele atua igualmente em contextos multiculturais nas Filipinas, em Hong Kong, em Serra Leoa e no Qu\u00eania. Ilios Kotsou tamb\u00e9m \u00e9 membro fundador da associa\u00e7\u00e3o \u00c9mergences (www.emergences-asbl.org).<\/em><\/p>\n<p><strong>N\u00ba DE P\u00c1GINAS: : 64<\/strong><\/p>\n<p>&nbsp;<\/p>\n<h3><strong><a href=\"http:\/\/franciscanos.org.br\/wp-content\/uploads\/2015\/11\/CE-gratidao.jpg\"><img loading=\"lazy\" class=\"alignleft size-full wp-image-98149\" src=\"http:\/\/franciscanos.org.br\/wp-content\/uploads\/2015\/11\/CE-gratidao.jpg\" alt=\"CE-gratidao\" width=\"200\" height=\"275\" \/><\/a>Caderno de exerc\u00edcios de gratid\u00e3o<\/strong><\/h3>\n<p><strong>Yves-Alexandre Thalmann<\/strong><\/p>\n<p>A gratid\u00e3o \u00e9, junto com a generosidade, um dos mais poderosos intensificadores da felicidade. Esta \u00e9 a conclus\u00e3o da psicologia positiva, tamb\u00e9m conhecida como ci\u00eancia da felicidade.<br \/>\nPor que dizer \u201cobrigado\u201d tem tanto impacto? Por que tal atitude faz t\u00e3o bem? Voc\u00ea descobrir\u00e1 a resposta com este caderno de exerc\u00edcios, que sugere uma multiplicidade de atividades concretas para desenvolver o seu esp\u00edrito de gratid\u00e3o.<br \/>\nVamos come\u00e7ar agora mesmo: obrigado a voc\u00eas, caras leitoras, caros leitores, por terem escolhido este caderno de exerc\u00edcios. E obrigado por contribu\u00edrem para espalhar um pouco de felicidade ao redor de voc\u00eas atrav\u00e9s da gratid\u00e3o!<\/p>\n<p style=\"padding-left: 30px;\"><strong>Yves-Alexandre Thalmann<\/strong> <em>\u00e9 psic\u00f3logo e especialista em desenvolvimento pessoal. Titular de um doutorado em f\u00edsica, ele faz quest\u00e3o de aplicar o mesmo rigor cient\u00edfico tanto em seu trabalho quanto nas rela\u00e7\u00f5es humanas. Ele \u00e9 autor de muitos livros de sucesso, dentre os quais Au diable la culpabilit\u00e9!, Petit trait\u00e9 de contre-manipulation (editora Jouvence), Caderno de Exerc\u00edcios para Aprender a Ser Feliz (Editora Vozes).<\/em><\/p>\n<p><strong>N\u00ba DE P\u00c1GINAS: : 64<\/strong><\/p>\n<p>&nbsp;<\/p>\n<h3><strong><a href=\"http:\/\/franciscanos.org.br\/wp-content\/uploads\/2015\/11\/CE-aliviar-feridas-do-coracao.jpg\"><img loading=\"lazy\" class=\"alignleft size-full wp-image-98150\" src=\"http:\/\/franciscanos.org.br\/wp-content\/uploads\/2015\/11\/CE-aliviar-feridas-do-coracao.jpg\" alt=\"CE-aliviar-feridas-do-coracao\" width=\"200\" height=\"275\" \/><\/a>Caderno de exerc\u00edcios para aliviar as feridas do cora\u00e7\u00e3o<\/strong><\/h3>\n<p><strong>Colette Portelance<\/strong><\/p>\n<p>Este caderno de exerc\u00edcios vai provar para voc\u00ea que a ferida afetiva n\u00e3o \u00e9 invenc\u00edvel n\u00e3o! Ele tem como objetivo abrandar o sofrimento ps\u00edquico causado pelas suas feridas e aliviar o seu cora\u00e7\u00e3o ferido, para que ele finalmente reconquiste a paz.<br \/>\nSaiba, antes de tudo, que, quanto mais feridas voc\u00ea tiver, mais recursos voc\u00ea possui para alivi\u00e1-las e criar uma vida plenamente realizada para si mesmo. E, se toda vez que for magoado, voc\u00ea ativar o processo apresentado neste caderno de exerc\u00edcios, integrando-o definitivamente na sua vida, voc\u00ea sofrer\u00e1 menos!<\/p>\n<p style=\"padding-left: 30px;\"><strong>Colette Portelanc<\/strong> <em>Criadora de uma abordagem focada no relacionamento, a ANDC\u00ae (Abordagem N\u00e3o Diretiva Criadora) e doutora em ci\u00eancias da educa\u00e7\u00e3o, \u00e9 reconhecida por suas compet\u00eancias em rela\u00e7\u00f5es humanas. Gra\u00e7as a seus conhecimentos integrados sobre as feridas do cora\u00e7\u00e3o e rela\u00e7\u00f5es aut\u00eanticas, ela j\u00e1 ajudou in\u00fameras pessoas a aliviarem as feridas afetivas delas e, por conseguinte, solucionarem dificuldades de relacionamento. Ela fundou duas escolas, o Centro de Rela\u00e7\u00e3o de Ajuda de Montreal e a Escola Internacional de Forma\u00e7\u00e3o em ANDC\u00ae. Ela \u00e9 autora de muitos livros, dentre os quais Les 7 \u00e9tapes du l\u00e2cher prise e La gu\u00e9rison int\u00e9rieure par l\u2019acceptation et le l\u00e2cher prise, publicados pela editora Jouvence.<\/em><\/p>\n<p><strong>N\u00ba DE P\u00c1GINAS: : 64<\/strong><\/p>\n<p>&nbsp;<\/p>\n<h3><strong><a href=\"http:\/\/franciscanos.org.br\/wp-content\/uploads\/2015\/11\/CE-evoluir-gracas-pessoas-dificeis.jpg\"><img loading=\"lazy\" class=\"alignleft size-full wp-image-98151\" src=\"http:\/\/franciscanos.org.br\/wp-content\/uploads\/2015\/11\/CE-evoluir-gracas-pessoas-dificeis.jpg\" alt=\"CE-evoluir-gracas-pessoas-dificeis\" width=\"200\" height=\"275\" \/><\/a>Caderno de exerc\u00edcios para evoluir gra\u00e7as \u00e0s pessoas dif\u00edceis<\/strong><\/h3>\n<p><strong>Anne van Stappen<\/strong><\/p>\n<p>Conviver com \u201cpessoas dif\u00edceis\u201d \u2013 manipuladoras, narcisistas, psic\u00f3ticas&#8230; \u2013 e decidir am\u00e1-las no cotidiano quando voc\u00ea divide a sua vida com elas representa um verdadeiro desafio que pode esgot\u00e1-lo, destru\u00ed-lo ou faz\u00ea-lo crescer.<br \/>\nEm vez de sofrer com elas, que tal transformar as suas dificuldades de relacionamento em p\u00e9rolas?<br \/>\nSer\u00e1 que \u00e9 poss\u00edvel proteger o seu cora\u00e7\u00e3o sem se fechar, nem perder a sua bondade natural? Ser\u00e1 que, quando estiver sofrendo, voc\u00ea estar\u00e1 disposto a abandonar a sua postura de v\u00edtima, resistir \u00e0 tenta\u00e7\u00e3o de virar carrasco e seguir o caminho da sabedoria?<br \/>\nAs diferentes atividades deste caderno de exerc\u00edcios ajudar\u00e3o voc\u00ea a evoluir gra\u00e7as \u00e0s pessoas dif\u00edceis, contribuir\u00e3o para ampliar a consci\u00eancia vigilante dos seus sentimentos e abrir\u00e3o o caminho da compreens\u00e3o, do amor e da aceita\u00e7\u00e3o de cada um, come\u00e7ando com voc\u00ea!<\/p>\n<p style=\"padding-left: 30px;\"><em>Doutora em medicina,<\/em><strong> Anne van Stappen<\/strong> <em>se interessou bem cedo por rela\u00e7\u00f5es humanas e se formou em diversas abordagens terap\u00eauticas. Sua aspira\u00e7\u00e3o a tratar os males do corpo com as palavras do cora\u00e7\u00e3o se realizou quando ela descobriu a Comunica\u00e7\u00e3o N\u00e3o Violenta. Professora de CNV desde 1995, ela d\u00e1 confer\u00eancias e organiza ateli\u00eas sobre comunica\u00e7\u00e3o e gest\u00e3o de conflitos. Ela \u00e9 autora de Ne marche pas si tu peux danser, publicado pela editora Jouvence, Caderno de exerc\u00edcios para se afirmar e \u2013 enfim \u2013 ousar dizer n\u00e3o e Caderno de exerc\u00edcios para cuidar de si mesmo, publicados pela editora Vozes.<\/em><\/p>\n<p><strong>N\u00ba DE P\u00c1GINAS: : 64<\/strong><\/p>\n<p>&nbsp;<\/p>\n<h3><strong><a href=\"http:\/\/franciscanos.org.br\/wp-content\/uploads\/2015\/11\/CE-fazer-casais-felizes.jpg\"><img loading=\"lazy\" class=\"alignleft size-full wp-image-98152\" src=\"http:\/\/franciscanos.org.br\/wp-content\/uploads\/2015\/11\/CE-fazer-casais-felizes.jpg\" alt=\"CE-fazer-casais-felizes\" width=\"200\" height=\"281\" \/><\/a>Caderno de exerc\u00edcios para fazer casais felizes<\/strong><\/h3>\n<p><strong>Yvon Dallaire<\/strong><\/p>\n<p>A vida a dois ainda \u00e9 uma das maiores aventuras humanas e um espa\u00e7o prop\u00edcio a mudan\u00e7as, evolu\u00e7\u00e3o e crescimento pessoal. N\u00e3o \u00e9 o amor que une dois seres duradouramente \u2013 \u00e9 a qualidade do relacionamento deles que os leva ao amor: o amor \u00e9, neste sentido, o objetivo do relacionamento.<br \/>\nO amor e a felicidade s\u00e3o constru\u00eddos ao longo de crises superadas, conflitos irresol\u00faveis aceitos, al\u00e9m do conhecimento e reconhecimento da bondade e beleza dos dois seres que formam o casal. Dois seres diferentes, sim, mas que sabem valorizar a riqueza de suas diferen\u00e7as e coloc\u00e1-las a servi\u00e7o do casal, da fam\u00edlia e da sociedade.<\/p>\n<p style=\"padding-left: 30px;\"><strong>Yvon Dallaire<\/strong> \u00e9 psic\u00f3logo, sex\u00f3logo e conferencista de reputa\u00e7\u00e3o internacional. Do alto de sua experi\u00eancia de mais de trinta anos em terapia conjugal, ele \u00e9 autor de muitos livros destinados tanto aos homens quanto \u00e0s mulheres, no intuito de responsabiliz\u00e1-los e ajud\u00e1-los a viverem em harmonia, com destaque, entre outros, para uma trilogia sobre a felicidade conjugal. Ele d\u00e1 consultas pessoais e conjugais, al\u00e9m de organizar confer\u00eancias e ateli\u00eas para casais e pessoas solteiras. Ele tamb\u00e9m oferece cursos para profissionais que trabalham com quest\u00f5es conjugais, seguindo a Abordagem Psicossexual Aplicada a Casais (APAC). Site oficial: http:\/\/yvondallaire.com.<\/p>\n<p><strong>N\u00ba DE P\u00c1GINAS: : 64<\/strong><\/p>\n<p>&nbsp;<\/p>\n<h3><strong><a href=\"http:\/\/franciscanos.org.br\/wp-content\/uploads\/2015\/11\/No-caminho-de-jesus.jpg\"><img loading=\"lazy\" class=\"alignleft size-full wp-image-98153\" src=\"http:\/\/franciscanos.org.br\/wp-content\/uploads\/2015\/11\/No-caminho-de-jesus.jpg\" alt=\"No-caminho-de-jesus\" width=\"200\" height=\"329\" \/><\/a>No Caminho de Jesus<br \/>\n<\/strong><strong>\u00c1lbum lit\u00fargico catequ\u00e9tico ano c 2016<\/strong><\/h3>\n<p><strong>Francine P. Ortiz<\/strong><\/p>\n<p>No Caminho de Jesus &#8211; \u00c1lbum lit\u00fargico-catequ\u00e9tico tem por objetivo proporcionar aos catequizandos e familiares o conhecimento de Jesus Cristo estabelecendo maior aproxima\u00e7\u00e3o com a mensagem do evangelho, motivando-os a concretiz\u00e1-la em suas vidas e a realizar o encontro pessoal com Jesus Cristo, fazendo a experi\u00eancia do amor crist\u00e3o na fam\u00edlia e na sociedade. No Caminho de Jesus \u00e9 um instrumento de complementa\u00e7\u00e3o aos encontros de catequese que contribuir para melhor participa\u00e7\u00e3o da celebra\u00e7\u00e3o lit\u00fargica.<\/p>\n","protected":false},"excerpt":{"rendered":"<p>Editora Vozes<\/p>\n","protected":false},"author":1,"featured_media":194592,"comment_status":"open","ping_status":"open","sticky":false,"template":"","format":"standard","meta":[],"categories":[1],"tags":[238],"acf":[],"yoast_head":"<!-- This site is optimized with the Yoast SEO plugin v19.2 - https:\/\/yoast.com\/wordpress\/plugins\/seo\/ -->\n<title>Novo livro de Anselm Gr\u00fcn entre os lan\u00e7amentos - Not\u00edcias - Franciscanos<\/title>\n<meta name=\"robots\" content=\"index, follow, max-snippet:-1, max-image-preview:large, max-video-preview:-1\" \/>\n<link rel=\"canonical\" href=\"https:\/\/franciscanos.org.br\/noticias\/lancamentos-da-semana-10.html\" \/>\n<meta property=\"og:locale\" content=\"pt_BR\" \/>\n<meta property=\"og:type\" content=\"article\" \/>\n<meta property=\"og:title\" content=\"Novo livro de Anselm Gr\u00fcn entre os lan\u00e7amentos - Not\u00edcias - Franciscanos\" \/>\n<meta property=\"og:description\" content=\"Editora Vozes\" \/>\n<meta property=\"og:url\" content=\"https:\/\/franciscanos.org.br\/noticias\/lancamentos-da-semana-10.html\" \/>\n<meta property=\"og:site_name\" content=\"Not\u00edcias - Franciscanos\" \/>\n<meta property=\"article:published_time\" content=\"2015-11-13T15:06:27+00:00\" \/>\n<meta property=\"article:modified_time\" content=\"2019-01-23T18:09:13+00:00\" \/>\n<meta property=\"og:image\" content=\"https:\/\/franciscanos.org.br\/noticias\/wp-content\/uploads\/2017\/11\/vozes.png\" \/>\n\t<meta property=\"og:image:width\" content=\"273\" \/>\n\t<meta property=\"og:image:height\" content=\"181\" \/>\n\t<meta property=\"og:image:type\" content=\"image\/png\" \/>\n<meta name=\"author\" content=\"admin\" \/>\n<meta name=\"twitter:card\" content=\"summary_large_image\" \/>\n<meta name=\"twitter:label1\" content=\"Escrito por\" \/>\n\t<meta name=\"twitter:data1\" content=\"admin\" \/>\n\t<meta name=\"twitter:label2\" content=\"Est. tempo de leitura\" \/>\n\t<meta name=\"twitter:data2\" content=\"13 minutos\" \/>\n<script type=\"application\/ld+json\" class=\"yoast-schema-graph\">{\"@context\":\"https:\/\/schema.org\",\"@graph\":[{\"@type\":\"WebSite\",\"@id\":\"https:\/\/franciscanos.org.br\/noticias\/#website\",\"url\":\"https:\/\/franciscanos.org.br\/noticias\/\",\"name\":\"Not\u00edcias - Franciscanos\",\"description\":\"Prov\u00edncia Franciscana da Imaculada Concei\u00e7\u00e3o do Brasil - Ordem dos Frades Menores - OFM\",\"potentialAction\":[{\"@type\":\"SearchAction\",\"target\":{\"@type\":\"EntryPoint\",\"urlTemplate\":\"https:\/\/franciscanos.org.br\/noticias\/?s={search_term_string}\"},\"query-input\":\"required name=search_term_string\"}],\"inLanguage\":\"pt-BR\"},{\"@type\":\"ImageObject\",\"inLanguage\":\"pt-BR\",\"@id\":\"https:\/\/franciscanos.org.br\/noticias\/lancamentos-da-semana-10.html#primaryimage\",\"url\":\"https:\/\/franciscanos.org.br\/noticias\/wp-content\/uploads\/2017\/11\/vozes.png\",\"contentUrl\":\"https:\/\/franciscanos.org.br\/noticias\/wp-content\/uploads\/2017\/11\/vozes.png\",\"width\":273,\"height\":181},{\"@type\":\"WebPage\",\"@id\":\"https:\/\/franciscanos.org.br\/noticias\/lancamentos-da-semana-10.html#webpage\",\"url\":\"https:\/\/franciscanos.org.br\/noticias\/lancamentos-da-semana-10.html\",\"name\":\"Novo livro de Anselm Gr\u00fcn entre os lan\u00e7amentos - Not\u00edcias - Franciscanos\",\"isPartOf\":{\"@id\":\"https:\/\/franciscanos.org.br\/noticias\/#website\"},\"primaryImageOfPage\":{\"@id\":\"https:\/\/franciscanos.org.br\/noticias\/lancamentos-da-semana-10.html#primaryimage\"},\"datePublished\":\"2015-11-13T15:06:27+00:00\",\"dateModified\":\"2019-01-23T18:09:13+00:00\",\"author\":{\"@id\":\"https:\/\/franciscanos.org.br\/noticias\/#\/schema\/person\/b38fbf43118f02820bd932f2e4b14ad3\"},\"breadcrumb\":{\"@id\":\"https:\/\/franciscanos.org.br\/noticias\/lancamentos-da-semana-10.html#breadcrumb\"},\"inLanguage\":\"pt-BR\",\"potentialAction\":[{\"@type\":\"ReadAction\",\"target\":[\"https:\/\/franciscanos.org.br\/noticias\/lancamentos-da-semana-10.html\"]}]},{\"@type\":\"BreadcrumbList\",\"@id\":\"https:\/\/franciscanos.org.br\/noticias\/lancamentos-da-semana-10.html#breadcrumb\",\"itemListElement\":[{\"@type\":\"ListItem\",\"position\":1,\"name\":\"Home\",\"item\":\"https:\/\/franciscanos.org.br\/noticias\"},{\"@type\":\"ListItem\",\"position\":2,\"name\":\"Novo livro de Anselm Gr\u00fcn entre os lan\u00e7amentos\"}]},{\"@type\":\"Person\",\"@id\":\"https:\/\/franciscanos.org.br\/noticias\/#\/schema\/person\/b38fbf43118f02820bd932f2e4b14ad3\",\"name\":\"admin\",\"image\":{\"@type\":\"ImageObject\",\"inLanguage\":\"pt-BR\",\"@id\":\"https:\/\/franciscanos.org.br\/noticias\/#\/schema\/person\/image\/\",\"url\":\"https:\/\/secure.gravatar.com\/avatar\/e8495742d34d0ba6448ea1c628263b3e?s=96&d=mm&r=g\",\"contentUrl\":\"https:\/\/secure.gravatar.com\/avatar\/e8495742d34d0ba6448ea1c628263b3e?s=96&d=mm&r=g\",\"caption\":\"admin\"},\"url\":\"https:\/\/franciscanos.org.br\/noticias\/author\/admin\"}]}<\/script>\n<!-- \/ Yoast SEO plugin. -->","yoast_head_json":{"title":"Novo livro de Anselm Gr\u00fcn entre os lan\u00e7amentos - Not\u00edcias - Franciscanos","robots":{"index":"index","follow":"follow","max-snippet":"max-snippet:-1","max-image-preview":"max-image-preview:large","max-video-preview":"max-video-preview:-1"},"canonical":"https:\/\/franciscanos.org.br\/noticias\/lancamentos-da-semana-10.html","og_locale":"pt_BR","og_type":"article","og_title":"Novo livro de Anselm Gr\u00fcn entre os lan\u00e7amentos - Not\u00edcias - Franciscanos","og_description":"Editora Vozes","og_url":"https:\/\/franciscanos.org.br\/noticias\/lancamentos-da-semana-10.html","og_site_name":"Not\u00edcias - Franciscanos","article_published_time":"2015-11-13T15:06:27+00:00","article_modified_time":"2019-01-23T18:09:13+00:00","og_image":[{"width":273,"height":181,"url":"https:\/\/franciscanos.org.br\/noticias\/wp-content\/uploads\/2017\/11\/vozes.png","type":"image\/png"}],"author":"admin","twitter_card":"summary_large_image","twitter_misc":{"Escrito por":"admin","Est. tempo de leitura":"13 minutos"},"schema":{"@context":"https:\/\/schema.org","@graph":[{"@type":"WebSite","@id":"https:\/\/franciscanos.org.br\/noticias\/#website","url":"https:\/\/franciscanos.org.br\/noticias\/","name":"Not\u00edcias - Franciscanos","description":"Prov\u00edncia Franciscana da Imaculada Concei\u00e7\u00e3o do Brasil - Ordem dos Frades Menores - OFM","potentialAction":[{"@type":"SearchAction","target":{"@type":"EntryPoint","urlTemplate":"https:\/\/franciscanos.org.br\/noticias\/?s={search_term_string}"},"query-input":"required name=search_term_string"}],"inLanguage":"pt-BR"},{"@type":"ImageObject","inLanguage":"pt-BR","@id":"https:\/\/franciscanos.org.br\/noticias\/lancamentos-da-semana-10.html#primaryimage","url":"https:\/\/franciscanos.org.br\/noticias\/wp-content\/uploads\/2017\/11\/vozes.png","contentUrl":"https:\/\/franciscanos.org.br\/noticias\/wp-content\/uploads\/2017\/11\/vozes.png","width":273,"height":181},{"@type":"WebPage","@id":"https:\/\/franciscanos.org.br\/noticias\/lancamentos-da-semana-10.html#webpage","url":"https:\/\/franciscanos.org.br\/noticias\/lancamentos-da-semana-10.html","name":"Novo livro de Anselm Gr\u00fcn entre os lan\u00e7amentos - Not\u00edcias - Franciscanos","isPartOf":{"@id":"https:\/\/franciscanos.org.br\/noticias\/#website"},"primaryImageOfPage":{"@id":"https:\/\/franciscanos.org.br\/noticias\/lancamentos-da-semana-10.html#primaryimage"},"datePublished":"2015-11-13T15:06:27+00:00","dateModified":"2019-01-23T18:09:13+00:00","author":{"@id":"https:\/\/franciscanos.org.br\/noticias\/#\/schema\/person\/b38fbf43118f02820bd932f2e4b14ad3"},"breadcrumb":{"@id":"https:\/\/franciscanos.org.br\/noticias\/lancamentos-da-semana-10.html#breadcrumb"},"inLanguage":"pt-BR","potentialAction":[{"@type":"ReadAction","target":["https:\/\/franciscanos.org.br\/noticias\/lancamentos-da-semana-10.html"]}]},{"@type":"BreadcrumbList","@id":"https:\/\/franciscanos.org.br\/noticias\/lancamentos-da-semana-10.html#breadcrumb","itemListElement":[{"@type":"ListItem","position":1,"name":"Home","item":"https:\/\/franciscanos.org.br\/noticias"},{"@type":"ListItem","position":2,"name":"Novo livro de Anselm Gr\u00fcn entre os lan\u00e7amentos"}]},{"@type":"Person","@id":"https:\/\/franciscanos.org.br\/noticias\/#\/schema\/person\/b38fbf43118f02820bd932f2e4b14ad3","name":"admin","image":{"@type":"ImageObject","inLanguage":"pt-BR","@id":"https:\/\/franciscanos.org.br\/noticias\/#\/schema\/person\/image\/","url":"https:\/\/secure.gravatar.com\/avatar\/e8495742d34d0ba6448ea1c628263b3e?s=96&d=mm&r=g","contentUrl":"https:\/\/secure.gravatar.com\/avatar\/e8495742d34d0ba6448ea1c628263b3e?s=96&d=mm&r=g","caption":"admin"},"url":"https:\/\/franciscanos.org.br\/noticias\/author\/admin"}]}},"_links":{"self":[{"href":"https:\/\/franciscanos.org.br\/noticias\/wp-json\/wp\/v2\/posts\/98137"}],"collection":[{"href":"https:\/\/franciscanos.org.br\/noticias\/wp-json\/wp\/v2\/posts"}],"about":[{"href":"https:\/\/franciscanos.org.br\/noticias\/wp-json\/wp\/v2\/types\/post"}],"author":[{"embeddable":true,"href":"https:\/\/franciscanos.org.br\/noticias\/wp-json\/wp\/v2\/users\/1"}],"replies":[{"embeddable":true,"href":"https:\/\/franciscanos.org.br\/noticias\/wp-json\/wp\/v2\/comments?post=98137"}],"version-history":[{"count":0,"href":"https:\/\/franciscanos.org.br\/noticias\/wp-json\/wp\/v2\/posts\/98137\/revisions"}],"wp:featuredmedia":[{"embeddable":true,"href":"https:\/\/franciscanos.org.br\/noticias\/wp-json\/wp\/v2\/media\/194592"}],"wp:attachment":[{"href":"https:\/\/franciscanos.org.br\/noticias\/wp-json\/wp\/v2\/media?parent=98137"}],"wp:term":[{"taxonomy":"category","embeddable":true,"href":"https:\/\/franciscanos.org.br\/noticias\/wp-json\/wp\/v2\/categories?post=98137"},{"taxonomy":"post_tag","embeddable":true,"href":"https:\/\/franciscanos.org.br\/noticias\/wp-json\/wp\/v2\/tags?post=98137"}],"curies":[{"name":"wp","href":"https:\/\/api.w.org\/{rel}","templated":true}]}}