{"id":98127,"date":"2015-11-13T12:49:53","date_gmt":"2015-11-13T14:49:53","guid":{"rendered":"http:\/\/franciscanos.org.br\/?p=98127"},"modified":"2020-06-10T10:55:03","modified_gmt":"2020-06-10T13:55:03","slug":"papa-francisco-leigos-nao-sao-membros-de-segunda-categoria","status":"publish","type":"post","link":"https:\/\/franciscanos.org.br\/noticias\/papa-francisco-leigos-nao-sao-membros-de-segunda-categoria.html","title":{"rendered":"Papa Francisco: leigos n\u00e3o s\u00e3o membros de segunda categoria"},"content":{"rendered":"<p>&nbsp;<\/p>\n<p><img loading=\"lazy\" class=\"alignnone wp-image-225569 size-full\" src=\"https:\/\/franciscanos.org.br\/noticias\/wp-content\/uploads\/2016\/10\/papa_entrevista_09.jpg\" alt=\"\" width=\"960\" height=\"541\" srcset=\"https:\/\/franciscanos.org.br\/noticias\/wp-content\/uploads\/2016\/10\/papa_entrevista_09.jpg 960w, https:\/\/franciscanos.org.br\/noticias\/wp-content\/uploads\/2016\/10\/papa_entrevista_09-450x254.jpg 450w, https:\/\/franciscanos.org.br\/noticias\/wp-content\/uploads\/2016\/10\/papa_entrevista_09-768x433.jpg 768w, https:\/\/franciscanos.org.br\/noticias\/wp-content\/uploads\/2016\/10\/papa_entrevista_09-150x85.jpg 150w\" sizes=\"(max-width: 960px) 100vw, 960px\" \/><\/p>\n<p><strong>Cidade do Vaticano <\/strong>\u00a0&#8211; O Papa Francisco enviou uma mensagem, nesta quinta-feira (12\/11), aos participantes da jornada de estudo promovida pelo Pontif\u00edcio Conselho para os Leigos com a colabora\u00e7\u00e3o da Pontif\u00edcia Universidade Santa Cruz, sobre o tema \u201cVoca\u00e7\u00e3o e miss\u00e3o dos leigos. H\u00e1 cinquenta anos do Decreto\u00a0Apostolicam Actuositatem\u201d.<\/p>\n<p>O encontro se realiza no \u00e2mbito do 50\u00b0 anivers\u00e1rio de encerramento do Conc\u00edlio Vaticano II, evento extraordin\u00e1rio de gra\u00e7a que, segundo o Beato Paulo VI, \u201cconstituiu um ato de amor: um grande e tr\u00edplice ato de amor: a Deus, \u00e0 Igreja e \u00e0 humanidade\u201d.\u00a0De acordo com Francisco, este ato de amor renovado que inspirava os Padres conciliares levou a uma maneira nova de olhar a voca\u00e7\u00e3o e miss\u00e3o dos leigos na Igreja e no mundo, expressa nas duas Constitui\u00e7\u00f5es conciliares \u201cLumen gentium\u201d e \u201cGaudium et spes\u201d.<\/p>\n<h3><strong>A\u00e7\u00e3o dos leigos<\/strong><\/h3>\n<p>\u201cO Conc\u00edlio n\u00e3o olha os leigos como se fossem membros de segunda categoria, a servi\u00e7o da hierarquia e simples executores de ordens provenientes do alto, mas como disc\u00edpulos de Cristo que, atrav\u00e9s do Batismo e sua inser\u00e7\u00e3o no mundo, s\u00e3o chamados a animar todo ambiente, atividade e rela\u00e7\u00e3o humana segundo o esp\u00edrito do Evangelho, levando a luz, a esperan\u00e7a e a caridade recebida de Cristo aos lugares que, caso contr\u00e1rio, ficariam sem a a\u00e7\u00e3o de Deus e abandonados na mis\u00e9ria da condi\u00e7\u00e3o humana. Ningu\u00e9m melhor que os leigos pode desempenhar a tarefa essencial de inscrever a lei divina na vida da cidade terrena.\u201d<\/p>\n<p>Segundo o Papa, neste contexto se insere o Decreto \u201cApostolicam Actuositatem\u201d que trata da natureza e \u00e2mbitos do apostolado dos leigos. \u201cEste documento recorda que a voca\u00e7\u00e3o crist\u00e3 \u00e9 por sua natureza voca\u00e7\u00e3o ao apostolado. Por isso, o an\u00fancio do Evangelho n\u00e3o \u00e9 reservado a alguns \u2018profissionais da miss\u00e3o\u2019, mas deve ser o desejo profundo de todos os fieis leigos chamados n\u00e3o somente para a anima\u00e7\u00e3o crist\u00e3 das realidades temporais, mas tamb\u00e9m para as obras de evangeliza\u00e7\u00e3o, an\u00fancio e santifica\u00e7\u00e3o dos homens\u201d, frisa Francisco.<\/p>\n<p>\u201cEste ensinamento conciliar fez crescer na Igreja a forma\u00e7\u00e3o dos leigos, mas o Concilio Vaticano II, como todo Conc\u00edlio, interpela toda gera\u00e7\u00e3o de pastores e leigos, pois \u00e9 um dom inestim\u00e1vel do Esp\u00edrito Santo que deve ser acolhido com gratid\u00e3o e responsabilidade. Tudo o que foi doado pelo Esp\u00edrito e transmitido pela Igreja deve ser novamente entendido, assimilado e aplicado na realidade\u201d, sublinha ainda o pont\u00edfice.<\/p>\n<p>Aplicar o Conc\u00edlio na vida cotidiana da comunidade crist\u00e3 era o desejo pastoral que sempre animou S\u00e3o Jo\u00e3o Paulo II, como bispo e como Papa.<\/p>\n<h3><strong>Profecia<\/strong><\/h3>\n<p>Durante o Grande Jubileu do ano 2000 ele disse: \u201cUma nova esta\u00e7\u00e3o abre-se diante dos nossos olhos: trata-se do tempo de aprofundamento dos ensinamentos conciliares, o per\u00edodo da colheita daquilo que os Padres conciliares semearam e a gera\u00e7\u00e3o destes anos cuidou e esperou. O Conc\u00edlio Ecum\u00eanico Vaticano II constitui uma verdadeira profecia para a vida da Igreja; e continuar\u00e1 a s\u00ea-lo por muitos anos do terceiro mil\u00eanio h\u00e1 pouco iniciado.\u201d<\/p>\n<p>Francisco conclui sua mensagem pedindo a Deus para que a jornada de estudo estimule pastores e fieis leigos a terem no cora\u00e7\u00e3o o desejo de viver e praticar o Conc\u00edlio Vaticano II e levar ao mundo a luz de Cristo.<\/p>\n<h1 id=\"titolo\">Papa participar\u00e1 de um culto ecum\u00eanico luterano<\/h1>\n<p>O Papa Francisco vai visitar a Igreja evang\u00e9lica Luterana de Roma, na tarde do pr\u00f3ximo domingo, para participar de um culto dominical. Foi o que anunciou o Pastor da comunidade romana, Jens-Martin Kruse.<\/p>\n<p>Em sua declara\u00e7\u00e3o o Pastor Kruse disse: \u201cReceberemos o Bispo de Roma, no \u00e2mbito das visitas pontif\u00edcias precedentes. Trata-se de um encontro simples, segundo a tradi\u00e7\u00e3o luterana\u201d.<\/p>\n<p>A celebra\u00e7\u00e3o ecum\u00eanica prev\u00ea uma reflex\u00e3o sobre o trecho b\u00edblico do Ju\u00edzo Universal, previsto para aquele dia pelo calend\u00e1rio lit\u00fargico da Igreja Luterana.<\/p>\n<p>\u201cTrata-se de um belo texto da nossa celebra\u00e7\u00e3o \u2013 explicou o Pastor Kruse, ao citar o trecho do evangelho de Mateus &#8211;\u00a0 que bem reflete os tempos em que vivemos: \u201cEm verdade vos digo: o que fizestes a um destes meus irm\u00e3os mais pequeninos, a mim o fizestes\u201d.<\/p>\n<p>Al\u00e9m da Comunidade local luterana e dos dois p\u00e1rocos das igrejas cat\u00f3licas de S\u00e3o Camilo e de S\u00e3o Patr\u00edcio, estar\u00e3o presentes no encontro com o Papa o decano e o vice-decano da Igreja evang\u00e9lica Luterana na It\u00e1lia, respectivamente o Pastor Heiner Bludau e Jakob Betz, como tamb\u00e9m a presidente do S\u00ednodo Luterano, Christiane Gr\u00f6ben.<\/p>\n<p>O coral da comunidade luterana vai abrilhantar a celebra\u00e7\u00e3o ecum\u00eanica, que se concluir\u00e1 com o trecho \u201cCristo ressuscitou\u201d de Johann Sebastian Bach, pois \u2013 concluiu o Pastor Kruse &#8211; o que une os crist\u00e3os \u00e9 precisamente a esperan\u00e7a da ressurrei\u00e7\u00e3o: \u201cO compromisso para a unidade dos crist\u00e3os tem como ponto alto esta esperan\u00e7a comum\u201d.<\/p>\n<p>A \u00faltima vez que um Pont\u00edfice visitou esta Comunidade Luterana de Roma foi em 14 de mar\u00e7o de 2010, quando Bento XVI participou de um culto em alem\u00e3o. No entanto, o Papa Jo\u00e3o Paulo II foi o primeiro a visitar esta igreja em 11 de dezembro de 1983, por ocasi\u00e3o do 50\u00b0 anivers\u00e1rio de nascimento do Reformador Martinho Lutero.<\/p>\n<p>A visita que o Papa Francisco far\u00e1 \u00e0 Comunidade Luterana da sua Diocese de Roma se realiza dois anos antes do 50\u00b0 anivers\u00e1rio da Reforma, que ser\u00e1 celebrada em todo o mundo em 2017.<\/p>\n<hr \/>\n<p>Fonte: R\u00e1dio Vaticano<\/p>\n","protected":false},"excerpt":{"rendered":"<p>Pontif\u00edcio Conselho para os Leigos<\/p>\n","protected":false},"author":1,"featured_media":225570,"comment_status":"open","ping_status":"open","sticky":false,"template":"","format":"standard","meta":[],"categories":[1428],"tags":[55,1707],"acf":[],"yoast_head":"<!-- This site is optimized with the Yoast SEO plugin v19.2 - https:\/\/yoast.com\/wordpress\/plugins\/seo\/ -->\n<title>Papa Francisco: leigos n\u00e3o s\u00e3o membros de segunda categoria - Not\u00edcias - Franciscanos<\/title>\n<meta name=\"robots\" content=\"index, follow, max-snippet:-1, max-image-preview:large, max-video-preview:-1\" \/>\n<link rel=\"canonical\" href=\"https:\/\/franciscanos.org.br\/noticias\/papa-francisco-leigos-nao-sao-membros-de-segunda-categoria.html\" \/>\n<meta property=\"og:locale\" content=\"pt_BR\" \/>\n<meta property=\"og:type\" content=\"article\" \/>\n<meta property=\"og:title\" content=\"Papa Francisco: leigos n\u00e3o s\u00e3o membros de segunda categoria - Not\u00edcias - Franciscanos\" \/>\n<meta property=\"og:description\" content=\"Pontif\u00edcio Conselho para os Leigos\" \/>\n<meta property=\"og:url\" content=\"https:\/\/franciscanos.org.br\/noticias\/papa-francisco-leigos-nao-sao-membros-de-segunda-categoria.html\" \/>\n<meta property=\"og:site_name\" content=\"Not\u00edcias - Franciscanos\" \/>\n<meta property=\"article:published_time\" content=\"2015-11-13T14:49:53+00:00\" \/>\n<meta property=\"article:modified_time\" content=\"2020-06-10T13:55:03+00:00\" \/>\n<meta property=\"og:image\" content=\"https:\/\/franciscanos.org.br\/noticias\/wp-content\/uploads\/2016\/10\/papa_entrevista_09d.jpg\" \/>\n\t<meta property=\"og:image:width\" content=\"800\" \/>\n\t<meta property=\"og:image:height\" content=\"599\" \/>\n\t<meta property=\"og:image:type\" content=\"image\/jpeg\" \/>\n<meta name=\"author\" content=\"admin\" \/>\n<meta name=\"twitter:card\" content=\"summary_large_image\" \/>\n<meta name=\"twitter:label1\" content=\"Escrito por\" \/>\n\t<meta name=\"twitter:data1\" content=\"admin\" \/>\n\t<meta name=\"twitter:label2\" content=\"Est. tempo de leitura\" \/>\n\t<meta name=\"twitter:data2\" content=\"5 minutos\" \/>\n<script type=\"application\/ld+json\" class=\"yoast-schema-graph\">{\"@context\":\"https:\/\/schema.org\",\"@graph\":[{\"@type\":\"WebSite\",\"@id\":\"https:\/\/franciscanos.org.br\/noticias\/#website\",\"url\":\"https:\/\/franciscanos.org.br\/noticias\/\",\"name\":\"Not\u00edcias - Franciscanos\",\"description\":\"Prov\u00edncia Franciscana da Imaculada Concei\u00e7\u00e3o do Brasil - Ordem dos Frades Menores - OFM\",\"potentialAction\":[{\"@type\":\"SearchAction\",\"target\":{\"@type\":\"EntryPoint\",\"urlTemplate\":\"https:\/\/franciscanos.org.br\/noticias\/?s={search_term_string}\"},\"query-input\":\"required name=search_term_string\"}],\"inLanguage\":\"pt-BR\"},{\"@type\":\"ImageObject\",\"inLanguage\":\"pt-BR\",\"@id\":\"https:\/\/franciscanos.org.br\/noticias\/papa-francisco-leigos-nao-sao-membros-de-segunda-categoria.html#primaryimage\",\"url\":\"https:\/\/franciscanos.org.br\/noticias\/wp-content\/uploads\/2016\/10\/papa_entrevista_09d.jpg\",\"contentUrl\":\"https:\/\/franciscanos.org.br\/noticias\/wp-content\/uploads\/2016\/10\/papa_entrevista_09d.jpg\",\"width\":800,\"height\":599},{\"@type\":\"WebPage\",\"@id\":\"https:\/\/franciscanos.org.br\/noticias\/papa-francisco-leigos-nao-sao-membros-de-segunda-categoria.html#webpage\",\"url\":\"https:\/\/franciscanos.org.br\/noticias\/papa-francisco-leigos-nao-sao-membros-de-segunda-categoria.html\",\"name\":\"Papa Francisco: leigos n\u00e3o s\u00e3o membros de segunda categoria - Not\u00edcias - Franciscanos\",\"isPartOf\":{\"@id\":\"https:\/\/franciscanos.org.br\/noticias\/#website\"},\"primaryImageOfPage\":{\"@id\":\"https:\/\/franciscanos.org.br\/noticias\/papa-francisco-leigos-nao-sao-membros-de-segunda-categoria.html#primaryimage\"},\"datePublished\":\"2015-11-13T14:49:53+00:00\",\"dateModified\":\"2020-06-10T13:55:03+00:00\",\"author\":{\"@id\":\"https:\/\/franciscanos.org.br\/noticias\/#\/schema\/person\/b38fbf43118f02820bd932f2e4b14ad3\"},\"breadcrumb\":{\"@id\":\"https:\/\/franciscanos.org.br\/noticias\/papa-francisco-leigos-nao-sao-membros-de-segunda-categoria.html#breadcrumb\"},\"inLanguage\":\"pt-BR\",\"potentialAction\":[{\"@type\":\"ReadAction\",\"target\":[\"https:\/\/franciscanos.org.br\/noticias\/papa-francisco-leigos-nao-sao-membros-de-segunda-categoria.html\"]}]},{\"@type\":\"BreadcrumbList\",\"@id\":\"https:\/\/franciscanos.org.br\/noticias\/papa-francisco-leigos-nao-sao-membros-de-segunda-categoria.html#breadcrumb\",\"itemListElement\":[{\"@type\":\"ListItem\",\"position\":1,\"name\":\"Home\",\"item\":\"https:\/\/franciscanos.org.br\/noticias\"},{\"@type\":\"ListItem\",\"position\":2,\"name\":\"Papa Francisco: leigos n\u00e3o s\u00e3o membros de segunda categoria\"}]},{\"@type\":\"Person\",\"@id\":\"https:\/\/franciscanos.org.br\/noticias\/#\/schema\/person\/b38fbf43118f02820bd932f2e4b14ad3\",\"name\":\"admin\",\"image\":{\"@type\":\"ImageObject\",\"inLanguage\":\"pt-BR\",\"@id\":\"https:\/\/franciscanos.org.br\/noticias\/#\/schema\/person\/image\/\",\"url\":\"https:\/\/secure.gravatar.com\/avatar\/e8495742d34d0ba6448ea1c628263b3e?s=96&d=mm&r=g\",\"contentUrl\":\"https:\/\/secure.gravatar.com\/avatar\/e8495742d34d0ba6448ea1c628263b3e?s=96&d=mm&r=g\",\"caption\":\"admin\"},\"url\":\"https:\/\/franciscanos.org.br\/noticias\/author\/admin\"}]}<\/script>\n<!-- \/ Yoast SEO plugin. -->","yoast_head_json":{"title":"Papa Francisco: leigos n\u00e3o s\u00e3o membros de segunda categoria - Not\u00edcias - Franciscanos","robots":{"index":"index","follow":"follow","max-snippet":"max-snippet:-1","max-image-preview":"max-image-preview:large","max-video-preview":"max-video-preview:-1"},"canonical":"https:\/\/franciscanos.org.br\/noticias\/papa-francisco-leigos-nao-sao-membros-de-segunda-categoria.html","og_locale":"pt_BR","og_type":"article","og_title":"Papa Francisco: leigos n\u00e3o s\u00e3o membros de segunda categoria - Not\u00edcias - Franciscanos","og_description":"Pontif\u00edcio Conselho para os Leigos","og_url":"https:\/\/franciscanos.org.br\/noticias\/papa-francisco-leigos-nao-sao-membros-de-segunda-categoria.html","og_site_name":"Not\u00edcias - Franciscanos","article_published_time":"2015-11-13T14:49:53+00:00","article_modified_time":"2020-06-10T13:55:03+00:00","og_image":[{"width":800,"height":599,"url":"https:\/\/franciscanos.org.br\/noticias\/wp-content\/uploads\/2016\/10\/papa_entrevista_09d.jpg","type":"image\/jpeg"}],"author":"admin","twitter_card":"summary_large_image","twitter_misc":{"Escrito por":"admin","Est. tempo de leitura":"5 minutos"},"schema":{"@context":"https:\/\/schema.org","@graph":[{"@type":"WebSite","@id":"https:\/\/franciscanos.org.br\/noticias\/#website","url":"https:\/\/franciscanos.org.br\/noticias\/","name":"Not\u00edcias - Franciscanos","description":"Prov\u00edncia Franciscana da Imaculada Concei\u00e7\u00e3o do Brasil - Ordem dos Frades Menores - OFM","potentialAction":[{"@type":"SearchAction","target":{"@type":"EntryPoint","urlTemplate":"https:\/\/franciscanos.org.br\/noticias\/?s={search_term_string}"},"query-input":"required name=search_term_string"}],"inLanguage":"pt-BR"},{"@type":"ImageObject","inLanguage":"pt-BR","@id":"https:\/\/franciscanos.org.br\/noticias\/papa-francisco-leigos-nao-sao-membros-de-segunda-categoria.html#primaryimage","url":"https:\/\/franciscanos.org.br\/noticias\/wp-content\/uploads\/2016\/10\/papa_entrevista_09d.jpg","contentUrl":"https:\/\/franciscanos.org.br\/noticias\/wp-content\/uploads\/2016\/10\/papa_entrevista_09d.jpg","width":800,"height":599},{"@type":"WebPage","@id":"https:\/\/franciscanos.org.br\/noticias\/papa-francisco-leigos-nao-sao-membros-de-segunda-categoria.html#webpage","url":"https:\/\/franciscanos.org.br\/noticias\/papa-francisco-leigos-nao-sao-membros-de-segunda-categoria.html","name":"Papa Francisco: leigos n\u00e3o s\u00e3o membros de segunda categoria - Not\u00edcias - Franciscanos","isPartOf":{"@id":"https:\/\/franciscanos.org.br\/noticias\/#website"},"primaryImageOfPage":{"@id":"https:\/\/franciscanos.org.br\/noticias\/papa-francisco-leigos-nao-sao-membros-de-segunda-categoria.html#primaryimage"},"datePublished":"2015-11-13T14:49:53+00:00","dateModified":"2020-06-10T13:55:03+00:00","author":{"@id":"https:\/\/franciscanos.org.br\/noticias\/#\/schema\/person\/b38fbf43118f02820bd932f2e4b14ad3"},"breadcrumb":{"@id":"https:\/\/franciscanos.org.br\/noticias\/papa-francisco-leigos-nao-sao-membros-de-segunda-categoria.html#breadcrumb"},"inLanguage":"pt-BR","potentialAction":[{"@type":"ReadAction","target":["https:\/\/franciscanos.org.br\/noticias\/papa-francisco-leigos-nao-sao-membros-de-segunda-categoria.html"]}]},{"@type":"BreadcrumbList","@id":"https:\/\/franciscanos.org.br\/noticias\/papa-francisco-leigos-nao-sao-membros-de-segunda-categoria.html#breadcrumb","itemListElement":[{"@type":"ListItem","position":1,"name":"Home","item":"https:\/\/franciscanos.org.br\/noticias"},{"@type":"ListItem","position":2,"name":"Papa Francisco: leigos n\u00e3o s\u00e3o membros de segunda categoria"}]},{"@type":"Person","@id":"https:\/\/franciscanos.org.br\/noticias\/#\/schema\/person\/b38fbf43118f02820bd932f2e4b14ad3","name":"admin","image":{"@type":"ImageObject","inLanguage":"pt-BR","@id":"https:\/\/franciscanos.org.br\/noticias\/#\/schema\/person\/image\/","url":"https:\/\/secure.gravatar.com\/avatar\/e8495742d34d0ba6448ea1c628263b3e?s=96&d=mm&r=g","contentUrl":"https:\/\/secure.gravatar.com\/avatar\/e8495742d34d0ba6448ea1c628263b3e?s=96&d=mm&r=g","caption":"admin"},"url":"https:\/\/franciscanos.org.br\/noticias\/author\/admin"}]}},"_links":{"self":[{"href":"https:\/\/franciscanos.org.br\/noticias\/wp-json\/wp\/v2\/posts\/98127"}],"collection":[{"href":"https:\/\/franciscanos.org.br\/noticias\/wp-json\/wp\/v2\/posts"}],"about":[{"href":"https:\/\/franciscanos.org.br\/noticias\/wp-json\/wp\/v2\/types\/post"}],"author":[{"embeddable":true,"href":"https:\/\/franciscanos.org.br\/noticias\/wp-json\/wp\/v2\/users\/1"}],"replies":[{"embeddable":true,"href":"https:\/\/franciscanos.org.br\/noticias\/wp-json\/wp\/v2\/comments?post=98127"}],"version-history":[{"count":2,"href":"https:\/\/franciscanos.org.br\/noticias\/wp-json\/wp\/v2\/posts\/98127\/revisions"}],"predecessor-version":[{"id":225884,"href":"https:\/\/franciscanos.org.br\/noticias\/wp-json\/wp\/v2\/posts\/98127\/revisions\/225884"}],"wp:featuredmedia":[{"embeddable":true,"href":"https:\/\/franciscanos.org.br\/noticias\/wp-json\/wp\/v2\/media\/225570"}],"wp:attachment":[{"href":"https:\/\/franciscanos.org.br\/noticias\/wp-json\/wp\/v2\/media?parent=98127"}],"wp:term":[{"taxonomy":"category","embeddable":true,"href":"https:\/\/franciscanos.org.br\/noticias\/wp-json\/wp\/v2\/categories?post=98127"},{"taxonomy":"post_tag","embeddable":true,"href":"https:\/\/franciscanos.org.br\/noticias\/wp-json\/wp\/v2\/tags?post=98127"}],"curies":[{"name":"wp","href":"https:\/\/api.w.org\/{rel}","templated":true}]}}