{"id":97953,"date":"2015-11-08T18:50:08","date_gmt":"2015-11-08T20:50:08","guid":{"rendered":"http:\/\/franciscanos.org.br\/?p=97953"},"modified":"2020-06-10T10:58:00","modified_gmt":"2020-06-10T13:58:00","slug":"reformas-vao-continuar-apesar-do-roubo-de-documentos","status":"publish","type":"post","link":"https:\/\/franciscanos.org.br\/noticias\/reformas-vao-continuar-apesar-do-roubo-de-documentos.html","title":{"rendered":"Reformas v\u00e3o continuar apesar do roubo de documentos"},"content":{"rendered":"<p><strong><img loading=\"lazy\" class=\"alignright wp-image-97954 size-full\" src=\"http:\/\/franciscanos.org.br\/wp-content\/uploads\/2015\/11\/angelus.jpg\" alt=\"angelus\" width=\"500\" height=\"281\" \/>Cidade do Vaticano<\/strong> \u2013 As reformas o Vaticano v\u00e3o continuar. Foi o que disse o Papa Francisco falando aos fi\u00e9is reunidos na Pra\u00e7a S\u00e3o Pedro para a Ora\u00e7\u00e3o mariana do Angelus, fazendo refer\u00eancia ao roubo de documentos secretos e a deten\u00e7\u00e3o no fim de semana passado de duas pessoas suspeitas de envolvimento com o vazamento dos documentos, um religioso espanhol e uma italiana assessora de imprensa.<\/p>\n<p>Os documentos permitiram a publica\u00e7\u00e3o de dois livros que revelam as profundas resist\u00eancias dentro do Vaticano \u00e0s reformas estimuladas pelo pont\u00edfice na Igreja Cat\u00f3lica.<\/p>\n<p>\u201cPor isso, gostaria de lhes dizer, antes de tudo, que roubar esses documentos \u00e9 um crime. \u00c9 um ato deplor\u00e1vel que n\u00e3o ajuda. Eu mesmo tinha pedido para fazer esse estudo, e esses documentos eu e os meus colaboradores j\u00e1 os conhec\u00edamos bem, e foram tomadas as medidas que come\u00e7aram a dar frutos, at\u00e9 mesmo alguns vis\u00edveis\u201d.<\/p>\n<p>\u201cPor isso, quero lhes assegurar que este triste fato n\u00e3o me distrai certamente do trabalho de reforma que estamos realizando com os meus colaboradores e com o apoio de todos voc\u00eas. Sim, com o apoio de toda a Igreja, porque a Igreja se renova atrav\u00e9s da ora\u00e7\u00e3o e da santidade de todo batizado\u201d.<br \/>\n\u201cPortanto, agrade\u00e7o a voc\u00eas e pe\u00e7o que continuem a rezar pelo Papa e pela Igreja, sem se deixarem turbar, mas indo para a frente com confian\u00e7a e esperan\u00e7a\u201d.<\/p>\n<p><strong>ANGELUS<\/strong><\/p>\n<p>\u201cH\u00e1 doen\u00e7as card\u00edacas que fazem aproximar o bolso, a carteira ao cora\u00e7\u00e3o\u201d. O Papa Francisco no Angelus deste domingo comentou com essa imagem a mensagem do \u00f3bolo da vi\u00fava, que convida n\u00e3o s\u00f3 a dar o sup\u00e9rfluo aos pobres, mas tamb\u00e9m o que nos custa verdadeiramente dar, narrada pelo Evangelho deste domingo. Neste contexto, o Pont\u00edfice contou um epis\u00f3dio sobre uma fam\u00edlia de Buenos Aires, cidade, que definiu a sua diocese anterior.<\/p>\n<p>\u201cUma m\u00e3e e seus tr\u00eas filhos, enquanto que o pai estava no trabalho, se colocaram \u00e0 mesa diante de bifes \u00e0 milanesa. Batem \u00e0 porta e mam\u00e3e pergunta quem \u00e9?. A crian\u00e7a que tinha ido abrir a porta responde que havia um mendigo que pede algo para comer. E a m\u00e3e, que era uma boa crist\u00e3, pega uma faca e diz \u00e0s crian\u00e7as: \u2018O que vamos fazer? Vamos dar metade de cada bife&#8217;. &#8216;N\u00e3o m\u00e3e, n\u00e3o assim&#8217;! Pegue da geladeira\u201d, respondem as crian\u00e7as. \u2018N\u00e3o, vamos fazer tr\u00eas sandu\u00edches\u2019, responde a m\u00e3e. E as crian\u00e7as aprenderam. A verdadeira caridade se faz assim. Estou certo de que naquela tarde elas tiveram um pouco de fome. Devemos nos privar de algo como essas crian\u00e7as se privaram da metade do bife\u201d.<\/p>\n<p>\u201cJesus &#8211; explicou Francisco \u2013 diz tamb\u00e9m a n\u00f3s que o crit\u00e9rio de julgamento e n\u00e3o \u00e9 a quantidade, mas a plenitude; h\u00e1 uma diferen\u00e7a entre quantidade e plenitude. Voc\u00ea pode ter tanto dinheiro, mas ser vazio, n\u00e3o h\u00e1 plenitude no seu cora\u00e7\u00e3o. N\u00e3o \u00e9 quest\u00e3o de carteira, mas de cora\u00e7\u00e3o. Amar a Deus \u201ccom todo o cora\u00e7\u00e3o\u201d significa confiar n&#8217;Ele, na sua provid\u00eancia, e servi-Lo nos nossos irm\u00e3os mais pobres sem esperar nada em troca\u201d.<\/p>\n<p>\u201cDiante das necessidades dos outros, somos chamados a nos privar de algo essencial, n\u00e3o apenas do sup\u00e9rfluo; somos chamados a dar o tempo necess\u00e1rio, n\u00e3o s\u00f3 aquilo que avan\u00e7a; somos chamados a dar imediatamente e sem reserva alguns de nossos talentos, e n\u00e3o depois de t\u00ea-los usados para nossas finalidades pessoais ou de grupo\u201d.<\/p>\n<p>Pe\u00e7amos ao Senhor \u2013 invocou o Papa nas palavras que precederam a ora\u00e7\u00e3o do Angleus &#8211; de nos admitir \u00e0 escola desta pobre vi\u00fava que Jesus, entre a perplexidade dos disc\u00edpulos, faz subir \u00e0 c\u00e1tedra e apresenta como mestra do Evangelho vivo. Por intercess\u00e3o de Maria, a mulher pobre que deu a sua vida a Deus por n\u00f3s, pe\u00e7amos o dom de um cora\u00e7\u00e3o pobre, mas rico em uma generosidade alegre e gratuita\u201d.<\/p>\n<p>Ap\u00f3s a ora\u00e7\u00e3o do Angelus o Papa Francisco recordou que neste domingo, na It\u00e1lia, se celebra o Dia de A\u00e7\u00e3o de Gra\u00e7as, que este ano tem como tema \u201cO solo, o bem comum\u201d. Associo-me aos Bispos desejando que todos ajam como administradores respons\u00e1veis \u200b\u200bde um precioso bem coletivo, a terra, cujos frutos t\u00eam um destino universal. Eu estou pr\u00f3ximo com gratid\u00e3o ao mundo agr\u00edcola, e encorajo a cultivar a terra de modo a preservar a fertilidade para que produza alimento para todos, hoje e para as gera\u00e7\u00f5es futuras. Neste contexto, se realiza em Roma o Dia diocesano para a salvaguarda da cria\u00e7\u00e3o, que este ano \u00e9 enriquecido pela &#8220;Marcha pela terra.&#8221;<\/p>\n<p>O Papa recordou ainda que nesta segunda-feira, ter\u00e1 in\u00edcio em Floren\u00e7a, o 5\u00ba Congresso Eclesial Nacional, com a presen\u00e7a de bispos e delegados de todas as dioceses italianas. Trata-se de um evento importante de comunh\u00e3o e de reflex\u00e3o, ao qual \u2013 disse Francisco \u2013 \u201cterei a alegria de participar tamb\u00e9m eu, na ter\u00e7a-feira pr\u00f3xima, depois de uma breve passagem por Prato.<\/p>\n","protected":false},"excerpt":{"rendered":"<p>Angelus<\/p>\n","protected":false},"author":1,"featured_media":220390,"comment_status":"open","ping_status":"open","sticky":false,"template":"","format":"standard","meta":[],"categories":[1428],"tags":[403],"acf":[],"yoast_head":"<!-- This site is optimized with the Yoast SEO plugin v19.2 - https:\/\/yoast.com\/wordpress\/plugins\/seo\/ -->\n<title>Reformas v\u00e3o continuar apesar do roubo de documentos - Not\u00edcias - Franciscanos<\/title>\n<meta name=\"robots\" content=\"index, follow, max-snippet:-1, max-image-preview:large, max-video-preview:-1\" \/>\n<link rel=\"canonical\" href=\"https:\/\/franciscanos.org.br\/noticias\/reformas-vao-continuar-apesar-do-roubo-de-documentos.html\" \/>\n<meta property=\"og:locale\" content=\"pt_BR\" \/>\n<meta property=\"og:type\" content=\"article\" \/>\n<meta property=\"og:title\" content=\"Reformas v\u00e3o continuar apesar do roubo de documentos - Not\u00edcias - Franciscanos\" \/>\n<meta property=\"og:description\" content=\"Angelus\" \/>\n<meta property=\"og:url\" content=\"https:\/\/franciscanos.org.br\/noticias\/reformas-vao-continuar-apesar-do-roubo-de-documentos.html\" \/>\n<meta property=\"og:site_name\" content=\"Not\u00edcias - Franciscanos\" \/>\n<meta property=\"article:published_time\" content=\"2015-11-08T20:50:08+00:00\" \/>\n<meta property=\"article:modified_time\" content=\"2020-06-10T13:58:00+00:00\" \/>\n<meta property=\"og:image\" content=\"https:\/\/franciscanos.org.br\/noticias\/wp-content\/uploads\/2015\/11\/angelus.jpg\" \/>\n\t<meta property=\"og:image:width\" content=\"273\" \/>\n\t<meta property=\"og:image:height\" content=\"181\" \/>\n\t<meta property=\"og:image:type\" content=\"image\/jpeg\" \/>\n<meta name=\"author\" content=\"admin\" \/>\n<meta name=\"twitter:card\" content=\"summary_large_image\" \/>\n<meta name=\"twitter:label1\" content=\"Escrito por\" \/>\n\t<meta name=\"twitter:data1\" content=\"admin\" \/>\n\t<meta name=\"twitter:label2\" content=\"Est. tempo de leitura\" \/>\n\t<meta name=\"twitter:data2\" content=\"4 minutos\" \/>\n<script type=\"application\/ld+json\" class=\"yoast-schema-graph\">{\"@context\":\"https:\/\/schema.org\",\"@graph\":[{\"@type\":\"WebSite\",\"@id\":\"https:\/\/franciscanos.org.br\/noticias\/#website\",\"url\":\"https:\/\/franciscanos.org.br\/noticias\/\",\"name\":\"Not\u00edcias - Franciscanos\",\"description\":\"Prov\u00edncia Franciscana da Imaculada Concei\u00e7\u00e3o do Brasil - Ordem dos Frades Menores - OFM\",\"potentialAction\":[{\"@type\":\"SearchAction\",\"target\":{\"@type\":\"EntryPoint\",\"urlTemplate\":\"https:\/\/franciscanos.org.br\/noticias\/?s={search_term_string}\"},\"query-input\":\"required name=search_term_string\"}],\"inLanguage\":\"pt-BR\"},{\"@type\":\"ImageObject\",\"inLanguage\":\"pt-BR\",\"@id\":\"https:\/\/franciscanos.org.br\/noticias\/reformas-vao-continuar-apesar-do-roubo-de-documentos.html#primaryimage\",\"url\":\"https:\/\/franciscanos.org.br\/noticias\/wp-content\/uploads\/2015\/11\/angelus.jpg\",\"contentUrl\":\"https:\/\/franciscanos.org.br\/noticias\/wp-content\/uploads\/2015\/11\/angelus.jpg\",\"width\":273,\"height\":181},{\"@type\":\"WebPage\",\"@id\":\"https:\/\/franciscanos.org.br\/noticias\/reformas-vao-continuar-apesar-do-roubo-de-documentos.html#webpage\",\"url\":\"https:\/\/franciscanos.org.br\/noticias\/reformas-vao-continuar-apesar-do-roubo-de-documentos.html\",\"name\":\"Reformas v\u00e3o continuar apesar do roubo de documentos - Not\u00edcias - Franciscanos\",\"isPartOf\":{\"@id\":\"https:\/\/franciscanos.org.br\/noticias\/#website\"},\"primaryImageOfPage\":{\"@id\":\"https:\/\/franciscanos.org.br\/noticias\/reformas-vao-continuar-apesar-do-roubo-de-documentos.html#primaryimage\"},\"datePublished\":\"2015-11-08T20:50:08+00:00\",\"dateModified\":\"2020-06-10T13:58:00+00:00\",\"author\":{\"@id\":\"https:\/\/franciscanos.org.br\/noticias\/#\/schema\/person\/b38fbf43118f02820bd932f2e4b14ad3\"},\"breadcrumb\":{\"@id\":\"https:\/\/franciscanos.org.br\/noticias\/reformas-vao-continuar-apesar-do-roubo-de-documentos.html#breadcrumb\"},\"inLanguage\":\"pt-BR\",\"potentialAction\":[{\"@type\":\"ReadAction\",\"target\":[\"https:\/\/franciscanos.org.br\/noticias\/reformas-vao-continuar-apesar-do-roubo-de-documentos.html\"]}]},{\"@type\":\"BreadcrumbList\",\"@id\":\"https:\/\/franciscanos.org.br\/noticias\/reformas-vao-continuar-apesar-do-roubo-de-documentos.html#breadcrumb\",\"itemListElement\":[{\"@type\":\"ListItem\",\"position\":1,\"name\":\"Home\",\"item\":\"https:\/\/franciscanos.org.br\/noticias\"},{\"@type\":\"ListItem\",\"position\":2,\"name\":\"Reformas v\u00e3o continuar apesar do roubo de documentos\"}]},{\"@type\":\"Person\",\"@id\":\"https:\/\/franciscanos.org.br\/noticias\/#\/schema\/person\/b38fbf43118f02820bd932f2e4b14ad3\",\"name\":\"admin\",\"image\":{\"@type\":\"ImageObject\",\"inLanguage\":\"pt-BR\",\"@id\":\"https:\/\/franciscanos.org.br\/noticias\/#\/schema\/person\/image\/\",\"url\":\"https:\/\/secure.gravatar.com\/avatar\/e8495742d34d0ba6448ea1c628263b3e?s=96&d=mm&r=g\",\"contentUrl\":\"https:\/\/secure.gravatar.com\/avatar\/e8495742d34d0ba6448ea1c628263b3e?s=96&d=mm&r=g\",\"caption\":\"admin\"},\"url\":\"https:\/\/franciscanos.org.br\/noticias\/author\/admin\"}]}<\/script>\n<!-- \/ Yoast SEO plugin. -->","yoast_head_json":{"title":"Reformas v\u00e3o continuar apesar do roubo de documentos - Not\u00edcias - Franciscanos","robots":{"index":"index","follow":"follow","max-snippet":"max-snippet:-1","max-image-preview":"max-image-preview:large","max-video-preview":"max-video-preview:-1"},"canonical":"https:\/\/franciscanos.org.br\/noticias\/reformas-vao-continuar-apesar-do-roubo-de-documentos.html","og_locale":"pt_BR","og_type":"article","og_title":"Reformas v\u00e3o continuar apesar do roubo de documentos - Not\u00edcias - Franciscanos","og_description":"Angelus","og_url":"https:\/\/franciscanos.org.br\/noticias\/reformas-vao-continuar-apesar-do-roubo-de-documentos.html","og_site_name":"Not\u00edcias - Franciscanos","article_published_time":"2015-11-08T20:50:08+00:00","article_modified_time":"2020-06-10T13:58:00+00:00","og_image":[{"width":273,"height":181,"url":"https:\/\/franciscanos.org.br\/noticias\/wp-content\/uploads\/2015\/11\/angelus.jpg","type":"image\/jpeg"}],"author":"admin","twitter_card":"summary_large_image","twitter_misc":{"Escrito por":"admin","Est. tempo de leitura":"4 minutos"},"schema":{"@context":"https:\/\/schema.org","@graph":[{"@type":"WebSite","@id":"https:\/\/franciscanos.org.br\/noticias\/#website","url":"https:\/\/franciscanos.org.br\/noticias\/","name":"Not\u00edcias - Franciscanos","description":"Prov\u00edncia Franciscana da Imaculada Concei\u00e7\u00e3o do Brasil - Ordem dos Frades Menores - OFM","potentialAction":[{"@type":"SearchAction","target":{"@type":"EntryPoint","urlTemplate":"https:\/\/franciscanos.org.br\/noticias\/?s={search_term_string}"},"query-input":"required name=search_term_string"}],"inLanguage":"pt-BR"},{"@type":"ImageObject","inLanguage":"pt-BR","@id":"https:\/\/franciscanos.org.br\/noticias\/reformas-vao-continuar-apesar-do-roubo-de-documentos.html#primaryimage","url":"https:\/\/franciscanos.org.br\/noticias\/wp-content\/uploads\/2015\/11\/angelus.jpg","contentUrl":"https:\/\/franciscanos.org.br\/noticias\/wp-content\/uploads\/2015\/11\/angelus.jpg","width":273,"height":181},{"@type":"WebPage","@id":"https:\/\/franciscanos.org.br\/noticias\/reformas-vao-continuar-apesar-do-roubo-de-documentos.html#webpage","url":"https:\/\/franciscanos.org.br\/noticias\/reformas-vao-continuar-apesar-do-roubo-de-documentos.html","name":"Reformas v\u00e3o continuar apesar do roubo de documentos - Not\u00edcias - Franciscanos","isPartOf":{"@id":"https:\/\/franciscanos.org.br\/noticias\/#website"},"primaryImageOfPage":{"@id":"https:\/\/franciscanos.org.br\/noticias\/reformas-vao-continuar-apesar-do-roubo-de-documentos.html#primaryimage"},"datePublished":"2015-11-08T20:50:08+00:00","dateModified":"2020-06-10T13:58:00+00:00","author":{"@id":"https:\/\/franciscanos.org.br\/noticias\/#\/schema\/person\/b38fbf43118f02820bd932f2e4b14ad3"},"breadcrumb":{"@id":"https:\/\/franciscanos.org.br\/noticias\/reformas-vao-continuar-apesar-do-roubo-de-documentos.html#breadcrumb"},"inLanguage":"pt-BR","potentialAction":[{"@type":"ReadAction","target":["https:\/\/franciscanos.org.br\/noticias\/reformas-vao-continuar-apesar-do-roubo-de-documentos.html"]}]},{"@type":"BreadcrumbList","@id":"https:\/\/franciscanos.org.br\/noticias\/reformas-vao-continuar-apesar-do-roubo-de-documentos.html#breadcrumb","itemListElement":[{"@type":"ListItem","position":1,"name":"Home","item":"https:\/\/franciscanos.org.br\/noticias"},{"@type":"ListItem","position":2,"name":"Reformas v\u00e3o continuar apesar do roubo de documentos"}]},{"@type":"Person","@id":"https:\/\/franciscanos.org.br\/noticias\/#\/schema\/person\/b38fbf43118f02820bd932f2e4b14ad3","name":"admin","image":{"@type":"ImageObject","inLanguage":"pt-BR","@id":"https:\/\/franciscanos.org.br\/noticias\/#\/schema\/person\/image\/","url":"https:\/\/secure.gravatar.com\/avatar\/e8495742d34d0ba6448ea1c628263b3e?s=96&d=mm&r=g","contentUrl":"https:\/\/secure.gravatar.com\/avatar\/e8495742d34d0ba6448ea1c628263b3e?s=96&d=mm&r=g","caption":"admin"},"url":"https:\/\/franciscanos.org.br\/noticias\/author\/admin"}]}},"_links":{"self":[{"href":"https:\/\/franciscanos.org.br\/noticias\/wp-json\/wp\/v2\/posts\/97953"}],"collection":[{"href":"https:\/\/franciscanos.org.br\/noticias\/wp-json\/wp\/v2\/posts"}],"about":[{"href":"https:\/\/franciscanos.org.br\/noticias\/wp-json\/wp\/v2\/types\/post"}],"author":[{"embeddable":true,"href":"https:\/\/franciscanos.org.br\/noticias\/wp-json\/wp\/v2\/users\/1"}],"replies":[{"embeddable":true,"href":"https:\/\/franciscanos.org.br\/noticias\/wp-json\/wp\/v2\/comments?post=97953"}],"version-history":[{"count":1,"href":"https:\/\/franciscanos.org.br\/noticias\/wp-json\/wp\/v2\/posts\/97953\/revisions"}],"predecessor-version":[{"id":225888,"href":"https:\/\/franciscanos.org.br\/noticias\/wp-json\/wp\/v2\/posts\/97953\/revisions\/225888"}],"wp:featuredmedia":[{"embeddable":true,"href":"https:\/\/franciscanos.org.br\/noticias\/wp-json\/wp\/v2\/media\/220390"}],"wp:attachment":[{"href":"https:\/\/franciscanos.org.br\/noticias\/wp-json\/wp\/v2\/media?parent=97953"}],"wp:term":[{"taxonomy":"category","embeddable":true,"href":"https:\/\/franciscanos.org.br\/noticias\/wp-json\/wp\/v2\/categories?post=97953"},{"taxonomy":"post_tag","embeddable":true,"href":"https:\/\/franciscanos.org.br\/noticias\/wp-json\/wp\/v2\/tags?post=97953"}],"curies":[{"name":"wp","href":"https:\/\/api.w.org\/{rel}","templated":true}]}}