{"id":97948,"date":"2015-11-08T07:36:06","date_gmt":"2015-11-08T09:36:06","guid":{"rendered":"http:\/\/franciscanos.org.br\/?p=97948"},"modified":"2020-06-10T11:00:53","modified_gmt":"2020-06-10T14:00:53","slug":"papa-existe-sempre-o-perigo-da-corrupcao","status":"publish","type":"post","link":"https:\/\/franciscanos.org.br\/noticias\/papa-existe-sempre-o-perigo-da-corrupcao.html","title":{"rendered":"Papa Francisco: &#8216;Existe sempre o perigo da corrup\u00e7\u00e3o&#8217;"},"content":{"rendered":"<p><img loading=\"lazy\" src=\"http:\/\/franciscanos.org.br\/wp-content\/uploads\/2015\/11\/papa.jpg\" alt=\"papa\" width=\"820\" height=\"479\" \/><br \/>\n<strong>Cidade do Vaticano<\/strong> \u2013 O jornal de rua holand\u00eas &#8220;Straatniews&#8221;, com sede em Utrecht, na Holanda, publicou em sua mais recente edi\u00e7\u00e3o uma entrevista com o Papa Francisco, realizada no dia 27 de outubro.<\/p>\n<p>O jornal, levado adiante por jornalistas, fot\u00f3grafos e ilustradores volunt\u00e1rios, \u00e9 vendido por moradores de rua, entre os quais alguns migrantes. As edi\u00e7\u00f5es do Straatniews tamb\u00e9m chegam \u00e0 cidades importantes como Haia, Roterd\u00e3 e Amsterd\u00e3.<\/p>\n<p>Na conversa informal, Francisco fala de sua inf\u00e2ncia em Buenos Aires, de como era \u201cruim de bola\u201d e por isso jogava no gol, da origem de uma medalha que traz at\u00e9 hoje consigo, da raiz de seu empenho para com os pobres, de querer ter sido a\u00e7ougueiro, da venda de tesouros da Igreja e de n\u00e3o estar em uma \u201cgaiola de ouro\u201d, mas que sente falta das ruas.<\/p>\n<p><strong>Abaixo, publicamos a vers\u00e3o brasileira da entrevista traduzida pela R\u00e1dio Vaticano.<\/strong><\/p>\n<p>***<\/p>\n<p>\u00c9 ainda cedo quando nos apresentamos diante de um dos port\u00f5es de servi\u00e7o do Vaticano, \u00e0 esquerda da Bas\u00edlica de S\u00e3o Pedro. Os guardas-su\u00ed\u00e7os sabem na nossa chegada e nos deixam passar. Temos que ir at\u00e9 a Casa Santa Marta, porque \u00e9 l\u00e1 que vive o Papa Francisco. A Casa Santa Marta \u00e9, provavelmente, o hotel tr\u00eas estrelas mais particular do mundo. Um grande edif\u00edcio branco onde pernoitam cardeais e bispos que trabalham no Vaticano ou que se encontram de passagem e que tamb\u00e9m \u00e9 a resid\u00eancia dos cardeais durante o Conclave.<\/p>\n<p>Aqui tamb\u00e9m sabem da nossa chegada. Duas senhoras na recep\u00e7\u00e3o, como em qualquer hotel, gentilmente nos indicam uma porta lateral. A sala do encontro j\u00e1 havia sido preparada. Um espa\u00e7o grande com uma escrivaninha, um sof\u00e1, algumas mesas e cadeiras: este \u00e9 o lugar em que o Papa recebe seus convidados \u201cinformais\u201d. Tem in\u00edcio a espera. Marc, um dos vendedores do Straatnieuws, \u00e9 o mais tranquilo de todos e aguarda, sentado, o que acontecer\u00e1.<\/p>\n<p>De repente, aparece o fot\u00f3grafo oficial do Pont\u00edfice. \u201cO Papa est\u00e1 chegando\u201d, nos sussurra.<\/p>\n<p>E, antes mesmo que perceb\u00eassemos, entra na sala: Papa Francisco, o l\u00edder espiritual de 1,2 bilh\u00e3o de cat\u00f3licos. Traz consigo um grande envelope branco. \u2018Sentem-se, amigos\u2019, nos diz fazendo um gesto gentil com a m\u00e3o. \u2018Que satisfa\u00e7\u00e3o encontr\u00e1-los\u2019. O Santo Padre d\u00e1 a impress\u00e3o de ser um homem calmo e amig\u00e1vel, mas ao mesmo tempo en\u00e9rgico e preciso. Uma vez sentados, desculpa-se pelo fato de n\u00e3o falar holand\u00eas. O desculpamos imediatamente.<\/p>\n<p><strong>Straatniews \u2013 As nossas entrevistas come\u00e7am sempre com uma pergunta sobre a rua na qual o entrevistado cresceu. O senhor, Santo Padre, o que se lembra daquela rua? Que imagens lhe v\u00eam \u00e0 mente pensando nas ruas de sua inf\u00e2ncia?<\/strong><br \/>\n<strong> Papa Francisco<\/strong> \u2013 Desde quando tinha 1 ano at\u00e9 quando entrei no semin\u00e1rio, vivi na mesma rua. Era uma rua simples de Buenos Aires, casas baixas. Havia uma pracinha onde jog\u00e1vamos bola. Me lembro que fugia de casa e ia jogar bola com os meninos depois da escola. Meu pai trabalhava em uma f\u00e1brica a 100 metros dali. Era contador. Meus av\u00f3s viviam a 50 metros. Todos a poucos passos. Me lembro tamb\u00e9m o nome das pessoas, como padre fui dar os sacramentos, o \u00faltimo conforto a tantos, que me chamavam e eu ia porque gostava deles. Estas s\u00e3o as minhas recorda\u00e7\u00f5es espont\u00e2neas.<\/p>\n<p><strong>S \u2013 O senhor jogava bola?<\/strong><br \/>\n<strong> Papa<\/strong> \u2013 Sim<\/p>\n<p><strong>S \u2013 Era bom?<\/strong><br \/>\n<strong> Papa<\/strong> \u2013 N\u00e3o. Em Buenos Aires quem jogava como eu era chamado de \u2018pata dura\u2019. Quer dizer, o mesmo que ter duas pernas esquerdas. Mas eu jogava, era goleiro muitas vezes.<\/p>\n<p><strong>S \u2013 Como nasceu seu empenho pessoal pelo pobres?<\/strong><br \/>\n<strong> Papa<\/strong> \u2013 Sim, tantas recorda\u00e7\u00f5es me v\u00eam \u00e0 mente. Me impressionou muito uma senhora que vinha \u00e0 minha casa tr\u00eas vezes por semana para ajudar minha m\u00e3e. Por exemplo, ajudava na lavanderia. Ela tinha dois filhos. Eram italianos, sicilianos, e viveram a guerra, eram muito pobres, mas muito bons. Sempre mantive a recorda\u00e7\u00e3o daquela mulher. A sua pobreza me impressionava. N\u00f3s n\u00e3o \u00e9ramos ricos, cheg\u00e1vamos ao fim do m\u00eas normalmente, mas n\u00e3o al\u00e9m. N\u00e3o t\u00ednhamos um carro, n\u00e3o tir\u00e1vamos f\u00e9rias ou coisas assim. Mas a ela muitas vezes faltavam as coisas necess\u00e1rias. N\u00f3s t\u00ednhamos o suficiente e minha m\u00e3e lhe dava as coisas. Depois, ela voltou para a It\u00e1lia, e voltou de novo para a Argentina. Encontrei-a novamente quando era arcebispo de Buenos Aires, ela tinha 90 anos. E eu a acompanhei at\u00e9 a morte, aos 93 anos. Um dia, ela me deu uma medalha do Sagrado Cora\u00e7\u00e3o de Jesus que at\u00e9 hoje ainda trago comigo. Esta medalha \u2013 que tamb\u00e9m \u00e9 uma recorda\u00e7\u00e3o \u2013 me faz muito bem. Queres ver? (Com certa dificuldade, o Papa consegue tirar a medalha, completamente descolorida depois de ser usada por anos). Assim, penso nela todos os dias e o quanto sofreu pela pobreza. E penso a todos os outros que sofreram. Carrego e rezo&#8230;<\/p>\n<p><strong>S \u2013 Qual \u00e9 a mensagem da Igreja para os sem-teto? O que significa a solidariedade crist\u00e3 para eles, concretamente?<\/strong><br \/>\n<strong> Papa<\/strong> \u2013 Penso em duas coisas. Jesus veio ao mundo sem-teto e se fez pobre. A Igreja quer abra\u00e7ar a todos e dizer que \u00e9 um direito ter um teto sobre voc\u00ea. Nos movimentos populares trabalha-se com tr\u00eas \u2018t\u2019 espanh\u00f3is, trabalho, teto, terra. A Igreja predica que todas as pessoas t\u00eam direito a estes tr\u00eas \u2018t\u2019.<\/p>\n<p><strong>S \u2013 O senhor pede com frequ\u00eancia aten\u00e7\u00e3o aos pobres e refugiados. N\u00e3o acredita que assim possa criar uma forma de cansa\u00e7o nos meios de comunica\u00e7\u00e3o e na sociedade em geral?<\/strong><br \/>\n<strong> Papa<\/strong> \u2013 A todos n\u00f3s vem a tenta\u00e7\u00e3o \u2013 quando se fala de um tema que n\u00e3o \u00e9 agrad\u00e1vel, porque \u00e9 desagrad\u00e1vel falar \u2013 de dizer: \u2018Chega, isso cansa demais\u2019. Eu sinto que o cansa\u00e7o existe, mas n\u00e3o me preocupo. Devo continuar a falar das verdades e de como as coisas s\u00e3o.<\/p>\n<p><strong>S \u2013 \u00c9 o seu dever?<\/strong><br \/>\n<strong> Papa<\/strong> \u2013 Sim, \u00e9 o meu dever. Sinto isso dentro de mim. N\u00e3o \u00e9 um mandamento, mas como pessoas, todos devemos fazer.<\/p>\n<p><strong>S \u2013 N\u00e3o teme que a sua defesa da solidariedade e da ajuda aos sem-teto e outros pobres possa ser instrumentalizada politicamente? Como a Igreja deve falar para ser influente e, ao mesmo tempo, ficar de fora dos alinhamentos pol\u00edticos?<\/strong><br \/>\n<strong> Papa<\/strong> \u2013 Existem estradas que levam a erros neste ponto. Gostaria de destacar duas tenta\u00e7\u00f5es. A Igreja deve falar com a verdade e tamb\u00e9m com o testemunho: o testemunho da pobreza. Se um fiel fala da pobreza ou dos sem-teto e leva uma vida de fara\u00f3: isso n\u00e3o se pode fazer. Esta \u00e9 a primeira tenta\u00e7\u00e3o. A outra \u00e9 de fazer acordos com os governos.<br \/>\nAcordos podem ser feitos, mas devem ser acordos claros, transparentes. Por exemplo, n\u00f3s administramos este edif\u00edcio, mas as contas s\u00e3o todas controladas, para evitar a corrup\u00e7\u00e3o. Porque h\u00e1 sempre a tenta\u00e7\u00e3o da corrup\u00e7\u00e3o na vida p\u00fablica. Seja pol\u00edtica, seja religiosa. Recordo que uma vez, com muito pesar, vi \u2013 quando a Argentina sob o regime militar entrou na guerra contra a Inglaterra pelas Ilhas Malvinas \u2013 que as doa\u00e7\u00f5es, e vi que muitas pessoas, tamb\u00e9m cat\u00f3licos, que estavam encarregados de distribui-las, as levavam para casa. Existe sempre o perigo da corrup\u00e7\u00e3o. Uma vez fiz uma pergunta a um ministro argentino, um homem honesto. Ele que deixou o cargo porque n\u00e3o podia concordar com algumas coisas um pouco obscuras. Lhe fiz a pergunta: quando voc\u00eas enviam ajudas, seja alimento, vestido, dinheiro, aos pobres e aos indigentes: aquilo que mandam, quanto chega realmente? Me disse: 35%. Significa que 65% se perde. \u00c9 a corrup\u00e7\u00e3o: um peda\u00e7o para mim, um outro peda\u00e7o para mim.<\/p>\n<p><strong>S \u2013 Acredita que at\u00e9 agora no seu Pontificado p\u00f4de obter uma mudan\u00e7a mental, por exemplo, na pol\u00edtica?<\/strong><br \/>\n<strong> Papa<\/strong> \u2013 N\u00e3o sei o que responder. N\u00e3o sei. Sei que alguns disseram que eu era comunista. Mas \u00e9 uma categoria um pouco antiquada (risos). Talvez hoje se utilizem outras palavras para dizer isto&#8230;<\/p>\n<p><strong>S \u2013 Marxista, socialista&#8230;<\/strong><br \/>\n<strong> Pap<\/strong>a \u2013 Disseram tudo isso.<\/p>\n<p><strong>S \u2013 Os sem-teto t\u00eam problemas financeiros, mas cultivam a pr\u00f3pria liberdade. O Papa n\u00e3o tem nenhuma necessidade material, mas \u00e9 considerado por alguns como um prisioneiro no Vaticano. N\u00e3o sente nunca o desejo de se colocar nas vestes de um sem-teto?<\/strong><br \/>\n<strong> Papa<\/strong> \u2013 Lembro do livro de Mark Twain \u2018O pr\u00edncipe e o pobre\u2019, quando algu\u00e9m pode comer todos os dias, tem roupas, uma cama para dormir, uma escrivaninha para trabalhar e n\u00e3o falta nada. Tem at\u00e9 mesmo amigos. Mas este pr\u00edncipe de Mark Twain vive numa gaiola de ouro.<\/p>\n<p><strong>S \u2013 O senhor se sente livre aqui no Vaticano?<\/strong><br \/>\n<strong> Papa<\/strong> \u2013 Dois dias depois de ser eleito Papa, eu fui (na vers\u00e3o em holand\u00eas: \u201ccomo se costuma dizer oficialmente\u201d) tomar posse do apartamento papal, no Pal\u00e1cio Apost\u00f3lico. N\u00e3o \u00e9 um apartamento de luxo. Mas \u00e9 amplo, \u00e9 grande&#8230; Depois de ter visto este apartamento me parecia um funil ao contr\u00e1rio, isto \u00e9, grande, mas com uma pequena porta. Isto significa estar isolado. Eu pensei: n\u00e3o posso viver aqui, simplesmente por raz\u00f5es mentais. Iria me fazer mal. No in\u00edcio, parecia uma coisa estranha, mas eu pedi para ficar aqui, na Casa Santa Marta. E isso \u00e9 bom para mim, porque eu me sinto livre. Eu almo\u00e7o e janto no refeit\u00f3rio onde todos comem. E quando chego com anteced\u00eancia, fa\u00e7o as refei\u00e7\u00f5es com os funcion\u00e1rios. Encontro pessoas, eu as sa\u00fado e isso faz com que a gaiola de ouro n\u00e3o seja tanto uma gaiola. Mas eu sinto falta da rua.<\/p>\n<p><strong>S \u2013 Santo Padre, Marc quer convid\u00e1-lo para sair e comer uma pizza conosco. O que o senhor acha?<\/strong><br \/>\n<strong> Papa<\/strong> \u2013 Eu gostaria, mas n\u00e3o conseguiremos fazer isso. Porque no momento que eu sair daqui as pessoas vir\u00e3o at\u00e9 mim. Quando eu fui mudar as lentes dos meus \u00f3culos na cidade, eram 7 da noite. N\u00e3o havia muitas pessoas na rua. Levaram-me ao \u00f3tico e quando sai do carro havia uma mulher que me viu e gritou: \u201c\u00c9 o Papa\u201d. E ent\u00e3o eu estava dentro e fora, tanta gente&#8230;<\/p>\n<p><strong>S \u2013 Faz falta o contato com as pessoas?<\/strong><br \/>\n<strong> Papa<\/strong> \u2013 Eu n\u00e3o sinto falta porque as pessoas v\u00eam aqui. Toda quarta-feira eu vou \u00e0 Pra\u00e7a para a Audi\u00eancia Geral, \u00e0s vezes eu vou a uma par\u00f3quia: estou em contato com as pessoas. Por exemplo, ontem (26 de outubro) vieram mais de 5 mil ciganos \u00e0 Sala Paulo VI.<\/p>\n<p><strong>S \u2013 Pode-se ver que o senhor gosta desta volta na pra\u00e7a durante a Audi\u00eancia geral &#8230;<\/strong><br \/>\n<strong> Papa<\/strong> \u2013 \u00c9 verdade. Sim, \u00e9 verdade.<\/p>\n<p><strong>S &#8211; O seu hom\u00f4nimo S\u00e3o Francisco escolheu a pobreza radical e vendeu tamb\u00e9m o seu Evangelho. Como Papa, e Bispo de Roma, o senhor n\u00e3o se sente \u00e0s vezes sob press\u00e3o para vender os tesouros da Igreja?<\/strong><br \/>\n<strong> Papa<\/strong> \u2013 Esta \u00e9 uma pergunta f\u00e1cil. N\u00e3o s\u00e3o os tesouros da Igreja, mas s\u00e3o os tesouros da humanidade. Por exemplo, se eu amanh\u00e3 digo que a Piet\u00e0 de Michelangelo ser\u00e1 leiloada, n\u00e3o \u00e9 poss\u00edvel, porque n\u00e3o \u00e9 de propriedade da Igreja. Est\u00e1 em uma igreja, mas \u00e9 da humanidade. Isso se aplica a todos os tesouros da Igreja. Mas n\u00f3s come\u00e7amos a vender presentes e outras coisas que s\u00e3o dadas para mim. E os rendimentos da venda v\u00e3o para Dom Krajewski, que \u00e9 meu elemosineiro. E depois tem tamb\u00e9m a loteria. H\u00e1 carros que foram vendidos ou cedidos em uma loteria, e os recursos recolhidos utilizados para os pobres. H\u00e1 coisas que se podem vender e essas se vendem.<\/p>\n<p><strong>S \u2013 O senhor percebe que a riqueza da Igreja pode criar este tipo de expectativas?<\/strong><br \/>\n<strong> Papa<\/strong> \u2013 Sim, se fizermos um cat\u00e1logo dos bens da Igreja, se pensa: a Igreja \u00e9 muito rica. Mas quando foi feito a Concordata com a It\u00e1lia em 1929 sobre a Quest\u00e3o Romana, o governo italiano daquele tempo ofereceu \u00e0 Igreja um grande parque em Roma. O papa na \u00e9poca, Pio XI, disse: n\u00e3o, eu gostaria apenas de meio quil\u00f4metro quadrado para garantir a independ\u00eancia da Igreja. Este princ\u00edpio vale ainda hoje. Sim, os bens im\u00f3veis da Igreja s\u00e3o muitos, mas n\u00f3s os usamos para manter as estruturas da Igreja e para manter muitas obras que s\u00e3o feitas em pa\u00edses necessitados: hospitais, escolas. Ontem, por exemplo, eu pedi para enviar ao Congo 50 mil euros para construir tr\u00eas escolas em lugares pobres; a educa\u00e7\u00e3o \u00e9 uma coisa importante para as crian\u00e7as. Eu fui \u00e0 administra\u00e7\u00e3o competente, fiz este pedido e o dinheiro foi enviado.<\/p>\n<p><strong>S &#8211; Vamos falar sobre a Holanda. O senhor nunca esteve em nosso pa\u00eds?<\/strong><br \/>\n<strong> Papa<\/strong> \u2013 Sim, uma vez quando eu era superior provincial dos jesu\u00edtas na Argentina. Estava de passagem durante uma viagem. Eu fui a Wijchen, porque ali havia o noviciado, e tamb\u00e9m fui a Amsterd\u00e3 por um dia e meio, onde visitei uma casa dos jesu\u00edtas. Sobre a vida cultural n\u00e3o vi nada porque eu n\u00e3o tinha tempo.<\/p>\n<p><strong>S \u2013 Por isso poderia ser uma boa ideia se os sem-teto da Holanda convidassem o senhor para uma visita ao nosso pa\u00eds. O que a acha, Santo Padre?<\/strong><br \/>\n<strong> Papa<\/strong> \u2013 As portas n\u00e3o est\u00e3o fechadas a essa possibilidade.<\/p>\n<p><strong>S &#8211; Ent\u00e3o, quando haver\u00e1 um pedido desta natureza, o senhor vai lev\u00e1-lo em considera\u00e7\u00e3o?<\/strong><br \/>\n<strong> Papa<\/strong> \u2013 Eu o considerarei. E agora que a Holanda tem uma rainha argentina (risos), quem sabe.<\/p>\n<p><strong>S &#8211; Alguma mensagem especial para os sem-teto em nosso pa\u00eds?<\/strong><br \/>\n<strong> Papa<\/strong> \u2013 Eu n\u00e3o conhe\u00e7o bem a situa\u00e7\u00e3o dos sem-teto na Holanda. Eu gostaria de dizer que a Holanda \u00e9 um pa\u00eds desenvolvido com tantas possibilidades. Eu pediria aos sem-teto holandeses para continuarem a lutar pelos tr\u00eas &#8216;t&#8217;.<br \/>\n<strong> Na conclus\u00e3o, tamb\u00e9m Marc faz algumas perguntas. Ele quer saber, entre outras coisas, se o Papa quando era crian\u00e7a sonhava em se tornar Papa. O Papa respondeu com um firme &#8220;n\u00e3o&#8221;.<\/strong><br \/>\n<strong>Papa<\/strong> \u2013 Eu fa\u00e7o uma confid\u00eancia. Quando eu era pequeno n\u00e3o havia lojas que vendiam coisas. Em vez disso, havia o mercado onde se encontrava o a\u00e7ougueiro, o verdureiro e assim por diante. Eu fui l\u00e1 com minha m\u00e3e e minha av\u00f3 para fazer compras. Eu era pequeno, eu tinha quatro anos. E uma vez me perguntaram: O que voc\u00ea gostaria de ser quando crescer? Eu disse: a\u00e7ougueiro!<\/p>\n<p><strong>S &#8211; Para muitos, at\u00e9 13 de mar\u00e7o de 2013 o senhor era uma pessoa desconhecida. Em seguida, de um momento para outro, se tornou famoso em todo o mundo. Como viveu essa experi\u00eancia?<\/strong><br \/>\n<strong> Pap<\/strong>a \u2013 Chegou e n\u00e3o esperava isso. Eu n\u00e3o perdi a paz. E isso \u00e9 uma gra\u00e7a de Deus. Eu n\u00e3o penso muito no fato de que sou famoso. Eu digo para mim mesmo: agora eu tenho um lugar importante, mas em dez anos ningu\u00e9m mais vai me reconhecer (risos). Voc\u00ea sabe, existem dois tipos de fama: a fama dos \u201cgrandes\u201d que fizeram grandes coisas, como Madame Curie, e a fama dos vaidosos. Mas essa \u00faltima fama \u00e9 como uma bolha de sab\u00e3o.<\/p>\n<p><strong>S &#8211; Ent\u00e3o, o senhor diz &#8220;agora eu estou aqui e eu tenho que fazer o melhor&#8221; e continuar\u00e1 este trabalho at\u00e9 quando for capaz?<\/strong><br \/>\n<strong> Papa<\/strong> \u2013 Sim.<\/p>\n<p><strong>S &#8211; Santo Padre, o senhor pode imaginar um mundo sem os pobres?<\/strong><br \/>\n<strong> Papa<\/strong> \u2013 Eu gostaria de um mundo sem pobres. Devemos lutar por isso. Mas eu sou um crente e sei que o pecado est\u00e1 sempre dentro de n\u00f3s. E h\u00e1 sempre a gan\u00e2ncia humana, a falta de solidariedade, o ego\u00edsmo que criam os pobres. Por isso, me parece um pouco dif\u00edcil imaginar um mundo sem pobres. Se voc\u00ea pensa nas crian\u00e7as exploradas para o trabalho escravo, ou nas crian\u00e7as exploradas para o abuso sexual. E outra forma de explora\u00e7\u00e3o: matar crian\u00e7as para a remo\u00e7\u00e3o de \u00f3rg\u00e3os, o tr\u00e1fico de \u00f3rg\u00e3os. Matar as crian\u00e7as para remover \u00f3rg\u00e3os \u00e9 gan\u00e2ncia. Por isso, n\u00e3o sei se teremos um mundo sem os pobres, porque o pecado sempre existe e nos leva ao ego\u00edsmo. Mas devemos lutar, sempre, sempre&#8230;<\/p>\n<p>Terminamos. Agradecemos ao Papa pela entrevista. Tamb\u00e9m ele nos agradece e diz que gostou muito da entrevista. Ent\u00e3o pega o envelope branco que todo o tempo manteve ao seu lado no sof\u00e1 e tira para cada um de n\u00f3s um ros\u00e1rio. S\u00e3o tiradas fotos e, em seguida, o Papa Francisco se despede. T\u00e3o calmo e tranquilo como ele chegou, agora sai pela porta.<\/p>\n","protected":false},"excerpt":{"rendered":"<p>Entrevista<\/p>\n","protected":false},"author":1,"featured_media":214810,"comment_status":"open","ping_status":"open","sticky":false,"template":"","format":"standard","meta":[],"categories":[1428],"tags":[17],"acf":[],"yoast_head":"<!-- This site is optimized with the Yoast SEO plugin v19.2 - https:\/\/yoast.com\/wordpress\/plugins\/seo\/ -->\n<title>Papa Francisco: &#039;Existe sempre o perigo da corrup\u00e7\u00e3o&#039; - Not\u00edcias - Franciscanos<\/title>\n<meta name=\"robots\" content=\"index, follow, max-snippet:-1, max-image-preview:large, max-video-preview:-1\" \/>\n<link rel=\"canonical\" href=\"https:\/\/franciscanos.org.br\/noticias\/papa-existe-sempre-o-perigo-da-corrupcao.html\" \/>\n<meta property=\"og:locale\" content=\"pt_BR\" \/>\n<meta property=\"og:type\" content=\"article\" \/>\n<meta property=\"og:title\" content=\"Papa Francisco: &#039;Existe sempre o perigo da corrup\u00e7\u00e3o&#039; - Not\u00edcias - Franciscanos\" \/>\n<meta property=\"og:description\" content=\"Entrevista\" \/>\n<meta property=\"og:url\" content=\"https:\/\/franciscanos.org.br\/noticias\/papa-existe-sempre-o-perigo-da-corrupcao.html\" \/>\n<meta property=\"og:site_name\" content=\"Not\u00edcias - Franciscanos\" \/>\n<meta property=\"article:published_time\" content=\"2015-11-08T09:36:06+00:00\" \/>\n<meta property=\"article:modified_time\" content=\"2020-06-10T14:00:53+00:00\" \/>\n<meta property=\"og:image\" content=\"https:\/\/franciscanos.org.br\/noticias\/wp-content\/uploads\/2015\/11\/papa.jpg\" \/>\n\t<meta property=\"og:image:width\" content=\"273\" \/>\n\t<meta property=\"og:image:height\" content=\"181\" \/>\n\t<meta property=\"og:image:type\" content=\"image\/jpeg\" \/>\n<meta name=\"author\" content=\"admin\" \/>\n<meta name=\"twitter:card\" content=\"summary_large_image\" \/>\n<meta name=\"twitter:label1\" content=\"Escrito por\" \/>\n\t<meta name=\"twitter:data1\" content=\"admin\" \/>\n\t<meta name=\"twitter:label2\" content=\"Est. tempo de leitura\" \/>\n\t<meta name=\"twitter:data2\" content=\"14 minutos\" \/>\n<script type=\"application\/ld+json\" class=\"yoast-schema-graph\">{\"@context\":\"https:\/\/schema.org\",\"@graph\":[{\"@type\":\"WebSite\",\"@id\":\"https:\/\/franciscanos.org.br\/noticias\/#website\",\"url\":\"https:\/\/franciscanos.org.br\/noticias\/\",\"name\":\"Not\u00edcias - Franciscanos\",\"description\":\"Prov\u00edncia Franciscana da Imaculada Concei\u00e7\u00e3o do Brasil - Ordem dos Frades Menores - OFM\",\"potentialAction\":[{\"@type\":\"SearchAction\",\"target\":{\"@type\":\"EntryPoint\",\"urlTemplate\":\"https:\/\/franciscanos.org.br\/noticias\/?s={search_term_string}\"},\"query-input\":\"required name=search_term_string\"}],\"inLanguage\":\"pt-BR\"},{\"@type\":\"ImageObject\",\"inLanguage\":\"pt-BR\",\"@id\":\"https:\/\/franciscanos.org.br\/noticias\/papa-existe-sempre-o-perigo-da-corrupcao.html#primaryimage\",\"url\":\"https:\/\/franciscanos.org.br\/noticias\/wp-content\/uploads\/2015\/11\/papa.jpg\",\"contentUrl\":\"https:\/\/franciscanos.org.br\/noticias\/wp-content\/uploads\/2015\/11\/papa.jpg\",\"width\":273,\"height\":181},{\"@type\":\"WebPage\",\"@id\":\"https:\/\/franciscanos.org.br\/noticias\/papa-existe-sempre-o-perigo-da-corrupcao.html#webpage\",\"url\":\"https:\/\/franciscanos.org.br\/noticias\/papa-existe-sempre-o-perigo-da-corrupcao.html\",\"name\":\"Papa Francisco: 'Existe sempre o perigo da corrup\u00e7\u00e3o' - Not\u00edcias - Franciscanos\",\"isPartOf\":{\"@id\":\"https:\/\/franciscanos.org.br\/noticias\/#website\"},\"primaryImageOfPage\":{\"@id\":\"https:\/\/franciscanos.org.br\/noticias\/papa-existe-sempre-o-perigo-da-corrupcao.html#primaryimage\"},\"datePublished\":\"2015-11-08T09:36:06+00:00\",\"dateModified\":\"2020-06-10T14:00:53+00:00\",\"author\":{\"@id\":\"https:\/\/franciscanos.org.br\/noticias\/#\/schema\/person\/b38fbf43118f02820bd932f2e4b14ad3\"},\"breadcrumb\":{\"@id\":\"https:\/\/franciscanos.org.br\/noticias\/papa-existe-sempre-o-perigo-da-corrupcao.html#breadcrumb\"},\"inLanguage\":\"pt-BR\",\"potentialAction\":[{\"@type\":\"ReadAction\",\"target\":[\"https:\/\/franciscanos.org.br\/noticias\/papa-existe-sempre-o-perigo-da-corrupcao.html\"]}]},{\"@type\":\"BreadcrumbList\",\"@id\":\"https:\/\/franciscanos.org.br\/noticias\/papa-existe-sempre-o-perigo-da-corrupcao.html#breadcrumb\",\"itemListElement\":[{\"@type\":\"ListItem\",\"position\":1,\"name\":\"Home\",\"item\":\"https:\/\/franciscanos.org.br\/noticias\"},{\"@type\":\"ListItem\",\"position\":2,\"name\":\"Papa Francisco: &#8216;Existe sempre o perigo da corrup\u00e7\u00e3o&#8217;\"}]},{\"@type\":\"Person\",\"@id\":\"https:\/\/franciscanos.org.br\/noticias\/#\/schema\/person\/b38fbf43118f02820bd932f2e4b14ad3\",\"name\":\"admin\",\"image\":{\"@type\":\"ImageObject\",\"inLanguage\":\"pt-BR\",\"@id\":\"https:\/\/franciscanos.org.br\/noticias\/#\/schema\/person\/image\/\",\"url\":\"https:\/\/secure.gravatar.com\/avatar\/e8495742d34d0ba6448ea1c628263b3e?s=96&d=mm&r=g\",\"contentUrl\":\"https:\/\/secure.gravatar.com\/avatar\/e8495742d34d0ba6448ea1c628263b3e?s=96&d=mm&r=g\",\"caption\":\"admin\"},\"url\":\"https:\/\/franciscanos.org.br\/noticias\/author\/admin\"}]}<\/script>\n<!-- \/ Yoast SEO plugin. -->","yoast_head_json":{"title":"Papa Francisco: 'Existe sempre o perigo da corrup\u00e7\u00e3o' - Not\u00edcias - Franciscanos","robots":{"index":"index","follow":"follow","max-snippet":"max-snippet:-1","max-image-preview":"max-image-preview:large","max-video-preview":"max-video-preview:-1"},"canonical":"https:\/\/franciscanos.org.br\/noticias\/papa-existe-sempre-o-perigo-da-corrupcao.html","og_locale":"pt_BR","og_type":"article","og_title":"Papa Francisco: 'Existe sempre o perigo da corrup\u00e7\u00e3o' - Not\u00edcias - Franciscanos","og_description":"Entrevista","og_url":"https:\/\/franciscanos.org.br\/noticias\/papa-existe-sempre-o-perigo-da-corrupcao.html","og_site_name":"Not\u00edcias - Franciscanos","article_published_time":"2015-11-08T09:36:06+00:00","article_modified_time":"2020-06-10T14:00:53+00:00","og_image":[{"width":273,"height":181,"url":"https:\/\/franciscanos.org.br\/noticias\/wp-content\/uploads\/2015\/11\/papa.jpg","type":"image\/jpeg"}],"author":"admin","twitter_card":"summary_large_image","twitter_misc":{"Escrito por":"admin","Est. tempo de leitura":"14 minutos"},"schema":{"@context":"https:\/\/schema.org","@graph":[{"@type":"WebSite","@id":"https:\/\/franciscanos.org.br\/noticias\/#website","url":"https:\/\/franciscanos.org.br\/noticias\/","name":"Not\u00edcias - Franciscanos","description":"Prov\u00edncia Franciscana da Imaculada Concei\u00e7\u00e3o do Brasil - Ordem dos Frades Menores - OFM","potentialAction":[{"@type":"SearchAction","target":{"@type":"EntryPoint","urlTemplate":"https:\/\/franciscanos.org.br\/noticias\/?s={search_term_string}"},"query-input":"required name=search_term_string"}],"inLanguage":"pt-BR"},{"@type":"ImageObject","inLanguage":"pt-BR","@id":"https:\/\/franciscanos.org.br\/noticias\/papa-existe-sempre-o-perigo-da-corrupcao.html#primaryimage","url":"https:\/\/franciscanos.org.br\/noticias\/wp-content\/uploads\/2015\/11\/papa.jpg","contentUrl":"https:\/\/franciscanos.org.br\/noticias\/wp-content\/uploads\/2015\/11\/papa.jpg","width":273,"height":181},{"@type":"WebPage","@id":"https:\/\/franciscanos.org.br\/noticias\/papa-existe-sempre-o-perigo-da-corrupcao.html#webpage","url":"https:\/\/franciscanos.org.br\/noticias\/papa-existe-sempre-o-perigo-da-corrupcao.html","name":"Papa Francisco: 'Existe sempre o perigo da corrup\u00e7\u00e3o' - Not\u00edcias - Franciscanos","isPartOf":{"@id":"https:\/\/franciscanos.org.br\/noticias\/#website"},"primaryImageOfPage":{"@id":"https:\/\/franciscanos.org.br\/noticias\/papa-existe-sempre-o-perigo-da-corrupcao.html#primaryimage"},"datePublished":"2015-11-08T09:36:06+00:00","dateModified":"2020-06-10T14:00:53+00:00","author":{"@id":"https:\/\/franciscanos.org.br\/noticias\/#\/schema\/person\/b38fbf43118f02820bd932f2e4b14ad3"},"breadcrumb":{"@id":"https:\/\/franciscanos.org.br\/noticias\/papa-existe-sempre-o-perigo-da-corrupcao.html#breadcrumb"},"inLanguage":"pt-BR","potentialAction":[{"@type":"ReadAction","target":["https:\/\/franciscanos.org.br\/noticias\/papa-existe-sempre-o-perigo-da-corrupcao.html"]}]},{"@type":"BreadcrumbList","@id":"https:\/\/franciscanos.org.br\/noticias\/papa-existe-sempre-o-perigo-da-corrupcao.html#breadcrumb","itemListElement":[{"@type":"ListItem","position":1,"name":"Home","item":"https:\/\/franciscanos.org.br\/noticias"},{"@type":"ListItem","position":2,"name":"Papa Francisco: &#8216;Existe sempre o perigo da corrup\u00e7\u00e3o&#8217;"}]},{"@type":"Person","@id":"https:\/\/franciscanos.org.br\/noticias\/#\/schema\/person\/b38fbf43118f02820bd932f2e4b14ad3","name":"admin","image":{"@type":"ImageObject","inLanguage":"pt-BR","@id":"https:\/\/franciscanos.org.br\/noticias\/#\/schema\/person\/image\/","url":"https:\/\/secure.gravatar.com\/avatar\/e8495742d34d0ba6448ea1c628263b3e?s=96&d=mm&r=g","contentUrl":"https:\/\/secure.gravatar.com\/avatar\/e8495742d34d0ba6448ea1c628263b3e?s=96&d=mm&r=g","caption":"admin"},"url":"https:\/\/franciscanos.org.br\/noticias\/author\/admin"}]}},"_links":{"self":[{"href":"https:\/\/franciscanos.org.br\/noticias\/wp-json\/wp\/v2\/posts\/97948"}],"collection":[{"href":"https:\/\/franciscanos.org.br\/noticias\/wp-json\/wp\/v2\/posts"}],"about":[{"href":"https:\/\/franciscanos.org.br\/noticias\/wp-json\/wp\/v2\/types\/post"}],"author":[{"embeddable":true,"href":"https:\/\/franciscanos.org.br\/noticias\/wp-json\/wp\/v2\/users\/1"}],"replies":[{"embeddable":true,"href":"https:\/\/franciscanos.org.br\/noticias\/wp-json\/wp\/v2\/comments?post=97948"}],"version-history":[{"count":1,"href":"https:\/\/franciscanos.org.br\/noticias\/wp-json\/wp\/v2\/posts\/97948\/revisions"}],"predecessor-version":[{"id":225889,"href":"https:\/\/franciscanos.org.br\/noticias\/wp-json\/wp\/v2\/posts\/97948\/revisions\/225889"}],"wp:featuredmedia":[{"embeddable":true,"href":"https:\/\/franciscanos.org.br\/noticias\/wp-json\/wp\/v2\/media\/214810"}],"wp:attachment":[{"href":"https:\/\/franciscanos.org.br\/noticias\/wp-json\/wp\/v2\/media?parent=97948"}],"wp:term":[{"taxonomy":"category","embeddable":true,"href":"https:\/\/franciscanos.org.br\/noticias\/wp-json\/wp\/v2\/categories?post=97948"},{"taxonomy":"post_tag","embeddable":true,"href":"https:\/\/franciscanos.org.br\/noticias\/wp-json\/wp\/v2\/tags?post=97948"}],"curies":[{"name":"wp","href":"https:\/\/api.w.org\/{rel}","templated":true}]}}