{"id":97924,"date":"2015-11-06T09:35:05","date_gmt":"2015-11-06T11:35:05","guid":{"rendered":"http:\/\/franciscanos.org.br\/?p=97924"},"modified":"2019-01-23T16:16:40","modified_gmt":"2019-01-23T18:16:40","slug":"lancamentos-da-semana-9","status":"publish","type":"post","link":"https:\/\/franciscanos.org.br\/noticias\/lancamentos-da-semana-9.html","title":{"rendered":"Lan\u00e7amentos da semana"},"content":{"rendered":"<h3><strong><a href=\"http:\/\/franciscanos.org.br\/wp-content\/uploads\/2015\/11\/lamento-dos-mortos.jpg\"><img loading=\"lazy\" class=\"alignleft size-full wp-image-97926\" src=\"http:\/\/franciscanos.org.br\/wp-content\/uploads\/2015\/11\/lamento-dos-mortos.jpg\" alt=\"lamento-dos-mortos\" width=\"200\" height=\"310\" \/><\/a>Lamento dos mortos<\/strong><br \/>\n<strong>A psicologia depois de O Livro Vermelho de Jung<\/strong><\/h3>\n<p><strong>James Hillman e Sonu Shamdasani<\/strong><\/p>\n<p>O Lamento dos Mortos resulta dos di\u00e1logos de Sonu Shamdasani, historiador e editor do Livro Vermelho, com James Hillman, falecido em 2011, um dos grandes nomes da psicologia de C.G.Jung. Esses di\u00e1logos foram realizados para aprofundar as quest\u00f5es abordadas por Jung em seu Livro Vermelho que, por sua vez, dialoga com os esp\u00edritos dos ancestrais, os Mortos do passado e, todavia, presentes no inconsciente coletivo e cultural da civiliza\u00e7\u00e3o.<br \/>\nShmadasani e Hillman aprofundam, portanto, e discutem as consequ\u00eancias da publica\u00e7\u00e3o desse importante experimento de Jung para a Psicologia, uma vez que os aspectos mais fortes e insuper\u00e1veis da obra de Jung teriam permanecido inexplorados e ocultados em prol de um tratamento mais sensacionalista e superficial dado pela imprensa mundial \u00e0 publica\u00e7\u00e3o do livro e \u00e0 figura do pr\u00f3prio Jung. Dedicam-se, portanto, os dois especialistas da Obra de Jung, a resgatar aspectos essenciais diante dos quais a Psicologia e os estudiosos da alma, dos arqu\u00e9tipos, da religi\u00e3o e da mitologia, n\u00e3o podem ficar indiferentes.<\/p>\n<p style=\"padding-left: 30px;\"><strong>James Hillman<\/strong><em> foi um psic\u00f3logo americano, autor de muitos livros influentes, incluindo \u201cO c\u00f3digo do ser\u201d, \u201cPsicologia alqu\u00edmica\u201d e \u201cRe-vendo a psicologia\u201d. Foi o primeiro diretor de estudos do Instituto C.G. Jung em Zurique e o fundador da Psicologia Arquet\u00edpica. Ele morreu em sua casa em Connecticut, no outono de 2011.<\/em><\/p>\n<p style=\"padding-left: 30px;\"><strong>Sonu Shamdasani<\/strong><em> \u00e9 o Philemon Professor de Hist\u00f3ria Junguiana no Center for the History of Psychological Disciplines da University College Londres, e \u00e9 amplamente reconhecido como o principal historiador de Jung em atividade hoje. \u00c9 autor de numerosos trabalhos, incluindo \u201cC.G. Jung: uma biografia em livros\u201d, al\u00e9m de editor e cotradutor de \u201cO Livro Vermelho\u201d. Mora em Londres.<\/em><\/p>\n<p><strong>N\u00ba de p\u00e1ginas: 248<\/strong><\/p>\n<p>&nbsp;<\/p>\n<h3><strong><a href=\"http:\/\/franciscanos.org.br\/wp-content\/uploads\/2015\/11\/oracoes-de-louvor.jpg\"><img loading=\"lazy\" class=\"alignleft size-full wp-image-97927\" src=\"http:\/\/franciscanos.org.br\/wp-content\/uploads\/2015\/11\/oracoes-de-louvor.jpg\" alt=\"oracoes-de-louvor\" width=\"200\" height=\"305\" \/><\/a>Ora\u00e7\u00f5es de louvor, cura e liberta\u00e7\u00e3o<\/strong><\/h3>\n<p><strong>Ant\u00f4nio Francisco Bohn<\/strong><\/p>\n<p>A ora\u00e7\u00e3o consiste em elevar a alma at\u00e9 Deus ou em pedir bens conformes \u00e0 sua vontade. Ela \u00e9 sempre um dom de Deus que vem ao encontro de uma pessoa. A ora\u00e7\u00e3o crist\u00e3 \u00e9 rela\u00e7\u00e3o pessoal e viva dos filhos de Deus com o Pai de bondade, com o seu Filho Jesus Cristo e com o Esp\u00edrito Santo que habita em cada cora\u00e7\u00e3o.<\/p>\n<p>Ora\u00e7\u00f5es de louvor, cura e liberta\u00e7\u00e3o re\u00fane preces, b\u00ean\u00e7\u00e3os, ora\u00e7\u00f5es de adora\u00e7\u00e3o, peti\u00e7\u00e3o, intercess\u00e3o, a\u00e7\u00e3o de gra\u00e7as e louvor, s\u00faplicas elevadas com confian\u00e7a ao Pai Misericordioso para louvar sua ternura, obter cura em nossas dores e sofrimentos e liberta\u00e7\u00e3o das ang\u00fastias que nos impedem de viver a cada dia de forma plena e completa a nossa condi\u00e7\u00e3o de filhos e filhas de Deus.<\/p>\n<p style=\"padding-left: 30px;\"><strong>Ant\u00f4nio Francisco Bohn<\/strong><em> \u00e9 vig\u00e1rio paroquial em Lu\u00eds Alves (SC). Autor de: Devocion\u00e1rio do Sagrado Cora\u00e7\u00e3o de Jesus (2007), Ora\u00e7\u00f5es para visita e atendimento aos enfermos (2012), Os Jovens rezam (2012), publicados pela Editora Vozes.<\/em><\/p>\n<p><strong>N\u00ba de p\u00e1ginas: 56<\/strong><\/p>\n<p>&nbsp;<\/p>\n<h3><strong><a href=\"http:\/\/franciscanos.org.br\/wp-content\/uploads\/2015\/11\/pensar-bem.jpg\"><img loading=\"lazy\" class=\"alignleft size-full wp-image-97928\" src=\"http:\/\/franciscanos.org.br\/wp-content\/uploads\/2015\/11\/pensar-bem.jpg\" alt=\"pensar-bem\" width=\"200\" height=\"320\" \/><\/a>Pensar bem nos faz bem! Vol. 4<\/strong><br \/>\n<strong>Pequenas reflex\u00f5es sobre grandes temas<\/strong><\/h3>\n<p><strong>Mario Sergio Cortella<\/strong><\/p>\n<p>Viv\u00eancia familiar, viv\u00eancia profissional, viv\u00eancia intelectual e viv\u00eancia moral s\u00e3o temas bastante relevantes para o ser humano na busca pela constru\u00e7\u00e3o de um indiv\u00edduo. Pode n\u00e3o parecer, mas todos t\u00eam uma liga\u00e7\u00e3o entre si.<br \/>\nTendo como inspira\u00e7\u00e3o esses temas, o autor Mario Sergio Cortella elaborou o quarto volume do \u201cPensar bem nos faz bem!\u201d. Como os volumes anteriores, o livro \u00e9 baseado nas falas di\u00e1rias do autor na r\u00e1dio CBN e trazem o olhar da Filosofia sobre temas do quotidiano.<\/p>\n<p>A Filosofia tem um lugar especial no campo dos nossos conhecimentos e saberes: serve para pensarmos melhor, indagar sobre as raz\u00f5es daquilo que fazemos, pensamos e olhamos, de forma a n\u00e3o ter uma vida autom\u00e1tica, marcada por um pensamento pouco cr\u00edtico, ou at\u00e9 por uma aliena\u00e7\u00e3o em rela\u00e7\u00e3o ao mundo objetivo. O professor e fil\u00f3sofo, Mario Sergio Cortella, conhecido pelas suas in\u00fameras palestras, participa\u00e7\u00f5es em debates e em programas no radio e na TV, nesta obra faz este provocativo convite: pensar grandes temas a partir de pequenas reflex\u00f5es.<\/p>\n<p style=\"padding-left: 30px;\"><strong>Mario Sergio Cortella<\/strong><em>, nascido em Londrina (PR) em 05\/03\/1954, fil\u00f3sofo e escritor, com Mestrado e Doutorado em Educa\u00e7\u00e3o, professor-titular da PUC-SP (na qual atuou por 35 anos, 1977\/2012), com doc\u00eancia e pesquisa na P\u00f3s-Gradua\u00e7\u00e3o em Educa\u00e7\u00e3o: Curr\u00edculo (1997\/2012) e no Departamento de Teologia e Ci\u00eancias da Religi\u00e3o (1977\/2007); \u00e9 professor-convidado da Funda\u00e7\u00e3o Dom Cabral (desde 1997) e ensinou no GVpec da FGV- SP (1998\/2010). Foi Secret\u00e1rio Municipal de Educa\u00e7\u00e3o de S\u00e3o Paulo (1991-1992), tendo antes sido Assessor Especial e Chefe de Gabinete do Prof. Paulo Freire. Comentarista da R\u00e1dio CBN no Academia CBN (rede nacional, de segunda a sexta-feira) e Escola da Vida (capital paulista as ter\u00e7as e quintas-feiras). \u00c9 autor, entre outras obras, de A Escola e o Conhecimento (Cortez), Nos Labirintos da Moral, com Yves de La Taille (Papirus), N\u00e3o Espere Pelo Epit\u00e1fio! (Vozes), N\u00e3o Nascemos Prontos! (Vozes), Sobre a Esperan\u00e7a: Di\u00e1logo, com Frei Betto (Papirus), O que \u00e9 a Pergunta?, com Silmara Casadei (Cortez), Lideran\u00e7a em Foco, com Eug\u00eanio Mussak (Papirus), Filosofia e Ensino M\u00e9dio: certas raz\u00f5es, alguns sen\u00f5es, uma proposta (Vozes), Viver em Paz para Morrer em Paz: Paix\u00e3o, Sentido e Felicidade (Versar\/Saraiva), Pol\u00edtica: Para N\u00e3o Ser Idiota, com Renato Janine Ribeiro (Papirus), Vida e Carreira: um equil\u00edbrio poss\u00edvel?, com Pedro Mandelli (Papirus), Educa\u00e7\u00e3o e Esperan\u00e7a: sete reflex\u00f5es breves para recusar o bioc\u00eddio (PoliSaber), Escola e Preconceito: Doc\u00eancia, Disc\u00eancia e Dec\u00eancia, com Janete Le\u00e3o Ferraz (\u00c1tica), Vivemos Mais! Vivemos Bem?, com Terezinha Azer\u00eado Rios (Papirus), N\u00e3o Se Desespere! (Vozes), Educa\u00e7\u00e3o, Escola e Doc\u00eancia: novos tempos, novas atitudes (Cortez), \u00c9tica e Vergonha na cara!, com Cl\u00f3vis de Barros Filho (Papirus), Pensatas Pedag\u00f3gicas: N\u00f3s e a Escola (Vozes) e Qual \u00e9 a tua Obra? Inquieta\u00e7\u00f5es Propositivas sobre Gest\u00e3o, Lideran\u00e7a e \u00c9tica (Vozes).<\/em><\/p>\n<p><strong>N\u00ba de p\u00e1ginas<\/strong>:<strong>\u00a0136<\/strong><\/p>\n<p>&nbsp;<\/p>\n<h3><strong><a href=\"http:\/\/franciscanos.org.br\/wp-content\/uploads\/2015\/11\/vida-espiritual.jpg\"><img loading=\"lazy\" class=\"alignleft size-full wp-image-97929\" src=\"http:\/\/franciscanos.org.br\/wp-content\/uploads\/2015\/11\/vida-espiritual.jpg\" alt=\"vida-espiritual\" width=\"200\" height=\"318\" \/><\/a>Vida espiritual como caminho de realiza\u00e7\u00e3o<\/strong><\/h3>\n<p><strong>Eder Vasconcelos<\/strong><\/p>\n<p>O que \u00e9 a vida espiritual? Hoje, muitas pessoas se fazem esta pergunta. E muitas vezes ela acaba ficando sem resposta. Pensando nisso, Eder Vasconcelos lan\u00e7ou o desafio de dar uma resposta a esta quest\u00e3o a partir da tradi\u00e7\u00e3o crist\u00e3 sem menosprezar outras tradi\u00e7\u00f5es religiosas e assim surgiu este livro.<br \/>\nSegundo o autor, n\u00e3o existe vida espiritual quando negligenciamos nossa condi\u00e7\u00e3o de seres humanos enraizados na terra. Quem esquece sua humanidade corre o risco de n\u00e3o fazer nenhuma experi\u00eancia espiritual singular que d\u00ea sentido verdadeiro a sua exist\u00eancia. A vida espiritual \u00e9 como uma \u00e1rvore com suas ra\u00edzes profundamente enraizadas no solo, mas com seus galhos e folhas voltadas para o alto. Jamais devemos esquecer que a vida espiritual \u00e9 abertura de todo o nosso ser para Deus e enraizamento nas realidades emergentes que nos rodeiam.<\/p>\n<p style=\"padding-left: 30px;\"><strong>Eder Vasconcelos<\/strong> <em>\u00e9 frade franciscano; licenciado em Filosofia, bacharel em Teologia e p\u00f3s-graduado em Ci\u00eancias Sociais da Religi\u00e3o. \u00c9 terapeuta hol\u00edstico e massoterapeuta. Colabora na Escola de Forma\u00e7\u00e3o Teol\u00f3gico-Pastoral da Arquidiocese de Manaus e em diversas comunidades par\u00f3quias na anima\u00e7\u00e3o espiritual e pastoral de seus agentes.<\/em><\/p>\n<p><strong>N\u00ba de p\u00e1ginas:\u00a0120<\/strong><\/p>\n","protected":false},"excerpt":{"rendered":"<p>Editora Vozes<\/p>\n","protected":false},"author":1,"featured_media":194592,"comment_status":"open","ping_status":"open","sticky":false,"template":"","format":"standard","meta":[],"categories":[1],"tags":[238],"acf":[],"yoast_head":"<!-- This site is optimized with the Yoast SEO plugin v19.2 - https:\/\/yoast.com\/wordpress\/plugins\/seo\/ -->\n<title>Lan\u00e7amentos da semana - Not\u00edcias - Franciscanos<\/title>\n<meta name=\"robots\" content=\"index, follow, max-snippet:-1, max-image-preview:large, max-video-preview:-1\" \/>\n<link rel=\"canonical\" href=\"https:\/\/franciscanos.org.br\/noticias\/lancamentos-da-semana-9.html\" \/>\n<meta property=\"og:locale\" content=\"pt_BR\" \/>\n<meta property=\"og:type\" content=\"article\" \/>\n<meta property=\"og:title\" content=\"Lan\u00e7amentos da semana - Not\u00edcias - Franciscanos\" \/>\n<meta property=\"og:description\" content=\"Editora Vozes\" \/>\n<meta property=\"og:url\" content=\"https:\/\/franciscanos.org.br\/noticias\/lancamentos-da-semana-9.html\" \/>\n<meta property=\"og:site_name\" content=\"Not\u00edcias - Franciscanos\" \/>\n<meta property=\"article:published_time\" content=\"2015-11-06T11:35:05+00:00\" \/>\n<meta property=\"article:modified_time\" content=\"2019-01-23T18:16:40+00:00\" \/>\n<meta property=\"og:image\" content=\"https:\/\/franciscanos.org.br\/noticias\/wp-content\/uploads\/2017\/11\/vozes.png\" \/>\n\t<meta property=\"og:image:width\" content=\"273\" \/>\n\t<meta property=\"og:image:height\" content=\"181\" \/>\n\t<meta property=\"og:image:type\" content=\"image\/png\" \/>\n<meta name=\"author\" content=\"admin\" \/>\n<meta name=\"twitter:card\" content=\"summary_large_image\" \/>\n<meta name=\"twitter:label1\" content=\"Escrito por\" \/>\n\t<meta name=\"twitter:data1\" content=\"admin\" \/>\n\t<meta name=\"twitter:label2\" content=\"Est. tempo de leitura\" \/>\n\t<meta name=\"twitter:data2\" content=\"6 minutos\" \/>\n<script type=\"application\/ld+json\" class=\"yoast-schema-graph\">{\"@context\":\"https:\/\/schema.org\",\"@graph\":[{\"@type\":\"WebSite\",\"@id\":\"https:\/\/franciscanos.org.br\/noticias\/#website\",\"url\":\"https:\/\/franciscanos.org.br\/noticias\/\",\"name\":\"Not\u00edcias - Franciscanos\",\"description\":\"Prov\u00edncia Franciscana da Imaculada Concei\u00e7\u00e3o do Brasil - Ordem dos Frades Menores - OFM\",\"potentialAction\":[{\"@type\":\"SearchAction\",\"target\":{\"@type\":\"EntryPoint\",\"urlTemplate\":\"https:\/\/franciscanos.org.br\/noticias\/?s={search_term_string}\"},\"query-input\":\"required name=search_term_string\"}],\"inLanguage\":\"pt-BR\"},{\"@type\":\"ImageObject\",\"inLanguage\":\"pt-BR\",\"@id\":\"https:\/\/franciscanos.org.br\/noticias\/lancamentos-da-semana-9.html#primaryimage\",\"url\":\"https:\/\/franciscanos.org.br\/noticias\/wp-content\/uploads\/2017\/11\/vozes.png\",\"contentUrl\":\"https:\/\/franciscanos.org.br\/noticias\/wp-content\/uploads\/2017\/11\/vozes.png\",\"width\":273,\"height\":181},{\"@type\":\"WebPage\",\"@id\":\"https:\/\/franciscanos.org.br\/noticias\/lancamentos-da-semana-9.html#webpage\",\"url\":\"https:\/\/franciscanos.org.br\/noticias\/lancamentos-da-semana-9.html\",\"name\":\"Lan\u00e7amentos da semana - Not\u00edcias - Franciscanos\",\"isPartOf\":{\"@id\":\"https:\/\/franciscanos.org.br\/noticias\/#website\"},\"primaryImageOfPage\":{\"@id\":\"https:\/\/franciscanos.org.br\/noticias\/lancamentos-da-semana-9.html#primaryimage\"},\"datePublished\":\"2015-11-06T11:35:05+00:00\",\"dateModified\":\"2019-01-23T18:16:40+00:00\",\"author\":{\"@id\":\"https:\/\/franciscanos.org.br\/noticias\/#\/schema\/person\/b38fbf43118f02820bd932f2e4b14ad3\"},\"breadcrumb\":{\"@id\":\"https:\/\/franciscanos.org.br\/noticias\/lancamentos-da-semana-9.html#breadcrumb\"},\"inLanguage\":\"pt-BR\",\"potentialAction\":[{\"@type\":\"ReadAction\",\"target\":[\"https:\/\/franciscanos.org.br\/noticias\/lancamentos-da-semana-9.html\"]}]},{\"@type\":\"BreadcrumbList\",\"@id\":\"https:\/\/franciscanos.org.br\/noticias\/lancamentos-da-semana-9.html#breadcrumb\",\"itemListElement\":[{\"@type\":\"ListItem\",\"position\":1,\"name\":\"Home\",\"item\":\"https:\/\/franciscanos.org.br\/noticias\"},{\"@type\":\"ListItem\",\"position\":2,\"name\":\"Lan\u00e7amentos da semana\"}]},{\"@type\":\"Person\",\"@id\":\"https:\/\/franciscanos.org.br\/noticias\/#\/schema\/person\/b38fbf43118f02820bd932f2e4b14ad3\",\"name\":\"admin\",\"image\":{\"@type\":\"ImageObject\",\"inLanguage\":\"pt-BR\",\"@id\":\"https:\/\/franciscanos.org.br\/noticias\/#\/schema\/person\/image\/\",\"url\":\"https:\/\/secure.gravatar.com\/avatar\/e8495742d34d0ba6448ea1c628263b3e?s=96&d=mm&r=g\",\"contentUrl\":\"https:\/\/secure.gravatar.com\/avatar\/e8495742d34d0ba6448ea1c628263b3e?s=96&d=mm&r=g\",\"caption\":\"admin\"},\"url\":\"https:\/\/franciscanos.org.br\/noticias\/author\/admin\"}]}<\/script>\n<!-- \/ Yoast SEO plugin. -->","yoast_head_json":{"title":"Lan\u00e7amentos da semana - Not\u00edcias - Franciscanos","robots":{"index":"index","follow":"follow","max-snippet":"max-snippet:-1","max-image-preview":"max-image-preview:large","max-video-preview":"max-video-preview:-1"},"canonical":"https:\/\/franciscanos.org.br\/noticias\/lancamentos-da-semana-9.html","og_locale":"pt_BR","og_type":"article","og_title":"Lan\u00e7amentos da semana - Not\u00edcias - Franciscanos","og_description":"Editora Vozes","og_url":"https:\/\/franciscanos.org.br\/noticias\/lancamentos-da-semana-9.html","og_site_name":"Not\u00edcias - Franciscanos","article_published_time":"2015-11-06T11:35:05+00:00","article_modified_time":"2019-01-23T18:16:40+00:00","og_image":[{"width":273,"height":181,"url":"https:\/\/franciscanos.org.br\/noticias\/wp-content\/uploads\/2017\/11\/vozes.png","type":"image\/png"}],"author":"admin","twitter_card":"summary_large_image","twitter_misc":{"Escrito por":"admin","Est. tempo de leitura":"6 minutos"},"schema":{"@context":"https:\/\/schema.org","@graph":[{"@type":"WebSite","@id":"https:\/\/franciscanos.org.br\/noticias\/#website","url":"https:\/\/franciscanos.org.br\/noticias\/","name":"Not\u00edcias - Franciscanos","description":"Prov\u00edncia Franciscana da Imaculada Concei\u00e7\u00e3o do Brasil - Ordem dos Frades Menores - OFM","potentialAction":[{"@type":"SearchAction","target":{"@type":"EntryPoint","urlTemplate":"https:\/\/franciscanos.org.br\/noticias\/?s={search_term_string}"},"query-input":"required name=search_term_string"}],"inLanguage":"pt-BR"},{"@type":"ImageObject","inLanguage":"pt-BR","@id":"https:\/\/franciscanos.org.br\/noticias\/lancamentos-da-semana-9.html#primaryimage","url":"https:\/\/franciscanos.org.br\/noticias\/wp-content\/uploads\/2017\/11\/vozes.png","contentUrl":"https:\/\/franciscanos.org.br\/noticias\/wp-content\/uploads\/2017\/11\/vozes.png","width":273,"height":181},{"@type":"WebPage","@id":"https:\/\/franciscanos.org.br\/noticias\/lancamentos-da-semana-9.html#webpage","url":"https:\/\/franciscanos.org.br\/noticias\/lancamentos-da-semana-9.html","name":"Lan\u00e7amentos da semana - Not\u00edcias - Franciscanos","isPartOf":{"@id":"https:\/\/franciscanos.org.br\/noticias\/#website"},"primaryImageOfPage":{"@id":"https:\/\/franciscanos.org.br\/noticias\/lancamentos-da-semana-9.html#primaryimage"},"datePublished":"2015-11-06T11:35:05+00:00","dateModified":"2019-01-23T18:16:40+00:00","author":{"@id":"https:\/\/franciscanos.org.br\/noticias\/#\/schema\/person\/b38fbf43118f02820bd932f2e4b14ad3"},"breadcrumb":{"@id":"https:\/\/franciscanos.org.br\/noticias\/lancamentos-da-semana-9.html#breadcrumb"},"inLanguage":"pt-BR","potentialAction":[{"@type":"ReadAction","target":["https:\/\/franciscanos.org.br\/noticias\/lancamentos-da-semana-9.html"]}]},{"@type":"BreadcrumbList","@id":"https:\/\/franciscanos.org.br\/noticias\/lancamentos-da-semana-9.html#breadcrumb","itemListElement":[{"@type":"ListItem","position":1,"name":"Home","item":"https:\/\/franciscanos.org.br\/noticias"},{"@type":"ListItem","position":2,"name":"Lan\u00e7amentos da semana"}]},{"@type":"Person","@id":"https:\/\/franciscanos.org.br\/noticias\/#\/schema\/person\/b38fbf43118f02820bd932f2e4b14ad3","name":"admin","image":{"@type":"ImageObject","inLanguage":"pt-BR","@id":"https:\/\/franciscanos.org.br\/noticias\/#\/schema\/person\/image\/","url":"https:\/\/secure.gravatar.com\/avatar\/e8495742d34d0ba6448ea1c628263b3e?s=96&d=mm&r=g","contentUrl":"https:\/\/secure.gravatar.com\/avatar\/e8495742d34d0ba6448ea1c628263b3e?s=96&d=mm&r=g","caption":"admin"},"url":"https:\/\/franciscanos.org.br\/noticias\/author\/admin"}]}},"_links":{"self":[{"href":"https:\/\/franciscanos.org.br\/noticias\/wp-json\/wp\/v2\/posts\/97924"}],"collection":[{"href":"https:\/\/franciscanos.org.br\/noticias\/wp-json\/wp\/v2\/posts"}],"about":[{"href":"https:\/\/franciscanos.org.br\/noticias\/wp-json\/wp\/v2\/types\/post"}],"author":[{"embeddable":true,"href":"https:\/\/franciscanos.org.br\/noticias\/wp-json\/wp\/v2\/users\/1"}],"replies":[{"embeddable":true,"href":"https:\/\/franciscanos.org.br\/noticias\/wp-json\/wp\/v2\/comments?post=97924"}],"version-history":[{"count":0,"href":"https:\/\/franciscanos.org.br\/noticias\/wp-json\/wp\/v2\/posts\/97924\/revisions"}],"wp:featuredmedia":[{"embeddable":true,"href":"https:\/\/franciscanos.org.br\/noticias\/wp-json\/wp\/v2\/media\/194592"}],"wp:attachment":[{"href":"https:\/\/franciscanos.org.br\/noticias\/wp-json\/wp\/v2\/media?parent=97924"}],"wp:term":[{"taxonomy":"category","embeddable":true,"href":"https:\/\/franciscanos.org.br\/noticias\/wp-json\/wp\/v2\/categories?post=97924"},{"taxonomy":"post_tag","embeddable":true,"href":"https:\/\/franciscanos.org.br\/noticias\/wp-json\/wp\/v2\/tags?post=97924"}],"curies":[{"name":"wp","href":"https:\/\/api.w.org\/{rel}","templated":true}]}}