{"id":97859,"date":"2015-11-05T14:01:40","date_gmt":"2015-11-05T16:01:40","guid":{"rendered":"http:\/\/franciscanos.org.br\/?p=97859"},"modified":"2019-03-08T13:54:34","modified_gmt":"2019-03-08T16:54:34","slug":"deus-o-tudo-de-quem-nao-tem-nada","status":"publish","type":"post","link":"https:\/\/franciscanos.org.br\/noticias\/deus-o-tudo-de-quem-nao-tem-nada.html","title":{"rendered":"Deus: o tudo de quem n\u00e3o tem nada"},"content":{"rendered":"<p><img loading=\"lazy\" class=\"alignnone size-full wp-image-196301\" src=\"https:\/\/franciscanos.org.br\/noticias\/wp-content\/uploads\/2015\/11\/liturgia-820.jpg\" alt=\"\" width=\"820\" height=\"388\" srcset=\"https:\/\/franciscanos.org.br\/noticias\/wp-content\/uploads\/2015\/11\/liturgia-820.jpg 820w, https:\/\/franciscanos.org.br\/noticias\/wp-content\/uploads\/2015\/11\/liturgia-820-450x213.jpg 450w, https:\/\/franciscanos.org.br\/noticias\/wp-content\/uploads\/2015\/11\/liturgia-820-768x363.jpg 768w, https:\/\/franciscanos.org.br\/noticias\/wp-content\/uploads\/2015\/11\/liturgia-820-150x71.jpg 150w\" sizes=\"(max-width: 820px) 100vw, 820px\" \/><\/p>\n<p><strong>Frei Gustavo Medella<\/strong><\/p>\n<p>Segue uma pequena provoca\u00e7\u00e3o inspirada no Evangelho deste 32o Domingo do Tempo Comum (Mc 12,38-44)<\/p>\n<p>Na religi\u00e3o do capital, cujo deus \u00e9 o dinheiro, aquele homem paga caro para se manter na \u201ccrista da onda\u201d, a come\u00e7ar pelas rel\u00edquias que se precisa portar: sapatos, cal\u00e7a, camisa, rel\u00f3gio, caneta, joias e telefone celular de marcas badaladas, que permitem a uma pessoa vestir-se e equipar-se com roupas e acess\u00f3rios cujo valor daria para construir uma dezena de casas populares, ou mais. De fam\u00edlia cat\u00f3lica, n\u00e3o lhe custa desprender vez ou outra um \u201cchequinho\u201d, gordo at\u00e9, para ajudar o \u201cSeo Vig\u00e1rio\u201d a colocar o piso na igreja, ou ent\u00e3o desembolsar um valor consider\u00e1vel para aquela ONG que resgata animaizinhos abandonados. \u00c9 bom, ao menos para desencargo de consci\u00eancia.<\/p>\n<p>De outro lado, o pobrezinho, trajado com roupas de ponta de estoque comprada em lote por R$ 1,99, lavando-se com sab\u00e3o de coco e improvisando uma pulseira de borracha de pneu para seu antigo rel\u00f3gio \u201cChing Ling made in Paraguay\u201d. Mora numa pequena ocupa\u00e7\u00e3o, na periferia, sem documento algum, sem \u00e1gua, luz e esgoto. S\u00e3o ao todo 20 fam\u00edlias coabitando naquele ambiente de lama, lixo, doen\u00e7as, muitos sonhos, poucas esperan\u00e7as e bastante f\u00e9 em Deus, o tudo de quem n\u00e3o tem nada. Naquele lugar, o tal pobrezinho, que vive de catar papel\u00e3o e lata, \u00e9 refer\u00eancia. Com sua carro\u00e7a, n\u00e3o pensa duas vezes em fazer qualquer favor a seus vizinhos. Carrega tudo e todos naquela comunidade, desde a marmita do Z\u00e9, que pegou um trabalho de empreitada l\u00e1 no Centro, \u00e0 filha do Jo\u00e3o que, \u00f3rf\u00e3 de m\u00e3e n\u00e3o tem quem a busque na creche e l\u00e1 est\u00e1 o pobre com o seu carrinho de puxar. A menina vem quietinha, confortavelmente aconchegada na caminha feita de caixas de papel\u00e3o apanhada naquele dia. Quando volta do expediente, nosso amigo ainda acha tempo para levar arroz, comprado de seu bolso, \u00f3leo, sal, cebola e uns pezinhos de frango apanhados no a\u00e7ougue e prepara uma canja para a Dona Maria e o Seo Ant\u00f4nio, garantindo a janta do casal j\u00e1 profundamente limitado pela idade.<\/p>\n<p>Ambos s\u00e3o pessoas, seres humanos com fun\u00e7\u00f5es vitais, necessidades fisiol\u00f3gicas, vis\u00f5es de mundo, pensamentos, projetos, sonhos e desejos. Muda, no entanto, o modo de organizar a vida, as prioridades que cada um coloca para si. O primeiro achou por bem devotar-se a &#8220;deu$&#8221;. Tal op\u00e7\u00e3o exige muito empenho, intelig\u00eancia e determina\u00e7\u00e3o a fim de que os ganhos n\u00e3o diminuam, pois o dinheiro \u00e9 um deus exigente, que demanda de seu fi\u00e9is uma \u201cconsagra\u00e7\u00e3o total\u201d. Cultu\u00e1-lo exige a entrega da vida inteira. O segundo tamb\u00e9m entregou a vida inteira. O pouco que tem est\u00e1 a servi\u00e7o de todos. Encontra satisfa\u00e7\u00e3o e torna-se mais \u201cgente\u201d ao saber que servir o outro o torna grande. N\u00e3o tenho certeza de que seja cat\u00f3lico, mas seu esp\u00edrito de servi\u00e7o e doa\u00e7\u00e3o certamente o torna pr\u00f3ximo de Deus.<\/p>\n","protected":false},"excerpt":{"rendered":"<p>Liturgia Dominical<\/p>\n","protected":false},"author":1,"featured_media":201238,"comment_status":"open","ping_status":"open","sticky":false,"template":"","format":"standard","meta":[],"categories":[1],"tags":[537],"acf":[],"yoast_head":"<!-- This site is optimized with the Yoast SEO plugin v19.2 - https:\/\/yoast.com\/wordpress\/plugins\/seo\/ -->\n<title>Deus: o tudo de quem n\u00e3o tem nada - Not\u00edcias - Franciscanos<\/title>\n<meta name=\"robots\" content=\"index, follow, max-snippet:-1, max-image-preview:large, max-video-preview:-1\" \/>\n<link rel=\"canonical\" href=\"https:\/\/franciscanos.org.br\/noticias\/deus-o-tudo-de-quem-nao-tem-nada.html\" \/>\n<meta property=\"og:locale\" content=\"pt_BR\" \/>\n<meta property=\"og:type\" content=\"article\" \/>\n<meta property=\"og:title\" content=\"Deus: o tudo de quem n\u00e3o tem nada - Not\u00edcias - Franciscanos\" \/>\n<meta property=\"og:description\" content=\"Liturgia Dominical\" \/>\n<meta property=\"og:url\" content=\"https:\/\/franciscanos.org.br\/noticias\/deus-o-tudo-de-quem-nao-tem-nada.html\" \/>\n<meta property=\"og:site_name\" content=\"Not\u00edcias - Franciscanos\" \/>\n<meta property=\"article:published_time\" content=\"2015-11-05T16:01:40+00:00\" \/>\n<meta property=\"article:modified_time\" content=\"2019-03-08T16:54:34+00:00\" \/>\n<meta property=\"og:image\" content=\"https:\/\/franciscanos.org.br\/noticias\/wp-content\/uploads\/2015\/11\/liturgia-820-1.jpg\" \/>\n\t<meta property=\"og:image:width\" content=\"273\" \/>\n\t<meta property=\"og:image:height\" content=\"181\" \/>\n\t<meta property=\"og:image:type\" content=\"image\/jpeg\" \/>\n<meta name=\"author\" content=\"admin\" \/>\n<meta name=\"twitter:card\" content=\"summary_large_image\" \/>\n<meta name=\"twitter:label1\" content=\"Escrito por\" \/>\n\t<meta name=\"twitter:data1\" content=\"admin\" \/>\n\t<meta name=\"twitter:label2\" content=\"Est. tempo de leitura\" \/>\n\t<meta name=\"twitter:data2\" content=\"3 minutos\" \/>\n<script type=\"application\/ld+json\" class=\"yoast-schema-graph\">{\"@context\":\"https:\/\/schema.org\",\"@graph\":[{\"@type\":\"WebSite\",\"@id\":\"https:\/\/franciscanos.org.br\/noticias\/#website\",\"url\":\"https:\/\/franciscanos.org.br\/noticias\/\",\"name\":\"Not\u00edcias - Franciscanos\",\"description\":\"Prov\u00edncia Franciscana da Imaculada Concei\u00e7\u00e3o do Brasil - Ordem dos Frades Menores - OFM\",\"potentialAction\":[{\"@type\":\"SearchAction\",\"target\":{\"@type\":\"EntryPoint\",\"urlTemplate\":\"https:\/\/franciscanos.org.br\/noticias\/?s={search_term_string}\"},\"query-input\":\"required name=search_term_string\"}],\"inLanguage\":\"pt-BR\"},{\"@type\":\"ImageObject\",\"inLanguage\":\"pt-BR\",\"@id\":\"https:\/\/franciscanos.org.br\/noticias\/deus-o-tudo-de-quem-nao-tem-nada.html#primaryimage\",\"url\":\"https:\/\/franciscanos.org.br\/noticias\/wp-content\/uploads\/2015\/11\/liturgia-820-1.jpg\",\"contentUrl\":\"https:\/\/franciscanos.org.br\/noticias\/wp-content\/uploads\/2015\/11\/liturgia-820-1.jpg\",\"width\":273,\"height\":181},{\"@type\":\"WebPage\",\"@id\":\"https:\/\/franciscanos.org.br\/noticias\/deus-o-tudo-de-quem-nao-tem-nada.html#webpage\",\"url\":\"https:\/\/franciscanos.org.br\/noticias\/deus-o-tudo-de-quem-nao-tem-nada.html\",\"name\":\"Deus: o tudo de quem n\u00e3o tem nada - Not\u00edcias - Franciscanos\",\"isPartOf\":{\"@id\":\"https:\/\/franciscanos.org.br\/noticias\/#website\"},\"primaryImageOfPage\":{\"@id\":\"https:\/\/franciscanos.org.br\/noticias\/deus-o-tudo-de-quem-nao-tem-nada.html#primaryimage\"},\"datePublished\":\"2015-11-05T16:01:40+00:00\",\"dateModified\":\"2019-03-08T16:54:34+00:00\",\"author\":{\"@id\":\"https:\/\/franciscanos.org.br\/noticias\/#\/schema\/person\/b38fbf43118f02820bd932f2e4b14ad3\"},\"breadcrumb\":{\"@id\":\"https:\/\/franciscanos.org.br\/noticias\/deus-o-tudo-de-quem-nao-tem-nada.html#breadcrumb\"},\"inLanguage\":\"pt-BR\",\"potentialAction\":[{\"@type\":\"ReadAction\",\"target\":[\"https:\/\/franciscanos.org.br\/noticias\/deus-o-tudo-de-quem-nao-tem-nada.html\"]}]},{\"@type\":\"BreadcrumbList\",\"@id\":\"https:\/\/franciscanos.org.br\/noticias\/deus-o-tudo-de-quem-nao-tem-nada.html#breadcrumb\",\"itemListElement\":[{\"@type\":\"ListItem\",\"position\":1,\"name\":\"Home\",\"item\":\"https:\/\/franciscanos.org.br\/noticias\"},{\"@type\":\"ListItem\",\"position\":2,\"name\":\"Deus: o tudo de quem n\u00e3o tem nada\"}]},{\"@type\":\"Person\",\"@id\":\"https:\/\/franciscanos.org.br\/noticias\/#\/schema\/person\/b38fbf43118f02820bd932f2e4b14ad3\",\"name\":\"admin\",\"image\":{\"@type\":\"ImageObject\",\"inLanguage\":\"pt-BR\",\"@id\":\"https:\/\/franciscanos.org.br\/noticias\/#\/schema\/person\/image\/\",\"url\":\"https:\/\/secure.gravatar.com\/avatar\/e8495742d34d0ba6448ea1c628263b3e?s=96&d=mm&r=g\",\"contentUrl\":\"https:\/\/secure.gravatar.com\/avatar\/e8495742d34d0ba6448ea1c628263b3e?s=96&d=mm&r=g\",\"caption\":\"admin\"},\"url\":\"https:\/\/franciscanos.org.br\/noticias\/author\/admin\"}]}<\/script>\n<!-- \/ Yoast SEO plugin. -->","yoast_head_json":{"title":"Deus: o tudo de quem n\u00e3o tem nada - Not\u00edcias - Franciscanos","robots":{"index":"index","follow":"follow","max-snippet":"max-snippet:-1","max-image-preview":"max-image-preview:large","max-video-preview":"max-video-preview:-1"},"canonical":"https:\/\/franciscanos.org.br\/noticias\/deus-o-tudo-de-quem-nao-tem-nada.html","og_locale":"pt_BR","og_type":"article","og_title":"Deus: o tudo de quem n\u00e3o tem nada - Not\u00edcias - Franciscanos","og_description":"Liturgia Dominical","og_url":"https:\/\/franciscanos.org.br\/noticias\/deus-o-tudo-de-quem-nao-tem-nada.html","og_site_name":"Not\u00edcias - Franciscanos","article_published_time":"2015-11-05T16:01:40+00:00","article_modified_time":"2019-03-08T16:54:34+00:00","og_image":[{"width":273,"height":181,"url":"https:\/\/franciscanos.org.br\/noticias\/wp-content\/uploads\/2015\/11\/liturgia-820-1.jpg","type":"image\/jpeg"}],"author":"admin","twitter_card":"summary_large_image","twitter_misc":{"Escrito por":"admin","Est. tempo de leitura":"3 minutos"},"schema":{"@context":"https:\/\/schema.org","@graph":[{"@type":"WebSite","@id":"https:\/\/franciscanos.org.br\/noticias\/#website","url":"https:\/\/franciscanos.org.br\/noticias\/","name":"Not\u00edcias - Franciscanos","description":"Prov\u00edncia Franciscana da Imaculada Concei\u00e7\u00e3o do Brasil - Ordem dos Frades Menores - OFM","potentialAction":[{"@type":"SearchAction","target":{"@type":"EntryPoint","urlTemplate":"https:\/\/franciscanos.org.br\/noticias\/?s={search_term_string}"},"query-input":"required name=search_term_string"}],"inLanguage":"pt-BR"},{"@type":"ImageObject","inLanguage":"pt-BR","@id":"https:\/\/franciscanos.org.br\/noticias\/deus-o-tudo-de-quem-nao-tem-nada.html#primaryimage","url":"https:\/\/franciscanos.org.br\/noticias\/wp-content\/uploads\/2015\/11\/liturgia-820-1.jpg","contentUrl":"https:\/\/franciscanos.org.br\/noticias\/wp-content\/uploads\/2015\/11\/liturgia-820-1.jpg","width":273,"height":181},{"@type":"WebPage","@id":"https:\/\/franciscanos.org.br\/noticias\/deus-o-tudo-de-quem-nao-tem-nada.html#webpage","url":"https:\/\/franciscanos.org.br\/noticias\/deus-o-tudo-de-quem-nao-tem-nada.html","name":"Deus: o tudo de quem n\u00e3o tem nada - Not\u00edcias - Franciscanos","isPartOf":{"@id":"https:\/\/franciscanos.org.br\/noticias\/#website"},"primaryImageOfPage":{"@id":"https:\/\/franciscanos.org.br\/noticias\/deus-o-tudo-de-quem-nao-tem-nada.html#primaryimage"},"datePublished":"2015-11-05T16:01:40+00:00","dateModified":"2019-03-08T16:54:34+00:00","author":{"@id":"https:\/\/franciscanos.org.br\/noticias\/#\/schema\/person\/b38fbf43118f02820bd932f2e4b14ad3"},"breadcrumb":{"@id":"https:\/\/franciscanos.org.br\/noticias\/deus-o-tudo-de-quem-nao-tem-nada.html#breadcrumb"},"inLanguage":"pt-BR","potentialAction":[{"@type":"ReadAction","target":["https:\/\/franciscanos.org.br\/noticias\/deus-o-tudo-de-quem-nao-tem-nada.html"]}]},{"@type":"BreadcrumbList","@id":"https:\/\/franciscanos.org.br\/noticias\/deus-o-tudo-de-quem-nao-tem-nada.html#breadcrumb","itemListElement":[{"@type":"ListItem","position":1,"name":"Home","item":"https:\/\/franciscanos.org.br\/noticias"},{"@type":"ListItem","position":2,"name":"Deus: o tudo de quem n\u00e3o tem nada"}]},{"@type":"Person","@id":"https:\/\/franciscanos.org.br\/noticias\/#\/schema\/person\/b38fbf43118f02820bd932f2e4b14ad3","name":"admin","image":{"@type":"ImageObject","inLanguage":"pt-BR","@id":"https:\/\/franciscanos.org.br\/noticias\/#\/schema\/person\/image\/","url":"https:\/\/secure.gravatar.com\/avatar\/e8495742d34d0ba6448ea1c628263b3e?s=96&d=mm&r=g","contentUrl":"https:\/\/secure.gravatar.com\/avatar\/e8495742d34d0ba6448ea1c628263b3e?s=96&d=mm&r=g","caption":"admin"},"url":"https:\/\/franciscanos.org.br\/noticias\/author\/admin"}]}},"_links":{"self":[{"href":"https:\/\/franciscanos.org.br\/noticias\/wp-json\/wp\/v2\/posts\/97859"}],"collection":[{"href":"https:\/\/franciscanos.org.br\/noticias\/wp-json\/wp\/v2\/posts"}],"about":[{"href":"https:\/\/franciscanos.org.br\/noticias\/wp-json\/wp\/v2\/types\/post"}],"author":[{"embeddable":true,"href":"https:\/\/franciscanos.org.br\/noticias\/wp-json\/wp\/v2\/users\/1"}],"replies":[{"embeddable":true,"href":"https:\/\/franciscanos.org.br\/noticias\/wp-json\/wp\/v2\/comments?post=97859"}],"version-history":[{"count":0,"href":"https:\/\/franciscanos.org.br\/noticias\/wp-json\/wp\/v2\/posts\/97859\/revisions"}],"wp:featuredmedia":[{"embeddable":true,"href":"https:\/\/franciscanos.org.br\/noticias\/wp-json\/wp\/v2\/media\/201238"}],"wp:attachment":[{"href":"https:\/\/franciscanos.org.br\/noticias\/wp-json\/wp\/v2\/media?parent=97859"}],"wp:term":[{"taxonomy":"category","embeddable":true,"href":"https:\/\/franciscanos.org.br\/noticias\/wp-json\/wp\/v2\/categories?post=97859"},{"taxonomy":"post_tag","embeddable":true,"href":"https:\/\/franciscanos.org.br\/noticias\/wp-json\/wp\/v2\/tags?post=97859"}],"curies":[{"name":"wp","href":"https:\/\/api.w.org\/{rel}","templated":true}]}}