{"id":97469,"date":"2015-10-29T12:53:36","date_gmt":"2015-10-29T14:53:36","guid":{"rendered":"http:\/\/franciscanos.org.br\/?p=97469"},"modified":"2021-07-05T20:21:12","modified_gmt":"2021-07-05T23:21:12","slug":"concerto-o-imperio-brasileiro-e-sua-musica-tem-quarta-exibicao-no-dia-1o","status":"publish","type":"post","link":"https:\/\/franciscanos.org.br\/noticias\/concerto-o-imperio-brasileiro-e-sua-musica-tem-quarta-exibicao-no-dia-1o.html","title":{"rendered":"Concerto \u201cO Imp\u00e9rio Brasileiro e Sua M\u00fasica\u201d tem quarta exibi\u00e7\u00e3o no dia 1\u00ba"},"content":{"rendered":"<p><a href=\"http:\/\/franciscanos.org.br\/wp-content\/uploads\/2015\/10\/cana-820.jpg\"><img loading=\"lazy\" class=\"\" src=\"http:\/\/franciscanos.org.br\/wp-content\/uploads\/2015\/10\/cana-820.jpg\" alt=\"cana-820\" width=\"837\" height=\"397\" \/><\/a><\/p>\n<p>Duas semanas ap\u00f3s a realiza\u00e7\u00e3o do XIV Congresso Regional de Meninos Cantores, que reuniu grupos vocais de quatro estados e fez a cidade de Petr\u00f3polis respirar o Canto Coral, outra atra\u00e7\u00e3o cultural promete animar moradores e turistas: a apresenta\u00e7\u00e3o do concerto \u201cO Imp\u00e9rio Brasileiro e Sua M\u00fasica\u201d, apresentado pelo Coral dos Canarinhos de Petr\u00f3polis no Museu Imperial. A apresenta\u00e7\u00e3o conta, com riqueza de detalhes e por meio da m\u00fasica, a hist\u00f3ria do per\u00edodo do Imp\u00e9rio no Brasil. O quarto espet\u00e1culo da temporada (os outros foram realizados nos meses de junho, julho e setembro) ser\u00e1 no domingo (1\u00ba), a partir das 16h.<\/p>\n<p>Durante a apresenta\u00e7\u00e3o, o mordomo-mor do Pal\u00e1cio Imperial, Paulo Barbosa, ganha vida na interpreta\u00e7\u00e3o do canarinho Lucas Mathias. As hist\u00f3rias do Imp\u00e9rio brasileiro s\u00e3o contadas entre as m\u00fasicas. O Hino da Independ\u00eancia, a modinha \u201cVoc\u00ea trata o amor em brinco\u201d (Marcos Portugal) e as can\u00e7\u00f5es \u201cCoro dos Ca\u00e7adores\u201d da \u00f3pera \u201cO Guarani\u201d (Carlos Gomes) e \u201cLacrimosa\u201d (R\u00e9quiem de Mozart) est\u00e3o entre as obras que ser\u00e3o entoadas.<\/p>\n<p>\u201cEste tem sido um per\u00edodo muito bom para o Canto Coral, com diversas apresenta\u00e7\u00f5es, como foi o caso do Congresso Regional. Esperamos que este concerto no Museu seja mais uma etapa para o engrandecimento do movimento, levando ao p\u00fablico, al\u00e9m da m\u00fasica de qualidade, um pouco da nossa hist\u00f3ria, com um roteiro envolvente. Estamos aguardando todos para esta apresenta\u00e7\u00e3o\u201d, afirmou o maestro do Coral dos Canarinhos, Marco Aur\u00e9lio Lischt.<\/p>\n<p>O concerto foi idealizado pelo Instituto dos Meninos Cantores de Petr\u00f3polis (IMCP) e roteirizado pelo professor Nilson Macedo. O Tour da Experi\u00eancia \u00e9 desenvolvido pelo Minist\u00e9rio do Turismo, em parceria com o Sebrae e o Instituto Marca Brasil, e tem o objetivo de aumentar o fluxo tur\u00edstico e a perman\u00eancia dos visitantes nas cidades participantes, permitindo que os mesmo vivenciem experi\u00eancias nos destinos escolhidos.<\/p>\n<p><strong>Servi\u00e7o<\/strong><\/p>\n<p style=\"padding-left: 30px;\"><strong>Concerto \u201cO imp\u00e9rio brasileiro e sua m\u00fasica\u201d<br \/>\nLocal<\/strong> \u2013 Museu Imperial: Rua da Imperatriz, 220 \u2013 Centro Hist\u00f3rico;<br \/>\n<strong>Hor\u00e1rio<\/strong> \u2013 16h;<br \/>\n<strong>Ingressos<\/strong> \u2013 R$ 20 (inteira) e R$ 10 (meia entrada para estudantes, maiores de 60 anos professores).<br \/>\nMais informa\u00e7\u00f5es sobre as atividades do Instituto dos Meninos Cantores de Petr\u00f3polis podem ser consultadas pelo Facebook <a href=\"http:\/\/fb.com\/canarinhosdepetropolis\">http:\/\/fb.com\/canarinhosdepetropolis<\/a> ou pelo telefone: (24) 2104-4141.<\/p>\n","protected":false},"excerpt":{"rendered":"<p>Canarinhos<\/p>\n","protected":false},"author":1,"featured_media":210050,"comment_status":"open","ping_status":"open","sticky":false,"template":"","format":"standard","meta":[],"categories":[1],"tags":[1378],"acf":[],"yoast_head":"<!-- This site is optimized with the Yoast SEO plugin v19.2 - https:\/\/yoast.com\/wordpress\/plugins\/seo\/ -->\n<title>Concerto \u201cO Imp\u00e9rio Brasileiro e Sua M\u00fasica\u201d tem quarta exibi\u00e7\u00e3o no dia 1\u00ba - Not\u00edcias - Franciscanos<\/title>\n<meta name=\"robots\" content=\"index, follow, max-snippet:-1, max-image-preview:large, max-video-preview:-1\" \/>\n<link rel=\"canonical\" href=\"https:\/\/franciscanos.org.br\/noticias\/concerto-o-imperio-brasileiro-e-sua-musica-tem-quarta-exibicao-no-dia-1o.html\" \/>\n<meta property=\"og:locale\" content=\"pt_BR\" \/>\n<meta property=\"og:type\" content=\"article\" \/>\n<meta property=\"og:title\" content=\"Concerto \u201cO Imp\u00e9rio Brasileiro e Sua M\u00fasica\u201d tem quarta exibi\u00e7\u00e3o no dia 1\u00ba - Not\u00edcias - Franciscanos\" \/>\n<meta property=\"og:description\" content=\"Canarinhos\" \/>\n<meta property=\"og:url\" content=\"https:\/\/franciscanos.org.br\/noticias\/concerto-o-imperio-brasileiro-e-sua-musica-tem-quarta-exibicao-no-dia-1o.html\" \/>\n<meta property=\"og:site_name\" content=\"Not\u00edcias - Franciscanos\" \/>\n<meta property=\"article:published_time\" content=\"2015-10-29T14:53:36+00:00\" \/>\n<meta property=\"article:modified_time\" content=\"2021-07-05T23:21:12+00:00\" \/>\n<meta property=\"og:image\" content=\"https:\/\/franciscanos.org.br\/noticias\/wp-content\/uploads\/2015\/10\/cana-820.jpg\" \/>\n\t<meta property=\"og:image:width\" content=\"273\" \/>\n\t<meta property=\"og:image:height\" content=\"181\" \/>\n\t<meta property=\"og:image:type\" content=\"image\/jpeg\" \/>\n<meta name=\"author\" content=\"admin\" \/>\n<meta name=\"twitter:card\" content=\"summary_large_image\" \/>\n<meta name=\"twitter:label1\" content=\"Escrito por\" \/>\n\t<meta name=\"twitter:data1\" content=\"admin\" \/>\n\t<meta name=\"twitter:label2\" content=\"Est. tempo de leitura\" \/>\n\t<meta name=\"twitter:data2\" content=\"2 minutos\" \/>\n<script type=\"application\/ld+json\" class=\"yoast-schema-graph\">{\"@context\":\"https:\/\/schema.org\",\"@graph\":[{\"@type\":\"WebSite\",\"@id\":\"https:\/\/franciscanos.org.br\/noticias\/#website\",\"url\":\"https:\/\/franciscanos.org.br\/noticias\/\",\"name\":\"Not\u00edcias - Franciscanos\",\"description\":\"Prov\u00edncia Franciscana da Imaculada Concei\u00e7\u00e3o do Brasil - Ordem dos Frades Menores - OFM\",\"potentialAction\":[{\"@type\":\"SearchAction\",\"target\":{\"@type\":\"EntryPoint\",\"urlTemplate\":\"https:\/\/franciscanos.org.br\/noticias\/?s={search_term_string}\"},\"query-input\":\"required name=search_term_string\"}],\"inLanguage\":\"pt-BR\"},{\"@type\":\"ImageObject\",\"inLanguage\":\"pt-BR\",\"@id\":\"https:\/\/franciscanos.org.br\/noticias\/concerto-o-imperio-brasileiro-e-sua-musica-tem-quarta-exibicao-no-dia-1o.html#primaryimage\",\"url\":\"https:\/\/franciscanos.org.br\/noticias\/wp-content\/uploads\/2015\/10\/cana-820.jpg\",\"contentUrl\":\"https:\/\/franciscanos.org.br\/noticias\/wp-content\/uploads\/2015\/10\/cana-820.jpg\",\"width\":273,\"height\":181},{\"@type\":\"WebPage\",\"@id\":\"https:\/\/franciscanos.org.br\/noticias\/concerto-o-imperio-brasileiro-e-sua-musica-tem-quarta-exibicao-no-dia-1o.html#webpage\",\"url\":\"https:\/\/franciscanos.org.br\/noticias\/concerto-o-imperio-brasileiro-e-sua-musica-tem-quarta-exibicao-no-dia-1o.html\",\"name\":\"Concerto \u201cO Imp\u00e9rio Brasileiro e Sua M\u00fasica\u201d tem quarta exibi\u00e7\u00e3o no dia 1\u00ba - Not\u00edcias - Franciscanos\",\"isPartOf\":{\"@id\":\"https:\/\/franciscanos.org.br\/noticias\/#website\"},\"primaryImageOfPage\":{\"@id\":\"https:\/\/franciscanos.org.br\/noticias\/concerto-o-imperio-brasileiro-e-sua-musica-tem-quarta-exibicao-no-dia-1o.html#primaryimage\"},\"datePublished\":\"2015-10-29T14:53:36+00:00\",\"dateModified\":\"2021-07-05T23:21:12+00:00\",\"author\":{\"@id\":\"https:\/\/franciscanos.org.br\/noticias\/#\/schema\/person\/b38fbf43118f02820bd932f2e4b14ad3\"},\"breadcrumb\":{\"@id\":\"https:\/\/franciscanos.org.br\/noticias\/concerto-o-imperio-brasileiro-e-sua-musica-tem-quarta-exibicao-no-dia-1o.html#breadcrumb\"},\"inLanguage\":\"pt-BR\",\"potentialAction\":[{\"@type\":\"ReadAction\",\"target\":[\"https:\/\/franciscanos.org.br\/noticias\/concerto-o-imperio-brasileiro-e-sua-musica-tem-quarta-exibicao-no-dia-1o.html\"]}]},{\"@type\":\"BreadcrumbList\",\"@id\":\"https:\/\/franciscanos.org.br\/noticias\/concerto-o-imperio-brasileiro-e-sua-musica-tem-quarta-exibicao-no-dia-1o.html#breadcrumb\",\"itemListElement\":[{\"@type\":\"ListItem\",\"position\":1,\"name\":\"Home\",\"item\":\"https:\/\/franciscanos.org.br\/noticias\"},{\"@type\":\"ListItem\",\"position\":2,\"name\":\"Concerto \u201cO Imp\u00e9rio Brasileiro e Sua M\u00fasica\u201d tem quarta exibi\u00e7\u00e3o no dia 1\u00ba\"}]},{\"@type\":\"Person\",\"@id\":\"https:\/\/franciscanos.org.br\/noticias\/#\/schema\/person\/b38fbf43118f02820bd932f2e4b14ad3\",\"name\":\"admin\",\"image\":{\"@type\":\"ImageObject\",\"inLanguage\":\"pt-BR\",\"@id\":\"https:\/\/franciscanos.org.br\/noticias\/#\/schema\/person\/image\/\",\"url\":\"https:\/\/secure.gravatar.com\/avatar\/e8495742d34d0ba6448ea1c628263b3e?s=96&d=mm&r=g\",\"contentUrl\":\"https:\/\/secure.gravatar.com\/avatar\/e8495742d34d0ba6448ea1c628263b3e?s=96&d=mm&r=g\",\"caption\":\"admin\"},\"url\":\"https:\/\/franciscanos.org.br\/noticias\/author\/admin\"}]}<\/script>\n<!-- \/ Yoast SEO plugin. -->","yoast_head_json":{"title":"Concerto \u201cO Imp\u00e9rio Brasileiro e Sua M\u00fasica\u201d tem quarta exibi\u00e7\u00e3o no dia 1\u00ba - Not\u00edcias - Franciscanos","robots":{"index":"index","follow":"follow","max-snippet":"max-snippet:-1","max-image-preview":"max-image-preview:large","max-video-preview":"max-video-preview:-1"},"canonical":"https:\/\/franciscanos.org.br\/noticias\/concerto-o-imperio-brasileiro-e-sua-musica-tem-quarta-exibicao-no-dia-1o.html","og_locale":"pt_BR","og_type":"article","og_title":"Concerto \u201cO Imp\u00e9rio Brasileiro e Sua M\u00fasica\u201d tem quarta exibi\u00e7\u00e3o no dia 1\u00ba - Not\u00edcias - Franciscanos","og_description":"Canarinhos","og_url":"https:\/\/franciscanos.org.br\/noticias\/concerto-o-imperio-brasileiro-e-sua-musica-tem-quarta-exibicao-no-dia-1o.html","og_site_name":"Not\u00edcias - Franciscanos","article_published_time":"2015-10-29T14:53:36+00:00","article_modified_time":"2021-07-05T23:21:12+00:00","og_image":[{"width":273,"height":181,"url":"https:\/\/franciscanos.org.br\/noticias\/wp-content\/uploads\/2015\/10\/cana-820.jpg","type":"image\/jpeg"}],"author":"admin","twitter_card":"summary_large_image","twitter_misc":{"Escrito por":"admin","Est. tempo de leitura":"2 minutos"},"schema":{"@context":"https:\/\/schema.org","@graph":[{"@type":"WebSite","@id":"https:\/\/franciscanos.org.br\/noticias\/#website","url":"https:\/\/franciscanos.org.br\/noticias\/","name":"Not\u00edcias - Franciscanos","description":"Prov\u00edncia Franciscana da Imaculada Concei\u00e7\u00e3o do Brasil - Ordem dos Frades Menores - OFM","potentialAction":[{"@type":"SearchAction","target":{"@type":"EntryPoint","urlTemplate":"https:\/\/franciscanos.org.br\/noticias\/?s={search_term_string}"},"query-input":"required name=search_term_string"}],"inLanguage":"pt-BR"},{"@type":"ImageObject","inLanguage":"pt-BR","@id":"https:\/\/franciscanos.org.br\/noticias\/concerto-o-imperio-brasileiro-e-sua-musica-tem-quarta-exibicao-no-dia-1o.html#primaryimage","url":"https:\/\/franciscanos.org.br\/noticias\/wp-content\/uploads\/2015\/10\/cana-820.jpg","contentUrl":"https:\/\/franciscanos.org.br\/noticias\/wp-content\/uploads\/2015\/10\/cana-820.jpg","width":273,"height":181},{"@type":"WebPage","@id":"https:\/\/franciscanos.org.br\/noticias\/concerto-o-imperio-brasileiro-e-sua-musica-tem-quarta-exibicao-no-dia-1o.html#webpage","url":"https:\/\/franciscanos.org.br\/noticias\/concerto-o-imperio-brasileiro-e-sua-musica-tem-quarta-exibicao-no-dia-1o.html","name":"Concerto \u201cO Imp\u00e9rio Brasileiro e Sua M\u00fasica\u201d tem quarta exibi\u00e7\u00e3o no dia 1\u00ba - Not\u00edcias - Franciscanos","isPartOf":{"@id":"https:\/\/franciscanos.org.br\/noticias\/#website"},"primaryImageOfPage":{"@id":"https:\/\/franciscanos.org.br\/noticias\/concerto-o-imperio-brasileiro-e-sua-musica-tem-quarta-exibicao-no-dia-1o.html#primaryimage"},"datePublished":"2015-10-29T14:53:36+00:00","dateModified":"2021-07-05T23:21:12+00:00","author":{"@id":"https:\/\/franciscanos.org.br\/noticias\/#\/schema\/person\/b38fbf43118f02820bd932f2e4b14ad3"},"breadcrumb":{"@id":"https:\/\/franciscanos.org.br\/noticias\/concerto-o-imperio-brasileiro-e-sua-musica-tem-quarta-exibicao-no-dia-1o.html#breadcrumb"},"inLanguage":"pt-BR","potentialAction":[{"@type":"ReadAction","target":["https:\/\/franciscanos.org.br\/noticias\/concerto-o-imperio-brasileiro-e-sua-musica-tem-quarta-exibicao-no-dia-1o.html"]}]},{"@type":"BreadcrumbList","@id":"https:\/\/franciscanos.org.br\/noticias\/concerto-o-imperio-brasileiro-e-sua-musica-tem-quarta-exibicao-no-dia-1o.html#breadcrumb","itemListElement":[{"@type":"ListItem","position":1,"name":"Home","item":"https:\/\/franciscanos.org.br\/noticias"},{"@type":"ListItem","position":2,"name":"Concerto \u201cO Imp\u00e9rio Brasileiro e Sua M\u00fasica\u201d tem quarta exibi\u00e7\u00e3o no dia 1\u00ba"}]},{"@type":"Person","@id":"https:\/\/franciscanos.org.br\/noticias\/#\/schema\/person\/b38fbf43118f02820bd932f2e4b14ad3","name":"admin","image":{"@type":"ImageObject","inLanguage":"pt-BR","@id":"https:\/\/franciscanos.org.br\/noticias\/#\/schema\/person\/image\/","url":"https:\/\/secure.gravatar.com\/avatar\/e8495742d34d0ba6448ea1c628263b3e?s=96&d=mm&r=g","contentUrl":"https:\/\/secure.gravatar.com\/avatar\/e8495742d34d0ba6448ea1c628263b3e?s=96&d=mm&r=g","caption":"admin"},"url":"https:\/\/franciscanos.org.br\/noticias\/author\/admin"}]}},"_links":{"self":[{"href":"https:\/\/franciscanos.org.br\/noticias\/wp-json\/wp\/v2\/posts\/97469"}],"collection":[{"href":"https:\/\/franciscanos.org.br\/noticias\/wp-json\/wp\/v2\/posts"}],"about":[{"href":"https:\/\/franciscanos.org.br\/noticias\/wp-json\/wp\/v2\/types\/post"}],"author":[{"embeddable":true,"href":"https:\/\/franciscanos.org.br\/noticias\/wp-json\/wp\/v2\/users\/1"}],"replies":[{"embeddable":true,"href":"https:\/\/franciscanos.org.br\/noticias\/wp-json\/wp\/v2\/comments?post=97469"}],"version-history":[{"count":1,"href":"https:\/\/franciscanos.org.br\/noticias\/wp-json\/wp\/v2\/posts\/97469\/revisions"}],"predecessor-version":[{"id":232919,"href":"https:\/\/franciscanos.org.br\/noticias\/wp-json\/wp\/v2\/posts\/97469\/revisions\/232919"}],"wp:featuredmedia":[{"embeddable":true,"href":"https:\/\/franciscanos.org.br\/noticias\/wp-json\/wp\/v2\/media\/210050"}],"wp:attachment":[{"href":"https:\/\/franciscanos.org.br\/noticias\/wp-json\/wp\/v2\/media?parent=97469"}],"wp:term":[{"taxonomy":"category","embeddable":true,"href":"https:\/\/franciscanos.org.br\/noticias\/wp-json\/wp\/v2\/categories?post=97469"},{"taxonomy":"post_tag","embeddable":true,"href":"https:\/\/franciscanos.org.br\/noticias\/wp-json\/wp\/v2\/tags?post=97469"}],"curies":[{"name":"wp","href":"https:\/\/api.w.org\/{rel}","templated":true}]}}