{"id":97408,"date":"2015-10-29T11:06:44","date_gmt":"2015-10-29T13:06:44","guid":{"rendered":"http:\/\/franciscanos.org.br\/?p=97408"},"modified":"2019-01-23T16:20:42","modified_gmt":"2019-01-23T18:20:42","slug":"lancamentos-da-semana-8","status":"publish","type":"post","link":"https:\/\/franciscanos.org.br\/noticias\/lancamentos-da-semana-8.html","title":{"rendered":"Lan\u00e7amentos da semana"},"content":{"rendered":"<h3><strong><a href=\"http:\/\/franciscanos.org.br\/wp-content\/uploads\/2015\/10\/ministerios-extraordinarios.jpg\"><img loading=\"lazy\" class=\"alignleft size-full wp-image-97412\" src=\"http:\/\/franciscanos.org.br\/wp-content\/uploads\/2015\/10\/ministerios-extraordinarios.jpg\" alt=\"ministerios-extraordinarios\" width=\"200\" height=\"289\" \/><\/a>Subs\u00eddios para forma\u00e7\u00e3o de Minist\u00e9rios Extraordin\u00e1rios<\/strong><\/h3>\n<p><strong>Pe. Guilherme Daniel Micheletti<\/strong><\/p>\n<p>O entusiasmo evangelizador do papa Francisco deu inesperado vigor \u00e0 Igreja, acendendo de alegria e esperan\u00e7a muitos cora\u00e7\u00f5es em in\u00fameras comunidades, atingindo aqueles crist\u00e3os leigos e leigas que colocam seus dons a servi\u00e7o da Igreja nos mais variados minist\u00e9rios.<\/p>\n<p>\u00c9 bonito perceber que no Brasil, deu-se muita import\u00e2ncia aos minist\u00e9rios extraordin\u00e1rios exercidos por leigos, pois uma das formas de revitalizar as comunidades hoje passa pelo est\u00edmulo que o p\u00e1roco realiza na participa\u00e7\u00e3o ativa dos leigos da par\u00f3quia. Isso sup\u00f5e valorizar as lideran\u00e7as leigas, inclusive as novas gera\u00e7\u00f5es, e form\u00e1-las como disc\u00edpulas mission\u00e1rias.<\/p>\n<p>Esse \u00e9 o intuito deste subs\u00eddio: contribuir para um qualificado amadurecimento na pr\u00e1tica dos minist\u00e9rios extraordin\u00e1rios desse imenso grupo de leigos que enobrecem as comunidades eclesiais, para serem nutridos de consistente conhecimento e que possam exercer alegremente sua voca\u00e7\u00e3o numa Igreja \u201ctoda ministerial\u201d.<\/p>\n<p style=\"padding-left: 30px;\"><strong>Pe. Guilherme Daniel Micheletti<\/strong><em> \u00e9 mestre em Ci\u00eancias da Educa\u00e7\u00e3o com especializa\u00e7\u00e3o em pedagogia pela Faculdade Pontif\u00edcia Auxilium de Roma. Professor de \u201cPastoral Catequ\u00e9tica\u201d e Teologia no Instituto de Teologia de Santo Andr\u00e9. Membro de grupo de Catequetas da Dimens\u00e3o B\u00edblico-Catequ\u00e9tico da CNBB. S\u00f3cio Fundador da Sociedade Brasileira de Catequese. \u00c9 autor de v\u00e1rios livros para a forma\u00e7\u00e3o de catequistas.<\/em><\/p>\n<p><strong>N\u00ba DE P\u00c1GINAS<\/strong><strong>:\u00a0184<\/strong><\/p>\n<p>&nbsp;<\/p>\n<h3><strong><a href=\"http:\/\/franciscanos.org.br\/wp-content\/uploads\/2015\/10\/trabalho-infancia.jpg\"><img loading=\"lazy\" class=\"alignleft size-full wp-image-97413\" src=\"http:\/\/franciscanos.org.br\/wp-content\/uploads\/2015\/10\/trabalho-infancia.jpg\" alt=\"trabalho-infancia\" width=\"200\" height=\"287\" \/><\/a>Trabalho Inf\u00e2ncia &#8211;\u00a0<\/strong><strong>Exerc\u00edcios tensos de ser crian\u00e7a<br \/>\n<\/strong><strong>Haver\u00e1 espa\u00e7o na agenda pedag\u00f3gica?<\/strong><\/h3>\n<p><strong>Miguel G. Arroyo, Maria dos Anjos Lopes Viella e Maur\u00edcio Roberto da Silva (orgs.)<\/strong><\/p>\n<p>O trabalho na inf\u00e2ncia entra nas escolas com a chegada das crian\u00e7as e dos adolescentes populares. Como entender, como educar, cuidar, ensinar, crian\u00e7as for\u00e7adas a articularem trabalho-escola? Que doc\u00eancia, que forma\u00e7\u00e3o profissional, que curr\u00edculos e outras pr\u00e1ticas pedag\u00f3gicas exigem essas inf\u00e2ncias que vem do trabalho para a escola ou v\u00e3o da escola para o trabalho?<\/p>\n<p>Esta obra se prop\u00f5e a contribuir com as desafiantes indaga\u00e7\u00f5es que tantos docentes-educadores(as) se colocam no conv\u00edvio com crian\u00e7as e adolescentes for\u00e7ados a trabalhar para sobreviverem. Como valorizar as experi\u00eancias de inf\u00e2ncia que eles trazem \u00e0s escolas? O trabalho os forma\/deforma, humaniza\/des-humaniza? Que saberes, valores do trabalho, que leituras da cidade, dos campos trazem para a escola?\u00a0 O texto, aqui apresentado, destaca como docentes-educadores(as) reinventam a doc\u00eancia, os curr\u00edculos, para que essas inf\u00e2ncias tenham garantido o direito a saber-se nesses exerc\u00edcios tensos de ser crian\u00e7a.<\/p>\n<p><strong>N\u00ba DE P\u00c1GINAS:\u00a0440<\/strong><\/p>\n<p><strong>\u00a0<\/strong><\/p>\n<h3><strong><a href=\"http:\/\/franciscanos.org.br\/wp-content\/uploads\/2015\/10\/claros-e-escuros.jpg\"><img loading=\"lazy\" class=\"alignleft size-full wp-image-97414\" src=\"http:\/\/franciscanos.org.br\/wp-content\/uploads\/2015\/10\/claros-e-escuros.jpg\" alt=\"claros-e-escuros\" width=\"200\" height=\"317\" \/><\/a>Claros e Escuros<br \/>\n<\/strong><strong>Identidade, povo, m\u00eddia e cotas no Brasil<\/strong><\/h3>\n<p><strong>Muniz Sodr\u00e9<\/strong><\/p>\n<p><em>Claros e Escuros \u2013 identidade, povo, m\u00eddia e cota no Brasil <\/em>mostra que s\u00e3o diferentes os pesos atribu\u00eddos na diversidade das na\u00e7\u00f5es ao problema identit\u00e1rio. A recorr\u00eancia na Hist\u00f3ria de um mesmo padr\u00e3o identid\u00e1rio leva o analista a tocar nas ra\u00edzes patrimonialistas do Estado nacional para entender os seus modos de funcionamento e tentar responder, na virada do mil\u00eanio, \u00e0 quest\u00e3o crucial \u2013 o que \u00e9 o brasileiro?<\/p>\n<p>Esta obra implica uma reinterpreta\u00e7\u00e3o da vida nacional com apelo as novas vari\u00e1veis e novos atores sociais. Trata-se de uma obra perfeitamente afinada com a atmosfera reflexiva em torno dos quinhentos anos de Brasil. O que distingue a an\u00e1lise de Muniz Sodr\u00e9 de outras obras de explica\u00e7\u00e3o geral do Brasil \u00e9 a leitura hermen\u00eautica de forma social brasileira, atravessada por estrat\u00e9gias de singulariza\u00e7\u00e3o dos afrodescentes, mas a partir de uma vis\u00e3o tamb\u00e9m interna \u00e0s comunidades negras. O ser nacional resulta da\u00ed como uma complexa heterogeneidade.<\/p>\n<p style=\"padding-left: 30px;\"><strong>Muniz Sodr\u00e9<\/strong><em> \u00e9 professor em\u00e9rito da Universidade Federal do Rio de Janeiro, pesquisador (CNPq) e escritor, com dezenas de obras publicadas, que versam sobre m\u00eddia e comunica\u00e7\u00e3o, cultura nacional, t\u00e9cnicas de texto jornal\u00edstico e fic\u00e7\u00e3o (novelas e contos), alguns\u00a0dos quais traduzidos na It\u00e1lia, Espanha, B\u00e9lgica, Argentina, Cuba e Alemanha. \u00c9 professor conferencista em v\u00e1rias universidades estrangeiras. Foi presidente da Funda\u00e7\u00e3o Biblioteca Nacional (2005-2010).<\/em><\/p>\n<p><strong>N\u00ba DE P\u00c1GINAS:\u00a0360<\/strong><\/p>\n<p>&nbsp;<\/p>\n<h3><strong><a href=\"http:\/\/franciscanos.org.br\/wp-content\/uploads\/2015\/10\/estar-vivo.jpg\"><img loading=\"lazy\" class=\"alignleft size-full wp-image-97415\" src=\"http:\/\/franciscanos.org.br\/wp-content\/uploads\/2015\/10\/estar-vivo.jpg\" alt=\"estar-vivo\" width=\"200\" height=\"287\" \/><\/a>Estar vivo<br \/>\n<\/strong><strong>Ensaios sobre movimento, conhecimento e descri\u00e7\u00e3o<\/strong><\/h3>\n<p><strong>Tim Ingold<\/strong><\/p>\n<p>Constru\u00eddo sobre os alicerces da sua obra cl\u00e1ssica,\u00a0<em>The Perception of the Environment <\/em>[A percep\u00e7\u00e3o do ambiente]<em>,<\/em>\u00a0Tim Ingold se prop\u00f5e aqui, a recolocar a vida no lugar ao qual ela deveria pertencer, o cora\u00e7\u00e3o da preocupa\u00e7\u00e3o antropol\u00f3gica.\u00a0A partir da ideia da vida como um processo de peregrina\u00e7\u00e3o,\u00a0<em>EstarVivo<\/em>\u00a0\u2013<em> ensaios sobre movimento, conhecimento e descri\u00e7\u00e3o <\/em>apresenta uma compreens\u00e3o radicalmente nova do movimento, do conhecimento e da descri\u00e7\u00e3o como dimens\u00f5es n\u00e3o apenas do estar no mundo, mas do estar vivo para o que nele acontece.<\/p>\n<p>O autor apresenta sua vis\u00e3o do que seria a Antropologia.\u00a0 Os antrop\u00f3logos que lerem este livro podem estranhar o fato de o autor n\u00e3o se ater \u00e0s preocupa\u00e7\u00f5es usuais da disciplina, e de o seu centro de gravidade estar mais perto de outras \u00e1reas, tais como a arte ou a arquitetura. Tem sido de fato parte do trabalho do autor guinar a Antropologia nesta dire\u00e7\u00e3o, um prop\u00f3sito fundado na convic\u00e7\u00e3o de que \u00e9 insustent\u00e1vel a conven\u00e7\u00e3o segundo a qual a Antropologia se empenha em observar e descrever a vida tal como a encontramos, mas n\u00e3o em mud\u00e1-la, ao passo que a arte e a arquitetura t\u00eam a liberdade de propor formas nunca antes encontradas, sem terem que primeiro observar e descrever o que j\u00e1 est\u00e1 a\u00ed.<\/p>\n<p style=\"padding-left: 30px;\"><strong>Tim Ingold<\/strong><em>\u00a0\u00e9 professor de Antropologia Social na Universidade de Aberdeen, Reino Unido. Ele \u00e9 autor de The perception of the Environment\u00a0e\u00a0Lines.<\/em><\/p>\n<p><strong>N\u00ba DE P\u00c1GINAS:\u00a0392<\/strong><\/p>\n<p>&nbsp;<\/p>\n<h3><strong><a href=\"http:\/\/franciscanos.org.br\/wp-content\/uploads\/2015\/10\/historia-da-teoria.jpg\"><img loading=\"lazy\" class=\"alignleft size-full wp-image-97416\" src=\"http:\/\/franciscanos.org.br\/wp-content\/uploads\/2015\/10\/historia-da-teoria.jpg\" alt=\"historia-da-teoria\" width=\"200\" height=\"298\" \/><\/a>Hist\u00f3ria da Teoria Antropol\u00f3gica<\/strong><\/h3>\n<p><strong>Paul A. Erickson e Liam D. Murphy<\/strong><\/p>\n<p>Este panorama da hist\u00f3ria da teoria antropol\u00f3gica d\u00e1 uma vis\u00e3o geral desde a Antiguidade at\u00e9 hoje, com foco maior nos s\u00e9culos 20 e 21. Ao contr\u00e1rio de outras obras, oferece tamb\u00e9m uma introdu\u00e7\u00e3o em quatro campos \u00e0 teoria.\u00a0 Essa abordagem, consagrada pelo tempo, \u00e9 fundamental para a compreens\u00e3o pelo estudante da natureza interligada das id\u00e9ias e experi\u00eancia humanas.<\/p>\n<p>Na academia, muitas vezes os estudantes ficam com a falsa impress\u00e3o de que, na Antropologia, as teorias flutuam acima das pessoas reais como acrobatas que nunca tocam o solo. Apesar de tal impress\u00e3o, com freq\u00fc\u00eancia inevit\u00e1vel, este livro mostra que a hist\u00f3ria da teoria \u00e9 definida n\u00e3o tanto por \u201cfatos\u201d quanto pelas tend\u00eancias dos diversos historiadores da antropologia e da teoria antropol\u00f3gica e pelos caprichos e extens\u00e3o do consenso que se desenvolve em torno de uma ou outra perspectiva.<\/p>\n<p>A teoria ganha aqui nova vida com as \u201chist\u00f3rias\u201d de antrop\u00f3logos contempor\u00e2neos que trazem ao leitor sua utiliza\u00e7\u00e3o das concep\u00e7\u00f5es antropol\u00f3gicas e perfis de importantes nomes da antropologia tornam o volume agrad\u00e1vel. S\u00e3o apresentados fontes e sugest\u00f5es de leituras, um gloss\u00e1rio e quest\u00f5es de revis\u00e3o que facilitam enormemente o trabalho acad\u00eamico.<\/p>\n<p style=\"padding-left: 30px;\"><strong>Paul A. Erickson<\/strong><em> \u00e9 professor do Departamento de Antropologia da Universidade de Santa Maria, em Halifax, Canad\u00e1.<br \/>\n<\/em><strong>Liam D. Murphy<\/strong><em> \u00e9 professor assistente do Departamento de Antropologia da Universidade do estado da Calif\u00f3rnia, em Sacramento, EUA.<\/em><\/p>\n<p><strong>N\u00ba DE P\u00c1GINAS:\u00a0376<\/strong><\/p>\n<p><strong>\u00a0<\/strong><\/p>\n<h3><strong><a href=\"http:\/\/franciscanos.org.br\/wp-content\/uploads\/2015\/10\/manual-sociologia.jpg\"><img loading=\"lazy\" class=\"alignleft size-full wp-image-97417\" src=\"http:\/\/franciscanos.org.br\/wp-content\/uploads\/2015\/10\/manual-sociologia.jpg\" alt=\"manual-sociologia\" width=\"200\" height=\"290\" \/><\/a>Manual de Sociologia Jur\u00eddica<\/strong><\/h3>\n<p><strong>Luciano Oliveira<\/strong><\/p>\n<p>A partir da obrigatoriedade da Sociologia Jur\u00eddica nos cursos de Direito, in\u00fameros manuais t\u00eam sido publicados no pa\u00eds. Mas n\u00e3o existe grade curricular oficial da disciplina. Existem, por\u00e9m, princ\u00edpios estabelecidos pela legisla\u00e7\u00e3o que preveem, nos cursos jur\u00eddicos, preocupa\u00e7\u00f5es com o \u201csocial\u201d e com uma \u201cvis\u00e3o cr\u00edtica\u201d. Os \u201cconte\u00fados essenciais\u201d da Sociologia figurariam como um saber auxiliar para a reflex\u00e3o e a a\u00e7\u00e3o do jurista. Assim, ao abordar a \u201ctradi\u00e7\u00e3o sociol\u00f3gica\u201d, da qual Marx, Durkheim e Weber s\u00e3o os fundadores, o autor procurou \u201cpuxar\u201d o que disseram para o mundo dos juristas e, especificamente, para a realidade brasileira do presente.<\/p>\n<p>Neste <em>Manual de Sociologia Jur\u00eddica<\/em>, escrito a partir da longa conviv\u00eancia do autor com a mat\u00e9ria como professor da disciplina, o leitor encontrar\u00e1 uma maneira original, pelo estilo e pelo conte\u00fado, de trazer a Sociologia para o estudante de Direito.<\/p>\n<p>Depois de uma <em>Introdu\u00e7\u00e3o<\/em> onde s\u00e3o abordados os percal\u00e7os passados e o futuro promissor da Sociologia Jur\u00eddica entre n\u00f3s, numa segunda parte, mais \u201cpr\u00e1tica\u201d, s\u00e3o abordadas algumas \u201ctend\u00eancias atuais da Sociologia Jur\u00eddica\u201d, explorando didaticamente alguns t\u00f3picos que interessam a um futuro bacharel desejoso de se submeter a um concurso p\u00fablico.<\/p>\n<p style=\"padding-left: 30px;\"><strong>Luciano Oliveira<\/strong><em> \u00e9 bacharel em Direito pela Universidade Federal de Sergipe, mestre em Sociologia pela Universidade Federal de Pernambuco e doutor tamb\u00e9m em Sociologia pela Escola de Altos Estudos em Ci\u00eancias Sociais (Paris). \u00c9 professor aposentado de Sociologia Jur\u00eddica da Faculdade de Direito do Recife e, atualmente, professor da Gradua\u00e7\u00e3o e da P\u00f3s-Gradua\u00e7\u00e3o em Direito da Universidade Cat\u00f3lica de Pernambuco. Publicou, entre outros, os seguintes livros: Do Nunca Mais ao Eterno Retorno: uma reflex\u00e3o sobre a tortura (S\u00e3o Paulo, Brasiliense), Sua Excel\u00eancia o Comiss\u00e1rio e outros ensaios de Sociologia Jur\u00eddica (Rio de janeiro, Letra Legal) e 10 Li\u00e7\u00f5es sobre Hannah Arendt (Petr\u00f3polis, Vozes).<\/em><\/p>\n<p><strong>N\u00ba DE P\u00c1GINAS<\/strong><strong>:\u00a0192<\/strong><\/p>\n<p><strong>\u00a0<\/strong><\/p>\n<h3><strong><a href=\"http:\/\/franciscanos.org.br\/wp-content\/uploads\/2015\/10\/o-corpo-fala.jpg\"><img loading=\"lazy\" class=\"alignleft size-full wp-image-97418\" src=\"http:\/\/franciscanos.org.br\/wp-content\/uploads\/2015\/10\/o-corpo-fala.jpg\" alt=\"o-corpo-fala\" width=\"200\" height=\"282\" \/><\/a>O corpo fala no trabalho \u2013 Ilustrado<br \/>\n<\/strong><strong>Como convencer e cativar os outros<\/strong><\/h3>\n<p><strong>Monika Matschnig<\/strong><\/p>\n<p>O ideal \u00e9 deixar impress\u00e3o positiva n\u00e3o apenas verbal, como tamb\u00e9m com a linguagem corporal \u2013 e poder reagir adequadamente aos sinais do seu interlocutor.<\/p>\n<p>Monika Matschnig revela o que \u00e9 importante para atingir este objetivo, e como marcar pontos n\u00e3o verbais \u2013 tanto faz se voc\u00ea j\u00e1 tem o trabalho dos seus sonhos ou ainda precisa enfrentar o fardo das entrevistas de emprego, se os seus talentos em apresenta\u00e7\u00f5es ainda deixam a desejar, se quer evitar cometer deslizes no trato com colegas e superiores ou ent\u00e3o al\u00e7ar v\u00f4os internacionais, este livro ser\u00e1 seu aliado.<\/p>\n<p>Um <em>know-how<\/em> s\u00f3lido da linguagem corporal \u00e9 parte indispens\u00e1vel de qualquer carreira. Quem sabe refor\u00e7ar sua opini\u00e3o com os gestos e sinais adequados causa impress\u00e3o soberana e ao mesmo tempo arrebatadora. E a interpreta\u00e7\u00e3o correta do interlocutor tamb\u00e9m facilita em enorme medida a vida profissional. Descubra como usar a linguagem corporal da melhor forma como um fator de sucesso \u2013 tanto em entrevistas de emprego quanto em negocia\u00e7\u00f5es e apresenta\u00e7\u00f5es.<\/p>\n<p style=\"padding-left: 30px;\"><strong>Monika Matschnig<\/strong><em> \u00e9 <\/em><em>psic\u00f3loga e especialista em linguagem corporal, resultados e performance. A popular palestrante e autora \u00e9 ex-atleta de alto n\u00edvel e psic\u00f3loga diplomada. Trabalha como docente em v\u00e1rias universidades e institui\u00e7\u00f5es de ensino. Eleita pela revista alem\u00e3 Focus como um dos Realizadores de sucesso. Agraciada diversas vezes com o cobi\u00e7ado pr\u00eamio Conga, o &#8220;oscar&#8221; do ramo de treinamento. <\/em><em>Monika Matschnig integra a lista Top 100 Excellent Speakers (Top 100 dos oradores excelentes). <\/em><em>Entre os clientes de sua empresa Wirkung.Immer.\u00dcberall. est\u00e3o organiza\u00e7\u00f5es nacionais e internacionais. Nela a treinadora, aut\u00f4noma h\u00e1 mais de dez anos, acompanha indiv\u00edduos e equipes que desejam melhorar sua presen\u00e7a. Com seu estilo v\u00edvido e bem-humorado de palestrar, Monika Matschnig contagia pequenos grupos e grandes audi\u00eancias. Em seus coachings e palestras, consegue extrair o que os participantes t\u00eam de melhor e faz\u00ea-los brilhar com sua linguagem corporal.<\/em><\/p>\n<p><strong>N\u00ba DE P\u00c1GINAS:\u00a0200<\/strong><\/p>\n<p>&nbsp;<\/p>\n","protected":false},"excerpt":{"rendered":"<p>Editora Vozes<\/p>\n","protected":false},"author":1,"featured_media":194592,"comment_status":"open","ping_status":"open","sticky":false,"template":"","format":"standard","meta":[],"categories":[1],"tags":[238],"acf":[],"yoast_head":"<!-- This site is optimized with the Yoast SEO plugin v19.2 - https:\/\/yoast.com\/wordpress\/plugins\/seo\/ -->\n<title>Lan\u00e7amentos da semana - Not\u00edcias - Franciscanos<\/title>\n<meta name=\"robots\" content=\"index, follow, max-snippet:-1, max-image-preview:large, max-video-preview:-1\" \/>\n<link rel=\"canonical\" href=\"https:\/\/franciscanos.org.br\/noticias\/lancamentos-da-semana-8.html\" \/>\n<meta property=\"og:locale\" content=\"pt_BR\" \/>\n<meta property=\"og:type\" content=\"article\" \/>\n<meta property=\"og:title\" content=\"Lan\u00e7amentos da semana - Not\u00edcias - Franciscanos\" \/>\n<meta property=\"og:description\" content=\"Editora Vozes\" \/>\n<meta property=\"og:url\" content=\"https:\/\/franciscanos.org.br\/noticias\/lancamentos-da-semana-8.html\" \/>\n<meta property=\"og:site_name\" content=\"Not\u00edcias - Franciscanos\" \/>\n<meta property=\"article:published_time\" content=\"2015-10-29T13:06:44+00:00\" \/>\n<meta property=\"article:modified_time\" content=\"2019-01-23T18:20:42+00:00\" \/>\n<meta property=\"og:image\" content=\"https:\/\/franciscanos.org.br\/noticias\/wp-content\/uploads\/2017\/11\/vozes.png\" \/>\n\t<meta property=\"og:image:width\" content=\"273\" \/>\n\t<meta property=\"og:image:height\" content=\"181\" \/>\n\t<meta property=\"og:image:type\" content=\"image\/png\" \/>\n<meta name=\"author\" content=\"admin\" \/>\n<meta name=\"twitter:card\" content=\"summary_large_image\" \/>\n<meta name=\"twitter:label1\" content=\"Escrito por\" \/>\n\t<meta name=\"twitter:data1\" content=\"admin\" \/>\n\t<meta name=\"twitter:label2\" content=\"Est. tempo de leitura\" \/>\n\t<meta name=\"twitter:data2\" content=\"10 minutos\" \/>\n<script type=\"application\/ld+json\" class=\"yoast-schema-graph\">{\"@context\":\"https:\/\/schema.org\",\"@graph\":[{\"@type\":\"WebSite\",\"@id\":\"https:\/\/franciscanos.org.br\/noticias\/#website\",\"url\":\"https:\/\/franciscanos.org.br\/noticias\/\",\"name\":\"Not\u00edcias - Franciscanos\",\"description\":\"Prov\u00edncia Franciscana da Imaculada Concei\u00e7\u00e3o do Brasil - Ordem dos Frades Menores - OFM\",\"potentialAction\":[{\"@type\":\"SearchAction\",\"target\":{\"@type\":\"EntryPoint\",\"urlTemplate\":\"https:\/\/franciscanos.org.br\/noticias\/?s={search_term_string}\"},\"query-input\":\"required name=search_term_string\"}],\"inLanguage\":\"pt-BR\"},{\"@type\":\"ImageObject\",\"inLanguage\":\"pt-BR\",\"@id\":\"https:\/\/franciscanos.org.br\/noticias\/lancamentos-da-semana-8.html#primaryimage\",\"url\":\"https:\/\/franciscanos.org.br\/noticias\/wp-content\/uploads\/2017\/11\/vozes.png\",\"contentUrl\":\"https:\/\/franciscanos.org.br\/noticias\/wp-content\/uploads\/2017\/11\/vozes.png\",\"width\":273,\"height\":181},{\"@type\":\"WebPage\",\"@id\":\"https:\/\/franciscanos.org.br\/noticias\/lancamentos-da-semana-8.html#webpage\",\"url\":\"https:\/\/franciscanos.org.br\/noticias\/lancamentos-da-semana-8.html\",\"name\":\"Lan\u00e7amentos da semana - Not\u00edcias - Franciscanos\",\"isPartOf\":{\"@id\":\"https:\/\/franciscanos.org.br\/noticias\/#website\"},\"primaryImageOfPage\":{\"@id\":\"https:\/\/franciscanos.org.br\/noticias\/lancamentos-da-semana-8.html#primaryimage\"},\"datePublished\":\"2015-10-29T13:06:44+00:00\",\"dateModified\":\"2019-01-23T18:20:42+00:00\",\"author\":{\"@id\":\"https:\/\/franciscanos.org.br\/noticias\/#\/schema\/person\/b38fbf43118f02820bd932f2e4b14ad3\"},\"breadcrumb\":{\"@id\":\"https:\/\/franciscanos.org.br\/noticias\/lancamentos-da-semana-8.html#breadcrumb\"},\"inLanguage\":\"pt-BR\",\"potentialAction\":[{\"@type\":\"ReadAction\",\"target\":[\"https:\/\/franciscanos.org.br\/noticias\/lancamentos-da-semana-8.html\"]}]},{\"@type\":\"BreadcrumbList\",\"@id\":\"https:\/\/franciscanos.org.br\/noticias\/lancamentos-da-semana-8.html#breadcrumb\",\"itemListElement\":[{\"@type\":\"ListItem\",\"position\":1,\"name\":\"Home\",\"item\":\"https:\/\/franciscanos.org.br\/noticias\"},{\"@type\":\"ListItem\",\"position\":2,\"name\":\"Lan\u00e7amentos da semana\"}]},{\"@type\":\"Person\",\"@id\":\"https:\/\/franciscanos.org.br\/noticias\/#\/schema\/person\/b38fbf43118f02820bd932f2e4b14ad3\",\"name\":\"admin\",\"image\":{\"@type\":\"ImageObject\",\"inLanguage\":\"pt-BR\",\"@id\":\"https:\/\/franciscanos.org.br\/noticias\/#\/schema\/person\/image\/\",\"url\":\"https:\/\/secure.gravatar.com\/avatar\/e8495742d34d0ba6448ea1c628263b3e?s=96&d=mm&r=g\",\"contentUrl\":\"https:\/\/secure.gravatar.com\/avatar\/e8495742d34d0ba6448ea1c628263b3e?s=96&d=mm&r=g\",\"caption\":\"admin\"},\"url\":\"https:\/\/franciscanos.org.br\/noticias\/author\/admin\"}]}<\/script>\n<!-- \/ Yoast SEO plugin. -->","yoast_head_json":{"title":"Lan\u00e7amentos da semana - Not\u00edcias - Franciscanos","robots":{"index":"index","follow":"follow","max-snippet":"max-snippet:-1","max-image-preview":"max-image-preview:large","max-video-preview":"max-video-preview:-1"},"canonical":"https:\/\/franciscanos.org.br\/noticias\/lancamentos-da-semana-8.html","og_locale":"pt_BR","og_type":"article","og_title":"Lan\u00e7amentos da semana - Not\u00edcias - Franciscanos","og_description":"Editora Vozes","og_url":"https:\/\/franciscanos.org.br\/noticias\/lancamentos-da-semana-8.html","og_site_name":"Not\u00edcias - Franciscanos","article_published_time":"2015-10-29T13:06:44+00:00","article_modified_time":"2019-01-23T18:20:42+00:00","og_image":[{"width":273,"height":181,"url":"https:\/\/franciscanos.org.br\/noticias\/wp-content\/uploads\/2017\/11\/vozes.png","type":"image\/png"}],"author":"admin","twitter_card":"summary_large_image","twitter_misc":{"Escrito por":"admin","Est. tempo de leitura":"10 minutos"},"schema":{"@context":"https:\/\/schema.org","@graph":[{"@type":"WebSite","@id":"https:\/\/franciscanos.org.br\/noticias\/#website","url":"https:\/\/franciscanos.org.br\/noticias\/","name":"Not\u00edcias - Franciscanos","description":"Prov\u00edncia Franciscana da Imaculada Concei\u00e7\u00e3o do Brasil - Ordem dos Frades Menores - OFM","potentialAction":[{"@type":"SearchAction","target":{"@type":"EntryPoint","urlTemplate":"https:\/\/franciscanos.org.br\/noticias\/?s={search_term_string}"},"query-input":"required name=search_term_string"}],"inLanguage":"pt-BR"},{"@type":"ImageObject","inLanguage":"pt-BR","@id":"https:\/\/franciscanos.org.br\/noticias\/lancamentos-da-semana-8.html#primaryimage","url":"https:\/\/franciscanos.org.br\/noticias\/wp-content\/uploads\/2017\/11\/vozes.png","contentUrl":"https:\/\/franciscanos.org.br\/noticias\/wp-content\/uploads\/2017\/11\/vozes.png","width":273,"height":181},{"@type":"WebPage","@id":"https:\/\/franciscanos.org.br\/noticias\/lancamentos-da-semana-8.html#webpage","url":"https:\/\/franciscanos.org.br\/noticias\/lancamentos-da-semana-8.html","name":"Lan\u00e7amentos da semana - Not\u00edcias - Franciscanos","isPartOf":{"@id":"https:\/\/franciscanos.org.br\/noticias\/#website"},"primaryImageOfPage":{"@id":"https:\/\/franciscanos.org.br\/noticias\/lancamentos-da-semana-8.html#primaryimage"},"datePublished":"2015-10-29T13:06:44+00:00","dateModified":"2019-01-23T18:20:42+00:00","author":{"@id":"https:\/\/franciscanos.org.br\/noticias\/#\/schema\/person\/b38fbf43118f02820bd932f2e4b14ad3"},"breadcrumb":{"@id":"https:\/\/franciscanos.org.br\/noticias\/lancamentos-da-semana-8.html#breadcrumb"},"inLanguage":"pt-BR","potentialAction":[{"@type":"ReadAction","target":["https:\/\/franciscanos.org.br\/noticias\/lancamentos-da-semana-8.html"]}]},{"@type":"BreadcrumbList","@id":"https:\/\/franciscanos.org.br\/noticias\/lancamentos-da-semana-8.html#breadcrumb","itemListElement":[{"@type":"ListItem","position":1,"name":"Home","item":"https:\/\/franciscanos.org.br\/noticias"},{"@type":"ListItem","position":2,"name":"Lan\u00e7amentos da semana"}]},{"@type":"Person","@id":"https:\/\/franciscanos.org.br\/noticias\/#\/schema\/person\/b38fbf43118f02820bd932f2e4b14ad3","name":"admin","image":{"@type":"ImageObject","inLanguage":"pt-BR","@id":"https:\/\/franciscanos.org.br\/noticias\/#\/schema\/person\/image\/","url":"https:\/\/secure.gravatar.com\/avatar\/e8495742d34d0ba6448ea1c628263b3e?s=96&d=mm&r=g","contentUrl":"https:\/\/secure.gravatar.com\/avatar\/e8495742d34d0ba6448ea1c628263b3e?s=96&d=mm&r=g","caption":"admin"},"url":"https:\/\/franciscanos.org.br\/noticias\/author\/admin"}]}},"_links":{"self":[{"href":"https:\/\/franciscanos.org.br\/noticias\/wp-json\/wp\/v2\/posts\/97408"}],"collection":[{"href":"https:\/\/franciscanos.org.br\/noticias\/wp-json\/wp\/v2\/posts"}],"about":[{"href":"https:\/\/franciscanos.org.br\/noticias\/wp-json\/wp\/v2\/types\/post"}],"author":[{"embeddable":true,"href":"https:\/\/franciscanos.org.br\/noticias\/wp-json\/wp\/v2\/users\/1"}],"replies":[{"embeddable":true,"href":"https:\/\/franciscanos.org.br\/noticias\/wp-json\/wp\/v2\/comments?post=97408"}],"version-history":[{"count":0,"href":"https:\/\/franciscanos.org.br\/noticias\/wp-json\/wp\/v2\/posts\/97408\/revisions"}],"wp:featuredmedia":[{"embeddable":true,"href":"https:\/\/franciscanos.org.br\/noticias\/wp-json\/wp\/v2\/media\/194592"}],"wp:attachment":[{"href":"https:\/\/franciscanos.org.br\/noticias\/wp-json\/wp\/v2\/media?parent=97408"}],"wp:term":[{"taxonomy":"category","embeddable":true,"href":"https:\/\/franciscanos.org.br\/noticias\/wp-json\/wp\/v2\/categories?post=97408"},{"taxonomy":"post_tag","embeddable":true,"href":"https:\/\/franciscanos.org.br\/noticias\/wp-json\/wp\/v2\/tags?post=97408"}],"curies":[{"name":"wp","href":"https:\/\/api.w.org\/{rel}","templated":true}]}}