{"id":97333,"date":"2015-10-28T13:16:11","date_gmt":"2015-10-28T15:16:11","guid":{"rendered":"http:\/\/franciscanos.org.br\/?p=97333"},"modified":"2020-06-10T11:07:03","modified_gmt":"2020-06-10T14:07:03","slug":"papa-na-audiencia-inter-religiosa-oracao-e-a-nossa-forca","status":"publish","type":"post","link":"https:\/\/franciscanos.org.br\/noticias\/papa-na-audiencia-inter-religiosa-oracao-e-a-nossa-forca.html","title":{"rendered":"Papa na Audi\u00eancia inter-religiosa: ora\u00e7\u00e3o \u00e9 a nossa for\u00e7a"},"content":{"rendered":"<p><strong><a href=\"http:\/\/franciscanos.org.br\/wp-content\/uploads\/2015\/10\/8203.jpg\"><img loading=\"lazy\" src=\"http:\/\/franciscanos.org.br\/wp-content\/uploads\/2015\/10\/8203.jpg\" alt=\"820\" width=\"820\" height=\"439\" \/><\/a><\/strong><\/p>\n<p><strong>Cidade do Vaticano<\/strong> \u2013 A Audi\u00eancia Geral desta quarta-feira (28\/10) foi dedicada aos 50 anos da Declara\u00e7\u00e3o <em>Nostra Aetate<\/em>, do Conc\u00edlio Vaticano II, sobre as rela\u00e7\u00f5es da Igreja Cat\u00f3lica com as religi\u00f5es n\u00e3o crist\u00e3s.<\/p>\n<p>A chuva que caiu na capital italiana minutos antes da Audi\u00eancia n\u00e3o impediu que milhares de peregrinos comparecessem \u00e0 Pra\u00e7a S. Pedro. Al\u00e9m de fi\u00e9is cat\u00f3licos, havia delega\u00e7\u00f5es de outras religi\u00f5es, a quem o Pont\u00edfice saudou no in\u00edcio de sua catequese.<\/p>\n<p>De fato, a Declara\u00e7\u00e3o foi solenemente votada e aprovada pelos Bispos do Conc\u00edlio no dia 28 de outubro de 1965. O Papa ressaltou os motivos pelos quais a mensagem da <em>Nostra Aetate<\/em> \u00e9 sempre atual. Entre eles, de que a Igreja estima os fi\u00e9is de todas as religi\u00f5es, apreciando seu empenho espiritual e moral e que est\u00e1 aberta ao di\u00e1logo com todos.<\/p>\n<p>Francisco mencionou ainda os in\u00fameros eventos e iniciativas empreendidas com as religi\u00f5es n\u00e3o crist\u00e3s nos \u00faltimos 50 anos, citando um de modo especial: o Encontro de Assis de 27 de outubro de 1986, promovido por S. Jo\u00e3o Paulo II. \u201cA chama, acesa em Assis, se estendeu a todo o mundo e constitui um permanente sinal de esperan\u00e7a\u201d, disse o Papa.<\/p>\n<h3><strong>\u00cdntegra da Mensagem<\/strong><\/h3>\n<p>Queridos irm\u00e3os e irm\u00e3s, bom dia!<\/p>\n<p>Nas audi\u00eancias gerais sempre h\u00e1 muitas pessoas ou grupos pertencentes a outras religi\u00f5es; mas hoje essa presen\u00e7a \u00e9 de tudo particular, para recordar juntos o 50\u00ba anivers\u00e1rio da Declara\u00e7\u00e3o do Conc\u00edlio Vaticano II <em>Nostra aetate<\/em>, sobre as rela\u00e7\u00f5es da Igreja Cat\u00f3lica com as religi\u00f5es n\u00e3o crist\u00e3s. Este tema estava fortemente no cora\u00e7\u00e3o do beato Papa Paulo VI, que j\u00e1 na festa de Pentecostes do ano precedente ao fim do Conc\u00edlio tinha institu\u00eddo o Secretariado para os n\u00e3o crist\u00e3s, hoje Pontif\u00edcio Conselho para o Di\u00e1logo Inter-religioso. Exprimo por isso a minha gratid\u00e3o e as minhas calorosas boas vindas a pessoas e grupos de diversas religi\u00f5es, que hoje quiseram estar presentes, especialmente aos que vieram de longe.<\/p>\n<p>O Conc\u00edlio Vaticano II foi um tempo extraordin\u00e1rio de reflex\u00e3o, di\u00e1logo e ora\u00e7\u00e3o para renovar o olhar da Igreja Cat\u00f3lica sobre si mesma e sobre o mundo. Uma leitura dos sinais dos tempos em vista de uma atualiza\u00e7\u00e3o orientada por uma dupla fidelidade: fidelidade \u00e0 tradi\u00e7\u00e3o eclesial e fidelidade \u00e0 hist\u00f3ria dos homens e das mulheres do nosso tempo. De fato, Deus, que se revelou na cria\u00e7\u00e3o e na hist\u00f3ria, que falou por meio dos profetas e totalmente no seu Filho feito homem (cf. Eb 1, 1) se dirige ao cora\u00e7\u00e3o e ao esp\u00edrito de todo ser humano, que busca a verdade e os meios de pratic\u00e1-la.<\/p>\n<p>A mensagem da Declara\u00e7\u00e3o <em>Nostra aetate<\/em> \u00e9 sempre atual. Retomamos brevemente alguns pontos:<\/p>\n<p style=\"padding-left: 30px;\">\u2013 a crescente interdepend\u00eancia dos povos (cf. n.1);<br \/>\n\u2013 a busca humana de um sentido da vida, do sofrimento, da morte, interroga\u00e7\u00f5es que sempre acompanham o nosso caminho (cf. n.1);<br \/>\n\u2013 a comum origem e o comum destino da humanidade (cf. n.1);<br \/>\n\u2013 a unicidade da fam\u00edlia humana (cf. n. 1);<br \/>\n\u2013 as religi\u00f5es como busca de Deus e do Absoluto, dentro das v\u00e1rias etnias e culturas (cf. n. 1);<br \/>\n\u2013 o olhar benevolente e atento da Igreja sobre religi\u00f5es: essa n\u00e3o rejeita nada nelas que \u00e9 de belo e verdadeiro (c.r n. 2);<br \/>\n\u2013 a Igreja olha com estima os crentes de todas as religi\u00f5es, apreciando o seu empenho espiritual e moral (cf. n. 3);<br \/>\n\u2013 a Igreja, aberta ao di\u00e1logo com todos, \u00e9 ao mesmo tempo fiel \u00e0 verdade em que acredita, a come\u00e7ar por aquela de que a salva\u00e7\u00e3o oferecida a todos tem a sua origem em Jesus, \u00fanico salvador e que o Esp\u00edrito Santo est\u00e1 em a\u00e7\u00e3o, como fonte de paz e amor.<\/p>\n<p>S\u00e3o tantos os eventos, as iniciativas, as rela\u00e7\u00f5es institucionais ou pessoais com as religi\u00f5es n\u00e3o crist\u00e3s destes \u00faltimos 50 anos que \u00e9 dif\u00edcil recordar todos. Um acontecimento particularmente significativo foi o <em>Encontro de Assis em 27 de outubro de 1986<\/em>. Esse foi desejado e promovido por S\u00e3o Jo\u00e3o Paulo II, que um ano antes, ent\u00e3o h\u00e1 30 anos, dirigindo-se aos jovens mu\u00e7ulmanos em Casablanca desejava que todos os crentes em Deus favorecessem a amizade e a uni\u00e3o entre os homens e os povos (19 de agosto de 1985). A chama, acesa por Assis, estendeu-se em todo o mundo e constitui um permanente sinal de esperan\u00e7a.<\/p>\n<p>Uma especial gratid\u00e3o a Deus merece a verdade e a pr\u00f3pria transforma\u00e7\u00e3o que teve nesses 50 anos a rela\u00e7\u00e3o entre crist\u00e3os e judeus. Indiferen\u00e7a e oposi\u00e7\u00e3o se transformaram em colabora\u00e7\u00e3o e benevol\u00eancia. De inimigos e estranhos, nos tornamos amigos e irm\u00e3os. O Conc\u00edlio, com a Declara\u00e7\u00e3o <em>Nostra aetate<\/em>, tra\u00e7ou o caminho: \u201csim\u201d \u00e0 redescoberta das ra\u00edzes judaicas do cristianismo; \u201cn\u00e3o\u201d a toda forma de antissemitismo e condena\u00e7\u00e3o de toda inj\u00faria, discrimina\u00e7\u00e3o e persegui\u00e7\u00e3o que delas derivam. O conhecimento, o respeito e a estima m\u00fatua constituem o caminho que, se vale de modo peculiar para a rela\u00e7\u00e3o com os judeus, vale analogamente tamb\u00e9m para as rela\u00e7\u00f5es com as outras religi\u00f5es. Penso em particular nos mu\u00e7ulmanos, que \u2013 como recorda o Conc\u00edlio \u2013 \u201cadoram o Deus \u00fanico, vivo e subsistente, misericordioso e onipotente, criador do c\u00e9u e da terra, que falou aos homens\u201d (<em>Nostra aetate<\/em>, 5). Esses se referem \u00e0 paternidade de Abra\u00e3o, veneram Jesus como profeta, honram a sua M\u00e3e virgem, Maria, esperam o dia do julgamento e praticam a ora\u00e7\u00e3o, a esmola e o jejum (cf. ibid).<\/p>\n<p>O di\u00e1logo do qual precisamos n\u00e3o pode ser nada a n\u00e3o ser aberto e respeitoso, e ent\u00e3o se revela frutuoso. O respeito rec\u00edproco \u00e9 condi\u00e7\u00e3o e, ao mesmo tempo, finalidade do di\u00e1logo inter-religioso: respeitar o direito dos outros \u00e0 vida, \u00e0 integridade f\u00edsica, \u00e0s liberdades fundamentais, isso \u00e9, liberdade de consci\u00eancia, de pensamento, de express\u00e3o e de religi\u00e3o.<\/p>\n<p>O mundo olha para n\u00f3s crentes, convida-nos a colaborar entre n\u00f3s e com os homens e as mulheres de boa vontade que n\u00e3o professam religi\u00e3o alguma, pede-nos respostas efetivas sobre numerosos temas: a paz, a fome, a mis\u00e9ria que aflige milh\u00f5es de pessoas, a crise ambiental, a viol\u00eancia, em particular aquela cometida em nome da religi\u00e3o, a corrup\u00e7\u00e3o, a degrada\u00e7\u00e3o moral, as crises da fam\u00edlia, da economia, das finan\u00e7as e, sobretudo, da esperan\u00e7a. N\u00f3s, crentes, n\u00e3o temos receitas para esses problemas, mas temos um grande recurso: a ora\u00e7\u00e3o. E n\u00f3s, crentes, rezamos. Devemos rezar. A ora\u00e7\u00e3o \u00e9 o nosso tesouro, \u00e0 qual chegamos segundo as respectivas tradi\u00e7\u00f5es, para pedir os dons que a humanidade anseia.<\/p>\n<p>Por causa da viol\u00eancia e do terrorismo, difundiu-se uma atitude de suspeita e at\u00e9 mesmo de condena\u00e7\u00e3o das religi\u00f5es. Na verdade, embora nenhuma religi\u00e3o esteja imune do risco de desvios fundamentalistas ou extremistas em indiv\u00edduos ou grupos (cf. Discurso ao Congresso dos EUA, 24 de setembro de 2015), \u00e9 necess\u00e1rio olhar para os valores positivos que elas vivem e propagam e que s\u00e3o fonte de esperan\u00e7a. Trata-se de elevar o olhar para ir al\u00e9m. O di\u00e1logo baseado no confiante respeito pode levar a sementes de bem que, por sua vez, se tornam brotos de amizade e de colabora\u00e7\u00e3o em tantos campos e, sobretudo, no servi\u00e7o aos pobres, aos pequenos, aos idosos, no acolhimento aos migrantes, na aten\u00e7\u00e3o a quem est\u00e1 exclu\u00eddo. Podemos caminhar juntos cuidando uns dos outros e da cria\u00e7\u00e3o. Todos os crentes, de todas as religi\u00f5es. Juntos podemos louvar ao Criador por ter nos dado o jardim do mundo para cultivar e proteger como um bem comum e podemos realizar projetos partilhados para combater a pobreza e assegurar a cada homem e mulher condi\u00e7\u00f5es de vida digna.<\/p>\n<p>O Jubileu Extraordin\u00e1rio da Miseric\u00f3rdia, que est\u00e1 diante de n\u00f3s, \u00e9 uma ocasi\u00e3o prop\u00edcia para trabalhar juntos no campo das obras de caridade. E neste campo, onde conta sobretudo a compaix\u00e3o, podem se unir a n\u00f3s tantas pessoas que n\u00e3o se sentem crentes ou que ainda est\u00e3o em busca de Deus e da verdade, pessoas que colocam no centro a face do outro, em particular do irm\u00e3o ou da irm\u00e3 necessitados. Mas a miseric\u00f3rdia ao qual somos chamados abra\u00e7a toda a cria\u00e7\u00e3o, que Deus nos confiou para que sejamos protetores, e n\u00e3o exploradores ou, pior ainda, destruidores. Devemos sempre nos propor a deixar o mundo melhor do que como o encontramos (cfr Enc. <em>Laudato Si\u2019<\/em>, 194), a partir do ambiente em que vivemos, por pequenos gestos da nossa vida cotidiana.<\/p>\n<p>Queridos irm\u00e3os e irm\u00e3s, quanto ao futuro do di\u00e1logo inter-religioso, a primeira coisa que devemos fazer \u00e9 rezar. E rezar uns pelos outros: somos irm\u00e3os! Sem o Senhor, nada \u00e9 poss\u00edvel; com Ele, tudo se torna poss\u00edvel! Possa a nossa ora\u00e7\u00e3o \u2013 cada um segundo a pr\u00f3pria tradi\u00e7\u00e3o \u2013 possa aderir plenamente \u00e0 vontade de Deus, que deseja que todos os homens se reconhe\u00e7am como irm\u00e3os e vivam como tal, formando a grande fam\u00edlia humana na harmonia da diversidade.<\/p>\n<p><strong>PAPA FRANCISCO<\/strong><\/p>\n<p style=\"padding-left: 30px;\"><strong>CATEQUESE<br \/>\n<\/strong>Pra\u00e7a S\u00e3o Pedro \u2013 Vaticano<br \/>\nQuarta-feira, 28 de outubro de 2015<\/p>\n<hr \/>\n<p><em>Fonte: R\u00e1dio Vaticano<\/em><\/p>\n","protected":false},"excerpt":{"rendered":"<p>Audi\u00eancia Geral<\/p>\n","protected":false},"author":1,"featured_media":213354,"comment_status":"open","ping_status":"open","sticky":false,"template":"","format":"standard","meta":[],"categories":[1428],"tags":[487],"acf":[],"yoast_head":"<!-- This site is optimized with the Yoast SEO plugin v19.2 - https:\/\/yoast.com\/wordpress\/plugins\/seo\/ -->\n<title>Papa na Audi\u00eancia inter-religiosa: ora\u00e7\u00e3o \u00e9 a nossa for\u00e7a - Not\u00edcias - Franciscanos<\/title>\n<meta name=\"robots\" content=\"index, follow, max-snippet:-1, max-image-preview:large, max-video-preview:-1\" \/>\n<link rel=\"canonical\" href=\"https:\/\/franciscanos.org.br\/noticias\/papa-na-audiencia-inter-religiosa-oracao-e-a-nossa-forca.html\" \/>\n<meta property=\"og:locale\" content=\"pt_BR\" \/>\n<meta property=\"og:type\" content=\"article\" \/>\n<meta property=\"og:title\" content=\"Papa na Audi\u00eancia inter-religiosa: ora\u00e7\u00e3o \u00e9 a nossa for\u00e7a - Not\u00edcias - Franciscanos\" \/>\n<meta property=\"og:description\" content=\"Audi\u00eancia Geral\" \/>\n<meta property=\"og:url\" content=\"https:\/\/franciscanos.org.br\/noticias\/papa-na-audiencia-inter-religiosa-oracao-e-a-nossa-forca.html\" \/>\n<meta property=\"og:site_name\" content=\"Not\u00edcias - Franciscanos\" \/>\n<meta property=\"article:published_time\" content=\"2015-10-28T15:16:11+00:00\" \/>\n<meta property=\"article:modified_time\" content=\"2020-06-10T14:07:03+00:00\" \/>\n<meta property=\"og:image\" content=\"https:\/\/franciscanos.org.br\/noticias\/wp-content\/uploads\/2015\/10\/8203.jpg\" \/>\n\t<meta property=\"og:image:width\" content=\"273\" \/>\n\t<meta property=\"og:image:height\" content=\"181\" \/>\n\t<meta property=\"og:image:type\" content=\"image\/jpeg\" \/>\n<meta name=\"author\" content=\"admin\" \/>\n<meta name=\"twitter:card\" content=\"summary_large_image\" \/>\n<meta name=\"twitter:label1\" content=\"Escrito por\" \/>\n\t<meta name=\"twitter:data1\" content=\"admin\" \/>\n\t<meta name=\"twitter:label2\" content=\"Est. tempo de leitura\" \/>\n\t<meta name=\"twitter:data2\" content=\"8 minutos\" \/>\n<script type=\"application\/ld+json\" class=\"yoast-schema-graph\">{\"@context\":\"https:\/\/schema.org\",\"@graph\":[{\"@type\":\"WebSite\",\"@id\":\"https:\/\/franciscanos.org.br\/noticias\/#website\",\"url\":\"https:\/\/franciscanos.org.br\/noticias\/\",\"name\":\"Not\u00edcias - Franciscanos\",\"description\":\"Prov\u00edncia Franciscana da Imaculada Concei\u00e7\u00e3o do Brasil - Ordem dos Frades Menores - OFM\",\"potentialAction\":[{\"@type\":\"SearchAction\",\"target\":{\"@type\":\"EntryPoint\",\"urlTemplate\":\"https:\/\/franciscanos.org.br\/noticias\/?s={search_term_string}\"},\"query-input\":\"required name=search_term_string\"}],\"inLanguage\":\"pt-BR\"},{\"@type\":\"ImageObject\",\"inLanguage\":\"pt-BR\",\"@id\":\"https:\/\/franciscanos.org.br\/noticias\/papa-na-audiencia-inter-religiosa-oracao-e-a-nossa-forca.html#primaryimage\",\"url\":\"https:\/\/franciscanos.org.br\/noticias\/wp-content\/uploads\/2015\/10\/8203.jpg\",\"contentUrl\":\"https:\/\/franciscanos.org.br\/noticias\/wp-content\/uploads\/2015\/10\/8203.jpg\",\"width\":273,\"height\":181},{\"@type\":\"WebPage\",\"@id\":\"https:\/\/franciscanos.org.br\/noticias\/papa-na-audiencia-inter-religiosa-oracao-e-a-nossa-forca.html#webpage\",\"url\":\"https:\/\/franciscanos.org.br\/noticias\/papa-na-audiencia-inter-religiosa-oracao-e-a-nossa-forca.html\",\"name\":\"Papa na Audi\u00eancia inter-religiosa: ora\u00e7\u00e3o \u00e9 a nossa for\u00e7a - Not\u00edcias - Franciscanos\",\"isPartOf\":{\"@id\":\"https:\/\/franciscanos.org.br\/noticias\/#website\"},\"primaryImageOfPage\":{\"@id\":\"https:\/\/franciscanos.org.br\/noticias\/papa-na-audiencia-inter-religiosa-oracao-e-a-nossa-forca.html#primaryimage\"},\"datePublished\":\"2015-10-28T15:16:11+00:00\",\"dateModified\":\"2020-06-10T14:07:03+00:00\",\"author\":{\"@id\":\"https:\/\/franciscanos.org.br\/noticias\/#\/schema\/person\/b38fbf43118f02820bd932f2e4b14ad3\"},\"breadcrumb\":{\"@id\":\"https:\/\/franciscanos.org.br\/noticias\/papa-na-audiencia-inter-religiosa-oracao-e-a-nossa-forca.html#breadcrumb\"},\"inLanguage\":\"pt-BR\",\"potentialAction\":[{\"@type\":\"ReadAction\",\"target\":[\"https:\/\/franciscanos.org.br\/noticias\/papa-na-audiencia-inter-religiosa-oracao-e-a-nossa-forca.html\"]}]},{\"@type\":\"BreadcrumbList\",\"@id\":\"https:\/\/franciscanos.org.br\/noticias\/papa-na-audiencia-inter-religiosa-oracao-e-a-nossa-forca.html#breadcrumb\",\"itemListElement\":[{\"@type\":\"ListItem\",\"position\":1,\"name\":\"Home\",\"item\":\"https:\/\/franciscanos.org.br\/noticias\"},{\"@type\":\"ListItem\",\"position\":2,\"name\":\"Papa na Audi\u00eancia inter-religiosa: ora\u00e7\u00e3o \u00e9 a nossa for\u00e7a\"}]},{\"@type\":\"Person\",\"@id\":\"https:\/\/franciscanos.org.br\/noticias\/#\/schema\/person\/b38fbf43118f02820bd932f2e4b14ad3\",\"name\":\"admin\",\"image\":{\"@type\":\"ImageObject\",\"inLanguage\":\"pt-BR\",\"@id\":\"https:\/\/franciscanos.org.br\/noticias\/#\/schema\/person\/image\/\",\"url\":\"https:\/\/secure.gravatar.com\/avatar\/e8495742d34d0ba6448ea1c628263b3e?s=96&d=mm&r=g\",\"contentUrl\":\"https:\/\/secure.gravatar.com\/avatar\/e8495742d34d0ba6448ea1c628263b3e?s=96&d=mm&r=g\",\"caption\":\"admin\"},\"url\":\"https:\/\/franciscanos.org.br\/noticias\/author\/admin\"}]}<\/script>\n<!-- \/ Yoast SEO plugin. -->","yoast_head_json":{"title":"Papa na Audi\u00eancia inter-religiosa: ora\u00e7\u00e3o \u00e9 a nossa for\u00e7a - Not\u00edcias - Franciscanos","robots":{"index":"index","follow":"follow","max-snippet":"max-snippet:-1","max-image-preview":"max-image-preview:large","max-video-preview":"max-video-preview:-1"},"canonical":"https:\/\/franciscanos.org.br\/noticias\/papa-na-audiencia-inter-religiosa-oracao-e-a-nossa-forca.html","og_locale":"pt_BR","og_type":"article","og_title":"Papa na Audi\u00eancia inter-religiosa: ora\u00e7\u00e3o \u00e9 a nossa for\u00e7a - Not\u00edcias - Franciscanos","og_description":"Audi\u00eancia Geral","og_url":"https:\/\/franciscanos.org.br\/noticias\/papa-na-audiencia-inter-religiosa-oracao-e-a-nossa-forca.html","og_site_name":"Not\u00edcias - Franciscanos","article_published_time":"2015-10-28T15:16:11+00:00","article_modified_time":"2020-06-10T14:07:03+00:00","og_image":[{"width":273,"height":181,"url":"https:\/\/franciscanos.org.br\/noticias\/wp-content\/uploads\/2015\/10\/8203.jpg","type":"image\/jpeg"}],"author":"admin","twitter_card":"summary_large_image","twitter_misc":{"Escrito por":"admin","Est. tempo de leitura":"8 minutos"},"schema":{"@context":"https:\/\/schema.org","@graph":[{"@type":"WebSite","@id":"https:\/\/franciscanos.org.br\/noticias\/#website","url":"https:\/\/franciscanos.org.br\/noticias\/","name":"Not\u00edcias - Franciscanos","description":"Prov\u00edncia Franciscana da Imaculada Concei\u00e7\u00e3o do Brasil - Ordem dos Frades Menores - OFM","potentialAction":[{"@type":"SearchAction","target":{"@type":"EntryPoint","urlTemplate":"https:\/\/franciscanos.org.br\/noticias\/?s={search_term_string}"},"query-input":"required name=search_term_string"}],"inLanguage":"pt-BR"},{"@type":"ImageObject","inLanguage":"pt-BR","@id":"https:\/\/franciscanos.org.br\/noticias\/papa-na-audiencia-inter-religiosa-oracao-e-a-nossa-forca.html#primaryimage","url":"https:\/\/franciscanos.org.br\/noticias\/wp-content\/uploads\/2015\/10\/8203.jpg","contentUrl":"https:\/\/franciscanos.org.br\/noticias\/wp-content\/uploads\/2015\/10\/8203.jpg","width":273,"height":181},{"@type":"WebPage","@id":"https:\/\/franciscanos.org.br\/noticias\/papa-na-audiencia-inter-religiosa-oracao-e-a-nossa-forca.html#webpage","url":"https:\/\/franciscanos.org.br\/noticias\/papa-na-audiencia-inter-religiosa-oracao-e-a-nossa-forca.html","name":"Papa na Audi\u00eancia inter-religiosa: ora\u00e7\u00e3o \u00e9 a nossa for\u00e7a - Not\u00edcias - Franciscanos","isPartOf":{"@id":"https:\/\/franciscanos.org.br\/noticias\/#website"},"primaryImageOfPage":{"@id":"https:\/\/franciscanos.org.br\/noticias\/papa-na-audiencia-inter-religiosa-oracao-e-a-nossa-forca.html#primaryimage"},"datePublished":"2015-10-28T15:16:11+00:00","dateModified":"2020-06-10T14:07:03+00:00","author":{"@id":"https:\/\/franciscanos.org.br\/noticias\/#\/schema\/person\/b38fbf43118f02820bd932f2e4b14ad3"},"breadcrumb":{"@id":"https:\/\/franciscanos.org.br\/noticias\/papa-na-audiencia-inter-religiosa-oracao-e-a-nossa-forca.html#breadcrumb"},"inLanguage":"pt-BR","potentialAction":[{"@type":"ReadAction","target":["https:\/\/franciscanos.org.br\/noticias\/papa-na-audiencia-inter-religiosa-oracao-e-a-nossa-forca.html"]}]},{"@type":"BreadcrumbList","@id":"https:\/\/franciscanos.org.br\/noticias\/papa-na-audiencia-inter-religiosa-oracao-e-a-nossa-forca.html#breadcrumb","itemListElement":[{"@type":"ListItem","position":1,"name":"Home","item":"https:\/\/franciscanos.org.br\/noticias"},{"@type":"ListItem","position":2,"name":"Papa na Audi\u00eancia inter-religiosa: ora\u00e7\u00e3o \u00e9 a nossa for\u00e7a"}]},{"@type":"Person","@id":"https:\/\/franciscanos.org.br\/noticias\/#\/schema\/person\/b38fbf43118f02820bd932f2e4b14ad3","name":"admin","image":{"@type":"ImageObject","inLanguage":"pt-BR","@id":"https:\/\/franciscanos.org.br\/noticias\/#\/schema\/person\/image\/","url":"https:\/\/secure.gravatar.com\/avatar\/e8495742d34d0ba6448ea1c628263b3e?s=96&d=mm&r=g","contentUrl":"https:\/\/secure.gravatar.com\/avatar\/e8495742d34d0ba6448ea1c628263b3e?s=96&d=mm&r=g","caption":"admin"},"url":"https:\/\/franciscanos.org.br\/noticias\/author\/admin"}]}},"_links":{"self":[{"href":"https:\/\/franciscanos.org.br\/noticias\/wp-json\/wp\/v2\/posts\/97333"}],"collection":[{"href":"https:\/\/franciscanos.org.br\/noticias\/wp-json\/wp\/v2\/posts"}],"about":[{"href":"https:\/\/franciscanos.org.br\/noticias\/wp-json\/wp\/v2\/types\/post"}],"author":[{"embeddable":true,"href":"https:\/\/franciscanos.org.br\/noticias\/wp-json\/wp\/v2\/users\/1"}],"replies":[{"embeddable":true,"href":"https:\/\/franciscanos.org.br\/noticias\/wp-json\/wp\/v2\/comments?post=97333"}],"version-history":[{"count":1,"href":"https:\/\/franciscanos.org.br\/noticias\/wp-json\/wp\/v2\/posts\/97333\/revisions"}],"predecessor-version":[{"id":225895,"href":"https:\/\/franciscanos.org.br\/noticias\/wp-json\/wp\/v2\/posts\/97333\/revisions\/225895"}],"wp:featuredmedia":[{"embeddable":true,"href":"https:\/\/franciscanos.org.br\/noticias\/wp-json\/wp\/v2\/media\/213354"}],"wp:attachment":[{"href":"https:\/\/franciscanos.org.br\/noticias\/wp-json\/wp\/v2\/media?parent=97333"}],"wp:term":[{"taxonomy":"category","embeddable":true,"href":"https:\/\/franciscanos.org.br\/noticias\/wp-json\/wp\/v2\/categories?post=97333"},{"taxonomy":"post_tag","embeddable":true,"href":"https:\/\/franciscanos.org.br\/noticias\/wp-json\/wp\/v2\/tags?post=97333"}],"curies":[{"name":"wp","href":"https:\/\/api.w.org\/{rel}","templated":true}]}}