{"id":97311,"date":"2015-10-30T00:50:53","date_gmt":"2015-10-30T02:50:53","guid":{"rendered":"http:\/\/franciscanos.org.br\/?p=97311"},"modified":"2019-12-19T11:35:29","modified_gmt":"2019-12-19T14:35:29","slug":"todos-os-santos-multidao-que-ninguem-pode-contar","status":"publish","type":"post","link":"https:\/\/franciscanos.org.br\/noticias\/todos-os-santos-multidao-que-ninguem-pode-contar.html","title":{"rendered":"Santos: Multid\u00e3o que ningu\u00e9m pode contar"},"content":{"rendered":"<p><img loading=\"lazy\" src=\"https:\/\/franciscanos.org.br\/noticias\/wp-content\/uploads\/2015\/10\/8202.jpg\" alt=\"\" width=\"820\" height=\"440\" \/><\/p>\n<p><strong>Frei Gustavo Medella<\/strong><\/p>\n<p>\u201cDepois disso, vi uma multid\u00e3o imensa de todas as na\u00e7\u00f5es, tribos, povos e l\u00ednguas, e que ningu\u00e9m podia contar\u201d (Ap 7,9).<\/p>\n<p>Bela frase do livro do Apocalipse! Enche-nos de conforto e esperan\u00e7a este vers\u00edculo, no qual o autor sagrado expressa o tamanho da miseric\u00f3rdia de Deus. Quantos homens e mulheres j\u00e1 fazem parte desta incont\u00e1vel multid\u00e3o que enche de alegria o Cora\u00e7\u00e3o do Pai. Assim como o Filho desejou ardentemente doar-se em alimento aos seus (Lc 22,15), o Pai nos aguarda de bra\u00e7os abertos, com desejo imenso de que cada um de n\u00f3s busquemos fazer parte desta aben\u00e7oada multid\u00e3o coligada no amor infinito da Trindade.<\/p>\n<p>O que dizer sobre santidade?<\/p>\n<p>N\u00e3o \u00e9 dado cient\u00edfico, control\u00e1vel, verific\u00e1vel, previs\u00edvel pela raz\u00e3o humana, mas mist\u00e9rio de generosidade guardado na absoluta sabedoria de Deus. A multid\u00e3o que ningu\u00e9m podia contar revela o mist\u00e9rio insond\u00e1vel da generosidade do Pai que, no Filho e pelo Esp\u00edrito, chama todo ser humano \u00e0 santidade.<\/p>\n<p>N\u00e3o \u00e9 status conquistado que permite acomoda\u00e7\u00e3o numa zona de conforto, mas busca di\u00e1ria e constante de quem se sente chamado a apostar neste ideal. Ser santo n\u00e3o \u00e9 uma conquista do agora. \u00c9 constru\u00e7\u00e3o do hoje e do amanh\u00e3, busca empenhada em conformar-se o quanto poss\u00edvel a Cristo, o Cordeiro em cujo sangue devemos lavar e alvejar as nossas vestes (cf. Ap 7,14).<\/p>\n<p>N\u00e3o \u00e9 preservar-se daquilo que \u00e9 humano para refugiar-se no divino, mas gastar-se servindo a Deus que escolheu se manifestar em meio \u00e0s contradi\u00e7\u00f5es da humanidade. Os eleitos que vieram da grande tribula\u00e7\u00e3o (Cf. Ap 7,4).<\/p>\n<p>N\u00e3o \u00e9 aprisionar-se ou aprisionar outros em preceitos humanos que garantiriam a salva\u00e7\u00e3o a quem os praticasse, mas sentir-se livre e libertar os outros para o amor sem medidas com o qual Deus ama seus filhos. \u201cVede que grande presente de amor o Pai nos deu: de sermos chamados filhos de Deus\u201d\u00a0 (1Jo 3,1).<\/p>\n<p>N\u00e3o \u00e9 julgar-se pertencente ao seleto grupo dos bons, mas confiar-se inteiramente \u00e0 miseric\u00f3rdia de Deus, afinal s\u00f3 Ele \u00e9 Bom.<\/p>\n<p>N\u00e3o \u00e9 mergulhar numa ascese fria e melanc\u00f3lica, externada num cristianismo com \u201ccara de vinagre\u201d (Cf. EG 85), mas abra\u00e7ar a Alegria do Evangelho, expressa nas Bem Aventuran\u00e7as (Mt 5,1-12).<\/p>\n<p>Santidade \u00e9 combina\u00e7\u00e3o entre o dom de Deus e a busca humana. \u00c9 a grande voca\u00e7\u00e3o \u00e0 qual todos somos chamados. Celebremos, com entusiasmo, todos os santos e santas que participam da gl\u00f3ria divina e nos estimulam a buscar o mesmo.<\/p>\n","protected":false},"excerpt":{"rendered":"<p>Liturgia dominical<\/p>\n","protected":false},"author":1,"featured_media":215137,"comment_status":"open","ping_status":"open","sticky":false,"template":"","format":"standard","meta":[],"categories":[1],"tags":[537],"acf":[],"yoast_head":"<!-- This site is optimized with the Yoast SEO plugin v19.2 - https:\/\/yoast.com\/wordpress\/plugins\/seo\/ -->\n<title>Santos: Multid\u00e3o que ningu\u00e9m pode contar - Not\u00edcias - Franciscanos<\/title>\n<meta name=\"robots\" content=\"index, follow, max-snippet:-1, max-image-preview:large, max-video-preview:-1\" \/>\n<link rel=\"canonical\" href=\"https:\/\/franciscanos.org.br\/noticias\/todos-os-santos-multidao-que-ninguem-pode-contar.html\" \/>\n<meta property=\"og:locale\" content=\"pt_BR\" \/>\n<meta property=\"og:type\" content=\"article\" \/>\n<meta property=\"og:title\" content=\"Santos: Multid\u00e3o que ningu\u00e9m pode contar - Not\u00edcias - Franciscanos\" \/>\n<meta property=\"og:description\" content=\"Liturgia dominical\" \/>\n<meta property=\"og:url\" content=\"https:\/\/franciscanos.org.br\/noticias\/todos-os-santos-multidao-que-ninguem-pode-contar.html\" \/>\n<meta property=\"og:site_name\" content=\"Not\u00edcias - Franciscanos\" \/>\n<meta property=\"article:published_time\" content=\"2015-10-30T02:50:53+00:00\" \/>\n<meta property=\"article:modified_time\" content=\"2019-12-19T14:35:29+00:00\" \/>\n<meta property=\"og:image\" content=\"https:\/\/franciscanos.org.br\/noticias\/wp-content\/uploads\/2015\/10\/8202-1.jpg\" \/>\n\t<meta property=\"og:image:width\" content=\"273\" \/>\n\t<meta property=\"og:image:height\" content=\"181\" \/>\n\t<meta property=\"og:image:type\" content=\"image\/jpeg\" \/>\n<meta name=\"author\" content=\"admin\" \/>\n<meta name=\"twitter:card\" content=\"summary_large_image\" \/>\n<meta name=\"twitter:label1\" content=\"Escrito por\" \/>\n\t<meta name=\"twitter:data1\" content=\"admin\" \/>\n\t<meta name=\"twitter:label2\" content=\"Est. tempo de leitura\" \/>\n\t<meta name=\"twitter:data2\" content=\"2 minutos\" \/>\n<script type=\"application\/ld+json\" class=\"yoast-schema-graph\">{\"@context\":\"https:\/\/schema.org\",\"@graph\":[{\"@type\":\"WebSite\",\"@id\":\"https:\/\/franciscanos.org.br\/noticias\/#website\",\"url\":\"https:\/\/franciscanos.org.br\/noticias\/\",\"name\":\"Not\u00edcias - Franciscanos\",\"description\":\"Prov\u00edncia Franciscana da Imaculada Concei\u00e7\u00e3o do Brasil - Ordem dos Frades Menores - OFM\",\"potentialAction\":[{\"@type\":\"SearchAction\",\"target\":{\"@type\":\"EntryPoint\",\"urlTemplate\":\"https:\/\/franciscanos.org.br\/noticias\/?s={search_term_string}\"},\"query-input\":\"required name=search_term_string\"}],\"inLanguage\":\"pt-BR\"},{\"@type\":\"ImageObject\",\"inLanguage\":\"pt-BR\",\"@id\":\"https:\/\/franciscanos.org.br\/noticias\/todos-os-santos-multidao-que-ninguem-pode-contar.html#primaryimage\",\"url\":\"https:\/\/franciscanos.org.br\/noticias\/wp-content\/uploads\/2015\/10\/8202-1.jpg\",\"contentUrl\":\"https:\/\/franciscanos.org.br\/noticias\/wp-content\/uploads\/2015\/10\/8202-1.jpg\",\"width\":273,\"height\":181},{\"@type\":\"WebPage\",\"@id\":\"https:\/\/franciscanos.org.br\/noticias\/todos-os-santos-multidao-que-ninguem-pode-contar.html#webpage\",\"url\":\"https:\/\/franciscanos.org.br\/noticias\/todos-os-santos-multidao-que-ninguem-pode-contar.html\",\"name\":\"Santos: Multid\u00e3o que ningu\u00e9m pode contar - Not\u00edcias - Franciscanos\",\"isPartOf\":{\"@id\":\"https:\/\/franciscanos.org.br\/noticias\/#website\"},\"primaryImageOfPage\":{\"@id\":\"https:\/\/franciscanos.org.br\/noticias\/todos-os-santos-multidao-que-ninguem-pode-contar.html#primaryimage\"},\"datePublished\":\"2015-10-30T02:50:53+00:00\",\"dateModified\":\"2019-12-19T14:35:29+00:00\",\"author\":{\"@id\":\"https:\/\/franciscanos.org.br\/noticias\/#\/schema\/person\/b38fbf43118f02820bd932f2e4b14ad3\"},\"breadcrumb\":{\"@id\":\"https:\/\/franciscanos.org.br\/noticias\/todos-os-santos-multidao-que-ninguem-pode-contar.html#breadcrumb\"},\"inLanguage\":\"pt-BR\",\"potentialAction\":[{\"@type\":\"ReadAction\",\"target\":[\"https:\/\/franciscanos.org.br\/noticias\/todos-os-santos-multidao-que-ninguem-pode-contar.html\"]}]},{\"@type\":\"BreadcrumbList\",\"@id\":\"https:\/\/franciscanos.org.br\/noticias\/todos-os-santos-multidao-que-ninguem-pode-contar.html#breadcrumb\",\"itemListElement\":[{\"@type\":\"ListItem\",\"position\":1,\"name\":\"Home\",\"item\":\"https:\/\/franciscanos.org.br\/noticias\"},{\"@type\":\"ListItem\",\"position\":2,\"name\":\"Santos: Multid\u00e3o que ningu\u00e9m pode contar\"}]},{\"@type\":\"Person\",\"@id\":\"https:\/\/franciscanos.org.br\/noticias\/#\/schema\/person\/b38fbf43118f02820bd932f2e4b14ad3\",\"name\":\"admin\",\"image\":{\"@type\":\"ImageObject\",\"inLanguage\":\"pt-BR\",\"@id\":\"https:\/\/franciscanos.org.br\/noticias\/#\/schema\/person\/image\/\",\"url\":\"https:\/\/secure.gravatar.com\/avatar\/e8495742d34d0ba6448ea1c628263b3e?s=96&d=mm&r=g\",\"contentUrl\":\"https:\/\/secure.gravatar.com\/avatar\/e8495742d34d0ba6448ea1c628263b3e?s=96&d=mm&r=g\",\"caption\":\"admin\"},\"url\":\"https:\/\/franciscanos.org.br\/noticias\/author\/admin\"}]}<\/script>\n<!-- \/ Yoast SEO plugin. -->","yoast_head_json":{"title":"Santos: Multid\u00e3o que ningu\u00e9m pode contar - Not\u00edcias - Franciscanos","robots":{"index":"index","follow":"follow","max-snippet":"max-snippet:-1","max-image-preview":"max-image-preview:large","max-video-preview":"max-video-preview:-1"},"canonical":"https:\/\/franciscanos.org.br\/noticias\/todos-os-santos-multidao-que-ninguem-pode-contar.html","og_locale":"pt_BR","og_type":"article","og_title":"Santos: Multid\u00e3o que ningu\u00e9m pode contar - Not\u00edcias - Franciscanos","og_description":"Liturgia dominical","og_url":"https:\/\/franciscanos.org.br\/noticias\/todos-os-santos-multidao-que-ninguem-pode-contar.html","og_site_name":"Not\u00edcias - Franciscanos","article_published_time":"2015-10-30T02:50:53+00:00","article_modified_time":"2019-12-19T14:35:29+00:00","og_image":[{"width":273,"height":181,"url":"https:\/\/franciscanos.org.br\/noticias\/wp-content\/uploads\/2015\/10\/8202-1.jpg","type":"image\/jpeg"}],"author":"admin","twitter_card":"summary_large_image","twitter_misc":{"Escrito por":"admin","Est. tempo de leitura":"2 minutos"},"schema":{"@context":"https:\/\/schema.org","@graph":[{"@type":"WebSite","@id":"https:\/\/franciscanos.org.br\/noticias\/#website","url":"https:\/\/franciscanos.org.br\/noticias\/","name":"Not\u00edcias - Franciscanos","description":"Prov\u00edncia Franciscana da Imaculada Concei\u00e7\u00e3o do Brasil - Ordem dos Frades Menores - OFM","potentialAction":[{"@type":"SearchAction","target":{"@type":"EntryPoint","urlTemplate":"https:\/\/franciscanos.org.br\/noticias\/?s={search_term_string}"},"query-input":"required name=search_term_string"}],"inLanguage":"pt-BR"},{"@type":"ImageObject","inLanguage":"pt-BR","@id":"https:\/\/franciscanos.org.br\/noticias\/todos-os-santos-multidao-que-ninguem-pode-contar.html#primaryimage","url":"https:\/\/franciscanos.org.br\/noticias\/wp-content\/uploads\/2015\/10\/8202-1.jpg","contentUrl":"https:\/\/franciscanos.org.br\/noticias\/wp-content\/uploads\/2015\/10\/8202-1.jpg","width":273,"height":181},{"@type":"WebPage","@id":"https:\/\/franciscanos.org.br\/noticias\/todos-os-santos-multidao-que-ninguem-pode-contar.html#webpage","url":"https:\/\/franciscanos.org.br\/noticias\/todos-os-santos-multidao-que-ninguem-pode-contar.html","name":"Santos: Multid\u00e3o que ningu\u00e9m pode contar - Not\u00edcias - Franciscanos","isPartOf":{"@id":"https:\/\/franciscanos.org.br\/noticias\/#website"},"primaryImageOfPage":{"@id":"https:\/\/franciscanos.org.br\/noticias\/todos-os-santos-multidao-que-ninguem-pode-contar.html#primaryimage"},"datePublished":"2015-10-30T02:50:53+00:00","dateModified":"2019-12-19T14:35:29+00:00","author":{"@id":"https:\/\/franciscanos.org.br\/noticias\/#\/schema\/person\/b38fbf43118f02820bd932f2e4b14ad3"},"breadcrumb":{"@id":"https:\/\/franciscanos.org.br\/noticias\/todos-os-santos-multidao-que-ninguem-pode-contar.html#breadcrumb"},"inLanguage":"pt-BR","potentialAction":[{"@type":"ReadAction","target":["https:\/\/franciscanos.org.br\/noticias\/todos-os-santos-multidao-que-ninguem-pode-contar.html"]}]},{"@type":"BreadcrumbList","@id":"https:\/\/franciscanos.org.br\/noticias\/todos-os-santos-multidao-que-ninguem-pode-contar.html#breadcrumb","itemListElement":[{"@type":"ListItem","position":1,"name":"Home","item":"https:\/\/franciscanos.org.br\/noticias"},{"@type":"ListItem","position":2,"name":"Santos: Multid\u00e3o que ningu\u00e9m pode contar"}]},{"@type":"Person","@id":"https:\/\/franciscanos.org.br\/noticias\/#\/schema\/person\/b38fbf43118f02820bd932f2e4b14ad3","name":"admin","image":{"@type":"ImageObject","inLanguage":"pt-BR","@id":"https:\/\/franciscanos.org.br\/noticias\/#\/schema\/person\/image\/","url":"https:\/\/secure.gravatar.com\/avatar\/e8495742d34d0ba6448ea1c628263b3e?s=96&d=mm&r=g","contentUrl":"https:\/\/secure.gravatar.com\/avatar\/e8495742d34d0ba6448ea1c628263b3e?s=96&d=mm&r=g","caption":"admin"},"url":"https:\/\/franciscanos.org.br\/noticias\/author\/admin"}]}},"_links":{"self":[{"href":"https:\/\/franciscanos.org.br\/noticias\/wp-json\/wp\/v2\/posts\/97311"}],"collection":[{"href":"https:\/\/franciscanos.org.br\/noticias\/wp-json\/wp\/v2\/posts"}],"about":[{"href":"https:\/\/franciscanos.org.br\/noticias\/wp-json\/wp\/v2\/types\/post"}],"author":[{"embeddable":true,"href":"https:\/\/franciscanos.org.br\/noticias\/wp-json\/wp\/v2\/users\/1"}],"replies":[{"embeddable":true,"href":"https:\/\/franciscanos.org.br\/noticias\/wp-json\/wp\/v2\/comments?post=97311"}],"version-history":[{"count":0,"href":"https:\/\/franciscanos.org.br\/noticias\/wp-json\/wp\/v2\/posts\/97311\/revisions"}],"wp:featuredmedia":[{"embeddable":true,"href":"https:\/\/franciscanos.org.br\/noticias\/wp-json\/wp\/v2\/media\/215137"}],"wp:attachment":[{"href":"https:\/\/franciscanos.org.br\/noticias\/wp-json\/wp\/v2\/media?parent=97311"}],"wp:term":[{"taxonomy":"category","embeddable":true,"href":"https:\/\/franciscanos.org.br\/noticias\/wp-json\/wp\/v2\/categories?post=97311"},{"taxonomy":"post_tag","embeddable":true,"href":"https:\/\/franciscanos.org.br\/noticias\/wp-json\/wp\/v2\/tags?post=97311"}],"curies":[{"name":"wp","href":"https:\/\/api.w.org\/{rel}","templated":true}]}}