{"id":97260,"date":"2015-10-27T09:27:59","date_gmt":"2015-10-27T11:27:59","guid":{"rendered":"http:\/\/franciscanos.org.br\/?p=97260"},"modified":"2019-12-09T10:49:32","modified_gmt":"2019-12-09T13:49:32","slug":"com-o-sinodo-os-sinais-de-uma-nova-eclesiologia","status":"publish","type":"post","link":"https:\/\/franciscanos.org.br\/noticias\/com-o-sinodo-os-sinais-de-uma-nova-eclesiologia.html","title":{"rendered":"Com o S\u00ednodo, os sinais de uma nova eclesiologia"},"content":{"rendered":"<p><img loading=\"lazy\" class=\"alignnone size-full wp-image-196316\" src=\"https:\/\/franciscanos.org.br\/noticias\/wp-content\/uploads\/2015\/10\/sinodo.jpg\" alt=\"\" width=\"890\" height=\"593\" srcset=\"https:\/\/franciscanos.org.br\/noticias\/wp-content\/uploads\/2015\/10\/sinodo.jpg 890w, https:\/\/franciscanos.org.br\/noticias\/wp-content\/uploads\/2015\/10\/sinodo-450x300.jpg 450w, https:\/\/franciscanos.org.br\/noticias\/wp-content\/uploads\/2015\/10\/sinodo-768x512.jpg 768w, https:\/\/franciscanos.org.br\/noticias\/wp-content\/uploads\/2015\/10\/sinodo-150x100.jpg 150w\" sizes=\"(max-width: 890px) 100vw, 890px\" \/><\/p>\n<p><strong>Frei Ant\u00f4nio Moser<\/strong><\/p>\n<p>Desde os primeiros gestos do Papa Francisco rec\u00e9m-eleito, come\u00e7ou-se a recordar uma express\u00e3o que j\u00e1 aparecia no contexto do Conc\u00edlio Vaticano II h\u00e1 50 anos. Com as homilias e pronunciamentos ligados \u00e0 Jornada Mundial da Juventude no Rio de Janeiro, os sinais foram sendo captados com r\u00e1pida e crescente nitidez. Este Papa carrega consigo uma nova compreens\u00e3o do que significa ser Igreja. O contexto dos fatos que antecederam \u00e0 ren\u00fancia de Bento XVI serviram como pano de fundo para que a percep\u00e7\u00e3o de uma nova eclesiologia fosse tomando vulto. Como Francisco fala mais por gestos do que por palavras, rapidamente ele veio mostrar como entendia sua voca\u00e7\u00e3o. Deus o chamava para criar uma nova atmosfera.<\/p>\n<p>Essa nova atmosfera passou a ser percebida n\u00e3o s\u00f3 por te\u00f3logos profissionais, mas tamb\u00e9m por muitos setores da Igreja, tanto dos que fazem parte da hierarquia quanto dos que denominamos de fi\u00e9is. E o mais curioso \u00e9 que a percep\u00e7\u00e3o n\u00e3o se prende somente a pessoas de &#8220;alto n\u00edvel&#8221;. Justamente as pessoas mais simples parecem estar sentindo a mesma coisa: algo est\u00e1 mudando, e mudando rapidamente na Igreja.<\/p>\n<p>O recente S\u00ednodo para as fam\u00edlias foi, certamente, um marco decisivo para n\u00e3o deixar mais d\u00favidas. Este outubro passado ser\u00e1 mais que um &#8216;outubro rosa&#8217;: ser\u00e1 um outubro inesquec\u00edvel para os que buscaram se informar sobre o que estava ocorrendo em Roma. Atrav\u00e9s da presen\u00e7a de mais de 250 cardeais e bispos, bem como de uns 50 leigos, muitos sendo casais, e uns 30 representantes de Igrejas crist\u00e3s n\u00e3o cat\u00f3licas, ficou claro que ali se encontravam representantes de uma Igreja espalhada por todo o mundo. N\u00e3o uma Igreja que um certo n\u00famero de pessoas julga quase morta, mas de uma Igreja viva, vibrante, capaz de ler e interpretar os sinais dos tempos e disposta, mais do que nunca, a partir para a a\u00e7\u00e3o.<\/p>\n<p>Aparentemente tudo isto j\u00e1 constava dos \u00faltimos dec\u00eanios da Igreja. Mas a chama que se ascendia rapidamente se extinguia. A impress\u00e3o que este S\u00ednodo deixa \u00e9 que, desta vez, n\u00e3o vai ocorrer a mesma coisa. Duas raz\u00f5es ao menos apontam nesta dire\u00e7\u00e3o. A primeira no modo como o S\u00ednodo foi preparado e executado. Ningu\u00e9m poderia imaginar que um evento deste porte come\u00e7asse com um question\u00e1rio aberto, que acolhia as respostas de quem se propusesse a d\u00e1-las. Em seguida, depois de uma triagem veio um primeiro texto, que serviu de base para o S\u00ednodo extraordin\u00e1rio do ano passado. Novos aportes, nova reda\u00e7\u00e3o. E no S\u00ednodo deste ano ficou claro, desde o in\u00edcio, que os convidados n\u00e3o estavam ali simplesmente para assinar embaixo do texto-base. Era para discutir mesmo, tanto em grupos quanto nas plen\u00e1rias.<\/p>\n<p>O segundo sinal, para ter certeza de que uma nova eclesiologia vai se implantando, est\u00e1 na maneira de como Cardeais, Patriarcas e bispos se relacionarem entre si e com os demais convidados. Sobretudo nos intervalos se tinha a impress\u00e3o de que todos j\u00e1 se conheciam h\u00e1 muito tempo. Tamb\u00e9m, n\u00e3o era para menos, tendo o Papa n\u00e3o s\u00f3 presente, mas circulando livremente no meio de todos, tomando caf\u00e9 com todos, deixando-se fotografar e cumprimentar \u00e0 vontade. E o texto aprovado: o que dizer sobre ele? Fica para um pr\u00f3ximo artigo. O mais importante foi o clima que reinou, onde at\u00e9 mesmo os que h\u00e1 um tempo se julgavam superiores, agora n\u00e3o t\u00eam como n\u00e3o proceder como o Papa: despojando-se de todas as honrarias.<\/p>\n","protected":false},"excerpt":{"rendered":"<p>Frei Ant\u00f4nio Moser<\/p>\n","protected":false},"author":1,"featured_media":214851,"comment_status":"open","ping_status":"open","sticky":false,"template":"","format":"standard","meta":[],"categories":[1],"tags":[472],"acf":[],"yoast_head":"<!-- This site is optimized with the Yoast SEO plugin v19.2 - https:\/\/yoast.com\/wordpress\/plugins\/seo\/ -->\n<title>Com o S\u00ednodo, os sinais de uma nova eclesiologia - Not\u00edcias - Franciscanos<\/title>\n<meta name=\"robots\" content=\"index, follow, max-snippet:-1, max-image-preview:large, max-video-preview:-1\" \/>\n<link rel=\"canonical\" href=\"https:\/\/franciscanos.org.br\/noticias\/com-o-sinodo-os-sinais-de-uma-nova-eclesiologia.html\" \/>\n<meta property=\"og:locale\" content=\"pt_BR\" \/>\n<meta property=\"og:type\" content=\"article\" \/>\n<meta property=\"og:title\" content=\"Com o S\u00ednodo, os sinais de uma nova eclesiologia - Not\u00edcias - Franciscanos\" \/>\n<meta property=\"og:description\" content=\"Frei Ant\u00f4nio Moser\" \/>\n<meta property=\"og:url\" content=\"https:\/\/franciscanos.org.br\/noticias\/com-o-sinodo-os-sinais-de-uma-nova-eclesiologia.html\" \/>\n<meta property=\"og:site_name\" content=\"Not\u00edcias - Franciscanos\" \/>\n<meta property=\"article:published_time\" content=\"2015-10-27T11:27:59+00:00\" \/>\n<meta property=\"article:modified_time\" content=\"2019-12-09T13:49:32+00:00\" \/>\n<meta property=\"og:image\" content=\"https:\/\/franciscanos.org.br\/noticias\/wp-content\/uploads\/2015\/10\/sinodo-2.jpg\" \/>\n\t<meta property=\"og:image:width\" content=\"273\" \/>\n\t<meta property=\"og:image:height\" content=\"181\" \/>\n\t<meta property=\"og:image:type\" content=\"image\/jpeg\" \/>\n<meta name=\"author\" content=\"admin\" \/>\n<meta name=\"twitter:card\" content=\"summary_large_image\" \/>\n<meta name=\"twitter:label1\" content=\"Escrito por\" \/>\n\t<meta name=\"twitter:data1\" content=\"admin\" \/>\n\t<meta name=\"twitter:label2\" content=\"Est. tempo de leitura\" \/>\n\t<meta name=\"twitter:data2\" content=\"3 minutos\" \/>\n<script type=\"application\/ld+json\" class=\"yoast-schema-graph\">{\"@context\":\"https:\/\/schema.org\",\"@graph\":[{\"@type\":\"WebSite\",\"@id\":\"https:\/\/franciscanos.org.br\/noticias\/#website\",\"url\":\"https:\/\/franciscanos.org.br\/noticias\/\",\"name\":\"Not\u00edcias - Franciscanos\",\"description\":\"Prov\u00edncia Franciscana da Imaculada Concei\u00e7\u00e3o do Brasil - Ordem dos Frades Menores - OFM\",\"potentialAction\":[{\"@type\":\"SearchAction\",\"target\":{\"@type\":\"EntryPoint\",\"urlTemplate\":\"https:\/\/franciscanos.org.br\/noticias\/?s={search_term_string}\"},\"query-input\":\"required name=search_term_string\"}],\"inLanguage\":\"pt-BR\"},{\"@type\":\"ImageObject\",\"inLanguage\":\"pt-BR\",\"@id\":\"https:\/\/franciscanos.org.br\/noticias\/com-o-sinodo-os-sinais-de-uma-nova-eclesiologia.html#primaryimage\",\"url\":\"https:\/\/franciscanos.org.br\/noticias\/wp-content\/uploads\/2015\/10\/sinodo-2.jpg\",\"contentUrl\":\"https:\/\/franciscanos.org.br\/noticias\/wp-content\/uploads\/2015\/10\/sinodo-2.jpg\",\"width\":273,\"height\":181},{\"@type\":\"WebPage\",\"@id\":\"https:\/\/franciscanos.org.br\/noticias\/com-o-sinodo-os-sinais-de-uma-nova-eclesiologia.html#webpage\",\"url\":\"https:\/\/franciscanos.org.br\/noticias\/com-o-sinodo-os-sinais-de-uma-nova-eclesiologia.html\",\"name\":\"Com o S\u00ednodo, os sinais de uma nova eclesiologia - Not\u00edcias - Franciscanos\",\"isPartOf\":{\"@id\":\"https:\/\/franciscanos.org.br\/noticias\/#website\"},\"primaryImageOfPage\":{\"@id\":\"https:\/\/franciscanos.org.br\/noticias\/com-o-sinodo-os-sinais-de-uma-nova-eclesiologia.html#primaryimage\"},\"datePublished\":\"2015-10-27T11:27:59+00:00\",\"dateModified\":\"2019-12-09T13:49:32+00:00\",\"author\":{\"@id\":\"https:\/\/franciscanos.org.br\/noticias\/#\/schema\/person\/b38fbf43118f02820bd932f2e4b14ad3\"},\"breadcrumb\":{\"@id\":\"https:\/\/franciscanos.org.br\/noticias\/com-o-sinodo-os-sinais-de-uma-nova-eclesiologia.html#breadcrumb\"},\"inLanguage\":\"pt-BR\",\"potentialAction\":[{\"@type\":\"ReadAction\",\"target\":[\"https:\/\/franciscanos.org.br\/noticias\/com-o-sinodo-os-sinais-de-uma-nova-eclesiologia.html\"]}]},{\"@type\":\"BreadcrumbList\",\"@id\":\"https:\/\/franciscanos.org.br\/noticias\/com-o-sinodo-os-sinais-de-uma-nova-eclesiologia.html#breadcrumb\",\"itemListElement\":[{\"@type\":\"ListItem\",\"position\":1,\"name\":\"Home\",\"item\":\"https:\/\/franciscanos.org.br\/noticias\"},{\"@type\":\"ListItem\",\"position\":2,\"name\":\"Com o S\u00ednodo, os sinais de uma nova eclesiologia\"}]},{\"@type\":\"Person\",\"@id\":\"https:\/\/franciscanos.org.br\/noticias\/#\/schema\/person\/b38fbf43118f02820bd932f2e4b14ad3\",\"name\":\"admin\",\"image\":{\"@type\":\"ImageObject\",\"inLanguage\":\"pt-BR\",\"@id\":\"https:\/\/franciscanos.org.br\/noticias\/#\/schema\/person\/image\/\",\"url\":\"https:\/\/secure.gravatar.com\/avatar\/e8495742d34d0ba6448ea1c628263b3e?s=96&d=mm&r=g\",\"contentUrl\":\"https:\/\/secure.gravatar.com\/avatar\/e8495742d34d0ba6448ea1c628263b3e?s=96&d=mm&r=g\",\"caption\":\"admin\"},\"url\":\"https:\/\/franciscanos.org.br\/noticias\/author\/admin\"}]}<\/script>\n<!-- \/ Yoast SEO plugin. -->","yoast_head_json":{"title":"Com o S\u00ednodo, os sinais de uma nova eclesiologia - Not\u00edcias - Franciscanos","robots":{"index":"index","follow":"follow","max-snippet":"max-snippet:-1","max-image-preview":"max-image-preview:large","max-video-preview":"max-video-preview:-1"},"canonical":"https:\/\/franciscanos.org.br\/noticias\/com-o-sinodo-os-sinais-de-uma-nova-eclesiologia.html","og_locale":"pt_BR","og_type":"article","og_title":"Com o S\u00ednodo, os sinais de uma nova eclesiologia - Not\u00edcias - Franciscanos","og_description":"Frei Ant\u00f4nio Moser","og_url":"https:\/\/franciscanos.org.br\/noticias\/com-o-sinodo-os-sinais-de-uma-nova-eclesiologia.html","og_site_name":"Not\u00edcias - Franciscanos","article_published_time":"2015-10-27T11:27:59+00:00","article_modified_time":"2019-12-09T13:49:32+00:00","og_image":[{"width":273,"height":181,"url":"https:\/\/franciscanos.org.br\/noticias\/wp-content\/uploads\/2015\/10\/sinodo-2.jpg","type":"image\/jpeg"}],"author":"admin","twitter_card":"summary_large_image","twitter_misc":{"Escrito por":"admin","Est. tempo de leitura":"3 minutos"},"schema":{"@context":"https:\/\/schema.org","@graph":[{"@type":"WebSite","@id":"https:\/\/franciscanos.org.br\/noticias\/#website","url":"https:\/\/franciscanos.org.br\/noticias\/","name":"Not\u00edcias - Franciscanos","description":"Prov\u00edncia Franciscana da Imaculada Concei\u00e7\u00e3o do Brasil - Ordem dos Frades Menores - OFM","potentialAction":[{"@type":"SearchAction","target":{"@type":"EntryPoint","urlTemplate":"https:\/\/franciscanos.org.br\/noticias\/?s={search_term_string}"},"query-input":"required name=search_term_string"}],"inLanguage":"pt-BR"},{"@type":"ImageObject","inLanguage":"pt-BR","@id":"https:\/\/franciscanos.org.br\/noticias\/com-o-sinodo-os-sinais-de-uma-nova-eclesiologia.html#primaryimage","url":"https:\/\/franciscanos.org.br\/noticias\/wp-content\/uploads\/2015\/10\/sinodo-2.jpg","contentUrl":"https:\/\/franciscanos.org.br\/noticias\/wp-content\/uploads\/2015\/10\/sinodo-2.jpg","width":273,"height":181},{"@type":"WebPage","@id":"https:\/\/franciscanos.org.br\/noticias\/com-o-sinodo-os-sinais-de-uma-nova-eclesiologia.html#webpage","url":"https:\/\/franciscanos.org.br\/noticias\/com-o-sinodo-os-sinais-de-uma-nova-eclesiologia.html","name":"Com o S\u00ednodo, os sinais de uma nova eclesiologia - Not\u00edcias - Franciscanos","isPartOf":{"@id":"https:\/\/franciscanos.org.br\/noticias\/#website"},"primaryImageOfPage":{"@id":"https:\/\/franciscanos.org.br\/noticias\/com-o-sinodo-os-sinais-de-uma-nova-eclesiologia.html#primaryimage"},"datePublished":"2015-10-27T11:27:59+00:00","dateModified":"2019-12-09T13:49:32+00:00","author":{"@id":"https:\/\/franciscanos.org.br\/noticias\/#\/schema\/person\/b38fbf43118f02820bd932f2e4b14ad3"},"breadcrumb":{"@id":"https:\/\/franciscanos.org.br\/noticias\/com-o-sinodo-os-sinais-de-uma-nova-eclesiologia.html#breadcrumb"},"inLanguage":"pt-BR","potentialAction":[{"@type":"ReadAction","target":["https:\/\/franciscanos.org.br\/noticias\/com-o-sinodo-os-sinais-de-uma-nova-eclesiologia.html"]}]},{"@type":"BreadcrumbList","@id":"https:\/\/franciscanos.org.br\/noticias\/com-o-sinodo-os-sinais-de-uma-nova-eclesiologia.html#breadcrumb","itemListElement":[{"@type":"ListItem","position":1,"name":"Home","item":"https:\/\/franciscanos.org.br\/noticias"},{"@type":"ListItem","position":2,"name":"Com o S\u00ednodo, os sinais de uma nova eclesiologia"}]},{"@type":"Person","@id":"https:\/\/franciscanos.org.br\/noticias\/#\/schema\/person\/b38fbf43118f02820bd932f2e4b14ad3","name":"admin","image":{"@type":"ImageObject","inLanguage":"pt-BR","@id":"https:\/\/franciscanos.org.br\/noticias\/#\/schema\/person\/image\/","url":"https:\/\/secure.gravatar.com\/avatar\/e8495742d34d0ba6448ea1c628263b3e?s=96&d=mm&r=g","contentUrl":"https:\/\/secure.gravatar.com\/avatar\/e8495742d34d0ba6448ea1c628263b3e?s=96&d=mm&r=g","caption":"admin"},"url":"https:\/\/franciscanos.org.br\/noticias\/author\/admin"}]}},"_links":{"self":[{"href":"https:\/\/franciscanos.org.br\/noticias\/wp-json\/wp\/v2\/posts\/97260"}],"collection":[{"href":"https:\/\/franciscanos.org.br\/noticias\/wp-json\/wp\/v2\/posts"}],"about":[{"href":"https:\/\/franciscanos.org.br\/noticias\/wp-json\/wp\/v2\/types\/post"}],"author":[{"embeddable":true,"href":"https:\/\/franciscanos.org.br\/noticias\/wp-json\/wp\/v2\/users\/1"}],"replies":[{"embeddable":true,"href":"https:\/\/franciscanos.org.br\/noticias\/wp-json\/wp\/v2\/comments?post=97260"}],"version-history":[{"count":0,"href":"https:\/\/franciscanos.org.br\/noticias\/wp-json\/wp\/v2\/posts\/97260\/revisions"}],"wp:featuredmedia":[{"embeddable":true,"href":"https:\/\/franciscanos.org.br\/noticias\/wp-json\/wp\/v2\/media\/214851"}],"wp:attachment":[{"href":"https:\/\/franciscanos.org.br\/noticias\/wp-json\/wp\/v2\/media?parent=97260"}],"wp:term":[{"taxonomy":"category","embeddable":true,"href":"https:\/\/franciscanos.org.br\/noticias\/wp-json\/wp\/v2\/categories?post=97260"},{"taxonomy":"post_tag","embeddable":true,"href":"https:\/\/franciscanos.org.br\/noticias\/wp-json\/wp\/v2\/tags?post=97260"}],"curies":[{"name":"wp","href":"https:\/\/api.w.org\/{rel}","templated":true}]}}