{"id":97097,"date":"2015-10-23T12:23:30","date_gmt":"2015-10-23T14:23:30","guid":{"rendered":"http:\/\/franciscanos.org.br\/?p=97097"},"modified":"2020-06-10T11:10:09","modified_gmt":"2020-06-10T14:10:09","slug":"os-tempos-mudam-e-nos-cristaos-devemos-mudar-continuamente","status":"publish","type":"post","link":"https:\/\/franciscanos.org.br\/noticias\/os-tempos-mudam-e-nos-cristaos-devemos-mudar-continuamente.html","title":{"rendered":"\u201cOs tempos mudam e n\u00f3s devemos mudar continuamente&#8221;"},"content":{"rendered":"<p><a href=\"http:\/\/franciscanos.org.br\/wp-content\/uploads\/2015\/10\/papa-8202.jpg\"><img loading=\"lazy\" src=\"http:\/\/franciscanos.org.br\/wp-content\/uploads\/2015\/10\/papa-8202.jpg\" alt=\"papa-820\" width=\"820\" height=\"508\" \/><\/a><\/p>\n<p><strong>Cidade do Vaticano<\/strong> \u00a0&#8211;\u00a0\u201cOs tempos mudam e n\u00f3s, crist\u00e3os, devemos mudar continuamente\u201d, com liberdade e na verdade da f\u00e9. Foi o que afirmou o Papa na homilia da Missa desta sexta-feira (23\/10), celebrada na Casa Santa Marta. Francisco refletiu sobre o discernimento que a Igreja deve atuar, observando os \u2018sinais dos tempos\u2019, sem ceder \u00e0 comodidade do conformismo, mas deixando-se inspirar pela ora\u00e7\u00e3o.<\/p>\n<p>Os tempos fazem o que devem: mudam. Os crist\u00e3os devem fazer aquilo que Cristo quer: avaliar os tempos e mudar com ele, permanecendo \u2018firmes da verdade do Evangelho\u2019. O que n\u00e3o se admite \u00e9 o tranquilo conformismo que, na pr\u00e1tica, nos deixa im\u00f3veis.<\/p>\n<p>O Papa se inspira no trecho da Carta aos Romanos de S\u00e3o Paulo, na qual ele prega \u2018com muita for\u00e7a a liberdade que nos salvou do pecado\u2019. No Evangelho do dia, Jesus fala \u2018do sinal dos tempos\u2019, definindo hip\u00f3critas aqueles que sabem compreender o tempo, mas n\u00e3o fazem o mesmo com o tempo do Filho do Homem. Deus nos criou livres e para ter esta liberdade \u2013 afirma o Papa \u2013 devemos nos abrir \u00e0 for\u00e7a do Esp\u00edrito Santo e entender bem o que acontece dentro de n\u00f3s e fora de n\u00f3s\u201d, usando o \u2018discernimento\u2019.<\/p>\n<p>\u201cTemos esta liberdade de julgar o que acontece fora de n\u00f3s, mas para julgar temos que saber bem o que ocorre fora de n\u00f3s. E como se pode fazer isto? Como se pode fazer o que a Igreja chama \u2018conhecer os sinais dos tempos\u2019? Os tempos mudam; \u00e9 justamente a sabedoria crist\u00e3 a conhecer estas mudan\u00e7as, conhecer os diferentes tempos e tamb\u00e9m os sinais dos tempos. O que significa uma coisa e a outra. Fazer isto sem medo, com liberdade\u201d.<\/p>\n<p>Francisco reconhece que n\u00e3o \u00e9 algo \u201cf\u00e1cil\u201d, s\u00e3o muitos os condicionamentos externos que pressionam tamb\u00e9m os crist\u00e3os e induzem muitos a um mais c\u00f4modo &#8220;n\u00e3o fazer&#8221;:<\/p>\n<p>\u201cEste \u00e9 um trabalho que, com frequ\u00eancia, n\u00e3o fazemos: nos conformamos, nos tranquilizamos com \u2018me disseram, ouvi, as pessoas dizem, eu li&#8230;\u2019. Assim estamos tranquilos&#8230; Mas qual \u00e9 a verdade? Qual \u00e9 a mensagem que o Senhor quer me passar com este sinal dos tempos? Para entender os sinais dos tempos, antes de tudo \u00e9 preciso o sil\u00eancio: silenciar e observar. E, em seguida, refletir dentro de n\u00f3s. Um exemplo: por que existem tantas guerras hoje? Por que aconteceu algo? E rezar&#8230; Sil\u00eancio, reflex\u00e3o e ora\u00e7\u00e3o. Somente assim poderemos entender os sinais dos tempos, o que quer nos dizer Jesus\u201d.<\/p>\n<p>Entender os sinais dos tempos n\u00e3o \u00e9 uma tarefa exclusiva de uma elite cultural. Jesus, recorda, n\u00e3o diz \u201cvejam como fazem os universit\u00e1rios, como fazem os doutores, os intelectuais&#8230;\u201d. Jesus, destaca o Papa, fala aos camponeses que \u201cem sua simplicidade\u201d sabem \u201cdistinguir o joio do trigo\u201d:<\/p>\n<p>\u201cOs tempos mudam e n\u00f3s crist\u00e3os devemos mudar continuamente. Devemos mudar firmes na f\u00e9 em Jesus Cristo, firmes na verdade do Evangelho, mas o nosso comportamento deve se mover continuamente de acordo com os sinais dos tempos. Somos livres. Somos livres pelo dom da liberdade que Jesus Cristo nos deu. Mas o nosso dever \u00e9 olhar o que acontece dentro de n\u00f3s, discernir os nossos sentimentos, os nossos pensamentos; e o que acontece fora de n\u00f3s e discernir os sinais dos tempos. Com o sil\u00eancio, com a reflex\u00e3o e com a ora\u00e7\u00e3o\u201d.<\/p>\n<hr \/>\n<p><em>Fonte: R\u00e1dio Vaticano<\/em><\/p>\n","protected":false},"excerpt":{"rendered":"<p>Missa em Santa Marta<\/p>\n","protected":false},"author":1,"featured_media":220683,"comment_status":"open","ping_status":"open","sticky":false,"template":"","format":"standard","meta":[],"categories":[1428],"tags":[1586],"acf":[],"yoast_head":"<!-- This site is optimized with the Yoast SEO plugin v19.2 - https:\/\/yoast.com\/wordpress\/plugins\/seo\/ -->\n<title>\u201cOs tempos mudam e n\u00f3s devemos mudar continuamente&quot; - Not\u00edcias - Franciscanos<\/title>\n<meta name=\"robots\" content=\"index, follow, max-snippet:-1, max-image-preview:large, max-video-preview:-1\" \/>\n<link rel=\"canonical\" href=\"https:\/\/franciscanos.org.br\/noticias\/os-tempos-mudam-e-nos-cristaos-devemos-mudar-continuamente.html\" \/>\n<meta property=\"og:locale\" content=\"pt_BR\" \/>\n<meta property=\"og:type\" content=\"article\" \/>\n<meta property=\"og:title\" content=\"\u201cOs tempos mudam e n\u00f3s devemos mudar continuamente&quot; - Not\u00edcias - Franciscanos\" \/>\n<meta property=\"og:description\" content=\"Missa em Santa Marta\" \/>\n<meta property=\"og:url\" content=\"https:\/\/franciscanos.org.br\/noticias\/os-tempos-mudam-e-nos-cristaos-devemos-mudar-continuamente.html\" \/>\n<meta property=\"og:site_name\" content=\"Not\u00edcias - Franciscanos\" \/>\n<meta property=\"article:published_time\" content=\"2015-10-23T14:23:30+00:00\" \/>\n<meta property=\"article:modified_time\" content=\"2020-06-10T14:10:09+00:00\" \/>\n<meta property=\"og:image\" content=\"https:\/\/franciscanos.org.br\/noticias\/wp-content\/uploads\/2015\/10\/papa-8202.jpg\" \/>\n\t<meta property=\"og:image:width\" content=\"273\" \/>\n\t<meta property=\"og:image:height\" content=\"181\" \/>\n\t<meta property=\"og:image:type\" content=\"image\/jpeg\" \/>\n<meta name=\"author\" content=\"admin\" \/>\n<meta name=\"twitter:card\" content=\"summary_large_image\" \/>\n<meta name=\"twitter:label1\" content=\"Escrito por\" \/>\n\t<meta name=\"twitter:data1\" content=\"admin\" \/>\n\t<meta name=\"twitter:label2\" content=\"Est. tempo de leitura\" \/>\n\t<meta name=\"twitter:data2\" content=\"3 minutos\" \/>\n<script type=\"application\/ld+json\" class=\"yoast-schema-graph\">{\"@context\":\"https:\/\/schema.org\",\"@graph\":[{\"@type\":\"WebSite\",\"@id\":\"https:\/\/franciscanos.org.br\/noticias\/#website\",\"url\":\"https:\/\/franciscanos.org.br\/noticias\/\",\"name\":\"Not\u00edcias - Franciscanos\",\"description\":\"Prov\u00edncia Franciscana da Imaculada Concei\u00e7\u00e3o do Brasil - Ordem dos Frades Menores - OFM\",\"potentialAction\":[{\"@type\":\"SearchAction\",\"target\":{\"@type\":\"EntryPoint\",\"urlTemplate\":\"https:\/\/franciscanos.org.br\/noticias\/?s={search_term_string}\"},\"query-input\":\"required name=search_term_string\"}],\"inLanguage\":\"pt-BR\"},{\"@type\":\"ImageObject\",\"inLanguage\":\"pt-BR\",\"@id\":\"https:\/\/franciscanos.org.br\/noticias\/os-tempos-mudam-e-nos-cristaos-devemos-mudar-continuamente.html#primaryimage\",\"url\":\"https:\/\/franciscanos.org.br\/noticias\/wp-content\/uploads\/2015\/10\/papa-8202.jpg\",\"contentUrl\":\"https:\/\/franciscanos.org.br\/noticias\/wp-content\/uploads\/2015\/10\/papa-8202.jpg\",\"width\":273,\"height\":181},{\"@type\":\"WebPage\",\"@id\":\"https:\/\/franciscanos.org.br\/noticias\/os-tempos-mudam-e-nos-cristaos-devemos-mudar-continuamente.html#webpage\",\"url\":\"https:\/\/franciscanos.org.br\/noticias\/os-tempos-mudam-e-nos-cristaos-devemos-mudar-continuamente.html\",\"name\":\"\u201cOs tempos mudam e n\u00f3s devemos mudar continuamente\\\" - Not\u00edcias - Franciscanos\",\"isPartOf\":{\"@id\":\"https:\/\/franciscanos.org.br\/noticias\/#website\"},\"primaryImageOfPage\":{\"@id\":\"https:\/\/franciscanos.org.br\/noticias\/os-tempos-mudam-e-nos-cristaos-devemos-mudar-continuamente.html#primaryimage\"},\"datePublished\":\"2015-10-23T14:23:30+00:00\",\"dateModified\":\"2020-06-10T14:10:09+00:00\",\"author\":{\"@id\":\"https:\/\/franciscanos.org.br\/noticias\/#\/schema\/person\/b38fbf43118f02820bd932f2e4b14ad3\"},\"breadcrumb\":{\"@id\":\"https:\/\/franciscanos.org.br\/noticias\/os-tempos-mudam-e-nos-cristaos-devemos-mudar-continuamente.html#breadcrumb\"},\"inLanguage\":\"pt-BR\",\"potentialAction\":[{\"@type\":\"ReadAction\",\"target\":[\"https:\/\/franciscanos.org.br\/noticias\/os-tempos-mudam-e-nos-cristaos-devemos-mudar-continuamente.html\"]}]},{\"@type\":\"BreadcrumbList\",\"@id\":\"https:\/\/franciscanos.org.br\/noticias\/os-tempos-mudam-e-nos-cristaos-devemos-mudar-continuamente.html#breadcrumb\",\"itemListElement\":[{\"@type\":\"ListItem\",\"position\":1,\"name\":\"Home\",\"item\":\"https:\/\/franciscanos.org.br\/noticias\"},{\"@type\":\"ListItem\",\"position\":2,\"name\":\"\u201cOs tempos mudam e n\u00f3s devemos mudar continuamente&#8221;\"}]},{\"@type\":\"Person\",\"@id\":\"https:\/\/franciscanos.org.br\/noticias\/#\/schema\/person\/b38fbf43118f02820bd932f2e4b14ad3\",\"name\":\"admin\",\"image\":{\"@type\":\"ImageObject\",\"inLanguage\":\"pt-BR\",\"@id\":\"https:\/\/franciscanos.org.br\/noticias\/#\/schema\/person\/image\/\",\"url\":\"https:\/\/secure.gravatar.com\/avatar\/e8495742d34d0ba6448ea1c628263b3e?s=96&d=mm&r=g\",\"contentUrl\":\"https:\/\/secure.gravatar.com\/avatar\/e8495742d34d0ba6448ea1c628263b3e?s=96&d=mm&r=g\",\"caption\":\"admin\"},\"url\":\"https:\/\/franciscanos.org.br\/noticias\/author\/admin\"}]}<\/script>\n<!-- \/ Yoast SEO plugin. -->","yoast_head_json":{"title":"\u201cOs tempos mudam e n\u00f3s devemos mudar continuamente\" - Not\u00edcias - Franciscanos","robots":{"index":"index","follow":"follow","max-snippet":"max-snippet:-1","max-image-preview":"max-image-preview:large","max-video-preview":"max-video-preview:-1"},"canonical":"https:\/\/franciscanos.org.br\/noticias\/os-tempos-mudam-e-nos-cristaos-devemos-mudar-continuamente.html","og_locale":"pt_BR","og_type":"article","og_title":"\u201cOs tempos mudam e n\u00f3s devemos mudar continuamente\" - Not\u00edcias - Franciscanos","og_description":"Missa em Santa Marta","og_url":"https:\/\/franciscanos.org.br\/noticias\/os-tempos-mudam-e-nos-cristaos-devemos-mudar-continuamente.html","og_site_name":"Not\u00edcias - Franciscanos","article_published_time":"2015-10-23T14:23:30+00:00","article_modified_time":"2020-06-10T14:10:09+00:00","og_image":[{"width":273,"height":181,"url":"https:\/\/franciscanos.org.br\/noticias\/wp-content\/uploads\/2015\/10\/papa-8202.jpg","type":"image\/jpeg"}],"author":"admin","twitter_card":"summary_large_image","twitter_misc":{"Escrito por":"admin","Est. tempo de leitura":"3 minutos"},"schema":{"@context":"https:\/\/schema.org","@graph":[{"@type":"WebSite","@id":"https:\/\/franciscanos.org.br\/noticias\/#website","url":"https:\/\/franciscanos.org.br\/noticias\/","name":"Not\u00edcias - Franciscanos","description":"Prov\u00edncia Franciscana da Imaculada Concei\u00e7\u00e3o do Brasil - Ordem dos Frades Menores - OFM","potentialAction":[{"@type":"SearchAction","target":{"@type":"EntryPoint","urlTemplate":"https:\/\/franciscanos.org.br\/noticias\/?s={search_term_string}"},"query-input":"required name=search_term_string"}],"inLanguage":"pt-BR"},{"@type":"ImageObject","inLanguage":"pt-BR","@id":"https:\/\/franciscanos.org.br\/noticias\/os-tempos-mudam-e-nos-cristaos-devemos-mudar-continuamente.html#primaryimage","url":"https:\/\/franciscanos.org.br\/noticias\/wp-content\/uploads\/2015\/10\/papa-8202.jpg","contentUrl":"https:\/\/franciscanos.org.br\/noticias\/wp-content\/uploads\/2015\/10\/papa-8202.jpg","width":273,"height":181},{"@type":"WebPage","@id":"https:\/\/franciscanos.org.br\/noticias\/os-tempos-mudam-e-nos-cristaos-devemos-mudar-continuamente.html#webpage","url":"https:\/\/franciscanos.org.br\/noticias\/os-tempos-mudam-e-nos-cristaos-devemos-mudar-continuamente.html","name":"\u201cOs tempos mudam e n\u00f3s devemos mudar continuamente\" - Not\u00edcias - Franciscanos","isPartOf":{"@id":"https:\/\/franciscanos.org.br\/noticias\/#website"},"primaryImageOfPage":{"@id":"https:\/\/franciscanos.org.br\/noticias\/os-tempos-mudam-e-nos-cristaos-devemos-mudar-continuamente.html#primaryimage"},"datePublished":"2015-10-23T14:23:30+00:00","dateModified":"2020-06-10T14:10:09+00:00","author":{"@id":"https:\/\/franciscanos.org.br\/noticias\/#\/schema\/person\/b38fbf43118f02820bd932f2e4b14ad3"},"breadcrumb":{"@id":"https:\/\/franciscanos.org.br\/noticias\/os-tempos-mudam-e-nos-cristaos-devemos-mudar-continuamente.html#breadcrumb"},"inLanguage":"pt-BR","potentialAction":[{"@type":"ReadAction","target":["https:\/\/franciscanos.org.br\/noticias\/os-tempos-mudam-e-nos-cristaos-devemos-mudar-continuamente.html"]}]},{"@type":"BreadcrumbList","@id":"https:\/\/franciscanos.org.br\/noticias\/os-tempos-mudam-e-nos-cristaos-devemos-mudar-continuamente.html#breadcrumb","itemListElement":[{"@type":"ListItem","position":1,"name":"Home","item":"https:\/\/franciscanos.org.br\/noticias"},{"@type":"ListItem","position":2,"name":"\u201cOs tempos mudam e n\u00f3s devemos mudar continuamente&#8221;"}]},{"@type":"Person","@id":"https:\/\/franciscanos.org.br\/noticias\/#\/schema\/person\/b38fbf43118f02820bd932f2e4b14ad3","name":"admin","image":{"@type":"ImageObject","inLanguage":"pt-BR","@id":"https:\/\/franciscanos.org.br\/noticias\/#\/schema\/person\/image\/","url":"https:\/\/secure.gravatar.com\/avatar\/e8495742d34d0ba6448ea1c628263b3e?s=96&d=mm&r=g","contentUrl":"https:\/\/secure.gravatar.com\/avatar\/e8495742d34d0ba6448ea1c628263b3e?s=96&d=mm&r=g","caption":"admin"},"url":"https:\/\/franciscanos.org.br\/noticias\/author\/admin"}]}},"_links":{"self":[{"href":"https:\/\/franciscanos.org.br\/noticias\/wp-json\/wp\/v2\/posts\/97097"}],"collection":[{"href":"https:\/\/franciscanos.org.br\/noticias\/wp-json\/wp\/v2\/posts"}],"about":[{"href":"https:\/\/franciscanos.org.br\/noticias\/wp-json\/wp\/v2\/types\/post"}],"author":[{"embeddable":true,"href":"https:\/\/franciscanos.org.br\/noticias\/wp-json\/wp\/v2\/users\/1"}],"replies":[{"embeddable":true,"href":"https:\/\/franciscanos.org.br\/noticias\/wp-json\/wp\/v2\/comments?post=97097"}],"version-history":[{"count":1,"href":"https:\/\/franciscanos.org.br\/noticias\/wp-json\/wp\/v2\/posts\/97097\/revisions"}],"predecessor-version":[{"id":225898,"href":"https:\/\/franciscanos.org.br\/noticias\/wp-json\/wp\/v2\/posts\/97097\/revisions\/225898"}],"wp:featuredmedia":[{"embeddable":true,"href":"https:\/\/franciscanos.org.br\/noticias\/wp-json\/wp\/v2\/media\/220683"}],"wp:attachment":[{"href":"https:\/\/franciscanos.org.br\/noticias\/wp-json\/wp\/v2\/media?parent=97097"}],"wp:term":[{"taxonomy":"category","embeddable":true,"href":"https:\/\/franciscanos.org.br\/noticias\/wp-json\/wp\/v2\/categories?post=97097"},{"taxonomy":"post_tag","embeddable":true,"href":"https:\/\/franciscanos.org.br\/noticias\/wp-json\/wp\/v2\/tags?post=97097"}],"curies":[{"name":"wp","href":"https:\/\/api.w.org\/{rel}","templated":true}]}}