{"id":97022,"date":"2015-10-23T08:51:21","date_gmt":"2015-10-23T10:51:21","guid":{"rendered":"http:\/\/franciscanos.org.br\/?p=97022"},"modified":"2019-04-23T13:55:48","modified_gmt":"2019-04-23T16:55:48","slug":"no-coracao-de-deus-tambem-existe-lugar-preferencial","status":"publish","type":"post","link":"https:\/\/franciscanos.org.br\/noticias\/no-coracao-de-deus-tambem-existe-lugar-preferencial.html","title":{"rendered":"No cora\u00e7\u00e3o de Deus tamb\u00e9m h\u00e1 lugar preferencial"},"content":{"rendered":"<p><img loading=\"lazy\" src=\"https:\/\/franciscanos.org.br\/noticias\/wp-content\/uploads\/2015\/10\/liturgia_25.jpg\" alt=\"\" width=\"820\" height=\"323\" \/><\/p>\n<p><strong>Frei Gustavo Medella<\/strong><\/p>\n<p>Nas filas de bancos, supermercados, elevadores, assim como no \u00f4nibus e no metr\u00f4, existem os lugares preferenciais, para idosos, gr\u00e1vidas, pessoas com defici\u00eancia, como as dificuldades motoras, a cegueira etc. Trata-se de um benef\u00edcio garantido por lei e pautado no bom senso, no esp\u00edrito de cuidado e aten\u00e7\u00e3o para aqueles que mais precisam. Respeitar os lugares preferenciais \u00e9 quest\u00e3o de cidadania. Feliz a sociedade que consegue chegar a este ponto de maturidade, protegendo os que s\u00e3o mais fr\u00e1geis.<\/p>\n<p>Na l\u00f3gica de Deus, todos s\u00e3o considerados filhos e filhas igualmente amados. No entanto, \u00e9 \u00e0queles mais fragilizados que o Senhor se volta com maior aten\u00e7\u00e3o, tal qual a m\u00e3e de muitos filhos, que ama a todos, mas se volta preferencialmente para aquele que mais est\u00e1 precisando em determinado momento. A partir deste racioc\u00ednio, pode-se compreender com mais clareza o conceito de \u201cop\u00e7\u00e3o preferencial pelos pobres\u201d, muito presente na Igreja da Am\u00e9rica Latina e atualmente propagado em todo o mundo pelo Papa Francisco.<\/p>\n<p>Ocupar-se mais de quem mais precisa n\u00e3o \u00e9 uma predile\u00e7\u00e3o que se baseia em mera simpatia ou no interesse de se receber algum benef\u00edcio em troca, mas um senso profundo de justi\u00e7a que s\u00f3 pode brotar do Cora\u00e7\u00e3o amoroso de Deus, conforme descreve o Profeta na 1\u00aa Leitura deste 30\u00ba Domingo do Tempo Comum: \u201cEis que eu o trarei do pa\u00eds do Norte e os reunirei desde as extremidades da terra; entre eles h\u00e1 cegos e aleijados, mulheres gr\u00e1vidas e parturientes: s\u00e3o uma grande multid\u00e3o os que retornam\u201d (Jr 31,8).<\/p>\n<p>A mesma solicitude Jesus manifesta ao cego Bartimeu, mendigo que, fitando Jesus com os olhos do cora\u00e7\u00e3o, v\u00ea n\u2019Ele a presen\u00e7a do Filho de Davi, o ungido de Deus que traria a salva\u00e7\u00e3o de seu povo. O cora\u00e7\u00e3o aberto \u00e0 manifesta\u00e7\u00e3o amorosa de Deus tocou o cora\u00e7\u00e3o do Cristo, que olhou para o cego com amor e restitui a ele a vista.<\/p>\n<p>Este \u00e9 Jesus Cristo, homem e Deus, aquele a quem a Igreja deseja servir e de quem ela quer atualizar a presen\u00e7a. Como membros desta Igreja, seguidores de Jesus, n\u00e3o podemos jamais fechar nossos olhos e os nossos cora\u00e7\u00f5es, precisamos estar atentos ao que o Mestre nos pede e nos recorda atrav\u00e9s do profetismo do Papa Francisco. Continuemos sonhando e trabalhando por uma Igreja m\u00e3e, serva, companheira, cuidadora, especialmente ocupada em trabalhar por aqueles que mais precisam, os descart\u00e1veis de nosso tempo, que jazem desconsolados nas periferias da exist\u00eancia. Eles t\u00eam lugar preferencial no Cora\u00e7\u00e3o de Deus e tamb\u00e9m o devem ter no nosso.<\/p>\n","protected":false},"excerpt":{"rendered":"<p>Liturgia Dominical <\/p>\n","protected":false},"author":1,"featured_media":203089,"comment_status":"open","ping_status":"open","sticky":false,"template":"","format":"standard","meta":[],"categories":[1],"tags":[537],"acf":[],"yoast_head":"<!-- This site is optimized with the Yoast SEO plugin v19.2 - https:\/\/yoast.com\/wordpress\/plugins\/seo\/ -->\n<title>No cora\u00e7\u00e3o de Deus tamb\u00e9m h\u00e1 lugar preferencial - Not\u00edcias - Franciscanos<\/title>\n<meta name=\"robots\" content=\"index, follow, max-snippet:-1, max-image-preview:large, max-video-preview:-1\" \/>\n<link rel=\"canonical\" href=\"https:\/\/franciscanos.org.br\/noticias\/no-coracao-de-deus-tambem-existe-lugar-preferencial.html\" \/>\n<meta property=\"og:locale\" content=\"pt_BR\" \/>\n<meta property=\"og:type\" content=\"article\" \/>\n<meta property=\"og:title\" content=\"No cora\u00e7\u00e3o de Deus tamb\u00e9m h\u00e1 lugar preferencial - Not\u00edcias - Franciscanos\" \/>\n<meta property=\"og:description\" content=\"Liturgia Dominical\" \/>\n<meta property=\"og:url\" content=\"https:\/\/franciscanos.org.br\/noticias\/no-coracao-de-deus-tambem-existe-lugar-preferencial.html\" \/>\n<meta property=\"og:site_name\" content=\"Not\u00edcias - Franciscanos\" \/>\n<meta property=\"article:published_time\" content=\"2015-10-23T10:51:21+00:00\" \/>\n<meta property=\"article:modified_time\" content=\"2019-04-23T16:55:48+00:00\" \/>\n<meta property=\"og:image\" content=\"https:\/\/franciscanos.org.br\/noticias\/wp-content\/uploads\/2015\/10\/liturgia_25-1.jpg\" \/>\n\t<meta property=\"og:image:width\" content=\"273\" \/>\n\t<meta property=\"og:image:height\" content=\"181\" \/>\n\t<meta property=\"og:image:type\" content=\"image\/jpeg\" \/>\n<meta name=\"author\" content=\"admin\" \/>\n<meta name=\"twitter:card\" content=\"summary_large_image\" \/>\n<meta name=\"twitter:label1\" content=\"Escrito por\" \/>\n\t<meta name=\"twitter:data1\" content=\"admin\" \/>\n\t<meta name=\"twitter:label2\" content=\"Est. tempo de leitura\" \/>\n\t<meta name=\"twitter:data2\" content=\"2 minutos\" \/>\n<script type=\"application\/ld+json\" class=\"yoast-schema-graph\">{\"@context\":\"https:\/\/schema.org\",\"@graph\":[{\"@type\":\"WebSite\",\"@id\":\"https:\/\/franciscanos.org.br\/noticias\/#website\",\"url\":\"https:\/\/franciscanos.org.br\/noticias\/\",\"name\":\"Not\u00edcias - Franciscanos\",\"description\":\"Prov\u00edncia Franciscana da Imaculada Concei\u00e7\u00e3o do Brasil - Ordem dos Frades Menores - OFM\",\"potentialAction\":[{\"@type\":\"SearchAction\",\"target\":{\"@type\":\"EntryPoint\",\"urlTemplate\":\"https:\/\/franciscanos.org.br\/noticias\/?s={search_term_string}\"},\"query-input\":\"required name=search_term_string\"}],\"inLanguage\":\"pt-BR\"},{\"@type\":\"ImageObject\",\"inLanguage\":\"pt-BR\",\"@id\":\"https:\/\/franciscanos.org.br\/noticias\/no-coracao-de-deus-tambem-existe-lugar-preferencial.html#primaryimage\",\"url\":\"https:\/\/franciscanos.org.br\/noticias\/wp-content\/uploads\/2015\/10\/liturgia_25-1.jpg\",\"contentUrl\":\"https:\/\/franciscanos.org.br\/noticias\/wp-content\/uploads\/2015\/10\/liturgia_25-1.jpg\",\"width\":273,\"height\":181},{\"@type\":\"WebPage\",\"@id\":\"https:\/\/franciscanos.org.br\/noticias\/no-coracao-de-deus-tambem-existe-lugar-preferencial.html#webpage\",\"url\":\"https:\/\/franciscanos.org.br\/noticias\/no-coracao-de-deus-tambem-existe-lugar-preferencial.html\",\"name\":\"No cora\u00e7\u00e3o de Deus tamb\u00e9m h\u00e1 lugar preferencial - Not\u00edcias - Franciscanos\",\"isPartOf\":{\"@id\":\"https:\/\/franciscanos.org.br\/noticias\/#website\"},\"primaryImageOfPage\":{\"@id\":\"https:\/\/franciscanos.org.br\/noticias\/no-coracao-de-deus-tambem-existe-lugar-preferencial.html#primaryimage\"},\"datePublished\":\"2015-10-23T10:51:21+00:00\",\"dateModified\":\"2019-04-23T16:55:48+00:00\",\"author\":{\"@id\":\"https:\/\/franciscanos.org.br\/noticias\/#\/schema\/person\/b38fbf43118f02820bd932f2e4b14ad3\"},\"breadcrumb\":{\"@id\":\"https:\/\/franciscanos.org.br\/noticias\/no-coracao-de-deus-tambem-existe-lugar-preferencial.html#breadcrumb\"},\"inLanguage\":\"pt-BR\",\"potentialAction\":[{\"@type\":\"ReadAction\",\"target\":[\"https:\/\/franciscanos.org.br\/noticias\/no-coracao-de-deus-tambem-existe-lugar-preferencial.html\"]}]},{\"@type\":\"BreadcrumbList\",\"@id\":\"https:\/\/franciscanos.org.br\/noticias\/no-coracao-de-deus-tambem-existe-lugar-preferencial.html#breadcrumb\",\"itemListElement\":[{\"@type\":\"ListItem\",\"position\":1,\"name\":\"Home\",\"item\":\"https:\/\/franciscanos.org.br\/noticias\"},{\"@type\":\"ListItem\",\"position\":2,\"name\":\"No cora\u00e7\u00e3o de Deus tamb\u00e9m h\u00e1 lugar preferencial\"}]},{\"@type\":\"Person\",\"@id\":\"https:\/\/franciscanos.org.br\/noticias\/#\/schema\/person\/b38fbf43118f02820bd932f2e4b14ad3\",\"name\":\"admin\",\"image\":{\"@type\":\"ImageObject\",\"inLanguage\":\"pt-BR\",\"@id\":\"https:\/\/franciscanos.org.br\/noticias\/#\/schema\/person\/image\/\",\"url\":\"https:\/\/secure.gravatar.com\/avatar\/e8495742d34d0ba6448ea1c628263b3e?s=96&d=mm&r=g\",\"contentUrl\":\"https:\/\/secure.gravatar.com\/avatar\/e8495742d34d0ba6448ea1c628263b3e?s=96&d=mm&r=g\",\"caption\":\"admin\"},\"url\":\"https:\/\/franciscanos.org.br\/noticias\/author\/admin\"}]}<\/script>\n<!-- \/ Yoast SEO plugin. -->","yoast_head_json":{"title":"No cora\u00e7\u00e3o de Deus tamb\u00e9m h\u00e1 lugar preferencial - Not\u00edcias - Franciscanos","robots":{"index":"index","follow":"follow","max-snippet":"max-snippet:-1","max-image-preview":"max-image-preview:large","max-video-preview":"max-video-preview:-1"},"canonical":"https:\/\/franciscanos.org.br\/noticias\/no-coracao-de-deus-tambem-existe-lugar-preferencial.html","og_locale":"pt_BR","og_type":"article","og_title":"No cora\u00e7\u00e3o de Deus tamb\u00e9m h\u00e1 lugar preferencial - Not\u00edcias - Franciscanos","og_description":"Liturgia Dominical","og_url":"https:\/\/franciscanos.org.br\/noticias\/no-coracao-de-deus-tambem-existe-lugar-preferencial.html","og_site_name":"Not\u00edcias - Franciscanos","article_published_time":"2015-10-23T10:51:21+00:00","article_modified_time":"2019-04-23T16:55:48+00:00","og_image":[{"width":273,"height":181,"url":"https:\/\/franciscanos.org.br\/noticias\/wp-content\/uploads\/2015\/10\/liturgia_25-1.jpg","type":"image\/jpeg"}],"author":"admin","twitter_card":"summary_large_image","twitter_misc":{"Escrito por":"admin","Est. tempo de leitura":"2 minutos"},"schema":{"@context":"https:\/\/schema.org","@graph":[{"@type":"WebSite","@id":"https:\/\/franciscanos.org.br\/noticias\/#website","url":"https:\/\/franciscanos.org.br\/noticias\/","name":"Not\u00edcias - Franciscanos","description":"Prov\u00edncia Franciscana da Imaculada Concei\u00e7\u00e3o do Brasil - Ordem dos Frades Menores - OFM","potentialAction":[{"@type":"SearchAction","target":{"@type":"EntryPoint","urlTemplate":"https:\/\/franciscanos.org.br\/noticias\/?s={search_term_string}"},"query-input":"required name=search_term_string"}],"inLanguage":"pt-BR"},{"@type":"ImageObject","inLanguage":"pt-BR","@id":"https:\/\/franciscanos.org.br\/noticias\/no-coracao-de-deus-tambem-existe-lugar-preferencial.html#primaryimage","url":"https:\/\/franciscanos.org.br\/noticias\/wp-content\/uploads\/2015\/10\/liturgia_25-1.jpg","contentUrl":"https:\/\/franciscanos.org.br\/noticias\/wp-content\/uploads\/2015\/10\/liturgia_25-1.jpg","width":273,"height":181},{"@type":"WebPage","@id":"https:\/\/franciscanos.org.br\/noticias\/no-coracao-de-deus-tambem-existe-lugar-preferencial.html#webpage","url":"https:\/\/franciscanos.org.br\/noticias\/no-coracao-de-deus-tambem-existe-lugar-preferencial.html","name":"No cora\u00e7\u00e3o de Deus tamb\u00e9m h\u00e1 lugar preferencial - Not\u00edcias - Franciscanos","isPartOf":{"@id":"https:\/\/franciscanos.org.br\/noticias\/#website"},"primaryImageOfPage":{"@id":"https:\/\/franciscanos.org.br\/noticias\/no-coracao-de-deus-tambem-existe-lugar-preferencial.html#primaryimage"},"datePublished":"2015-10-23T10:51:21+00:00","dateModified":"2019-04-23T16:55:48+00:00","author":{"@id":"https:\/\/franciscanos.org.br\/noticias\/#\/schema\/person\/b38fbf43118f02820bd932f2e4b14ad3"},"breadcrumb":{"@id":"https:\/\/franciscanos.org.br\/noticias\/no-coracao-de-deus-tambem-existe-lugar-preferencial.html#breadcrumb"},"inLanguage":"pt-BR","potentialAction":[{"@type":"ReadAction","target":["https:\/\/franciscanos.org.br\/noticias\/no-coracao-de-deus-tambem-existe-lugar-preferencial.html"]}]},{"@type":"BreadcrumbList","@id":"https:\/\/franciscanos.org.br\/noticias\/no-coracao-de-deus-tambem-existe-lugar-preferencial.html#breadcrumb","itemListElement":[{"@type":"ListItem","position":1,"name":"Home","item":"https:\/\/franciscanos.org.br\/noticias"},{"@type":"ListItem","position":2,"name":"No cora\u00e7\u00e3o de Deus tamb\u00e9m h\u00e1 lugar preferencial"}]},{"@type":"Person","@id":"https:\/\/franciscanos.org.br\/noticias\/#\/schema\/person\/b38fbf43118f02820bd932f2e4b14ad3","name":"admin","image":{"@type":"ImageObject","inLanguage":"pt-BR","@id":"https:\/\/franciscanos.org.br\/noticias\/#\/schema\/person\/image\/","url":"https:\/\/secure.gravatar.com\/avatar\/e8495742d34d0ba6448ea1c628263b3e?s=96&d=mm&r=g","contentUrl":"https:\/\/secure.gravatar.com\/avatar\/e8495742d34d0ba6448ea1c628263b3e?s=96&d=mm&r=g","caption":"admin"},"url":"https:\/\/franciscanos.org.br\/noticias\/author\/admin"}]}},"_links":{"self":[{"href":"https:\/\/franciscanos.org.br\/noticias\/wp-json\/wp\/v2\/posts\/97022"}],"collection":[{"href":"https:\/\/franciscanos.org.br\/noticias\/wp-json\/wp\/v2\/posts"}],"about":[{"href":"https:\/\/franciscanos.org.br\/noticias\/wp-json\/wp\/v2\/types\/post"}],"author":[{"embeddable":true,"href":"https:\/\/franciscanos.org.br\/noticias\/wp-json\/wp\/v2\/users\/1"}],"replies":[{"embeddable":true,"href":"https:\/\/franciscanos.org.br\/noticias\/wp-json\/wp\/v2\/comments?post=97022"}],"version-history":[{"count":0,"href":"https:\/\/franciscanos.org.br\/noticias\/wp-json\/wp\/v2\/posts\/97022\/revisions"}],"wp:featuredmedia":[{"embeddable":true,"href":"https:\/\/franciscanos.org.br\/noticias\/wp-json\/wp\/v2\/media\/203089"}],"wp:attachment":[{"href":"https:\/\/franciscanos.org.br\/noticias\/wp-json\/wp\/v2\/media?parent=97022"}],"wp:term":[{"taxonomy":"category","embeddable":true,"href":"https:\/\/franciscanos.org.br\/noticias\/wp-json\/wp\/v2\/categories?post=97022"},{"taxonomy":"post_tag","embeddable":true,"href":"https:\/\/franciscanos.org.br\/noticias\/wp-json\/wp\/v2\/tags?post=97022"}],"curies":[{"name":"wp","href":"https:\/\/api.w.org\/{rel}","templated":true}]}}