{"id":96994,"date":"2015-10-22T07:34:25","date_gmt":"2015-10-22T09:34:25","guid":{"rendered":"http:\/\/franciscanos.org.br\/?p=96994"},"modified":"2021-07-05T20:10:00","modified_gmt":"2021-07-05T23:10:00","slug":"coral-das-meninas-de-petropolis-completa-27-anos","status":"publish","type":"post","link":"https:\/\/franciscanos.org.br\/noticias\/coral-das-meninas-de-petropolis-completa-27-anos.html","title":{"rendered":"Coral das Meninas de Petr\u00f3polis completa 27 anos"},"content":{"rendered":"<p><img loading=\"lazy\" src=\"http:\/\/franciscanos.org.br\/wp-content\/uploads\/2015\/10\/canarinhos_meninas.jpg\" alt=\"canarinhos_meninas\" width=\"820\" height=\"547\" \/><\/p>\n<p>O Coral das Meninas dos Canarinhos de Petr\u00f3polis completou, nesta quarta-feira (21), 27 anos de funda\u00e7\u00e3o. Em quase tr\u00eas d\u00e9cadas, o grupo atua no fortalecimento do movimento do Canto Coral na cidade. A data ser\u00e1 comemorada com uma missa no pr\u00f3ximo domingo (25), \u00e0s 10h, na Igreja do Sagrado Cora\u00e7\u00e3o de Jesus.<\/p>\n<p>\u201c\u00c9 uma honra participar desta hist\u00f3ria e estar \u00e0 frente do Coral das Meninas do Canarinhos\u201d, afirma o maestro Marcelo Vizani. \u201cAs meninas atingiram uma maturidade musical muito grande, se saindo bem mesmo em obras muito complexas. Os exemplos mais latentes foram o lan\u00e7amento do CD Memorare, em 2014, e a apresenta\u00e7\u00e3o de abertura do Congresso Regional dos Meninos Cantores, na \u00faltima quinta-feira\u201d, afirmou o maestro e ex-Canarinho, que est\u00e1 \u00e0 frente do grupo desde 1998.<\/p>\n<p>O coral possui um repert\u00f3rio ecl\u00e9tico composto por m\u00fasica sacra, folcl\u00f3rica e popular. Presen\u00e7a frequente nas missas dominicais da Igreja do Sagrado Cora\u00e7\u00e3o de Jesus, o coral participou, ao longo de sua hist\u00f3ria de eventos importantes para o cen\u00e1rio da m\u00fasica nacional, como o projeto Aquarius, cantando a Sinfonia dos Mil. No vasto repert\u00f3rio das Meninas dos Canarinhos, tamb\u00e9m merece destaque as can\u00e7\u00f5es de Brahms \u2013 para harpa, coro a vozes iguais e duas trompas \u2013 e \u201cA Cerimony of Carol\u2019s\u201d, de Benjamin Britten \u2013 para coro e harpa.<\/p>\n<p>Al\u00e9m disso, turn\u00eas j\u00e1 foram realizadas em diversas regi\u00f5es do pa\u00eds e em Portugal. \u201cAs turn\u00eas art\u00edsticas se tornam fundamentais na forma\u00e7\u00e3o dessas jovens. Al\u00e9m de levar nossa m\u00fasica, as meninas s\u00e3o incentivadas a conhecer a cultura dos locais visitados\u201d, concluiu.<\/p>\n<p>Mais informa\u00e7\u00f5es sobre as atividades dos Corais dos Canarinhos de Petr\u00f3polis e do Instituto dos Meninos Cantores de Petr\u00f3polis podem ser consultadas pelo site: http:\/\/www.canarinhos.com.br; pelo Facebook:http:\/\/fb.com\/canarinhosdepetropolis; ou pelo telefone (24) 2104-4141.<\/p>\n","protected":false},"excerpt":{"rendered":"<p>Coral Meninas Canarinhos de Petr\u00f3polis <\/p>\n","protected":false},"author":1,"featured_media":200549,"comment_status":"open","ping_status":"open","sticky":false,"template":"","format":"standard","meta":[],"categories":[1],"tags":[1531],"acf":[],"yoast_head":"<!-- This site is optimized with the Yoast SEO plugin v19.2 - https:\/\/yoast.com\/wordpress\/plugins\/seo\/ -->\n<title>Coral das Meninas de Petr\u00f3polis completa 27 anos - Not\u00edcias - Franciscanos<\/title>\n<meta name=\"robots\" content=\"index, follow, max-snippet:-1, max-image-preview:large, max-video-preview:-1\" \/>\n<link rel=\"canonical\" href=\"https:\/\/franciscanos.org.br\/noticias\/coral-das-meninas-de-petropolis-completa-27-anos.html\" \/>\n<meta property=\"og:locale\" content=\"pt_BR\" \/>\n<meta property=\"og:type\" content=\"article\" \/>\n<meta property=\"og:title\" content=\"Coral das Meninas de Petr\u00f3polis completa 27 anos - Not\u00edcias - Franciscanos\" \/>\n<meta property=\"og:description\" content=\"Coral Meninas Canarinhos de Petr\u00f3polis\" \/>\n<meta property=\"og:url\" content=\"https:\/\/franciscanos.org.br\/noticias\/coral-das-meninas-de-petropolis-completa-27-anos.html\" \/>\n<meta property=\"og:site_name\" content=\"Not\u00edcias - Franciscanos\" \/>\n<meta property=\"article:published_time\" content=\"2015-10-22T09:34:25+00:00\" \/>\n<meta property=\"article:modified_time\" content=\"2021-07-05T23:10:00+00:00\" \/>\n<meta property=\"og:image\" content=\"https:\/\/franciscanos.org.br\/noticias\/wp-content\/uploads\/2015\/10\/canarinhos_meninas.jpg\" \/>\n\t<meta property=\"og:image:width\" content=\"273\" \/>\n\t<meta property=\"og:image:height\" content=\"181\" \/>\n\t<meta property=\"og:image:type\" content=\"image\/jpeg\" \/>\n<meta name=\"author\" content=\"admin\" \/>\n<meta name=\"twitter:card\" content=\"summary_large_image\" \/>\n<meta name=\"twitter:label1\" content=\"Escrito por\" \/>\n\t<meta name=\"twitter:data1\" content=\"admin\" \/>\n\t<meta name=\"twitter:label2\" content=\"Est. tempo de leitura\" \/>\n\t<meta name=\"twitter:data2\" content=\"2 minutos\" \/>\n<script type=\"application\/ld+json\" class=\"yoast-schema-graph\">{\"@context\":\"https:\/\/schema.org\",\"@graph\":[{\"@type\":\"WebSite\",\"@id\":\"https:\/\/franciscanos.org.br\/noticias\/#website\",\"url\":\"https:\/\/franciscanos.org.br\/noticias\/\",\"name\":\"Not\u00edcias - Franciscanos\",\"description\":\"Prov\u00edncia Franciscana da Imaculada Concei\u00e7\u00e3o do Brasil - Ordem dos Frades Menores - OFM\",\"potentialAction\":[{\"@type\":\"SearchAction\",\"target\":{\"@type\":\"EntryPoint\",\"urlTemplate\":\"https:\/\/franciscanos.org.br\/noticias\/?s={search_term_string}\"},\"query-input\":\"required name=search_term_string\"}],\"inLanguage\":\"pt-BR\"},{\"@type\":\"ImageObject\",\"inLanguage\":\"pt-BR\",\"@id\":\"https:\/\/franciscanos.org.br\/noticias\/coral-das-meninas-de-petropolis-completa-27-anos.html#primaryimage\",\"url\":\"https:\/\/franciscanos.org.br\/noticias\/wp-content\/uploads\/2015\/10\/canarinhos_meninas.jpg\",\"contentUrl\":\"https:\/\/franciscanos.org.br\/noticias\/wp-content\/uploads\/2015\/10\/canarinhos_meninas.jpg\",\"width\":273,\"height\":181},{\"@type\":\"WebPage\",\"@id\":\"https:\/\/franciscanos.org.br\/noticias\/coral-das-meninas-de-petropolis-completa-27-anos.html#webpage\",\"url\":\"https:\/\/franciscanos.org.br\/noticias\/coral-das-meninas-de-petropolis-completa-27-anos.html\",\"name\":\"Coral das Meninas de Petr\u00f3polis completa 27 anos - Not\u00edcias - Franciscanos\",\"isPartOf\":{\"@id\":\"https:\/\/franciscanos.org.br\/noticias\/#website\"},\"primaryImageOfPage\":{\"@id\":\"https:\/\/franciscanos.org.br\/noticias\/coral-das-meninas-de-petropolis-completa-27-anos.html#primaryimage\"},\"datePublished\":\"2015-10-22T09:34:25+00:00\",\"dateModified\":\"2021-07-05T23:10:00+00:00\",\"author\":{\"@id\":\"https:\/\/franciscanos.org.br\/noticias\/#\/schema\/person\/b38fbf43118f02820bd932f2e4b14ad3\"},\"breadcrumb\":{\"@id\":\"https:\/\/franciscanos.org.br\/noticias\/coral-das-meninas-de-petropolis-completa-27-anos.html#breadcrumb\"},\"inLanguage\":\"pt-BR\",\"potentialAction\":[{\"@type\":\"ReadAction\",\"target\":[\"https:\/\/franciscanos.org.br\/noticias\/coral-das-meninas-de-petropolis-completa-27-anos.html\"]}]},{\"@type\":\"BreadcrumbList\",\"@id\":\"https:\/\/franciscanos.org.br\/noticias\/coral-das-meninas-de-petropolis-completa-27-anos.html#breadcrumb\",\"itemListElement\":[{\"@type\":\"ListItem\",\"position\":1,\"name\":\"Home\",\"item\":\"https:\/\/franciscanos.org.br\/noticias\"},{\"@type\":\"ListItem\",\"position\":2,\"name\":\"Coral das Meninas de Petr\u00f3polis completa 27 anos\"}]},{\"@type\":\"Person\",\"@id\":\"https:\/\/franciscanos.org.br\/noticias\/#\/schema\/person\/b38fbf43118f02820bd932f2e4b14ad3\",\"name\":\"admin\",\"image\":{\"@type\":\"ImageObject\",\"inLanguage\":\"pt-BR\",\"@id\":\"https:\/\/franciscanos.org.br\/noticias\/#\/schema\/person\/image\/\",\"url\":\"https:\/\/secure.gravatar.com\/avatar\/e8495742d34d0ba6448ea1c628263b3e?s=96&d=mm&r=g\",\"contentUrl\":\"https:\/\/secure.gravatar.com\/avatar\/e8495742d34d0ba6448ea1c628263b3e?s=96&d=mm&r=g\",\"caption\":\"admin\"},\"url\":\"https:\/\/franciscanos.org.br\/noticias\/author\/admin\"}]}<\/script>\n<!-- \/ Yoast SEO plugin. -->","yoast_head_json":{"title":"Coral das Meninas de Petr\u00f3polis completa 27 anos - Not\u00edcias - Franciscanos","robots":{"index":"index","follow":"follow","max-snippet":"max-snippet:-1","max-image-preview":"max-image-preview:large","max-video-preview":"max-video-preview:-1"},"canonical":"https:\/\/franciscanos.org.br\/noticias\/coral-das-meninas-de-petropolis-completa-27-anos.html","og_locale":"pt_BR","og_type":"article","og_title":"Coral das Meninas de Petr\u00f3polis completa 27 anos - Not\u00edcias - Franciscanos","og_description":"Coral Meninas Canarinhos de Petr\u00f3polis","og_url":"https:\/\/franciscanos.org.br\/noticias\/coral-das-meninas-de-petropolis-completa-27-anos.html","og_site_name":"Not\u00edcias - Franciscanos","article_published_time":"2015-10-22T09:34:25+00:00","article_modified_time":"2021-07-05T23:10:00+00:00","og_image":[{"width":273,"height":181,"url":"https:\/\/franciscanos.org.br\/noticias\/wp-content\/uploads\/2015\/10\/canarinhos_meninas.jpg","type":"image\/jpeg"}],"author":"admin","twitter_card":"summary_large_image","twitter_misc":{"Escrito por":"admin","Est. tempo de leitura":"2 minutos"},"schema":{"@context":"https:\/\/schema.org","@graph":[{"@type":"WebSite","@id":"https:\/\/franciscanos.org.br\/noticias\/#website","url":"https:\/\/franciscanos.org.br\/noticias\/","name":"Not\u00edcias - Franciscanos","description":"Prov\u00edncia Franciscana da Imaculada Concei\u00e7\u00e3o do Brasil - Ordem dos Frades Menores - OFM","potentialAction":[{"@type":"SearchAction","target":{"@type":"EntryPoint","urlTemplate":"https:\/\/franciscanos.org.br\/noticias\/?s={search_term_string}"},"query-input":"required name=search_term_string"}],"inLanguage":"pt-BR"},{"@type":"ImageObject","inLanguage":"pt-BR","@id":"https:\/\/franciscanos.org.br\/noticias\/coral-das-meninas-de-petropolis-completa-27-anos.html#primaryimage","url":"https:\/\/franciscanos.org.br\/noticias\/wp-content\/uploads\/2015\/10\/canarinhos_meninas.jpg","contentUrl":"https:\/\/franciscanos.org.br\/noticias\/wp-content\/uploads\/2015\/10\/canarinhos_meninas.jpg","width":273,"height":181},{"@type":"WebPage","@id":"https:\/\/franciscanos.org.br\/noticias\/coral-das-meninas-de-petropolis-completa-27-anos.html#webpage","url":"https:\/\/franciscanos.org.br\/noticias\/coral-das-meninas-de-petropolis-completa-27-anos.html","name":"Coral das Meninas de Petr\u00f3polis completa 27 anos - Not\u00edcias - Franciscanos","isPartOf":{"@id":"https:\/\/franciscanos.org.br\/noticias\/#website"},"primaryImageOfPage":{"@id":"https:\/\/franciscanos.org.br\/noticias\/coral-das-meninas-de-petropolis-completa-27-anos.html#primaryimage"},"datePublished":"2015-10-22T09:34:25+00:00","dateModified":"2021-07-05T23:10:00+00:00","author":{"@id":"https:\/\/franciscanos.org.br\/noticias\/#\/schema\/person\/b38fbf43118f02820bd932f2e4b14ad3"},"breadcrumb":{"@id":"https:\/\/franciscanos.org.br\/noticias\/coral-das-meninas-de-petropolis-completa-27-anos.html#breadcrumb"},"inLanguage":"pt-BR","potentialAction":[{"@type":"ReadAction","target":["https:\/\/franciscanos.org.br\/noticias\/coral-das-meninas-de-petropolis-completa-27-anos.html"]}]},{"@type":"BreadcrumbList","@id":"https:\/\/franciscanos.org.br\/noticias\/coral-das-meninas-de-petropolis-completa-27-anos.html#breadcrumb","itemListElement":[{"@type":"ListItem","position":1,"name":"Home","item":"https:\/\/franciscanos.org.br\/noticias"},{"@type":"ListItem","position":2,"name":"Coral das Meninas de Petr\u00f3polis completa 27 anos"}]},{"@type":"Person","@id":"https:\/\/franciscanos.org.br\/noticias\/#\/schema\/person\/b38fbf43118f02820bd932f2e4b14ad3","name":"admin","image":{"@type":"ImageObject","inLanguage":"pt-BR","@id":"https:\/\/franciscanos.org.br\/noticias\/#\/schema\/person\/image\/","url":"https:\/\/secure.gravatar.com\/avatar\/e8495742d34d0ba6448ea1c628263b3e?s=96&d=mm&r=g","contentUrl":"https:\/\/secure.gravatar.com\/avatar\/e8495742d34d0ba6448ea1c628263b3e?s=96&d=mm&r=g","caption":"admin"},"url":"https:\/\/franciscanos.org.br\/noticias\/author\/admin"}]}},"_links":{"self":[{"href":"https:\/\/franciscanos.org.br\/noticias\/wp-json\/wp\/v2\/posts\/96994"}],"collection":[{"href":"https:\/\/franciscanos.org.br\/noticias\/wp-json\/wp\/v2\/posts"}],"about":[{"href":"https:\/\/franciscanos.org.br\/noticias\/wp-json\/wp\/v2\/types\/post"}],"author":[{"embeddable":true,"href":"https:\/\/franciscanos.org.br\/noticias\/wp-json\/wp\/v2\/users\/1"}],"replies":[{"embeddable":true,"href":"https:\/\/franciscanos.org.br\/noticias\/wp-json\/wp\/v2\/comments?post=96994"}],"version-history":[{"count":1,"href":"https:\/\/franciscanos.org.br\/noticias\/wp-json\/wp\/v2\/posts\/96994\/revisions"}],"predecessor-version":[{"id":232896,"href":"https:\/\/franciscanos.org.br\/noticias\/wp-json\/wp\/v2\/posts\/96994\/revisions\/232896"}],"wp:featuredmedia":[{"embeddable":true,"href":"https:\/\/franciscanos.org.br\/noticias\/wp-json\/wp\/v2\/media\/200549"}],"wp:attachment":[{"href":"https:\/\/franciscanos.org.br\/noticias\/wp-json\/wp\/v2\/media?parent=96994"}],"wp:term":[{"taxonomy":"category","embeddable":true,"href":"https:\/\/franciscanos.org.br\/noticias\/wp-json\/wp\/v2\/categories?post=96994"},{"taxonomy":"post_tag","embeddable":true,"href":"https:\/\/franciscanos.org.br\/noticias\/wp-json\/wp\/v2\/tags?post=96994"}],"curies":[{"name":"wp","href":"https:\/\/api.w.org\/{rel}","templated":true}]}}