{"id":96938,"date":"2015-10-20T13:48:43","date_gmt":"2015-10-20T15:48:43","guid":{"rendered":"http:\/\/franciscanos.org.br\/?p=96938"},"modified":"2020-06-10T11:11:26","modified_gmt":"2020-06-10T14:11:26","slug":"o-coracao-de-deus-e-sempre-aberto","status":"publish","type":"post","link":"https:\/\/franciscanos.org.br\/noticias\/o-coracao-de-deus-e-sempre-aberto.html","title":{"rendered":"&#8220;O cora\u00e7\u00e3o de Deus est\u00e1 sempre aberto&#8221;"},"content":{"rendered":"<p><img loading=\"lazy\" src=\"http:\/\/franciscanos.org.br\/wp-content\/uploads\/2015\/10\/papa_20.jpg\" alt=\"papa_20\" width=\"820\" height=\"439\" \/><\/p>\n<p><strong>Cidade do Vaticano<\/strong> &#8211; Deus doa sempre com generosidade a sua gra\u00e7a aos homens, que t\u00eam o h\u00e1bito de \u201cmedir as situa\u00e7\u00f5es\u201d: entender a abund\u00e2ncia do amor divino \u00e9 sempre fruto de uma gra\u00e7a. Este foi o teor da homilia que o Papa desenvolveu durante a Missa da manh\u00e3, celebrada, como cotidianamente, na Casa Santa Marta.<\/p>\n<p>Abundante: o amor de Deus pelos homens \u00e9 assim. Com uma generosidade que o homem desconhece, porque \u00e9 acostumado a dar migalhas quando decide doar alguma coisa. O Papa Francisco leu o trecho de S\u00e3o Paulo nesta chave. A salva\u00e7\u00e3o trazida por Jesus, que supera a queda de Ad\u00e3o, \u00e9 uma demonstra\u00e7\u00e3o desta doa\u00e7\u00e3o com abund\u00e2ncia. E a salva\u00e7\u00e3o, explica, \u201c\u00e9 a amizade entre n\u00f3s e Ele\u201d: \u201cComo Deus d\u00e1, no caso da amizade, a nossa salva\u00e7\u00e3o? D\u00e1 como diz que dar\u00e1 a n\u00f3s quando fazemos uma boa a\u00e7\u00e3o: nos dar\u00e1 uma medida boa, cheia, transbordante&#8230; Mas isto faz pensar na abund\u00e2ncia e esta palavra \u00e9 repetida tr\u00eas vezes neste trecho. Deus d\u00e1 na abund\u00e2ncia at\u00e9 o ponto de dizer a Paulo: \u2018onde avultou o pecado, superabundou a gra\u00e7a\u2019. Este \u00e9 o amor de Deus: sem medida\u201d.<\/p>\n<p>Sem medidas, como o pai da par\u00e1bola evang\u00e9lica, que todos os dias observa o horizonte para ver se seu filho decidiu voltar. \u201cO cora\u00e7\u00e3o de Deus \u2013 afirma Francisco \u2013 n\u00e3o est\u00e1 fechado, est\u00e1 sempre aberto. E quando n\u00f3s chegamos, como aquele filho, ele nos abra\u00e7a e beija. \u00c9 Deus que festeja\u201d:\u00a0\u201cDeus n\u00e3o \u00e9 mesquinho: Ele n\u00e3o conhece a mesquinhez. Ele d\u00e1 tudo. Deus n\u00e3o fica parado: Ele olha e espera que n\u00f3s nos convertamos. Deus \u00e9 um Deus que sai: sai para procurar, busca cada um de n\u00f3s. Todos os dias Ele nos procura, est\u00e1 nos procurando. Como j\u00e1 fez e j\u00e1 diz, na Par\u00e1bola da ovelha perdida ou da dracma perdida: procura. \u00c9 sempre assim\u201d.<\/p>\n<p>No c\u00e9u, reitera ainda o Papa, \u201cse faz mais festa\u201d para um pecador que se converte do que para cem que permanecem justos. E todavia n\u00e3o \u00e9 f\u00e1cil, com nossos crit\u00e9rios humanos, pequenos e limitados, entender o amor de Deus. Entende-se por uma \u2018gra\u00e7a\u2019, como o compreendeu \u2013 recorda Francisco \u2013 a freira de 84 anos conhecida em sua diocese que andava pelos corredores do hospital falando, com um sorriso, sobre o amor de Deus aos doentes. Ela, conclui o Papa, teve o \u2018dom de entender este mist\u00e9rio&#8217;, esta superabund\u00e2ncia do amor de Deus, que muitos n\u00e3o conseguem entender: \u201c\u00c9 verdade, n\u00f3s sempre temos o costume de medir as situa\u00e7\u00f5es, as coisas, com medidas que possu\u00edmos, mas s\u00e3o medidas pequenas. Por isso, nos faria bem pedir ao Esp\u00edrito Santo a gra\u00e7a de aproximarmo-nos pelo menos um pouco, para entendermos este amor e termos vontade de ser abra\u00e7ados e beijados com a medida sem limites\u201d.<\/p>\n<hr \/>\n<p><em>Fonte: R\u00e1dio Vaticano<\/em><\/p>\n","protected":false},"excerpt":{"rendered":"<p>Missa em Santa Marta<\/p>\n","protected":false},"author":1,"featured_media":211549,"comment_status":"open","ping_status":"open","sticky":false,"template":"","format":"standard","meta":[],"categories":[1428],"tags":[1586],"acf":[],"yoast_head":"<!-- This site is optimized with the Yoast SEO plugin v19.2 - https:\/\/yoast.com\/wordpress\/plugins\/seo\/ -->\n<title>&quot;O cora\u00e7\u00e3o de Deus est\u00e1 sempre aberto&quot; - Not\u00edcias - Franciscanos<\/title>\n<meta name=\"robots\" content=\"index, follow, max-snippet:-1, max-image-preview:large, max-video-preview:-1\" \/>\n<link rel=\"canonical\" href=\"https:\/\/franciscanos.org.br\/noticias\/o-coracao-de-deus-e-sempre-aberto.html\" \/>\n<meta property=\"og:locale\" content=\"pt_BR\" \/>\n<meta property=\"og:type\" content=\"article\" \/>\n<meta property=\"og:title\" content=\"&quot;O cora\u00e7\u00e3o de Deus est\u00e1 sempre aberto&quot; - Not\u00edcias - Franciscanos\" \/>\n<meta property=\"og:description\" content=\"Missa em Santa Marta\" \/>\n<meta property=\"og:url\" content=\"https:\/\/franciscanos.org.br\/noticias\/o-coracao-de-deus-e-sempre-aberto.html\" \/>\n<meta property=\"og:site_name\" content=\"Not\u00edcias - Franciscanos\" \/>\n<meta property=\"article:published_time\" content=\"2015-10-20T15:48:43+00:00\" \/>\n<meta property=\"article:modified_time\" content=\"2020-06-10T14:11:26+00:00\" \/>\n<meta property=\"og:image\" content=\"https:\/\/franciscanos.org.br\/noticias\/wp-content\/uploads\/2015\/10\/papa_20.jpg\" \/>\n\t<meta property=\"og:image:width\" content=\"273\" \/>\n\t<meta property=\"og:image:height\" content=\"181\" \/>\n\t<meta property=\"og:image:type\" content=\"image\/jpeg\" \/>\n<meta name=\"author\" content=\"admin\" \/>\n<meta name=\"twitter:card\" content=\"summary_large_image\" \/>\n<meta name=\"twitter:label1\" content=\"Escrito por\" \/>\n\t<meta name=\"twitter:data1\" content=\"admin\" \/>\n\t<meta name=\"twitter:label2\" content=\"Est. tempo de leitura\" \/>\n\t<meta name=\"twitter:data2\" content=\"2 minutos\" \/>\n<script type=\"application\/ld+json\" class=\"yoast-schema-graph\">{\"@context\":\"https:\/\/schema.org\",\"@graph\":[{\"@type\":\"WebSite\",\"@id\":\"https:\/\/franciscanos.org.br\/noticias\/#website\",\"url\":\"https:\/\/franciscanos.org.br\/noticias\/\",\"name\":\"Not\u00edcias - Franciscanos\",\"description\":\"Prov\u00edncia Franciscana da Imaculada Concei\u00e7\u00e3o do Brasil - Ordem dos Frades Menores - OFM\",\"potentialAction\":[{\"@type\":\"SearchAction\",\"target\":{\"@type\":\"EntryPoint\",\"urlTemplate\":\"https:\/\/franciscanos.org.br\/noticias\/?s={search_term_string}\"},\"query-input\":\"required name=search_term_string\"}],\"inLanguage\":\"pt-BR\"},{\"@type\":\"ImageObject\",\"inLanguage\":\"pt-BR\",\"@id\":\"https:\/\/franciscanos.org.br\/noticias\/o-coracao-de-deus-e-sempre-aberto.html#primaryimage\",\"url\":\"https:\/\/franciscanos.org.br\/noticias\/wp-content\/uploads\/2015\/10\/papa_20.jpg\",\"contentUrl\":\"https:\/\/franciscanos.org.br\/noticias\/wp-content\/uploads\/2015\/10\/papa_20.jpg\",\"width\":273,\"height\":181},{\"@type\":\"WebPage\",\"@id\":\"https:\/\/franciscanos.org.br\/noticias\/o-coracao-de-deus-e-sempre-aberto.html#webpage\",\"url\":\"https:\/\/franciscanos.org.br\/noticias\/o-coracao-de-deus-e-sempre-aberto.html\",\"name\":\"\\\"O cora\u00e7\u00e3o de Deus est\u00e1 sempre aberto\\\" - Not\u00edcias - Franciscanos\",\"isPartOf\":{\"@id\":\"https:\/\/franciscanos.org.br\/noticias\/#website\"},\"primaryImageOfPage\":{\"@id\":\"https:\/\/franciscanos.org.br\/noticias\/o-coracao-de-deus-e-sempre-aberto.html#primaryimage\"},\"datePublished\":\"2015-10-20T15:48:43+00:00\",\"dateModified\":\"2020-06-10T14:11:26+00:00\",\"author\":{\"@id\":\"https:\/\/franciscanos.org.br\/noticias\/#\/schema\/person\/b38fbf43118f02820bd932f2e4b14ad3\"},\"breadcrumb\":{\"@id\":\"https:\/\/franciscanos.org.br\/noticias\/o-coracao-de-deus-e-sempre-aberto.html#breadcrumb\"},\"inLanguage\":\"pt-BR\",\"potentialAction\":[{\"@type\":\"ReadAction\",\"target\":[\"https:\/\/franciscanos.org.br\/noticias\/o-coracao-de-deus-e-sempre-aberto.html\"]}]},{\"@type\":\"BreadcrumbList\",\"@id\":\"https:\/\/franciscanos.org.br\/noticias\/o-coracao-de-deus-e-sempre-aberto.html#breadcrumb\",\"itemListElement\":[{\"@type\":\"ListItem\",\"position\":1,\"name\":\"Home\",\"item\":\"https:\/\/franciscanos.org.br\/noticias\"},{\"@type\":\"ListItem\",\"position\":2,\"name\":\"&#8220;O cora\u00e7\u00e3o de Deus est\u00e1 sempre aberto&#8221;\"}]},{\"@type\":\"Person\",\"@id\":\"https:\/\/franciscanos.org.br\/noticias\/#\/schema\/person\/b38fbf43118f02820bd932f2e4b14ad3\",\"name\":\"admin\",\"image\":{\"@type\":\"ImageObject\",\"inLanguage\":\"pt-BR\",\"@id\":\"https:\/\/franciscanos.org.br\/noticias\/#\/schema\/person\/image\/\",\"url\":\"https:\/\/secure.gravatar.com\/avatar\/e8495742d34d0ba6448ea1c628263b3e?s=96&d=mm&r=g\",\"contentUrl\":\"https:\/\/secure.gravatar.com\/avatar\/e8495742d34d0ba6448ea1c628263b3e?s=96&d=mm&r=g\",\"caption\":\"admin\"},\"url\":\"https:\/\/franciscanos.org.br\/noticias\/author\/admin\"}]}<\/script>\n<!-- \/ Yoast SEO plugin. -->","yoast_head_json":{"title":"\"O cora\u00e7\u00e3o de Deus est\u00e1 sempre aberto\" - Not\u00edcias - Franciscanos","robots":{"index":"index","follow":"follow","max-snippet":"max-snippet:-1","max-image-preview":"max-image-preview:large","max-video-preview":"max-video-preview:-1"},"canonical":"https:\/\/franciscanos.org.br\/noticias\/o-coracao-de-deus-e-sempre-aberto.html","og_locale":"pt_BR","og_type":"article","og_title":"\"O cora\u00e7\u00e3o de Deus est\u00e1 sempre aberto\" - Not\u00edcias - Franciscanos","og_description":"Missa em Santa Marta","og_url":"https:\/\/franciscanos.org.br\/noticias\/o-coracao-de-deus-e-sempre-aberto.html","og_site_name":"Not\u00edcias - Franciscanos","article_published_time":"2015-10-20T15:48:43+00:00","article_modified_time":"2020-06-10T14:11:26+00:00","og_image":[{"width":273,"height":181,"url":"https:\/\/franciscanos.org.br\/noticias\/wp-content\/uploads\/2015\/10\/papa_20.jpg","type":"image\/jpeg"}],"author":"admin","twitter_card":"summary_large_image","twitter_misc":{"Escrito por":"admin","Est. tempo de leitura":"2 minutos"},"schema":{"@context":"https:\/\/schema.org","@graph":[{"@type":"WebSite","@id":"https:\/\/franciscanos.org.br\/noticias\/#website","url":"https:\/\/franciscanos.org.br\/noticias\/","name":"Not\u00edcias - Franciscanos","description":"Prov\u00edncia Franciscana da Imaculada Concei\u00e7\u00e3o do Brasil - Ordem dos Frades Menores - OFM","potentialAction":[{"@type":"SearchAction","target":{"@type":"EntryPoint","urlTemplate":"https:\/\/franciscanos.org.br\/noticias\/?s={search_term_string}"},"query-input":"required name=search_term_string"}],"inLanguage":"pt-BR"},{"@type":"ImageObject","inLanguage":"pt-BR","@id":"https:\/\/franciscanos.org.br\/noticias\/o-coracao-de-deus-e-sempre-aberto.html#primaryimage","url":"https:\/\/franciscanos.org.br\/noticias\/wp-content\/uploads\/2015\/10\/papa_20.jpg","contentUrl":"https:\/\/franciscanos.org.br\/noticias\/wp-content\/uploads\/2015\/10\/papa_20.jpg","width":273,"height":181},{"@type":"WebPage","@id":"https:\/\/franciscanos.org.br\/noticias\/o-coracao-de-deus-e-sempre-aberto.html#webpage","url":"https:\/\/franciscanos.org.br\/noticias\/o-coracao-de-deus-e-sempre-aberto.html","name":"\"O cora\u00e7\u00e3o de Deus est\u00e1 sempre aberto\" - Not\u00edcias - Franciscanos","isPartOf":{"@id":"https:\/\/franciscanos.org.br\/noticias\/#website"},"primaryImageOfPage":{"@id":"https:\/\/franciscanos.org.br\/noticias\/o-coracao-de-deus-e-sempre-aberto.html#primaryimage"},"datePublished":"2015-10-20T15:48:43+00:00","dateModified":"2020-06-10T14:11:26+00:00","author":{"@id":"https:\/\/franciscanos.org.br\/noticias\/#\/schema\/person\/b38fbf43118f02820bd932f2e4b14ad3"},"breadcrumb":{"@id":"https:\/\/franciscanos.org.br\/noticias\/o-coracao-de-deus-e-sempre-aberto.html#breadcrumb"},"inLanguage":"pt-BR","potentialAction":[{"@type":"ReadAction","target":["https:\/\/franciscanos.org.br\/noticias\/o-coracao-de-deus-e-sempre-aberto.html"]}]},{"@type":"BreadcrumbList","@id":"https:\/\/franciscanos.org.br\/noticias\/o-coracao-de-deus-e-sempre-aberto.html#breadcrumb","itemListElement":[{"@type":"ListItem","position":1,"name":"Home","item":"https:\/\/franciscanos.org.br\/noticias"},{"@type":"ListItem","position":2,"name":"&#8220;O cora\u00e7\u00e3o de Deus est\u00e1 sempre aberto&#8221;"}]},{"@type":"Person","@id":"https:\/\/franciscanos.org.br\/noticias\/#\/schema\/person\/b38fbf43118f02820bd932f2e4b14ad3","name":"admin","image":{"@type":"ImageObject","inLanguage":"pt-BR","@id":"https:\/\/franciscanos.org.br\/noticias\/#\/schema\/person\/image\/","url":"https:\/\/secure.gravatar.com\/avatar\/e8495742d34d0ba6448ea1c628263b3e?s=96&d=mm&r=g","contentUrl":"https:\/\/secure.gravatar.com\/avatar\/e8495742d34d0ba6448ea1c628263b3e?s=96&d=mm&r=g","caption":"admin"},"url":"https:\/\/franciscanos.org.br\/noticias\/author\/admin"}]}},"_links":{"self":[{"href":"https:\/\/franciscanos.org.br\/noticias\/wp-json\/wp\/v2\/posts\/96938"}],"collection":[{"href":"https:\/\/franciscanos.org.br\/noticias\/wp-json\/wp\/v2\/posts"}],"about":[{"href":"https:\/\/franciscanos.org.br\/noticias\/wp-json\/wp\/v2\/types\/post"}],"author":[{"embeddable":true,"href":"https:\/\/franciscanos.org.br\/noticias\/wp-json\/wp\/v2\/users\/1"}],"replies":[{"embeddable":true,"href":"https:\/\/franciscanos.org.br\/noticias\/wp-json\/wp\/v2\/comments?post=96938"}],"version-history":[{"count":1,"href":"https:\/\/franciscanos.org.br\/noticias\/wp-json\/wp\/v2\/posts\/96938\/revisions"}],"predecessor-version":[{"id":225900,"href":"https:\/\/franciscanos.org.br\/noticias\/wp-json\/wp\/v2\/posts\/96938\/revisions\/225900"}],"wp:featuredmedia":[{"embeddable":true,"href":"https:\/\/franciscanos.org.br\/noticias\/wp-json\/wp\/v2\/media\/211549"}],"wp:attachment":[{"href":"https:\/\/franciscanos.org.br\/noticias\/wp-json\/wp\/v2\/media?parent=96938"}],"wp:term":[{"taxonomy":"category","embeddable":true,"href":"https:\/\/franciscanos.org.br\/noticias\/wp-json\/wp\/v2\/categories?post=96938"},{"taxonomy":"post_tag","embeddable":true,"href":"https:\/\/franciscanos.org.br\/noticias\/wp-json\/wp\/v2\/tags?post=96938"}],"curies":[{"name":"wp","href":"https:\/\/api.w.org\/{rel}","templated":true}]}}