{"id":96934,"date":"2015-10-20T13:19:34","date_gmt":"2015-10-20T15:19:34","guid":{"rendered":"http:\/\/franciscanos.org.br\/?p=96934"},"modified":"2021-07-05T20:21:20","modified_gmt":"2021-07-05T23:21:20","slug":"congresso-regional-dos-meninos-cantores-termina-com-elogios","status":"publish","type":"post","link":"https:\/\/franciscanos.org.br\/noticias\/congresso-regional-dos-meninos-cantores-termina-com-elogios.html","title":{"rendered":"Congresso Regional dos Meninos Cantores termina com elogios"},"content":{"rendered":"<p><img loading=\"lazy\" src=\"http:\/\/franciscanos.org.br\/wp-content\/uploads\/2015\/10\/canarinhos.jpg\" alt=\"canarinhos\" width=\"820\" height=\"413\" \/><br \/>\nDurante quatro dias, Petr\u00f3polis foi cen\u00e1rio para a realiza\u00e7\u00e3o do XIV Congresso Regional dos Meninos Cantores do Brasil. Gra\u00e7as ao sucesso alcan\u00e7ado, o evento j\u00e1 \u00e9 considerado um marco no movimento do Canto Coral. Ensaios, concertos gratuitos e muita troca de experi\u00eancias fizeram parte da rotina de 275 meninos e meninas, vindos de quatro Estados.<\/p>\n<p>De acordo com o presidente da Federa\u00e7\u00e3o Nacional de Meninos Cantores e maestro do Coral dos Canarinhos, Marco Aur\u00e9lio Lischt, o resultado foi melhor que o esperado. \u201cO evento foi um grande sucesso. Os coros vieram com uma garra, uma vontade de cantar que foram impressionantes. Al\u00e9m disso, todos os depoimentos dos coralistas, maestros e outros integrantes dos Corais foram muito positivos. Esperamos que este evento fortale\u00e7a a Federa\u00e7\u00e3o e que possamos realizar outros Congressos t\u00e3o bem sucedidos quanto este\u201d, destacou.<\/p>\n<p>O p\u00fablico lotou os dois concertos realizados na Igreja do Sagrado Cora\u00e7\u00e3o de Jesus e no Theatro D. Pedro, e a missa de encerramento, realizada na Catedral S\u00e3o Pedro de Alc\u00e2ntara. As apresenta\u00e7\u00f5es emocionaram a plateia. O professor Cristiano Queiroz de Oliveira, morador de Petr\u00f3polis, se encantou com as apresenta\u00e7\u00f5es de todos os corais, realizadas no Concerto de Gala do Theatro Dom Pedro. \u201cFoi sensacional, n\u00e3o tenho palavras para descrever. O bacana foi a apresenta\u00e7\u00e3o de v\u00e1rios corais, com estilos diferentes e um misto de conceitos muito interessante\u201d, disse.<\/p>\n<p>O evento tamb\u00e9m mobilizou turistas, que estavam de passagem pela cidade durante o evento. Foi o caso da moradora da cidade de Po\u00e7os de Caldas (MG) Maricel Corigliano. \u201cVi na televis\u00e3o e vim conferir. Achei maravilhoso, muito bonito! Neste momento t\u00e3o dif\u00edcil que vivemos, este trabalho une os jovens na m\u00fasica e na religi\u00e3o. Merece e precisa ser incentivado sempre\u201d, opinou.<\/p>\n<p>A organiza\u00e7\u00e3o do evento foi elogiada pelo maestro Eric Lana, do Coral dos Canarinhos de Itabirito (MG). \u201cO Congresso teve o n\u00edvel de excel\u00eancia do Coral dos Canarinhos de Petr\u00f3polis, que \u00e9 uma inspira\u00e7\u00e3o para o nosso trabalho. Tudo foi feito com muito cuidado e sentimos isso o tempo todo. Este encontro \u00e9 muito importante, porque os grupos, cada um em sua realidade, se preparam o ano inteiro para este momento\u201d, afirmou. \u201cIsso vai ao encontro do que eles tanto buscaram durante os ensaios\u201d, ressalta.<\/p>\n<p>Lana ainda destacou o interc\u00e2mbio cultural, uma vez que os meninos do interior de Minas puderam conhecer a Cidade Imperial. \u201cA cidade \u00e9 linda e todos tinham uma expectativa muito grande para estar em Petr\u00f3polis. Os coralistas viveram experi\u00eancias muito enriquecedoras durante toda a semana. O Congresso vai deixar saudade!\u201d, exclamou.<\/p>\n<p>Para a maestrina do Coral dos Meninos Cantores de Campinas (SP), Nat\u00e1lia Larangeira, a participa\u00e7\u00e3o no Congresso foi a realiza\u00e7\u00e3o de um sonho \u2013 para ela e para os demais integrantes. \u201cTodos os coros est\u00e3o com alt\u00edssimo n\u00edvel e vieram com muita vontade de cantar. As crian\u00e7as sa\u00edam do ensaio cantando e ficavam assim o dia todo. Foi \u00f3timo conhecer o trabalho de outros maestros, fazer novas amizades e conviver com a fam\u00edlia que nos acolheu\u201d, disse.<\/p>\n<p>A alegria tamb\u00e9m foi sentida pelos coralistas, como foi o caso de Ana Clara Drumond, do Coral Mosteiro de S\u00e3o Bento (DF). \u201cO evento foi muito legal! Conheci pessoas novas, vozes novas&#8230; O Congresso me permitiu ampliar os horizontes e a nossa vis\u00e3o, ainda mais sendo realizado em uma cidade hist\u00f3rica, como Petr\u00f3polis\u201d, disse. \u201cSou soprano, e, no Congresso, aprendi como \u00e9 a voz do contralto. Foi muito enriquecedor\u201d, afirmou.<\/p>\n<p>A mesma sensa\u00e7\u00e3o foi sentida por Jonatas Ferrari, integrante do coral de Campinas. \u201cFoi a primeira vez que participei de um Congresso deste porte, e gostei bastante! Foi a oportunidade de conhecer outros coros, cantar junto e fazer novas amizades. Al\u00e9m disso, o evento ajuda a disseminar a cultura\u201d, refor\u00e7ou.<\/p>\n<p>O Congresso Regional dos Meninos Cantores contou com tr\u00eas apresenta\u00e7\u00f5es. A abertura foi realizada na quinta-feira (15), com um concerto dos anfitri\u00f5es \u2013 os Corais dos meninos e das meninas dos Canarinhos. Na sexta-feira (16), o Concerto de Gala reuniu todos os Corais, que fizeram apresenta\u00e7\u00f5es individuais e depois se uniram. No encerramento foi no s\u00e1bado (17), com uma missa na Catedral S\u00e3o Pedro de Alc\u00e2ntara, celebrada pelo bispo diocesano Dom Greg\u00f3rio Paix\u00e3o, que reuniu todas as vozes.<\/p>\n","protected":false},"excerpt":{"rendered":"<p>Canarinhos de<\/p>\n","protected":false},"author":1,"featured_media":207441,"comment_status":"open","ping_status":"open","sticky":false,"template":"","format":"standard","meta":[],"categories":[1],"tags":[1378],"acf":[],"yoast_head":"<!-- This site is optimized with the Yoast SEO plugin v19.2 - https:\/\/yoast.com\/wordpress\/plugins\/seo\/ -->\n<title>Congresso Regional dos Meninos Cantores termina com elogios - Not\u00edcias - Franciscanos<\/title>\n<meta name=\"robots\" content=\"index, follow, max-snippet:-1, max-image-preview:large, max-video-preview:-1\" \/>\n<link rel=\"canonical\" href=\"https:\/\/franciscanos.org.br\/noticias\/congresso-regional-dos-meninos-cantores-termina-com-elogios.html\" \/>\n<meta property=\"og:locale\" content=\"pt_BR\" \/>\n<meta property=\"og:type\" content=\"article\" \/>\n<meta property=\"og:title\" content=\"Congresso Regional dos Meninos Cantores termina com elogios - Not\u00edcias - Franciscanos\" \/>\n<meta property=\"og:description\" content=\"Canarinhos de\" \/>\n<meta property=\"og:url\" content=\"https:\/\/franciscanos.org.br\/noticias\/congresso-regional-dos-meninos-cantores-termina-com-elogios.html\" \/>\n<meta property=\"og:site_name\" content=\"Not\u00edcias - Franciscanos\" \/>\n<meta property=\"article:published_time\" content=\"2015-10-20T15:19:34+00:00\" \/>\n<meta property=\"article:modified_time\" content=\"2021-07-05T23:21:20+00:00\" \/>\n<meta property=\"og:image\" content=\"https:\/\/franciscanos.org.br\/noticias\/wp-content\/uploads\/2015\/10\/canarinhos_0407d-1.jpg\" \/>\n\t<meta property=\"og:image:width\" content=\"273\" \/>\n\t<meta property=\"og:image:height\" content=\"181\" \/>\n\t<meta property=\"og:image:type\" content=\"image\/jpeg\" \/>\n<meta name=\"author\" content=\"admin\" \/>\n<meta name=\"twitter:card\" content=\"summary_large_image\" \/>\n<meta name=\"twitter:label1\" content=\"Escrito por\" \/>\n\t<meta name=\"twitter:data1\" content=\"admin\" \/>\n\t<meta name=\"twitter:label2\" content=\"Est. tempo de leitura\" \/>\n\t<meta name=\"twitter:data2\" content=\"4 minutos\" \/>\n<script type=\"application\/ld+json\" class=\"yoast-schema-graph\">{\"@context\":\"https:\/\/schema.org\",\"@graph\":[{\"@type\":\"WebSite\",\"@id\":\"https:\/\/franciscanos.org.br\/noticias\/#website\",\"url\":\"https:\/\/franciscanos.org.br\/noticias\/\",\"name\":\"Not\u00edcias - Franciscanos\",\"description\":\"Prov\u00edncia Franciscana da Imaculada Concei\u00e7\u00e3o do Brasil - Ordem dos Frades Menores - OFM\",\"potentialAction\":[{\"@type\":\"SearchAction\",\"target\":{\"@type\":\"EntryPoint\",\"urlTemplate\":\"https:\/\/franciscanos.org.br\/noticias\/?s={search_term_string}\"},\"query-input\":\"required name=search_term_string\"}],\"inLanguage\":\"pt-BR\"},{\"@type\":\"ImageObject\",\"inLanguage\":\"pt-BR\",\"@id\":\"https:\/\/franciscanos.org.br\/noticias\/congresso-regional-dos-meninos-cantores-termina-com-elogios.html#primaryimage\",\"url\":\"https:\/\/franciscanos.org.br\/noticias\/wp-content\/uploads\/2015\/10\/canarinhos_0407d-1.jpg\",\"contentUrl\":\"https:\/\/franciscanos.org.br\/noticias\/wp-content\/uploads\/2015\/10\/canarinhos_0407d-1.jpg\",\"width\":273,\"height\":181},{\"@type\":\"WebPage\",\"@id\":\"https:\/\/franciscanos.org.br\/noticias\/congresso-regional-dos-meninos-cantores-termina-com-elogios.html#webpage\",\"url\":\"https:\/\/franciscanos.org.br\/noticias\/congresso-regional-dos-meninos-cantores-termina-com-elogios.html\",\"name\":\"Congresso Regional dos Meninos Cantores termina com elogios - Not\u00edcias - Franciscanos\",\"isPartOf\":{\"@id\":\"https:\/\/franciscanos.org.br\/noticias\/#website\"},\"primaryImageOfPage\":{\"@id\":\"https:\/\/franciscanos.org.br\/noticias\/congresso-regional-dos-meninos-cantores-termina-com-elogios.html#primaryimage\"},\"datePublished\":\"2015-10-20T15:19:34+00:00\",\"dateModified\":\"2021-07-05T23:21:20+00:00\",\"author\":{\"@id\":\"https:\/\/franciscanos.org.br\/noticias\/#\/schema\/person\/b38fbf43118f02820bd932f2e4b14ad3\"},\"breadcrumb\":{\"@id\":\"https:\/\/franciscanos.org.br\/noticias\/congresso-regional-dos-meninos-cantores-termina-com-elogios.html#breadcrumb\"},\"inLanguage\":\"pt-BR\",\"potentialAction\":[{\"@type\":\"ReadAction\",\"target\":[\"https:\/\/franciscanos.org.br\/noticias\/congresso-regional-dos-meninos-cantores-termina-com-elogios.html\"]}]},{\"@type\":\"BreadcrumbList\",\"@id\":\"https:\/\/franciscanos.org.br\/noticias\/congresso-regional-dos-meninos-cantores-termina-com-elogios.html#breadcrumb\",\"itemListElement\":[{\"@type\":\"ListItem\",\"position\":1,\"name\":\"Home\",\"item\":\"https:\/\/franciscanos.org.br\/noticias\"},{\"@type\":\"ListItem\",\"position\":2,\"name\":\"Congresso Regional dos Meninos Cantores termina com elogios\"}]},{\"@type\":\"Person\",\"@id\":\"https:\/\/franciscanos.org.br\/noticias\/#\/schema\/person\/b38fbf43118f02820bd932f2e4b14ad3\",\"name\":\"admin\",\"image\":{\"@type\":\"ImageObject\",\"inLanguage\":\"pt-BR\",\"@id\":\"https:\/\/franciscanos.org.br\/noticias\/#\/schema\/person\/image\/\",\"url\":\"https:\/\/secure.gravatar.com\/avatar\/e8495742d34d0ba6448ea1c628263b3e?s=96&d=mm&r=g\",\"contentUrl\":\"https:\/\/secure.gravatar.com\/avatar\/e8495742d34d0ba6448ea1c628263b3e?s=96&d=mm&r=g\",\"caption\":\"admin\"},\"url\":\"https:\/\/franciscanos.org.br\/noticias\/author\/admin\"}]}<\/script>\n<!-- \/ Yoast SEO plugin. -->","yoast_head_json":{"title":"Congresso Regional dos Meninos Cantores termina com elogios - Not\u00edcias - Franciscanos","robots":{"index":"index","follow":"follow","max-snippet":"max-snippet:-1","max-image-preview":"max-image-preview:large","max-video-preview":"max-video-preview:-1"},"canonical":"https:\/\/franciscanos.org.br\/noticias\/congresso-regional-dos-meninos-cantores-termina-com-elogios.html","og_locale":"pt_BR","og_type":"article","og_title":"Congresso Regional dos Meninos Cantores termina com elogios - Not\u00edcias - Franciscanos","og_description":"Canarinhos de","og_url":"https:\/\/franciscanos.org.br\/noticias\/congresso-regional-dos-meninos-cantores-termina-com-elogios.html","og_site_name":"Not\u00edcias - Franciscanos","article_published_time":"2015-10-20T15:19:34+00:00","article_modified_time":"2021-07-05T23:21:20+00:00","og_image":[{"width":273,"height":181,"url":"https:\/\/franciscanos.org.br\/noticias\/wp-content\/uploads\/2015\/10\/canarinhos_0407d-1.jpg","type":"image\/jpeg"}],"author":"admin","twitter_card":"summary_large_image","twitter_misc":{"Escrito por":"admin","Est. tempo de leitura":"4 minutos"},"schema":{"@context":"https:\/\/schema.org","@graph":[{"@type":"WebSite","@id":"https:\/\/franciscanos.org.br\/noticias\/#website","url":"https:\/\/franciscanos.org.br\/noticias\/","name":"Not\u00edcias - Franciscanos","description":"Prov\u00edncia Franciscana da Imaculada Concei\u00e7\u00e3o do Brasil - Ordem dos Frades Menores - OFM","potentialAction":[{"@type":"SearchAction","target":{"@type":"EntryPoint","urlTemplate":"https:\/\/franciscanos.org.br\/noticias\/?s={search_term_string}"},"query-input":"required name=search_term_string"}],"inLanguage":"pt-BR"},{"@type":"ImageObject","inLanguage":"pt-BR","@id":"https:\/\/franciscanos.org.br\/noticias\/congresso-regional-dos-meninos-cantores-termina-com-elogios.html#primaryimage","url":"https:\/\/franciscanos.org.br\/noticias\/wp-content\/uploads\/2015\/10\/canarinhos_0407d-1.jpg","contentUrl":"https:\/\/franciscanos.org.br\/noticias\/wp-content\/uploads\/2015\/10\/canarinhos_0407d-1.jpg","width":273,"height":181},{"@type":"WebPage","@id":"https:\/\/franciscanos.org.br\/noticias\/congresso-regional-dos-meninos-cantores-termina-com-elogios.html#webpage","url":"https:\/\/franciscanos.org.br\/noticias\/congresso-regional-dos-meninos-cantores-termina-com-elogios.html","name":"Congresso Regional dos Meninos Cantores termina com elogios - Not\u00edcias - Franciscanos","isPartOf":{"@id":"https:\/\/franciscanos.org.br\/noticias\/#website"},"primaryImageOfPage":{"@id":"https:\/\/franciscanos.org.br\/noticias\/congresso-regional-dos-meninos-cantores-termina-com-elogios.html#primaryimage"},"datePublished":"2015-10-20T15:19:34+00:00","dateModified":"2021-07-05T23:21:20+00:00","author":{"@id":"https:\/\/franciscanos.org.br\/noticias\/#\/schema\/person\/b38fbf43118f02820bd932f2e4b14ad3"},"breadcrumb":{"@id":"https:\/\/franciscanos.org.br\/noticias\/congresso-regional-dos-meninos-cantores-termina-com-elogios.html#breadcrumb"},"inLanguage":"pt-BR","potentialAction":[{"@type":"ReadAction","target":["https:\/\/franciscanos.org.br\/noticias\/congresso-regional-dos-meninos-cantores-termina-com-elogios.html"]}]},{"@type":"BreadcrumbList","@id":"https:\/\/franciscanos.org.br\/noticias\/congresso-regional-dos-meninos-cantores-termina-com-elogios.html#breadcrumb","itemListElement":[{"@type":"ListItem","position":1,"name":"Home","item":"https:\/\/franciscanos.org.br\/noticias"},{"@type":"ListItem","position":2,"name":"Congresso Regional dos Meninos Cantores termina com elogios"}]},{"@type":"Person","@id":"https:\/\/franciscanos.org.br\/noticias\/#\/schema\/person\/b38fbf43118f02820bd932f2e4b14ad3","name":"admin","image":{"@type":"ImageObject","inLanguage":"pt-BR","@id":"https:\/\/franciscanos.org.br\/noticias\/#\/schema\/person\/image\/","url":"https:\/\/secure.gravatar.com\/avatar\/e8495742d34d0ba6448ea1c628263b3e?s=96&d=mm&r=g","contentUrl":"https:\/\/secure.gravatar.com\/avatar\/e8495742d34d0ba6448ea1c628263b3e?s=96&d=mm&r=g","caption":"admin"},"url":"https:\/\/franciscanos.org.br\/noticias\/author\/admin"}]}},"_links":{"self":[{"href":"https:\/\/franciscanos.org.br\/noticias\/wp-json\/wp\/v2\/posts\/96934"}],"collection":[{"href":"https:\/\/franciscanos.org.br\/noticias\/wp-json\/wp\/v2\/posts"}],"about":[{"href":"https:\/\/franciscanos.org.br\/noticias\/wp-json\/wp\/v2\/types\/post"}],"author":[{"embeddable":true,"href":"https:\/\/franciscanos.org.br\/noticias\/wp-json\/wp\/v2\/users\/1"}],"replies":[{"embeddable":true,"href":"https:\/\/franciscanos.org.br\/noticias\/wp-json\/wp\/v2\/comments?post=96934"}],"version-history":[{"count":1,"href":"https:\/\/franciscanos.org.br\/noticias\/wp-json\/wp\/v2\/posts\/96934\/revisions"}],"predecessor-version":[{"id":232880,"href":"https:\/\/franciscanos.org.br\/noticias\/wp-json\/wp\/v2\/posts\/96934\/revisions\/232880"}],"wp:featuredmedia":[{"embeddable":true,"href":"https:\/\/franciscanos.org.br\/noticias\/wp-json\/wp\/v2\/media\/207441"}],"wp:attachment":[{"href":"https:\/\/franciscanos.org.br\/noticias\/wp-json\/wp\/v2\/media?parent=96934"}],"wp:term":[{"taxonomy":"category","embeddable":true,"href":"https:\/\/franciscanos.org.br\/noticias\/wp-json\/wp\/v2\/categories?post=96934"},{"taxonomy":"post_tag","embeddable":true,"href":"https:\/\/franciscanos.org.br\/noticias\/wp-json\/wp\/v2\/tags?post=96934"}],"curies":[{"name":"wp","href":"https:\/\/api.w.org\/{rel}","templated":true}]}}