{"id":96926,"date":"2015-10-20T12:21:12","date_gmt":"2015-10-20T14:21:12","guid":{"rendered":"http:\/\/franciscanos.org.br\/?p=96926"},"modified":"2020-02-14T13:51:15","modified_gmt":"2020-02-14T16:51:15","slug":"fraternidade-sao-francisco-da-penitencia-recebe-nova-irma","status":"publish","type":"post","link":"https:\/\/franciscanos.org.br\/noticias\/fraternidade-sao-francisco-da-penitencia-recebe-nova-irma.html","title":{"rendered":"Fraternidade S\u00e3o Francisco da Penit\u00eancia recebe nova irm\u00e3"},"content":{"rendered":"<p><a href=\"http:\/\/franciscanos.org.br\/wp-content\/uploads\/2015\/10\/ofs-8201.jpg\"><img loading=\"lazy\" src=\"http:\/\/franciscanos.org.br\/wp-content\/uploads\/2015\/10\/ofs-8201.jpg\" alt=\"ofs-820\" width=\"820\" height=\"391\" \/><\/a><\/p>\n<p>A Fraternidade S\u00e3o Francisco da\u00a0 Penit\u00eancia, do Largo da Carioca (RJ), vinculada a Ordem Franciscana Secular (OFS) comemorou o ingresso da jovem Ana Carla Moreno Feitosa, na etapa inicial de forma\u00e7\u00e3o. Logo pela manh\u00e3, na reuni\u00e3o mensal da fraternidade, todos participaram do rito de inicia\u00e7\u00e3o no qual o postulante formula seu pedido de ingresso na fraternidade.<\/p>\n<p>A singeleza do rito e a simplicidade dos cantos animados pelo Coral &#8220;O Canto Universal&#8221;, formado por irm\u00e3os da OFS, emocionaram a iniciante Ana Carla e a seus familiares, bem como a todos que acompanham o itiner\u00e1rio vocacional da irm\u00e3 que foi admitida na fraternidade.<\/p>\n<p>O pedido de ingresso no per\u00edodo de inicia\u00e7\u00e3o foi aceito com grande alegria pela ministra local Val\u00e9ria, da Costa Pinheiro, e pela formadora Jesilda de Moraes Soares, ambas representando o conselho local,\u00a0 e pelo assistente espiritual da fraternidade, Frei Estev\u00e3o Ottenbreit, OFM, da Prov\u00edncia da Imaculada Concei\u00e7\u00e3o, e por todos os irm\u00e3os presentes, inclusive de outras fraternidades do Regional Sudeste 2, da OFS, que testemunharam o firme prop\u00f3sito\u00a0 da iniciante em viver e seguir o Evangelho de Nosso Senhor Jesus Cristo, no seu estado secular, tendo como modelo e santo inspirador, S\u00e3o Francisco de Assis.<\/p>\n<p>Na homilia que antecedeu o rito, frei Estev\u00e3o destacou a profunda identidade que o Ser\u00e1fico Pai S\u00e3o Francisco\u00a0 tinha com o Cristo pobre e crucificado. O santo Francisco fixava continuamente seu olhar no rosto de Cristo; mantinha-se sempre em presen\u00e7a do Homem das Dores, que experimentou todas as nossas fraquezas.<\/p>\n<p>Francisco intu\u00edra que na Cruz de Cristo se concentrava todo amor de Deus pelos homens. E em seu amor pelo Cristo quis Francisco sofrer os mesmos tormentos.<\/p>\n<p><img loading=\"lazy\" class=\"alignright wp-image-96930 \" src=\"http:\/\/franciscanos.org.br\/wp-content\/uploads\/2015\/10\/ofs-450.jpg\" alt=\"ofs-450\" width=\"314\" height=\"472\" \/>Como recompensa desta devo\u00e7\u00e3o, muito viva e profunda, ele mereceu a gra\u00e7a de receber as cinco chagas de Cristo, impressas em seu corpo. Francisco quis viver como vivia Cristo, morrer como Ele morreu. E assim mereceu a honra de ver impressa em seu corpo t\u00e3o perfeita semelhan\u00e7a com Ele.<\/p>\n<p>S\u00e3o Francisco, o santo dos pobres e das criaturas, o santo do amor infinito por todos, o pequeno e simples, o humilde e servo de todos, \u00e9 o Santo das chagas. Chagas que brotam do amor pelo Cristo Crucificado; chagas que s\u00e3o sinais da transforma\u00e7\u00e3o viva de S\u00e3o Francisco.<\/p>\n<p>Em virtude desse acontecimento extraordin\u00e1rio da vida do santo, \u00e9 costume tradicional na Ordem Franciscana celebrar a Festa das Chagas, tendo presente que ele mereceu tal gra\u00e7a por ter encontrado na Cruz a raz\u00e3o de toda a sua vida.<\/p>\n<p>A Fraternidade S\u00e3o Francisco da Penit\u00eancia agradece a Deus pelas voca\u00e7\u00e3o dessa irm\u00e3 que \u00e9 um verdadeiro presente dado pelo Senhor, como nos diz S\u00e3o Francisco. Pedimos a gra\u00e7a da perseveran\u00e7a de todos os irm\u00e3os que, hoje, est\u00e3o na etapa de inicia\u00e7\u00e3o para o seguimento do Evangelho de Nosso Senhor Jesus Cristo na forma de vida inspirada por S\u00e3o Francisco de Assis.<\/p>\n<p>Rogamos a Maria Imaculada Concei\u00e7\u00e3o, S\u00e3o Francisco, Santa Clara de Assis e ao nosso padroeiro Santo Ant\u00f4nio, para que os irm\u00e3os perseverem com f\u00e9 na caminhada sem perder de vista o ponto de partida que \u00e9 o Evangelho de Nosso Senhor Jesus Cristo.<\/p>\n<h3><strong>A Igreja de S\u00e3o Francisco da Penit\u00eancia<\/strong><\/h3>\n<p>A Igreja da Vener\u00e1vel Ordem Terceira da Penit\u00eancia \u00e9 considerada a express\u00e3o m\u00e1xima do barroco brasileiro, escondida por tr\u00e1s de uma fachada simples, no alto do Morro de Santo Ant\u00f4nio, no Largo da Carioca, no Centro do Rio de Janeiro. Pela sua localiza\u00e7\u00e3o, \u00e9 muitas vezes confundida com a igreja do Convento Santo Ant\u00f4nio e s\u00e3o poucos aqueles que em meio a agitada rotina do centro da cidade se d\u00e3o conta de reparar que ali existem, na realidade, duas igrejas.<\/p>\n","protected":false},"excerpt":{"rendered":"<p>OFS<\/p>\n","protected":false},"author":1,"featured_media":220678,"comment_status":"open","ping_status":"open","sticky":false,"template":"","format":"standard","meta":[],"categories":[1],"tags":[],"acf":[],"yoast_head":"<!-- This site is optimized with the Yoast SEO plugin v19.2 - https:\/\/yoast.com\/wordpress\/plugins\/seo\/ -->\n<title>Fraternidade S\u00e3o Francisco da Penit\u00eancia recebe nova irm\u00e3 - Not\u00edcias - Franciscanos<\/title>\n<meta name=\"robots\" content=\"index, follow, max-snippet:-1, max-image-preview:large, max-video-preview:-1\" \/>\n<link rel=\"canonical\" href=\"https:\/\/franciscanos.org.br\/noticias\/fraternidade-sao-francisco-da-penitencia-recebe-nova-irma.html\" \/>\n<meta property=\"og:locale\" content=\"pt_BR\" \/>\n<meta property=\"og:type\" content=\"article\" \/>\n<meta property=\"og:title\" content=\"Fraternidade S\u00e3o Francisco da Penit\u00eancia recebe nova irm\u00e3 - Not\u00edcias - Franciscanos\" \/>\n<meta property=\"og:description\" content=\"OFS\" \/>\n<meta property=\"og:url\" content=\"https:\/\/franciscanos.org.br\/noticias\/fraternidade-sao-francisco-da-penitencia-recebe-nova-irma.html\" \/>\n<meta property=\"og:site_name\" content=\"Not\u00edcias - Franciscanos\" \/>\n<meta property=\"article:published_time\" content=\"2015-10-20T14:21:12+00:00\" \/>\n<meta property=\"article:modified_time\" content=\"2020-02-14T16:51:15+00:00\" \/>\n<meta property=\"og:image\" content=\"https:\/\/franciscanos.org.br\/noticias\/wp-content\/uploads\/2015\/10\/ofs-8201.jpg\" \/>\n\t<meta property=\"og:image:width\" content=\"273\" \/>\n\t<meta property=\"og:image:height\" content=\"181\" \/>\n\t<meta property=\"og:image:type\" content=\"image\/jpeg\" \/>\n<meta name=\"author\" content=\"admin\" \/>\n<meta name=\"twitter:card\" content=\"summary_large_image\" \/>\n<meta name=\"twitter:label1\" content=\"Escrito por\" \/>\n\t<meta name=\"twitter:data1\" content=\"admin\" \/>\n\t<meta name=\"twitter:label2\" content=\"Est. tempo de leitura\" \/>\n\t<meta name=\"twitter:data2\" content=\"3 minutos\" \/>\n<script type=\"application\/ld+json\" class=\"yoast-schema-graph\">{\"@context\":\"https:\/\/schema.org\",\"@graph\":[{\"@type\":\"WebSite\",\"@id\":\"https:\/\/franciscanos.org.br\/noticias\/#website\",\"url\":\"https:\/\/franciscanos.org.br\/noticias\/\",\"name\":\"Not\u00edcias - Franciscanos\",\"description\":\"Prov\u00edncia Franciscana da Imaculada Concei\u00e7\u00e3o do Brasil - Ordem dos Frades Menores - OFM\",\"potentialAction\":[{\"@type\":\"SearchAction\",\"target\":{\"@type\":\"EntryPoint\",\"urlTemplate\":\"https:\/\/franciscanos.org.br\/noticias\/?s={search_term_string}\"},\"query-input\":\"required name=search_term_string\"}],\"inLanguage\":\"pt-BR\"},{\"@type\":\"ImageObject\",\"inLanguage\":\"pt-BR\",\"@id\":\"https:\/\/franciscanos.org.br\/noticias\/fraternidade-sao-francisco-da-penitencia-recebe-nova-irma.html#primaryimage\",\"url\":\"https:\/\/franciscanos.org.br\/noticias\/wp-content\/uploads\/2015\/10\/ofs-8201.jpg\",\"contentUrl\":\"https:\/\/franciscanos.org.br\/noticias\/wp-content\/uploads\/2015\/10\/ofs-8201.jpg\",\"width\":273,\"height\":181},{\"@type\":\"WebPage\",\"@id\":\"https:\/\/franciscanos.org.br\/noticias\/fraternidade-sao-francisco-da-penitencia-recebe-nova-irma.html#webpage\",\"url\":\"https:\/\/franciscanos.org.br\/noticias\/fraternidade-sao-francisco-da-penitencia-recebe-nova-irma.html\",\"name\":\"Fraternidade S\u00e3o Francisco da Penit\u00eancia recebe nova irm\u00e3 - Not\u00edcias - Franciscanos\",\"isPartOf\":{\"@id\":\"https:\/\/franciscanos.org.br\/noticias\/#website\"},\"primaryImageOfPage\":{\"@id\":\"https:\/\/franciscanos.org.br\/noticias\/fraternidade-sao-francisco-da-penitencia-recebe-nova-irma.html#primaryimage\"},\"datePublished\":\"2015-10-20T14:21:12+00:00\",\"dateModified\":\"2020-02-14T16:51:15+00:00\",\"author\":{\"@id\":\"https:\/\/franciscanos.org.br\/noticias\/#\/schema\/person\/b38fbf43118f02820bd932f2e4b14ad3\"},\"breadcrumb\":{\"@id\":\"https:\/\/franciscanos.org.br\/noticias\/fraternidade-sao-francisco-da-penitencia-recebe-nova-irma.html#breadcrumb\"},\"inLanguage\":\"pt-BR\",\"potentialAction\":[{\"@type\":\"ReadAction\",\"target\":[\"https:\/\/franciscanos.org.br\/noticias\/fraternidade-sao-francisco-da-penitencia-recebe-nova-irma.html\"]}]},{\"@type\":\"BreadcrumbList\",\"@id\":\"https:\/\/franciscanos.org.br\/noticias\/fraternidade-sao-francisco-da-penitencia-recebe-nova-irma.html#breadcrumb\",\"itemListElement\":[{\"@type\":\"ListItem\",\"position\":1,\"name\":\"Home\",\"item\":\"https:\/\/franciscanos.org.br\/noticias\"},{\"@type\":\"ListItem\",\"position\":2,\"name\":\"Fraternidade S\u00e3o Francisco da Penit\u00eancia recebe nova irm\u00e3\"}]},{\"@type\":\"Person\",\"@id\":\"https:\/\/franciscanos.org.br\/noticias\/#\/schema\/person\/b38fbf43118f02820bd932f2e4b14ad3\",\"name\":\"admin\",\"image\":{\"@type\":\"ImageObject\",\"inLanguage\":\"pt-BR\",\"@id\":\"https:\/\/franciscanos.org.br\/noticias\/#\/schema\/person\/image\/\",\"url\":\"https:\/\/secure.gravatar.com\/avatar\/e8495742d34d0ba6448ea1c628263b3e?s=96&d=mm&r=g\",\"contentUrl\":\"https:\/\/secure.gravatar.com\/avatar\/e8495742d34d0ba6448ea1c628263b3e?s=96&d=mm&r=g\",\"caption\":\"admin\"},\"url\":\"https:\/\/franciscanos.org.br\/noticias\/author\/admin\"}]}<\/script>\n<!-- \/ Yoast SEO plugin. -->","yoast_head_json":{"title":"Fraternidade S\u00e3o Francisco da Penit\u00eancia recebe nova irm\u00e3 - Not\u00edcias - Franciscanos","robots":{"index":"index","follow":"follow","max-snippet":"max-snippet:-1","max-image-preview":"max-image-preview:large","max-video-preview":"max-video-preview:-1"},"canonical":"https:\/\/franciscanos.org.br\/noticias\/fraternidade-sao-francisco-da-penitencia-recebe-nova-irma.html","og_locale":"pt_BR","og_type":"article","og_title":"Fraternidade S\u00e3o Francisco da Penit\u00eancia recebe nova irm\u00e3 - Not\u00edcias - Franciscanos","og_description":"OFS","og_url":"https:\/\/franciscanos.org.br\/noticias\/fraternidade-sao-francisco-da-penitencia-recebe-nova-irma.html","og_site_name":"Not\u00edcias - Franciscanos","article_published_time":"2015-10-20T14:21:12+00:00","article_modified_time":"2020-02-14T16:51:15+00:00","og_image":[{"width":273,"height":181,"url":"https:\/\/franciscanos.org.br\/noticias\/wp-content\/uploads\/2015\/10\/ofs-8201.jpg","type":"image\/jpeg"}],"author":"admin","twitter_card":"summary_large_image","twitter_misc":{"Escrito por":"admin","Est. tempo de leitura":"3 minutos"},"schema":{"@context":"https:\/\/schema.org","@graph":[{"@type":"WebSite","@id":"https:\/\/franciscanos.org.br\/noticias\/#website","url":"https:\/\/franciscanos.org.br\/noticias\/","name":"Not\u00edcias - Franciscanos","description":"Prov\u00edncia Franciscana da Imaculada Concei\u00e7\u00e3o do Brasil - Ordem dos Frades Menores - OFM","potentialAction":[{"@type":"SearchAction","target":{"@type":"EntryPoint","urlTemplate":"https:\/\/franciscanos.org.br\/noticias\/?s={search_term_string}"},"query-input":"required name=search_term_string"}],"inLanguage":"pt-BR"},{"@type":"ImageObject","inLanguage":"pt-BR","@id":"https:\/\/franciscanos.org.br\/noticias\/fraternidade-sao-francisco-da-penitencia-recebe-nova-irma.html#primaryimage","url":"https:\/\/franciscanos.org.br\/noticias\/wp-content\/uploads\/2015\/10\/ofs-8201.jpg","contentUrl":"https:\/\/franciscanos.org.br\/noticias\/wp-content\/uploads\/2015\/10\/ofs-8201.jpg","width":273,"height":181},{"@type":"WebPage","@id":"https:\/\/franciscanos.org.br\/noticias\/fraternidade-sao-francisco-da-penitencia-recebe-nova-irma.html#webpage","url":"https:\/\/franciscanos.org.br\/noticias\/fraternidade-sao-francisco-da-penitencia-recebe-nova-irma.html","name":"Fraternidade S\u00e3o Francisco da Penit\u00eancia recebe nova irm\u00e3 - Not\u00edcias - Franciscanos","isPartOf":{"@id":"https:\/\/franciscanos.org.br\/noticias\/#website"},"primaryImageOfPage":{"@id":"https:\/\/franciscanos.org.br\/noticias\/fraternidade-sao-francisco-da-penitencia-recebe-nova-irma.html#primaryimage"},"datePublished":"2015-10-20T14:21:12+00:00","dateModified":"2020-02-14T16:51:15+00:00","author":{"@id":"https:\/\/franciscanos.org.br\/noticias\/#\/schema\/person\/b38fbf43118f02820bd932f2e4b14ad3"},"breadcrumb":{"@id":"https:\/\/franciscanos.org.br\/noticias\/fraternidade-sao-francisco-da-penitencia-recebe-nova-irma.html#breadcrumb"},"inLanguage":"pt-BR","potentialAction":[{"@type":"ReadAction","target":["https:\/\/franciscanos.org.br\/noticias\/fraternidade-sao-francisco-da-penitencia-recebe-nova-irma.html"]}]},{"@type":"BreadcrumbList","@id":"https:\/\/franciscanos.org.br\/noticias\/fraternidade-sao-francisco-da-penitencia-recebe-nova-irma.html#breadcrumb","itemListElement":[{"@type":"ListItem","position":1,"name":"Home","item":"https:\/\/franciscanos.org.br\/noticias"},{"@type":"ListItem","position":2,"name":"Fraternidade S\u00e3o Francisco da Penit\u00eancia recebe nova irm\u00e3"}]},{"@type":"Person","@id":"https:\/\/franciscanos.org.br\/noticias\/#\/schema\/person\/b38fbf43118f02820bd932f2e4b14ad3","name":"admin","image":{"@type":"ImageObject","inLanguage":"pt-BR","@id":"https:\/\/franciscanos.org.br\/noticias\/#\/schema\/person\/image\/","url":"https:\/\/secure.gravatar.com\/avatar\/e8495742d34d0ba6448ea1c628263b3e?s=96&d=mm&r=g","contentUrl":"https:\/\/secure.gravatar.com\/avatar\/e8495742d34d0ba6448ea1c628263b3e?s=96&d=mm&r=g","caption":"admin"},"url":"https:\/\/franciscanos.org.br\/noticias\/author\/admin"}]}},"_links":{"self":[{"href":"https:\/\/franciscanos.org.br\/noticias\/wp-json\/wp\/v2\/posts\/96926"}],"collection":[{"href":"https:\/\/franciscanos.org.br\/noticias\/wp-json\/wp\/v2\/posts"}],"about":[{"href":"https:\/\/franciscanos.org.br\/noticias\/wp-json\/wp\/v2\/types\/post"}],"author":[{"embeddable":true,"href":"https:\/\/franciscanos.org.br\/noticias\/wp-json\/wp\/v2\/users\/1"}],"replies":[{"embeddable":true,"href":"https:\/\/franciscanos.org.br\/noticias\/wp-json\/wp\/v2\/comments?post=96926"}],"version-history":[{"count":0,"href":"https:\/\/franciscanos.org.br\/noticias\/wp-json\/wp\/v2\/posts\/96926\/revisions"}],"wp:featuredmedia":[{"embeddable":true,"href":"https:\/\/franciscanos.org.br\/noticias\/wp-json\/wp\/v2\/media\/220678"}],"wp:attachment":[{"href":"https:\/\/franciscanos.org.br\/noticias\/wp-json\/wp\/v2\/media?parent=96926"}],"wp:term":[{"taxonomy":"category","embeddable":true,"href":"https:\/\/franciscanos.org.br\/noticias\/wp-json\/wp\/v2\/categories?post=96926"},{"taxonomy":"post_tag","embeddable":true,"href":"https:\/\/franciscanos.org.br\/noticias\/wp-json\/wp\/v2\/tags?post=96926"}],"curies":[{"name":"wp","href":"https:\/\/api.w.org\/{rel}","templated":true}]}}